{"id":982,"date":"2020-07-03T14:33:05","date_gmt":"2020-07-03T19:33:05","guid":{"rendered":"https:\/\/thepueblatimes.mx\/?p=982"},"modified":"2020-07-03T14:33:05","modified_gmt":"2020-07-03T19:33:05","slug":"barbosa-huerta-senala-que-se-les-respondera-a-todos-los-que-critican-gobierno-de-amlo","status":"publish","type":"post","link":"https:\/\/thepueblatimes.mx\/index.php\/2020\/07\/03\/barbosa-huerta-senala-que-se-les-respondera-a-todos-los-que-critican-gobierno-de-amlo\/","title":{"rendered":"Barbosa Huerta se\u00f1ala que se les responder\u00e1 a todos los que critican gobierno de AMLO"},"content":{"rendered":"<div id=\"contentsContainer\">\n<div id=\"contents\">\n<p id=\"E173\"><span id=\"E175\" class=\"qowt-font6-CalibriLight\">Aquellos que se creen con la suficiencia personal para criticar al Gobierno Federal, al r\u00e9gimen y al presidente de la <\/span><span id=\"E176\" class=\"qowt-font6-CalibriLight\">r<\/span><span id=\"E177\" class=\"qowt-font6-CalibriLight\">ep\u00fablica, Andr\u00e9s Manuel L\u00f3pez Obrador, recibir\u00e1n una respuesta de la gente, del pueblo y de pol\u00edticos que forman parte de un movimiento nacional, \u201cya les vamos a contestar a todos\u201d, afirm\u00f3 el gobernador Miguel Barbosa Huerta.<\/span><\/p>\n<p id=\"E179\"><span id=\"E180\" class=\"qowt-font6-CalibriLight\">Lo anterior lo expuso a ra\u00edz del posicionamiento que su hom\u00f3logo de Michoac\u00e1n, Silvano Aureoles Conejo, hizo en contra del titular del Ejecutivo Federal por la visita que har\u00e1 al presidente de Estados Unidos, Donald Trump.<\/span><\/p>\n<p id=\"E182\"><span id=\"E183\" class=\"qowt-font6-CalibriLight\">En la habitual videoconferencia de prensa que preside en Casa Aguayo, el <\/span>mandatario estatal calific\u00f3 de soez el comportamiento del gobernador de dicho estado, tras se\u00f1alar que agravia a todos los mexicanos.<\/p>\n<\/div>\n<\/div>\n<div id=\"contentsContainer\">\n<div id=\"contents\">\n<p id=\"E185\"><span id=\"E186\" class=\"qowt-font6-CalibriLight\">Este tipo de cr\u00edticas y comentarios, vertidos por quienes temblaron de miedo cuando L\u00f3pez Obrador gan\u00f3 las elecciones presidenciales, ya no se ir\u00e1n sin respuesta, indic\u00f3 Barbosa Huerta, quien sentenci\u00f3 que los pol\u00edticos que forman parte de un movimiento nacional ya no se quedar\u00e1n callados ante estas faltas de respeto.<\/span><\/p>\n<p id=\"E188\"><span id=\"E189\" class=\"qowt-font6-CalibriLight\">Por \u00faltimo, record\u00f3 que, a trav\u00e9s de su cuenta de Twitter, ya respondi\u00f3 al gobernador de Michoac\u00e1n, tras se\u00f1alar que quienes ahora emiten cr\u00edticas al r\u00e9gimen, tienen \u201cmuch\u00edsima tela de d\u00f3nde cortar\u201d.<\/span><\/p>\n<\/div>\n<\/div>\n","protected":false},"excerpt":{"rendered":"<p>Aquellos que se creen con la suficiencia personal para criticar al Gobierno Federal, al r\u00e9gimen y al presidente de la rep\u00fablica, Andr\u00e9s Manuel L\u00f3pez Obrador, recibir\u00e1n una respuesta de la gente, del pueblo y de pol\u00edticos que forman parte de un movimiento nacional, \u201cya les vamos a contestar a todos\u201d, afirm\u00f3 el gobernador Miguel Barbosa&#8230;<\/p>\n","protected":false},"author":4,"featured_media":983,"comment_status":"open","ping_status":"open","sticky":false,"template":"","format":"standard","meta":[],"categories":[20],"tags":[],"yoast_head":"<!-- This site is optimized with the Yoast SEO plugin v20.8 - https:\/\/yoast.com\/wordpress\/plugins\/seo\/ -->\n<title>Barbosa Huerta se\u00f1ala que se les responder\u00e1 a todos los que critican gobierno de AMLO - The Puebla Times<\/title>\n<meta name=\"robots\" content=\"index, follow, max-snippet:-1, max-image-preview:large, max-video-preview:-1\" \/>\n<link rel=\"canonical\" href=\"https:\/\/thepueblatimes.mx\/index.php\/2020\/07\/03\/barbosa-huerta-senala-que-se-les-respondera-a-todos-los-que-critican-gobierno-de-amlo\/\" \/>\n<meta property=\"og:locale\" content=\"es_ES\" \/>\n<meta property=\"og:type\" content=\"article\" \/>\n<meta property=\"og:title\" content=\"Barbosa Huerta se\u00f1ala que se les responder\u00e1 a todos los que critican gobierno de AMLO - The Puebla Times\" \/>\n<meta property=\"og:description\" content=\"Aquellos que se creen con la suficiencia personal para criticar al Gobierno Federal, al r\u00e9gimen y al presidente de la rep\u00fablica, Andr\u00e9s Manuel L\u00f3pez Obrador, recibir\u00e1n una respuesta de la gente, del pueblo y de pol\u00edticos que forman parte de un movimiento nacional, \u201cya les vamos a contestar a todos\u201d, afirm\u00f3 el gobernador Miguel Barbosa...\" \/>\n<meta property=\"og:url\" content=\"https:\/\/thepueblatimes.mx\/index.php\/2020\/07\/03\/barbosa-huerta-senala-que-se-les-respondera-a-todos-los-que-critican-gobierno-de-amlo\/\" \/>\n<meta property=\"og:site_name\" content=\"The Puebla Times\" \/>\n<meta property=\"article:published_time\" content=\"2020-07-03T19:33:05+00:00\" \/>\n<meta property=\"og:image\" content=\"https:\/\/thepueblatimes.mx\/wp-content\/uploads\/2020\/07\/WhatsApp-Image-2020-07-03-at-11.14.15-AM.jpeg\" \/>\n\t<meta property=\"og:image:width\" content=\"1280\" \/>\n\t<meta property=\"og:image:height\" content=\"853\" \/>\n\t<meta property=\"og:image:type\" content=\"image\/jpeg\" \/>\n<meta name=\"author\" content=\"Marcos Guevara\" \/>\n<meta name=\"twitter:card\" content=\"summary_large_image\" \/>\n<meta name=\"twitter:label1\" content=\"Escrito por\" \/>\n\t<meta name=\"twitter:data1\" content=\"Marcos Guevara\" \/>\n\t<meta name=\"twitter:label2\" content=\"Tiempo de lectura\" \/>\n\t<meta name=\"twitter:data2\" content=\"1 minuto\" \/>\n<script type=\"application\/ld+json\" class=\"yoast-schema-graph\">{\"@context\":\"https:\/\/schema.org\",\"@graph\":[{\"@type\":\"WebPage\",\"@id\":\"https:\/\/thepueblatimes.mx\/index.php\/2020\/07\/03\/barbosa-huerta-senala-que-se-les-respondera-a-todos-los-que-critican-gobierno-de-amlo\/\",\"url\":\"https:\/\/thepueblatimes.mx\/index.php\/2020\/07\/03\/barbosa-huerta-senala-que-se-les-respondera-a-todos-los-que-critican-gobierno-de-amlo\/\",\"name\":\"Barbosa Huerta se\u00f1ala que se les responder\u00e1 a todos los que critican gobierno de AMLO - The Puebla Times\",\"isPartOf\":{\"@id\":\"https:\/\/thepueblatimes.mx\/#website\"},\"datePublished\":\"2020-07-03T19:33:05+00:00\",\"dateModified\":\"2020-07-03T19:33:05+00:00\",\"author\":{\"@id\":\"https:\/\/thepueblatimes.mx\/#\/schema\/person\/adbf065ee889f68194977e3499c4a51e\"},\"breadcrumb\":{\"@id\":\"https:\/\/thepueblatimes.mx\/index.php\/2020\/07\/03\/barbosa-huerta-senala-que-se-les-respondera-a-todos-los-que-critican-gobierno-de-amlo\/#breadcrumb\"},\"inLanguage\":\"es\",\"potentialAction\":[{\"@type\":\"ReadAction\",\"target\":[\"https:\/\/thepueblatimes.mx\/index.php\/2020\/07\/03\/barbosa-huerta-senala-que-se-les-respondera-a-todos-los-que-critican-gobierno-de-amlo\/\"]}]},{\"@type\":\"BreadcrumbList\",\"@id\":\"https:\/\/thepueblatimes.mx\/index.php\/2020\/07\/03\/barbosa-huerta-senala-que-se-les-respondera-a-todos-los-que-critican-gobierno-de-amlo\/#breadcrumb\",\"itemListElement\":[{\"@type\":\"ListItem\",\"position\":1,\"name\":\"Portada\",\"item\":\"https:\/\/thepueblatimes.mx\/\"},{\"@type\":\"ListItem\",\"position\":2,\"name\":\"Barbosa Huerta se\u00f1ala que se les responder\u00e1 a todos los que critican gobierno de AMLO\"}]},{\"@type\":\"WebSite\",\"@id\":\"https:\/\/thepueblatimes.mx\/#website\",\"url\":\"https:\/\/thepueblatimes.mx\/\",\"name\":\"The Puebla Times\",\"description\":\"Noticias del Estado de Puebla\",\"potentialAction\":[{\"@type\":\"SearchAction\",\"target\":{\"@type\":\"EntryPoint\",\"urlTemplate\":\"https:\/\/thepueblatimes.mx\/?s={search_term_string}\"},\"query-input\":\"required name=search_term_string\"}],\"inLanguage\":\"es\"},{\"@type\":\"Person\",\"@id\":\"https:\/\/thepueblatimes.mx\/#\/schema\/person\/adbf065ee889f68194977e3499c4a51e\",\"name\":\"Marcos Guevara\",\"image\":{\"@type\":\"ImageObject\",\"inLanguage\":\"es\",\"@id\":\"https:\/\/thepueblatimes.mx\/#\/schema\/person\/image\/\",\"url\":\"https:\/\/secure.gravatar.com\/avatar\/c5d5853d70a8cf178bdfd28c1b8cdcdd?s=96&d=mm&r=g\",\"contentUrl\":\"https:\/\/secure.gravatar.com\/avatar\/c5d5853d70a8cf178bdfd28c1b8cdcdd?s=96&d=mm&r=g\",\"caption\":\"Marcos Guevara\"},\"url\":\"https:\/\/thepueblatimes.mx\/index.php\/author\/marcos-guevara\/\"}]}<\/script>\n<!-- \/ Yoast SEO plugin. -->","yoast_head_json":{"title":"Barbosa Huerta se\u00f1ala que se les responder\u00e1 a todos los que critican gobierno de AMLO - The Puebla Times","robots":{"index":"index","follow":"follow","max-snippet":"max-snippet:-1","max-image-preview":"max-image-preview:large","max-video-preview":"max-video-preview:-1"},"canonical":"https:\/\/thepueblatimes.mx\/index.php\/2020\/07\/03\/barbosa-huerta-senala-que-se-les-respondera-a-todos-los-que-critican-gobierno-de-amlo\/","og_locale":"es_ES","og_type":"article","og_title":"Barbosa Huerta se\u00f1ala que se les responder\u00e1 a todos los que critican gobierno de AMLO - The Puebla Times","og_description":"Aquellos que se creen con la suficiencia personal para criticar al Gobierno Federal, al r\u00e9gimen y al presidente de la rep\u00fablica, Andr\u00e9s Manuel L\u00f3pez Obrador, recibir\u00e1n una respuesta de la gente, del pueblo y de pol\u00edticos que forman parte de un movimiento nacional, \u201cya les vamos a contestar a todos\u201d, afirm\u00f3 el gobernador Miguel Barbosa...","og_url":"https:\/\/thepueblatimes.mx\/index.php\/2020\/07\/03\/barbosa-huerta-senala-que-se-les-respondera-a-todos-los-que-critican-gobierno-de-amlo\/","og_site_name":"The Puebla Times","article_published_time":"2020-07-03T19:33:05+00:00","og_image":[{"width":1280,"height":853,"url":"https:\/\/thepueblatimes.mx\/wp-content\/uploads\/2020\/07\/WhatsApp-Image-2020-07-03-at-11.14.15-AM.jpeg","type":"image\/jpeg"}],"author":"Marcos Guevara","twitter_card":"summary_large_image","twitter_misc":{"Escrito por":"Marcos Guevara","Tiempo de lectura":"1 minuto"},"schema":{"@context":"https:\/\/schema.org","@graph":[{"@type":"WebPage","@id":"https:\/\/thepueblatimes.mx\/index.php\/2020\/07\/03\/barbosa-huerta-senala-que-se-les-respondera-a-todos-los-que-critican-gobierno-de-amlo\/","url":"https:\/\/thepueblatimes.mx\/index.php\/2020\/07\/03\/barbosa-huerta-senala-que-se-les-respondera-a-todos-los-que-critican-gobierno-de-amlo\/","name":"Barbosa Huerta se\u00f1ala que se les responder\u00e1 a todos los que critican gobierno de AMLO - The Puebla Times","isPartOf":{"@id":"https:\/\/thepueblatimes.mx\/#website"},"datePublished":"2020-07-03T19:33:05+00:00","dateModified":"2020-07-03T19:33:05+00:00","author":{"@id":"https:\/\/thepueblatimes.mx\/#\/schema\/person\/adbf065ee889f68194977e3499c4a51e"},"breadcrumb":{"@id":"https:\/\/thepueblatimes.mx\/index.php\/2020\/07\/03\/barbosa-huerta-senala-que-se-les-respondera-a-todos-los-que-critican-gobierno-de-amlo\/#breadcrumb"},"inLanguage":"es","potentialAction":[{"@type":"ReadAction","target":["https:\/\/thepueblatimes.mx\/index.php\/2020\/07\/03\/barbosa-huerta-senala-que-se-les-respondera-a-todos-los-que-critican-gobierno-de-amlo\/"]}]},{"@type":"BreadcrumbList","@id":"https:\/\/thepueblatimes.mx\/index.php\/2020\/07\/03\/barbosa-huerta-senala-que-se-les-respondera-a-todos-los-que-critican-gobierno-de-amlo\/#breadcrumb","itemListElement":[{"@type":"ListItem","position":1,"name":"Portada","item":"https:\/\/thepueblatimes.mx\/"},{"@type":"ListItem","position":2,"name":"Barbosa Huerta se\u00f1ala que se les responder\u00e1 a todos los que critican gobierno de AMLO"}]},{"@type":"WebSite","@id":"https:\/\/thepueblatimes.mx\/#website","url":"https:\/\/thepueblatimes.mx\/","name":"The Puebla Times","description":"Noticias del Estado de Puebla","potentialAction":[{"@type":"SearchAction","target":{"@type":"EntryPoint","urlTemplate":"https:\/\/thepueblatimes.mx\/?s={search_term_string}"},"query-input":"required name=search_term_string"}],"inLanguage":"es"},{"@type":"Person","@id":"https:\/\/thepueblatimes.mx\/#\/schema\/person\/adbf065ee889f68194977e3499c4a51e","name":"Marcos Guevara","image":{"@type":"ImageObject","inLanguage":"es","@id":"https:\/\/thepueblatimes.mx\/#\/schema\/person\/image\/","url":"https:\/\/secure.gravatar.com\/avatar\/c5d5853d70a8cf178bdfd28c1b8cdcdd?s=96&d=mm&r=g","contentUrl":"https:\/\/secure.gravatar.com\/avatar\/c5d5853d70a8cf178bdfd28c1b8cdcdd?s=96&d=mm&r=g","caption":"Marcos Guevara"},"url":"https:\/\/thepueblatimes.mx\/index.php\/author\/marcos-guevara\/"}]}},"jetpack_featured_media_url":"https:\/\/thepueblatimes.mx\/wp-content\/uploads\/2020\/07\/WhatsApp-Image-2020-07-03-at-11.14.15-AM.jpeg","_links":{"self":[{"href":"https:\/\/thepueblatimes.mx\/index.php\/wp-json\/wp\/v2\/posts\/982"}],"collection":[{"href":"https:\/\/thepueblatimes.mx\/index.php\/wp-json\/wp\/v2\/posts"}],"about":[{"href":"https:\/\/thepueblatimes.mx\/index.php\/wp-json\/wp\/v2\/types\/post"}],"author":[{"embeddable":true,"href":"https:\/\/thepueblatimes.mx\/index.php\/wp-json\/wp\/v2\/users\/4"}],"replies":[{"embeddable":true,"href":"https:\/\/thepueblatimes.mx\/index.php\/wp-json\/wp\/v2\/comments?post=982"}],"version-history":[{"count":1,"href":"https:\/\/thepueblatimes.mx\/index.php\/wp-json\/wp\/v2\/posts\/982\/revisions"}],"predecessor-version":[{"id":984,"href":"https:\/\/thepueblatimes.mx\/index.php\/wp-json\/wp\/v2\/posts\/982\/revisions\/984"}],"wp:featuredmedia":[{"embeddable":true,"href":"https:\/\/thepueblatimes.mx\/index.php\/wp-json\/wp\/v2\/media\/983"}],"wp:attachment":[{"href":"https:\/\/thepueblatimes.mx\/index.php\/wp-json\/wp\/v2\/media?parent=982"}],"wp:term":[{"taxonomy":"category","embeddable":true,"href":"https:\/\/thepueblatimes.mx\/index.php\/wp-json\/wp\/v2\/categories?post=982"},{"taxonomy":"post_tag","embeddable":true,"href":"https:\/\/thepueblatimes.mx\/index.php\/wp-json\/wp\/v2\/tags?post=982"}],"curies":[{"name":"wp","href":"https:\/\/api.w.org\/{rel}","templated":true}]}}