{"id":974,"date":"2020-07-03T14:01:48","date_gmt":"2020-07-03T19:01:48","guid":{"rendered":"https:\/\/thepueblatimes.mx\/?p=974"},"modified":"2020-07-03T14:04:11","modified_gmt":"2020-07-03T19:04:11","slug":"barbosa-huerta-responde-a-silvano-aureoles-por-video-contra-amlo","status":"publish","type":"post","link":"https:\/\/thepueblatimes.mx\/index.php\/2020\/07\/03\/barbosa-huerta-responde-a-silvano-aureoles-por-video-contra-amlo\/","title":{"rendered":"Barbosa Huerta responde a Silvano Aureoles por video contra AMLO"},"content":{"rendered":"<p>El gobernador de Puebla, <strong>Miguel Barbosa<\/strong>, dirigi\u00f3 al mandatario estatal de Michoac\u00e1n, <strong>Silvano Aureoles<\/strong>, por un video que public\u00f3 el michoacano sobre la visita que el presidente Andr\u00e9s Manuel L\u00f3pez Obrador, realizar\u00e1 a su hom\u00f3logo estadunidense Donald Trump.<\/p>\n<p>Barbosa se\u00f1ala que dicho video \u201ces inaceptable\u201d en la relaci\u00f3n republicana institucional que los estados debemos guardar con la federaci\u00f3n y entre las propias entidades federativas\u201d.<\/p>\n<p>Respecto a la visita que el Presidente de la Rep\u00fablica realizar\u00e1 a Estados Unidos, los pr\u00f3ximos d\u00edas 8 y 9 de este mes, \u201custed sustenta sus equivocados dichos en un rumor, cuando la agenda, objetivos y prop\u00f3sitos de dicha visita han sido claros, p\u00fablicos y acordados soberanamente por los dos gobiernos, No mienta ni tergiverse la informaci\u00f3n, no es digno de un gobernador intentar difamar al presidente de la rep\u00fablica con rumores mal intencionados\u201d.<\/p>\n<blockquote><p>\u00abLo que usted pretende con sus provocaciones es boicotear una reuni\u00f3n de suma importancia para la relaci\u00f3n comercial de M\u00e9xico, Estados Unidos y Canad\u00e1. LO que le incomoda es que la firma del T-MEC sea un gran \u00e9xito para el gobierno de M\u00e9xico en favor de todas y todos los mexicanos, que por supuesto incluye a los michoacanos y a los poblanos\u201d.<\/p><\/blockquote>\n<p>Abunda en su mensaje el mandatario poblano que la critica que hace el michoacano sobre al viaje del Presidente a Estados Unidos es \u201c para sacar raja pol\u00edtica\u201d, porque desde finales de 2015, es gobernador de Michoac\u00e1n y nunca se hab\u00eda referido al Presidente de esa naci\u00f3n como lo hace en su video\u201d.<\/p>\n<p>Barbosa le pide a Aureoles que \u201cno sea soberbio\u201d, y que no hable a nombre de las y los mexicanos. Destaca el mandatario poblano que el Presidente L\u00f3pez Obrador es un hombre honesto, leal a sus principios y al pueblo de M\u00e9xico y en cada uno de sus actos \u201crepresenta dignamente a nuestro pa\u00eds\u201d.<\/p>\n<p>Finalmente, el mandatario poblano dijo:<\/p>\n<blockquote><p>\u00abEntiendo lo complicado de su situaci\u00f3n, su necesario oportunismo pol\u00edtico y su intento de desafiar al gobierno de M\u00e9xico. Carece de autoridad moral y pol\u00edtica para tratar de infamar al presidente Andr\u00e9s Manuel L\u00f3pez Obrador. Usted no cuenta con ning\u00fan respaldo popular\u201d.<\/p><\/blockquote>\n<blockquote class=\"twitter-tweet\" data-width=\"550\" data-dnt=\"true\">\n<p lang=\"es\" dir=\"ltr\"><a href=\"https:\/\/twitter.com\/Silvano_A?ref_src=twsrc%5Etfw\">@Silvano_A<\/a>, gobernador de <a href=\"https:\/\/twitter.com\/GobMichoacan?ref_src=twsrc%5Etfw\">@GobMichoacan<\/a> sobre el video, que hoy public\u00f3 y que considero inaceptable en la relaci\u00f3n republicana e institucional que los estados debemos guardar con la federaci\u00f3n y entre las propias entidades federativas, me permito expresarle lo siguiente: <a href=\"https:\/\/t.co\/M07FhL2Z3S\">pic.twitter.com\/M07FhL2Z3S<\/a><\/p>\n<p>&mdash; Miguel Barbosa \u271e (@MBarbosaMX) <a href=\"https:\/\/twitter.com\/MBarbosaMX\/status\/1278889359874445313?ref_src=twsrc%5Etfw\">July 3, 2020<\/a><\/p><\/blockquote>\n<p><script async src=\"https:\/\/platform.twitter.com\/widgets.js\" charset=\"utf-8\"><\/script><\/p>\n","protected":false},"excerpt":{"rendered":"<p>El gobernador de Puebla, Miguel Barbosa, dirigi\u00f3 al mandatario estatal de Michoac\u00e1n, Silvano Aureoles, por un video que public\u00f3 el michoacano sobre la visita que el presidente Andr\u00e9s Manuel L\u00f3pez Obrador, realizar\u00e1 a su hom\u00f3logo estadunidense Donald Trump. Barbosa se\u00f1ala que dicho video \u201ces inaceptable\u201d en la relaci\u00f3n republicana institucional que los estados debemos guardar&#8230;<\/p>\n","protected":false},"author":4,"featured_media":915,"comment_status":"open","ping_status":"open","sticky":false,"template":"","format":"standard","meta":[],"categories":[2],"tags":[48,108,123],"yoast_head":"<!-- This site is optimized with the Yoast SEO plugin v20.8 - https:\/\/yoast.com\/wordpress\/plugins\/seo\/ -->\n<title>Barbosa Huerta responde a Silvano Aureoles por video contra AMLO - The Puebla Times<\/title>\n<meta name=\"robots\" content=\"index, follow, max-snippet:-1, max-image-preview:large, max-video-preview:-1\" \/>\n<link rel=\"canonical\" href=\"https:\/\/thepueblatimes.mx\/index.php\/2020\/07\/03\/barbosa-huerta-responde-a-silvano-aureoles-por-video-contra-amlo\/\" \/>\n<meta property=\"og:locale\" content=\"es_ES\" \/>\n<meta property=\"og:type\" content=\"article\" \/>\n<meta property=\"og:title\" content=\"Barbosa Huerta responde a Silvano Aureoles por video contra AMLO - The Puebla Times\" \/>\n<meta property=\"og:description\" content=\"El gobernador de Puebla, Miguel Barbosa, dirigi\u00f3 al mandatario estatal de Michoac\u00e1n, Silvano Aureoles, por un video que public\u00f3 el michoacano sobre la visita que el presidente Andr\u00e9s Manuel L\u00f3pez Obrador, realizar\u00e1 a su hom\u00f3logo estadunidense Donald Trump. Barbosa se\u00f1ala que dicho video \u201ces inaceptable\u201d en la relaci\u00f3n republicana institucional que los estados debemos guardar...\" \/>\n<meta property=\"og:url\" content=\"https:\/\/thepueblatimes.mx\/index.php\/2020\/07\/03\/barbosa-huerta-responde-a-silvano-aureoles-por-video-contra-amlo\/\" \/>\n<meta property=\"og:site_name\" content=\"The Puebla Times\" \/>\n<meta property=\"article:published_time\" content=\"2020-07-03T19:01:48+00:00\" \/>\n<meta property=\"article:modified_time\" content=\"2020-07-03T19:04:11+00:00\" \/>\n<meta property=\"og:image\" content=\"https:\/\/thepueblatimes.mx\/wp-content\/uploads\/2020\/07\/WhatsApp-Image-2020-06-29-at-12.46.12-PM.jpeg\" \/>\n\t<meta property=\"og:image:width\" content=\"1280\" \/>\n\t<meta property=\"og:image:height\" content=\"853\" \/>\n\t<meta property=\"og:image:type\" content=\"image\/jpeg\" \/>\n<meta name=\"author\" content=\"Marcos Guevara\" \/>\n<meta name=\"twitter:card\" content=\"summary_large_image\" \/>\n<meta name=\"twitter:label1\" content=\"Escrito por\" \/>\n\t<meta name=\"twitter:data1\" content=\"Marcos Guevara\" \/>\n\t<meta name=\"twitter:label2\" content=\"Tiempo de lectura\" \/>\n\t<meta name=\"twitter:data2\" content=\"2 minutos\" \/>\n<script type=\"application\/ld+json\" class=\"yoast-schema-graph\">{\"@context\":\"https:\/\/schema.org\",\"@graph\":[{\"@type\":\"WebPage\",\"@id\":\"https:\/\/thepueblatimes.mx\/index.php\/2020\/07\/03\/barbosa-huerta-responde-a-silvano-aureoles-por-video-contra-amlo\/\",\"url\":\"https:\/\/thepueblatimes.mx\/index.php\/2020\/07\/03\/barbosa-huerta-responde-a-silvano-aureoles-por-video-contra-amlo\/\",\"name\":\"Barbosa Huerta responde a Silvano Aureoles por video contra AMLO - The Puebla Times\",\"isPartOf\":{\"@id\":\"https:\/\/thepueblatimes.mx\/#website\"},\"datePublished\":\"2020-07-03T19:01:48+00:00\",\"dateModified\":\"2020-07-03T19:04:11+00:00\",\"author\":{\"@id\":\"https:\/\/thepueblatimes.mx\/#\/schema\/person\/adbf065ee889f68194977e3499c4a51e\"},\"breadcrumb\":{\"@id\":\"https:\/\/thepueblatimes.mx\/index.php\/2020\/07\/03\/barbosa-huerta-responde-a-silvano-aureoles-por-video-contra-amlo\/#breadcrumb\"},\"inLanguage\":\"es\",\"potentialAction\":[{\"@type\":\"ReadAction\",\"target\":[\"https:\/\/thepueblatimes.mx\/index.php\/2020\/07\/03\/barbosa-huerta-responde-a-silvano-aureoles-por-video-contra-amlo\/\"]}]},{\"@type\":\"BreadcrumbList\",\"@id\":\"https:\/\/thepueblatimes.mx\/index.php\/2020\/07\/03\/barbosa-huerta-responde-a-silvano-aureoles-por-video-contra-amlo\/#breadcrumb\",\"itemListElement\":[{\"@type\":\"ListItem\",\"position\":1,\"name\":\"Portada\",\"item\":\"https:\/\/thepueblatimes.mx\/\"},{\"@type\":\"ListItem\",\"position\":2,\"name\":\"Barbosa Huerta responde a Silvano Aureoles por video contra AMLO\"}]},{\"@type\":\"WebSite\",\"@id\":\"https:\/\/thepueblatimes.mx\/#website\",\"url\":\"https:\/\/thepueblatimes.mx\/\",\"name\":\"The Puebla Times\",\"description\":\"Noticias del Estado de Puebla\",\"potentialAction\":[{\"@type\":\"SearchAction\",\"target\":{\"@type\":\"EntryPoint\",\"urlTemplate\":\"https:\/\/thepueblatimes.mx\/?s={search_term_string}\"},\"query-input\":\"required name=search_term_string\"}],\"inLanguage\":\"es\"},{\"@type\":\"Person\",\"@id\":\"https:\/\/thepueblatimes.mx\/#\/schema\/person\/adbf065ee889f68194977e3499c4a51e\",\"name\":\"Marcos Guevara\",\"image\":{\"@type\":\"ImageObject\",\"inLanguage\":\"es\",\"@id\":\"https:\/\/thepueblatimes.mx\/#\/schema\/person\/image\/\",\"url\":\"https:\/\/secure.gravatar.com\/avatar\/c5d5853d70a8cf178bdfd28c1b8cdcdd?s=96&d=mm&r=g\",\"contentUrl\":\"https:\/\/secure.gravatar.com\/avatar\/c5d5853d70a8cf178bdfd28c1b8cdcdd?s=96&d=mm&r=g\",\"caption\":\"Marcos Guevara\"},\"url\":\"https:\/\/thepueblatimes.mx\/index.php\/author\/marcos-guevara\/\"}]}<\/script>\n<!-- \/ Yoast SEO plugin. -->","yoast_head_json":{"title":"Barbosa Huerta responde a Silvano Aureoles por video contra AMLO - The Puebla Times","robots":{"index":"index","follow":"follow","max-snippet":"max-snippet:-1","max-image-preview":"max-image-preview:large","max-video-preview":"max-video-preview:-1"},"canonical":"https:\/\/thepueblatimes.mx\/index.php\/2020\/07\/03\/barbosa-huerta-responde-a-silvano-aureoles-por-video-contra-amlo\/","og_locale":"es_ES","og_type":"article","og_title":"Barbosa Huerta responde a Silvano Aureoles por video contra AMLO - The Puebla Times","og_description":"El gobernador de Puebla, Miguel Barbosa, dirigi\u00f3 al mandatario estatal de Michoac\u00e1n, Silvano Aureoles, por un video que public\u00f3 el michoacano sobre la visita que el presidente Andr\u00e9s Manuel L\u00f3pez Obrador, realizar\u00e1 a su hom\u00f3logo estadunidense Donald Trump. Barbosa se\u00f1ala que dicho video \u201ces inaceptable\u201d en la relaci\u00f3n republicana institucional que los estados debemos guardar...","og_url":"https:\/\/thepueblatimes.mx\/index.php\/2020\/07\/03\/barbosa-huerta-responde-a-silvano-aureoles-por-video-contra-amlo\/","og_site_name":"The Puebla Times","article_published_time":"2020-07-03T19:01:48+00:00","article_modified_time":"2020-07-03T19:04:11+00:00","og_image":[{"width":1280,"height":853,"url":"https:\/\/thepueblatimes.mx\/wp-content\/uploads\/2020\/07\/WhatsApp-Image-2020-06-29-at-12.46.12-PM.jpeg","type":"image\/jpeg"}],"author":"Marcos Guevara","twitter_card":"summary_large_image","twitter_misc":{"Escrito por":"Marcos Guevara","Tiempo de lectura":"2 minutos"},"schema":{"@context":"https:\/\/schema.org","@graph":[{"@type":"WebPage","@id":"https:\/\/thepueblatimes.mx\/index.php\/2020\/07\/03\/barbosa-huerta-responde-a-silvano-aureoles-por-video-contra-amlo\/","url":"https:\/\/thepueblatimes.mx\/index.php\/2020\/07\/03\/barbosa-huerta-responde-a-silvano-aureoles-por-video-contra-amlo\/","name":"Barbosa Huerta responde a Silvano Aureoles por video contra AMLO - The Puebla Times","isPartOf":{"@id":"https:\/\/thepueblatimes.mx\/#website"},"datePublished":"2020-07-03T19:01:48+00:00","dateModified":"2020-07-03T19:04:11+00:00","author":{"@id":"https:\/\/thepueblatimes.mx\/#\/schema\/person\/adbf065ee889f68194977e3499c4a51e"},"breadcrumb":{"@id":"https:\/\/thepueblatimes.mx\/index.php\/2020\/07\/03\/barbosa-huerta-responde-a-silvano-aureoles-por-video-contra-amlo\/#breadcrumb"},"inLanguage":"es","potentialAction":[{"@type":"ReadAction","target":["https:\/\/thepueblatimes.mx\/index.php\/2020\/07\/03\/barbosa-huerta-responde-a-silvano-aureoles-por-video-contra-amlo\/"]}]},{"@type":"BreadcrumbList","@id":"https:\/\/thepueblatimes.mx\/index.php\/2020\/07\/03\/barbosa-huerta-responde-a-silvano-aureoles-por-video-contra-amlo\/#breadcrumb","itemListElement":[{"@type":"ListItem","position":1,"name":"Portada","item":"https:\/\/thepueblatimes.mx\/"},{"@type":"ListItem","position":2,"name":"Barbosa Huerta responde a Silvano Aureoles por video contra AMLO"}]},{"@type":"WebSite","@id":"https:\/\/thepueblatimes.mx\/#website","url":"https:\/\/thepueblatimes.mx\/","name":"The Puebla Times","description":"Noticias del Estado de Puebla","potentialAction":[{"@type":"SearchAction","target":{"@type":"EntryPoint","urlTemplate":"https:\/\/thepueblatimes.mx\/?s={search_term_string}"},"query-input":"required name=search_term_string"}],"inLanguage":"es"},{"@type":"Person","@id":"https:\/\/thepueblatimes.mx\/#\/schema\/person\/adbf065ee889f68194977e3499c4a51e","name":"Marcos Guevara","image":{"@type":"ImageObject","inLanguage":"es","@id":"https:\/\/thepueblatimes.mx\/#\/schema\/person\/image\/","url":"https:\/\/secure.gravatar.com\/avatar\/c5d5853d70a8cf178bdfd28c1b8cdcdd?s=96&d=mm&r=g","contentUrl":"https:\/\/secure.gravatar.com\/avatar\/c5d5853d70a8cf178bdfd28c1b8cdcdd?s=96&d=mm&r=g","caption":"Marcos Guevara"},"url":"https:\/\/thepueblatimes.mx\/index.php\/author\/marcos-guevara\/"}]}},"jetpack_featured_media_url":"https:\/\/thepueblatimes.mx\/wp-content\/uploads\/2020\/07\/WhatsApp-Image-2020-06-29-at-12.46.12-PM.jpeg","_links":{"self":[{"href":"https:\/\/thepueblatimes.mx\/index.php\/wp-json\/wp\/v2\/posts\/974"}],"collection":[{"href":"https:\/\/thepueblatimes.mx\/index.php\/wp-json\/wp\/v2\/posts"}],"about":[{"href":"https:\/\/thepueblatimes.mx\/index.php\/wp-json\/wp\/v2\/types\/post"}],"author":[{"embeddable":true,"href":"https:\/\/thepueblatimes.mx\/index.php\/wp-json\/wp\/v2\/users\/4"}],"replies":[{"embeddable":true,"href":"https:\/\/thepueblatimes.mx\/index.php\/wp-json\/wp\/v2\/comments?post=974"}],"version-history":[{"count":1,"href":"https:\/\/thepueblatimes.mx\/index.php\/wp-json\/wp\/v2\/posts\/974\/revisions"}],"predecessor-version":[{"id":980,"href":"https:\/\/thepueblatimes.mx\/index.php\/wp-json\/wp\/v2\/posts\/974\/revisions\/980"}],"wp:featuredmedia":[{"embeddable":true,"href":"https:\/\/thepueblatimes.mx\/index.php\/wp-json\/wp\/v2\/media\/915"}],"wp:attachment":[{"href":"https:\/\/thepueblatimes.mx\/index.php\/wp-json\/wp\/v2\/media?parent=974"}],"wp:term":[{"taxonomy":"category","embeddable":true,"href":"https:\/\/thepueblatimes.mx\/index.php\/wp-json\/wp\/v2\/categories?post=974"},{"taxonomy":"post_tag","embeddable":true,"href":"https:\/\/thepueblatimes.mx\/index.php\/wp-json\/wp\/v2\/tags?post=974"}],"curies":[{"name":"wp","href":"https:\/\/api.w.org\/{rel}","templated":true}]}}