{"id":9587,"date":"2021-02-09T15:28:32","date_gmt":"2021-02-09T21:28:32","guid":{"rendered":"https:\/\/thepueblatimes.mx\/?p=9587"},"modified":"2021-02-09T15:28:32","modified_gmt":"2021-02-09T21:28:32","slug":"hombre-visita-las-hamacas-en-cuetzalan-y-muere-ahogado","status":"publish","type":"post","link":"https:\/\/thepueblatimes.mx\/index.php\/2021\/02\/09\/hombre-visita-las-hamacas-en-cuetzalan-y-muere-ahogado\/","title":{"rendered":"Hombre visita Las Hamacas en Cuetzalan y muere ahogado"},"content":{"rendered":"<p>Cuetzalan, Pue.- Un\u00a0<strong>masculino perdi\u00f3 la vida al ahogarse<\/strong>\u00a0la tarde-noche del domingo<strong>\u00a0en el r\u00edo Las Hamacas, ubicado en el municipio de Cuetzalan.<\/strong><\/p>\n<p>Las primeras indagatorias se\u00f1alan que el masculino, en compa\u00f1\u00eda de su familia, acudi\u00f3 al lugar durante la ma\u00f1ana del domingo; a pesar de que se mantiene una restricci\u00f3n en los lugares de visita de este municipio, debido a la pandemia.<\/p>\n<p><strong>Sin embargo, alrededor de las 18:00 horas del domingo el masculino ingres\u00f3 al r\u00edo, pero ya no pudo salir. Fue metros adelante donde elementos de Protecci\u00f3n Civil y Seguridad quienes encontraron el cuerpo flotando.<\/strong><\/p>\n<p>Hasta el momento, se desconoce la procedencia de la familia y la identidad del hombre de edad adulta que perdi\u00f3 la vida, ya que el cuerpo se encuentra en el anfiteatro del municipio.<\/p>\n","protected":false},"excerpt":{"rendered":"<p>Cuetzalan, Pue.- Un\u00a0masculino perdi\u00f3 la vida al ahogarse\u00a0la tarde-noche del domingo\u00a0en el r\u00edo Las Hamacas, ubicado en el municipio de Cuetzalan. Las primeras indagatorias se\u00f1alan que el masculino, en compa\u00f1\u00eda de su familia, acudi\u00f3 al lugar durante la ma\u00f1ana del domingo; a pesar de que se mantiene una restricci\u00f3n en los lugares de visita de&#8230;<\/p>\n","protected":false},"author":15,"featured_media":9588,"comment_status":"open","ping_status":"open","sticky":false,"template":"","format":"standard","meta":[],"categories":[11],"tags":[383,381,382],"yoast_head":"<!-- This site is optimized with the Yoast SEO plugin v20.8 - https:\/\/yoast.com\/wordpress\/plugins\/seo\/ -->\n<title>Hombre visita Las Hamacas en Cuetzalan y muere ahogado - The Puebla Times<\/title>\n<meta name=\"robots\" content=\"index, follow, max-snippet:-1, max-image-preview:large, max-video-preview:-1\" \/>\n<link rel=\"canonical\" href=\"https:\/\/thepueblatimes.mx\/index.php\/2021\/02\/09\/hombre-visita-las-hamacas-en-cuetzalan-y-muere-ahogado\/\" \/>\n<meta property=\"og:locale\" content=\"es_ES\" \/>\n<meta property=\"og:type\" content=\"article\" \/>\n<meta property=\"og:title\" content=\"Hombre visita Las Hamacas en Cuetzalan y muere ahogado - The Puebla Times\" \/>\n<meta property=\"og:description\" content=\"Cuetzalan, Pue.- Un\u00a0masculino perdi\u00f3 la vida al ahogarse\u00a0la tarde-noche del domingo\u00a0en el r\u00edo Las Hamacas, ubicado en el municipio de Cuetzalan. Las primeras indagatorias se\u00f1alan que el masculino, en compa\u00f1\u00eda de su familia, acudi\u00f3 al lugar durante la ma\u00f1ana del domingo; a pesar de que se mantiene una restricci\u00f3n en los lugares de visita de...\" \/>\n<meta property=\"og:url\" content=\"https:\/\/thepueblatimes.mx\/index.php\/2021\/02\/09\/hombre-visita-las-hamacas-en-cuetzalan-y-muere-ahogado\/\" \/>\n<meta property=\"og:site_name\" content=\"The Puebla Times\" \/>\n<meta property=\"article:published_time\" content=\"2021-02-09T21:28:32+00:00\" \/>\n<meta property=\"og:image\" content=\"https:\/\/thepueblatimes.mx\/wp-content\/uploads\/2021\/02\/whatsapp_image_2021-02-08_at_12.07.48_1.jpeg\" \/>\n\t<meta property=\"og:image:width\" content=\"720\" \/>\n\t<meta property=\"og:image:height\" content=\"540\" \/>\n\t<meta property=\"og:image:type\" content=\"image\/jpeg\" \/>\n<meta name=\"author\" content=\"Francisco S\u00e1nchez Nolasco\" \/>\n<meta name=\"twitter:card\" content=\"summary_large_image\" \/>\n<meta name=\"twitter:label1\" content=\"Escrito por\" \/>\n\t<meta name=\"twitter:data1\" content=\"Francisco S\u00e1nchez Nolasco\" \/>\n\t<meta name=\"twitter:label2\" content=\"Tiempo de lectura\" \/>\n\t<meta name=\"twitter:data2\" content=\"1 minuto\" \/>\n<script type=\"application\/ld+json\" class=\"yoast-schema-graph\">{\"@context\":\"https:\/\/schema.org\",\"@graph\":[{\"@type\":\"WebPage\",\"@id\":\"https:\/\/thepueblatimes.mx\/index.php\/2021\/02\/09\/hombre-visita-las-hamacas-en-cuetzalan-y-muere-ahogado\/\",\"url\":\"https:\/\/thepueblatimes.mx\/index.php\/2021\/02\/09\/hombre-visita-las-hamacas-en-cuetzalan-y-muere-ahogado\/\",\"name\":\"Hombre visita Las Hamacas en Cuetzalan y muere ahogado - The Puebla Times\",\"isPartOf\":{\"@id\":\"https:\/\/thepueblatimes.mx\/#website\"},\"datePublished\":\"2021-02-09T21:28:32+00:00\",\"dateModified\":\"2021-02-09T21:28:32+00:00\",\"author\":{\"@id\":\"https:\/\/thepueblatimes.mx\/#\/schema\/person\/7bdf2adbc50078b104bba72b5612f774\"},\"breadcrumb\":{\"@id\":\"https:\/\/thepueblatimes.mx\/index.php\/2021\/02\/09\/hombre-visita-las-hamacas-en-cuetzalan-y-muere-ahogado\/#breadcrumb\"},\"inLanguage\":\"es\",\"potentialAction\":[{\"@type\":\"ReadAction\",\"target\":[\"https:\/\/thepueblatimes.mx\/index.php\/2021\/02\/09\/hombre-visita-las-hamacas-en-cuetzalan-y-muere-ahogado\/\"]}]},{\"@type\":\"BreadcrumbList\",\"@id\":\"https:\/\/thepueblatimes.mx\/index.php\/2021\/02\/09\/hombre-visita-las-hamacas-en-cuetzalan-y-muere-ahogado\/#breadcrumb\",\"itemListElement\":[{\"@type\":\"ListItem\",\"position\":1,\"name\":\"Portada\",\"item\":\"https:\/\/thepueblatimes.mx\/\"},{\"@type\":\"ListItem\",\"position\":2,\"name\":\"Hombre visita Las Hamacas en Cuetzalan y muere ahogado\"}]},{\"@type\":\"WebSite\",\"@id\":\"https:\/\/thepueblatimes.mx\/#website\",\"url\":\"https:\/\/thepueblatimes.mx\/\",\"name\":\"The Puebla Times\",\"description\":\"Noticias del Estado de Puebla\",\"potentialAction\":[{\"@type\":\"SearchAction\",\"target\":{\"@type\":\"EntryPoint\",\"urlTemplate\":\"https:\/\/thepueblatimes.mx\/?s={search_term_string}\"},\"query-input\":\"required name=search_term_string\"}],\"inLanguage\":\"es\"},{\"@type\":\"Person\",\"@id\":\"https:\/\/thepueblatimes.mx\/#\/schema\/person\/7bdf2adbc50078b104bba72b5612f774\",\"name\":\"Francisco S\u00e1nchez Nolasco\",\"image\":{\"@type\":\"ImageObject\",\"inLanguage\":\"es\",\"@id\":\"https:\/\/thepueblatimes.mx\/#\/schema\/person\/image\/\",\"url\":\"https:\/\/secure.gravatar.com\/avatar\/6061d7d20b38bc2742a5218401b198d2?s=96&d=mm&r=g\",\"contentUrl\":\"https:\/\/secure.gravatar.com\/avatar\/6061d7d20b38bc2742a5218401b198d2?s=96&d=mm&r=g\",\"caption\":\"Francisco S\u00e1nchez Nolasco\"},\"url\":\"https:\/\/thepueblatimes.mx\/index.php\/author\/marianitha-reyes\/\"}]}<\/script>\n<!-- \/ Yoast SEO plugin. -->","yoast_head_json":{"title":"Hombre visita Las Hamacas en Cuetzalan y muere ahogado - The Puebla Times","robots":{"index":"index","follow":"follow","max-snippet":"max-snippet:-1","max-image-preview":"max-image-preview:large","max-video-preview":"max-video-preview:-1"},"canonical":"https:\/\/thepueblatimes.mx\/index.php\/2021\/02\/09\/hombre-visita-las-hamacas-en-cuetzalan-y-muere-ahogado\/","og_locale":"es_ES","og_type":"article","og_title":"Hombre visita Las Hamacas en Cuetzalan y muere ahogado - The Puebla Times","og_description":"Cuetzalan, Pue.- Un\u00a0masculino perdi\u00f3 la vida al ahogarse\u00a0la tarde-noche del domingo\u00a0en el r\u00edo Las Hamacas, ubicado en el municipio de Cuetzalan. Las primeras indagatorias se\u00f1alan que el masculino, en compa\u00f1\u00eda de su familia, acudi\u00f3 al lugar durante la ma\u00f1ana del domingo; a pesar de que se mantiene una restricci\u00f3n en los lugares de visita de...","og_url":"https:\/\/thepueblatimes.mx\/index.php\/2021\/02\/09\/hombre-visita-las-hamacas-en-cuetzalan-y-muere-ahogado\/","og_site_name":"The Puebla Times","article_published_time":"2021-02-09T21:28:32+00:00","og_image":[{"width":720,"height":540,"url":"https:\/\/thepueblatimes.mx\/wp-content\/uploads\/2021\/02\/whatsapp_image_2021-02-08_at_12.07.48_1.jpeg","type":"image\/jpeg"}],"author":"Francisco S\u00e1nchez Nolasco","twitter_card":"summary_large_image","twitter_misc":{"Escrito por":"Francisco S\u00e1nchez Nolasco","Tiempo de lectura":"1 minuto"},"schema":{"@context":"https:\/\/schema.org","@graph":[{"@type":"WebPage","@id":"https:\/\/thepueblatimes.mx\/index.php\/2021\/02\/09\/hombre-visita-las-hamacas-en-cuetzalan-y-muere-ahogado\/","url":"https:\/\/thepueblatimes.mx\/index.php\/2021\/02\/09\/hombre-visita-las-hamacas-en-cuetzalan-y-muere-ahogado\/","name":"Hombre visita Las Hamacas en Cuetzalan y muere ahogado - The Puebla Times","isPartOf":{"@id":"https:\/\/thepueblatimes.mx\/#website"},"datePublished":"2021-02-09T21:28:32+00:00","dateModified":"2021-02-09T21:28:32+00:00","author":{"@id":"https:\/\/thepueblatimes.mx\/#\/schema\/person\/7bdf2adbc50078b104bba72b5612f774"},"breadcrumb":{"@id":"https:\/\/thepueblatimes.mx\/index.php\/2021\/02\/09\/hombre-visita-las-hamacas-en-cuetzalan-y-muere-ahogado\/#breadcrumb"},"inLanguage":"es","potentialAction":[{"@type":"ReadAction","target":["https:\/\/thepueblatimes.mx\/index.php\/2021\/02\/09\/hombre-visita-las-hamacas-en-cuetzalan-y-muere-ahogado\/"]}]},{"@type":"BreadcrumbList","@id":"https:\/\/thepueblatimes.mx\/index.php\/2021\/02\/09\/hombre-visita-las-hamacas-en-cuetzalan-y-muere-ahogado\/#breadcrumb","itemListElement":[{"@type":"ListItem","position":1,"name":"Portada","item":"https:\/\/thepueblatimes.mx\/"},{"@type":"ListItem","position":2,"name":"Hombre visita Las Hamacas en Cuetzalan y muere ahogado"}]},{"@type":"WebSite","@id":"https:\/\/thepueblatimes.mx\/#website","url":"https:\/\/thepueblatimes.mx\/","name":"The Puebla Times","description":"Noticias del Estado de Puebla","potentialAction":[{"@type":"SearchAction","target":{"@type":"EntryPoint","urlTemplate":"https:\/\/thepueblatimes.mx\/?s={search_term_string}"},"query-input":"required name=search_term_string"}],"inLanguage":"es"},{"@type":"Person","@id":"https:\/\/thepueblatimes.mx\/#\/schema\/person\/7bdf2adbc50078b104bba72b5612f774","name":"Francisco S\u00e1nchez Nolasco","image":{"@type":"ImageObject","inLanguage":"es","@id":"https:\/\/thepueblatimes.mx\/#\/schema\/person\/image\/","url":"https:\/\/secure.gravatar.com\/avatar\/6061d7d20b38bc2742a5218401b198d2?s=96&d=mm&r=g","contentUrl":"https:\/\/secure.gravatar.com\/avatar\/6061d7d20b38bc2742a5218401b198d2?s=96&d=mm&r=g","caption":"Francisco S\u00e1nchez Nolasco"},"url":"https:\/\/thepueblatimes.mx\/index.php\/author\/marianitha-reyes\/"}]}},"jetpack_featured_media_url":"https:\/\/thepueblatimes.mx\/wp-content\/uploads\/2021\/02\/whatsapp_image_2021-02-08_at_12.07.48_1.jpeg","_links":{"self":[{"href":"https:\/\/thepueblatimes.mx\/index.php\/wp-json\/wp\/v2\/posts\/9587"}],"collection":[{"href":"https:\/\/thepueblatimes.mx\/index.php\/wp-json\/wp\/v2\/posts"}],"about":[{"href":"https:\/\/thepueblatimes.mx\/index.php\/wp-json\/wp\/v2\/types\/post"}],"author":[{"embeddable":true,"href":"https:\/\/thepueblatimes.mx\/index.php\/wp-json\/wp\/v2\/users\/15"}],"replies":[{"embeddable":true,"href":"https:\/\/thepueblatimes.mx\/index.php\/wp-json\/wp\/v2\/comments?post=9587"}],"version-history":[{"count":1,"href":"https:\/\/thepueblatimes.mx\/index.php\/wp-json\/wp\/v2\/posts\/9587\/revisions"}],"predecessor-version":[{"id":9589,"href":"https:\/\/thepueblatimes.mx\/index.php\/wp-json\/wp\/v2\/posts\/9587\/revisions\/9589"}],"wp:featuredmedia":[{"embeddable":true,"href":"https:\/\/thepueblatimes.mx\/index.php\/wp-json\/wp\/v2\/media\/9588"}],"wp:attachment":[{"href":"https:\/\/thepueblatimes.mx\/index.php\/wp-json\/wp\/v2\/media?parent=9587"}],"wp:term":[{"taxonomy":"category","embeddable":true,"href":"https:\/\/thepueblatimes.mx\/index.php\/wp-json\/wp\/v2\/categories?post=9587"},{"taxonomy":"post_tag","embeddable":true,"href":"https:\/\/thepueblatimes.mx\/index.php\/wp-json\/wp\/v2\/tags?post=9587"}],"curies":[{"name":"wp","href":"https:\/\/api.w.org\/{rel}","templated":true}]}}