{"id":9561,"date":"2021-02-09T11:34:55","date_gmt":"2021-02-09T17:34:55","guid":{"rendered":"https:\/\/thepueblatimes.mx\/?p=9561"},"modified":"2021-02-09T11:34:55","modified_gmt":"2021-02-09T17:34:55","slug":"abusa-sexualmente-de-su-propia-hija-de-8-anos-de-edad","status":"publish","type":"post","link":"https:\/\/thepueblatimes.mx\/index.php\/2021\/02\/09\/abusa-sexualmente-de-su-propia-hija-de-8-anos-de-edad\/","title":{"rendered":"Abusa sexualmente de su propia hija de 8 a\u00f1os de edad"},"content":{"rendered":"<div class=\"content-body clearfix \">\n<div id=\"content-body-225-6341165\">\n<p>Un sujeto que abus\u00f3 sexualmente de su menor hija en la junta auxiliar de San Sebasti\u00e1n de Aparicio, ya fue vinculado a proceso y preso en el penal de San Miguel.<\/p>\n<\/div>\n<\/div>\n<div class=\"advertisment \">\n<div id=\"dfp-nota-1x1s\" data-google-query-id=\"CJHVhNSq3e4CFZI6AQodAfYHvA\">\n<div id=\"google_ads_iframe_\/2000002\/elsoldepuebla\/mexico_nota_1x1_0__container__\"><iframe id=\"google_ads_iframe_\/2000002\/elsoldepuebla\/mexico_nota_1x1_0\" title=\"3rd party ad content\" name=\"google_ads_iframe_\/2000002\/elsoldepuebla\/mexico_nota_1x1_0\" width=\"1\" height=\"1\" frameborder=\"0\" marginwidth=\"0\" marginheight=\"0\" scrolling=\"no\" data-google-container-id=\"8\" data-load-complete=\"true\" data-mce-fragment=\"1\"><\/iframe><\/div>\n<\/div>\n<\/div>\n<div><\/div>\n<div id=\"sc_intxt_container\">\n<div>\n<div id=\"smart-video\"><\/div>\n<div id=\"sc_ava_companion\" class=\"sc_intxt_hided\"><\/div>\n<\/div>\n<\/div>\n<div><\/div>\n<div class=\"advertisment \">\n<div id=\"dfp-nota-1x3s\" data-google-query-id=\"CJPVhNSq3e4CFZI6AQodAfYHvA\">\n<div id=\"google_ads_iframe_\/2000002\/elsoldepuebla\/mexico_nota_1x3_0__container__\"><iframe id=\"google_ads_iframe_\/2000002\/elsoldepuebla\/mexico_nota_1x3_0\" title=\"3rd party ad content\" name=\"google_ads_iframe_\/2000002\/elsoldepuebla\/mexico_nota_1x3_0\" width=\"1\" height=\"1\" frameborder=\"0\" marginwidth=\"0\" marginheight=\"0\" scrolling=\"no\" data-google-container-id=\"a\" data-load-complete=\"true\" data-mce-fragment=\"1\"><\/iframe><\/div>\n<\/div>\n<\/div>\n<article class=\"content-continued-body clearfix \">\n<div id=\"content-body-5851641-6341165\">\n<p>La Fiscal\u00eda General del Estado de Puebla inform\u00f3 en un comunicado que obtuvo vinculaci\u00f3n a proceso en contra de Germ\u00e1n N., imputado por el delito de abuso sexual, presuntamente cometido en agravio de su hija menor de edad.<\/p>\n<p>La dependencia detall\u00f3 que fue el 20 de febrero de 2020 cuando Germ\u00e1n N., se encontraba en compa\u00f1\u00eda de la v\u00edctima de 8 a\u00f1os, en su domicilio ubicado en la junta auxiliar de San Sebasti\u00e1n de Aparicio, momento en el que comenz\u00f3 a realizarle tocamientos lascivos en diversas partes del cuerpo, luego la amenaz\u00f3 para que no comentara lo sucedido.<\/p>\n<p>Mediante la integraci\u00f3n de las indagatorias, el Agente del Ministerio P\u00fablico solicit\u00f3 al Juez de Control la orden de aprehensi\u00f3n en contra del presunto responsable por el delito de abuso sexual.<\/p>\n<p>Con los datos probatorios aportados por la Fiscal\u00eda Especializada en Investigaci\u00f3n de Delitos de Violencia de G\u00e9nero contra las Mujeres, la autoridad judicial dictamin\u00f3 vincular a proceso al acusado e imponerle la medida cautelar de prisi\u00f3n preventiva oficiosa.<\/p>\n<article class=\"local\nmedia col-md-4 inline-story \"><\/p>\n<div class=\"teaser \"><\/div>\n<\/article>\n<\/div>\n<\/article>\n","protected":false},"excerpt":{"rendered":"<p>Un sujeto que abus\u00f3 sexualmente de su menor hija en la junta auxiliar de San Sebasti\u00e1n de Aparicio, ya fue vinculado a proceso y preso en el penal de San Miguel. La Fiscal\u00eda General del Estado de Puebla inform\u00f3 en un comunicado que obtuvo vinculaci\u00f3n a proceso en contra de Germ\u00e1n N., imputado por el&#8230;<\/p>\n","protected":false},"author":15,"featured_media":9562,"comment_status":"open","ping_status":"open","sticky":false,"template":"","format":"standard","meta":[],"categories":[20],"tags":[287,49,376],"yoast_head":"<!-- This site is optimized with the Yoast SEO plugin v20.8 - https:\/\/yoast.com\/wordpress\/plugins\/seo\/ -->\n<title>Abusa sexualmente de su propia hija de 8 a\u00f1os de edad - The Puebla Times<\/title>\n<meta name=\"robots\" content=\"index, follow, max-snippet:-1, max-image-preview:large, max-video-preview:-1\" \/>\n<link rel=\"canonical\" href=\"https:\/\/thepueblatimes.mx\/index.php\/2021\/02\/09\/abusa-sexualmente-de-su-propia-hija-de-8-anos-de-edad\/\" \/>\n<meta property=\"og:locale\" content=\"es_ES\" \/>\n<meta property=\"og:type\" content=\"article\" \/>\n<meta property=\"og:title\" content=\"Abusa sexualmente de su propia hija de 8 a\u00f1os de edad - The Puebla Times\" \/>\n<meta property=\"og:description\" content=\"Un sujeto que abus\u00f3 sexualmente de su menor hija en la junta auxiliar de San Sebasti\u00e1n de Aparicio, ya fue vinculado a proceso y preso en el penal de San Miguel. La Fiscal\u00eda General del Estado de Puebla inform\u00f3 en un comunicado que obtuvo vinculaci\u00f3n a proceso en contra de Germ\u00e1n N., imputado por el...\" \/>\n<meta property=\"og:url\" content=\"https:\/\/thepueblatimes.mx\/index.php\/2021\/02\/09\/abusa-sexualmente-de-su-propia-hija-de-8-anos-de-edad\/\" \/>\n<meta property=\"og:site_name\" content=\"The Puebla Times\" \/>\n<meta property=\"article:published_time\" content=\"2021-02-09T17:34:55+00:00\" \/>\n<meta property=\"og:image\" content=\"https:\/\/thepueblatimes.mx\/wp-content\/uploads\/2021\/02\/744B8715-6971-4C49-9E80-0AF97E05D098.png\" \/>\n\t<meta property=\"og:image:width\" content=\"400\" \/>\n\t<meta property=\"og:image:height\" content=\"250\" \/>\n\t<meta property=\"og:image:type\" content=\"image\/png\" \/>\n<meta name=\"author\" content=\"Francisco S\u00e1nchez Nolasco\" \/>\n<meta name=\"twitter:card\" content=\"summary_large_image\" \/>\n<meta name=\"twitter:label1\" content=\"Escrito por\" \/>\n\t<meta name=\"twitter:data1\" content=\"Francisco S\u00e1nchez Nolasco\" \/>\n\t<meta name=\"twitter:label2\" content=\"Tiempo de lectura\" \/>\n\t<meta name=\"twitter:data2\" content=\"1 minuto\" \/>\n<script type=\"application\/ld+json\" class=\"yoast-schema-graph\">{\"@context\":\"https:\/\/schema.org\",\"@graph\":[{\"@type\":\"WebPage\",\"@id\":\"https:\/\/thepueblatimes.mx\/index.php\/2021\/02\/09\/abusa-sexualmente-de-su-propia-hija-de-8-anos-de-edad\/\",\"url\":\"https:\/\/thepueblatimes.mx\/index.php\/2021\/02\/09\/abusa-sexualmente-de-su-propia-hija-de-8-anos-de-edad\/\",\"name\":\"Abusa sexualmente de su propia hija de 8 a\u00f1os de edad - The Puebla Times\",\"isPartOf\":{\"@id\":\"https:\/\/thepueblatimes.mx\/#website\"},\"datePublished\":\"2021-02-09T17:34:55+00:00\",\"dateModified\":\"2021-02-09T17:34:55+00:00\",\"author\":{\"@id\":\"https:\/\/thepueblatimes.mx\/#\/schema\/person\/7bdf2adbc50078b104bba72b5612f774\"},\"breadcrumb\":{\"@id\":\"https:\/\/thepueblatimes.mx\/index.php\/2021\/02\/09\/abusa-sexualmente-de-su-propia-hija-de-8-anos-de-edad\/#breadcrumb\"},\"inLanguage\":\"es\",\"potentialAction\":[{\"@type\":\"ReadAction\",\"target\":[\"https:\/\/thepueblatimes.mx\/index.php\/2021\/02\/09\/abusa-sexualmente-de-su-propia-hija-de-8-anos-de-edad\/\"]}]},{\"@type\":\"BreadcrumbList\",\"@id\":\"https:\/\/thepueblatimes.mx\/index.php\/2021\/02\/09\/abusa-sexualmente-de-su-propia-hija-de-8-anos-de-edad\/#breadcrumb\",\"itemListElement\":[{\"@type\":\"ListItem\",\"position\":1,\"name\":\"Portada\",\"item\":\"https:\/\/thepueblatimes.mx\/\"},{\"@type\":\"ListItem\",\"position\":2,\"name\":\"Abusa sexualmente de su propia hija de 8 a\u00f1os de edad\"}]},{\"@type\":\"WebSite\",\"@id\":\"https:\/\/thepueblatimes.mx\/#website\",\"url\":\"https:\/\/thepueblatimes.mx\/\",\"name\":\"The Puebla Times\",\"description\":\"Noticias del Estado de Puebla\",\"potentialAction\":[{\"@type\":\"SearchAction\",\"target\":{\"@type\":\"EntryPoint\",\"urlTemplate\":\"https:\/\/thepueblatimes.mx\/?s={search_term_string}\"},\"query-input\":\"required name=search_term_string\"}],\"inLanguage\":\"es\"},{\"@type\":\"Person\",\"@id\":\"https:\/\/thepueblatimes.mx\/#\/schema\/person\/7bdf2adbc50078b104bba72b5612f774\",\"name\":\"Francisco S\u00e1nchez Nolasco\",\"image\":{\"@type\":\"ImageObject\",\"inLanguage\":\"es\",\"@id\":\"https:\/\/thepueblatimes.mx\/#\/schema\/person\/image\/\",\"url\":\"https:\/\/secure.gravatar.com\/avatar\/6061d7d20b38bc2742a5218401b198d2?s=96&d=mm&r=g\",\"contentUrl\":\"https:\/\/secure.gravatar.com\/avatar\/6061d7d20b38bc2742a5218401b198d2?s=96&d=mm&r=g\",\"caption\":\"Francisco S\u00e1nchez Nolasco\"},\"url\":\"https:\/\/thepueblatimes.mx\/index.php\/author\/marianitha-reyes\/\"}]}<\/script>\n<!-- \/ Yoast SEO plugin. -->","yoast_head_json":{"title":"Abusa sexualmente de su propia hija de 8 a\u00f1os de edad - The Puebla Times","robots":{"index":"index","follow":"follow","max-snippet":"max-snippet:-1","max-image-preview":"max-image-preview:large","max-video-preview":"max-video-preview:-1"},"canonical":"https:\/\/thepueblatimes.mx\/index.php\/2021\/02\/09\/abusa-sexualmente-de-su-propia-hija-de-8-anos-de-edad\/","og_locale":"es_ES","og_type":"article","og_title":"Abusa sexualmente de su propia hija de 8 a\u00f1os de edad - The Puebla Times","og_description":"Un sujeto que abus\u00f3 sexualmente de su menor hija en la junta auxiliar de San Sebasti\u00e1n de Aparicio, ya fue vinculado a proceso y preso en el penal de San Miguel. La Fiscal\u00eda General del Estado de Puebla inform\u00f3 en un comunicado que obtuvo vinculaci\u00f3n a proceso en contra de Germ\u00e1n N., imputado por el...","og_url":"https:\/\/thepueblatimes.mx\/index.php\/2021\/02\/09\/abusa-sexualmente-de-su-propia-hija-de-8-anos-de-edad\/","og_site_name":"The Puebla Times","article_published_time":"2021-02-09T17:34:55+00:00","og_image":[{"width":400,"height":250,"url":"https:\/\/thepueblatimes.mx\/wp-content\/uploads\/2021\/02\/744B8715-6971-4C49-9E80-0AF97E05D098.png","type":"image\/png"}],"author":"Francisco S\u00e1nchez Nolasco","twitter_card":"summary_large_image","twitter_misc":{"Escrito por":"Francisco S\u00e1nchez Nolasco","Tiempo de lectura":"1 minuto"},"schema":{"@context":"https:\/\/schema.org","@graph":[{"@type":"WebPage","@id":"https:\/\/thepueblatimes.mx\/index.php\/2021\/02\/09\/abusa-sexualmente-de-su-propia-hija-de-8-anos-de-edad\/","url":"https:\/\/thepueblatimes.mx\/index.php\/2021\/02\/09\/abusa-sexualmente-de-su-propia-hija-de-8-anos-de-edad\/","name":"Abusa sexualmente de su propia hija de 8 a\u00f1os de edad - The Puebla Times","isPartOf":{"@id":"https:\/\/thepueblatimes.mx\/#website"},"datePublished":"2021-02-09T17:34:55+00:00","dateModified":"2021-02-09T17:34:55+00:00","author":{"@id":"https:\/\/thepueblatimes.mx\/#\/schema\/person\/7bdf2adbc50078b104bba72b5612f774"},"breadcrumb":{"@id":"https:\/\/thepueblatimes.mx\/index.php\/2021\/02\/09\/abusa-sexualmente-de-su-propia-hija-de-8-anos-de-edad\/#breadcrumb"},"inLanguage":"es","potentialAction":[{"@type":"ReadAction","target":["https:\/\/thepueblatimes.mx\/index.php\/2021\/02\/09\/abusa-sexualmente-de-su-propia-hija-de-8-anos-de-edad\/"]}]},{"@type":"BreadcrumbList","@id":"https:\/\/thepueblatimes.mx\/index.php\/2021\/02\/09\/abusa-sexualmente-de-su-propia-hija-de-8-anos-de-edad\/#breadcrumb","itemListElement":[{"@type":"ListItem","position":1,"name":"Portada","item":"https:\/\/thepueblatimes.mx\/"},{"@type":"ListItem","position":2,"name":"Abusa sexualmente de su propia hija de 8 a\u00f1os de edad"}]},{"@type":"WebSite","@id":"https:\/\/thepueblatimes.mx\/#website","url":"https:\/\/thepueblatimes.mx\/","name":"The Puebla Times","description":"Noticias del Estado de Puebla","potentialAction":[{"@type":"SearchAction","target":{"@type":"EntryPoint","urlTemplate":"https:\/\/thepueblatimes.mx\/?s={search_term_string}"},"query-input":"required name=search_term_string"}],"inLanguage":"es"},{"@type":"Person","@id":"https:\/\/thepueblatimes.mx\/#\/schema\/person\/7bdf2adbc50078b104bba72b5612f774","name":"Francisco S\u00e1nchez Nolasco","image":{"@type":"ImageObject","inLanguage":"es","@id":"https:\/\/thepueblatimes.mx\/#\/schema\/person\/image\/","url":"https:\/\/secure.gravatar.com\/avatar\/6061d7d20b38bc2742a5218401b198d2?s=96&d=mm&r=g","contentUrl":"https:\/\/secure.gravatar.com\/avatar\/6061d7d20b38bc2742a5218401b198d2?s=96&d=mm&r=g","caption":"Francisco S\u00e1nchez Nolasco"},"url":"https:\/\/thepueblatimes.mx\/index.php\/author\/marianitha-reyes\/"}]}},"jetpack_featured_media_url":"https:\/\/thepueblatimes.mx\/wp-content\/uploads\/2021\/02\/744B8715-6971-4C49-9E80-0AF97E05D098.png","_links":{"self":[{"href":"https:\/\/thepueblatimes.mx\/index.php\/wp-json\/wp\/v2\/posts\/9561"}],"collection":[{"href":"https:\/\/thepueblatimes.mx\/index.php\/wp-json\/wp\/v2\/posts"}],"about":[{"href":"https:\/\/thepueblatimes.mx\/index.php\/wp-json\/wp\/v2\/types\/post"}],"author":[{"embeddable":true,"href":"https:\/\/thepueblatimes.mx\/index.php\/wp-json\/wp\/v2\/users\/15"}],"replies":[{"embeddable":true,"href":"https:\/\/thepueblatimes.mx\/index.php\/wp-json\/wp\/v2\/comments?post=9561"}],"version-history":[{"count":1,"href":"https:\/\/thepueblatimes.mx\/index.php\/wp-json\/wp\/v2\/posts\/9561\/revisions"}],"predecessor-version":[{"id":9563,"href":"https:\/\/thepueblatimes.mx\/index.php\/wp-json\/wp\/v2\/posts\/9561\/revisions\/9563"}],"wp:featuredmedia":[{"embeddable":true,"href":"https:\/\/thepueblatimes.mx\/index.php\/wp-json\/wp\/v2\/media\/9562"}],"wp:attachment":[{"href":"https:\/\/thepueblatimes.mx\/index.php\/wp-json\/wp\/v2\/media?parent=9561"}],"wp:term":[{"taxonomy":"category","embeddable":true,"href":"https:\/\/thepueblatimes.mx\/index.php\/wp-json\/wp\/v2\/categories?post=9561"},{"taxonomy":"post_tag","embeddable":true,"href":"https:\/\/thepueblatimes.mx\/index.php\/wp-json\/wp\/v2\/tags?post=9561"}],"curies":[{"name":"wp","href":"https:\/\/api.w.org\/{rel}","templated":true}]}}