{"id":935,"date":"2020-07-02T15:07:18","date_gmt":"2020-07-02T20:07:18","guid":{"rendered":"https:\/\/thepueblatimes.mx\/?p=935"},"modified":"2020-07-02T15:07:18","modified_gmt":"2020-07-02T20:07:18","slug":"miguel-barbosa-afirma-que-atencion-atencion-a-salud-de-las-y-los-poblanos-esta-garantizada","status":"publish","type":"post","link":"https:\/\/thepueblatimes.mx\/index.php\/2020\/07\/02\/miguel-barbosa-afirma-que-atencion-atencion-a-salud-de-las-y-los-poblanos-esta-garantizada\/","title":{"rendered":"Miguel Barbosa afirma que atenci\u00f3n atenci\u00f3n a salud de las y los poblanos est\u00e1 garantizada"},"content":{"rendered":"<div id=\"contentsContainer\">\n<div id=\"contents\">\n<p id=\"E181\"><span id=\"E183\" class=\"qowt-font6-CalibriLight\">Al reportar 227 nuevos contagios y 62 fallecimientos por <\/span><span id=\"E185\" class=\"qowt-font6-CalibriLight\">COVID<\/span><span id=\"E187\" class=\"qowt-font6-CalibriLight\">-19 en las \u00faltimas 24 horas, el gobernador Miguel Barbosa Huerta sostuvo que la atenci\u00f3n a la salud de las y los poblanos en esta contingencia sanitaria est\u00e1 garantizada.<\/span><\/p>\n<p id=\"E189\"><span id=\"E190\" class=\"qowt-font6-CalibriLight\">En la habitual videoconferencia de prensa que ofrece en Casa Aguayo, pidi\u00f3 a la sociedad no desafiar a la enfermedad ni al peligro, por lo que la llam\u00f3 a mantener el confinamiento, la sana distancia, el uso de cubrebocas y la higiene y de esta forma sumarse al Pacto Comunitario para frenar la curva de contagios. <\/span><\/p>\n<\/div>\n<\/div>\n<div id=\"pageBorders\">Afirm\u00f3 que el Gobierno del Estado est\u00e1 llevando a cabo todas las acciones sanitarias pertinentes para evitar un colapso hospitalario, como la compra de medicamentos e insumos necesarios para hacerle frente a la pandemia.<\/div>\n<div id=\"contentsContainer\">\n<div id=\"contents\">\n<p id=\"E195\"><span id=\"E196\" class=\"qowt-font6-CalibriLight\">Destac\u00f3 el papel que est\u00e1 jugando en estos momentos el \u201cCentro M\u00e9dico Virtual de Alta Especialidad del Estado de Puebla\u201d para la atenci\u00f3n, v\u00eda remota y a trav\u00e9s del asesoramiento de m\u00e9dicos especialistas, de la contingencia.<\/span><\/p>\n<p id=\"E198\"><span id=\"E199\" class=\"qowt-font6-CalibriLight\">Por \u00faltimo, el gobernador <\/span><span id=\"E200\" class=\"qowt-font6-CalibriLight\">Barbosa Huerta <\/span><span id=\"E201\" class=\"qowt-font6-CalibriLight\">reiter\u00f3 que en Puebla no existen las condiciones para el regreso de las actividades <\/span><span id=\"E202\" class=\"qowt-font6-CalibriLight\">ya que<\/span><span id=\"E203\" class=\"qowt-font6-CalibriLight\"> la curva de contagios no ha disminuido.<\/span><\/p>\n<blockquote class=\"twitter-tweet\" data-width=\"550\" data-dnt=\"true\">\n<p lang=\"es\" dir=\"ltr\">En conferencia de prensa, con <a href=\"https:\/\/twitter.com\/DavidMendezPue?ref_src=twsrc%5Etfw\">@DavidMendezPue<\/a>, de <a href=\"https:\/\/twitter.com\/Segob_Puebla?ref_src=twsrc%5Etfw\">@Segob_Puebla<\/a>; y con Jos\u00e9 Antonio Mart\u00ednez Garc\u00eda, de <a href=\"https:\/\/twitter.com\/SaludGobPue?ref_src=twsrc%5Etfw\">@SaludGobPue<\/a>; informamos sobre el estado del <a href=\"https:\/\/twitter.com\/hashtag\/COVID19mx?src=hash&amp;ref_src=twsrc%5Etfw\">#COVID19mx<\/a> en nuestra entidad.<a href=\"https:\/\/t.co\/QCepXyStk7\">https:\/\/t.co\/QCepXyStk7<\/a><\/p>\n<p>&mdash; Miguel Barbosa \u271e (@MBarbosaMX) <a href=\"https:\/\/twitter.com\/MBarbosaMX\/status\/1278698533818896384?ref_src=twsrc%5Etfw\">July 2, 2020<\/a><\/p><\/blockquote>\n<p><script async src=\"https:\/\/platform.twitter.com\/widgets.js\" charset=\"utf-8\"><\/script><\/p>\n<\/div>\n<\/div>\n","protected":false},"excerpt":{"rendered":"<p>Al reportar 227 nuevos contagios y 62 fallecimientos por COVID-19 en las \u00faltimas 24 horas, el gobernador Miguel Barbosa Huerta sostuvo que la atenci\u00f3n a la salud de las y los poblanos en esta contingencia sanitaria est\u00e1 garantizada. En la habitual videoconferencia de prensa que ofrece en Casa Aguayo, pidi\u00f3 a la sociedad no desafiar&#8230;<\/p>\n","protected":false},"author":4,"featured_media":915,"comment_status":"open","ping_status":"open","sticky":false,"template":"","format":"standard","meta":[],"categories":[20],"tags":[],"yoast_head":"<!-- This site is optimized with the Yoast SEO plugin v20.8 - https:\/\/yoast.com\/wordpress\/plugins\/seo\/ -->\n<title>Miguel Barbosa afirma que atenci\u00f3n atenci\u00f3n a salud de las y los poblanos est\u00e1 garantizada - The Puebla Times<\/title>\n<meta name=\"robots\" content=\"index, follow, max-snippet:-1, max-image-preview:large, max-video-preview:-1\" \/>\n<link rel=\"canonical\" href=\"https:\/\/thepueblatimes.mx\/index.php\/2020\/07\/02\/miguel-barbosa-afirma-que-atencion-atencion-a-salud-de-las-y-los-poblanos-esta-garantizada\/\" \/>\n<meta property=\"og:locale\" content=\"es_ES\" \/>\n<meta property=\"og:type\" content=\"article\" \/>\n<meta property=\"og:title\" content=\"Miguel Barbosa afirma que atenci\u00f3n atenci\u00f3n a salud de las y los poblanos est\u00e1 garantizada - The Puebla Times\" \/>\n<meta property=\"og:description\" content=\"Al reportar 227 nuevos contagios y 62 fallecimientos por COVID-19 en las \u00faltimas 24 horas, el gobernador Miguel Barbosa Huerta sostuvo que la atenci\u00f3n a la salud de las y los poblanos en esta contingencia sanitaria est\u00e1 garantizada. En la habitual videoconferencia de prensa que ofrece en Casa Aguayo, pidi\u00f3 a la sociedad no desafiar...\" \/>\n<meta property=\"og:url\" content=\"https:\/\/thepueblatimes.mx\/index.php\/2020\/07\/02\/miguel-barbosa-afirma-que-atencion-atencion-a-salud-de-las-y-los-poblanos-esta-garantizada\/\" \/>\n<meta property=\"og:site_name\" content=\"The Puebla Times\" \/>\n<meta property=\"article:published_time\" content=\"2020-07-02T20:07:18+00:00\" \/>\n<meta property=\"og:image\" content=\"https:\/\/thepueblatimes.mx\/wp-content\/uploads\/2020\/07\/WhatsApp-Image-2020-06-29-at-12.46.12-PM.jpeg\" \/>\n\t<meta property=\"og:image:width\" content=\"1280\" \/>\n\t<meta property=\"og:image:height\" content=\"853\" \/>\n\t<meta property=\"og:image:type\" content=\"image\/jpeg\" \/>\n<meta name=\"author\" content=\"Marcos Guevara\" \/>\n<meta name=\"twitter:card\" content=\"summary_large_image\" \/>\n<meta name=\"twitter:label1\" content=\"Escrito por\" \/>\n\t<meta name=\"twitter:data1\" content=\"Marcos Guevara\" \/>\n\t<meta name=\"twitter:label2\" content=\"Tiempo de lectura\" \/>\n\t<meta name=\"twitter:data2\" content=\"1 minuto\" \/>\n<script type=\"application\/ld+json\" class=\"yoast-schema-graph\">{\"@context\":\"https:\/\/schema.org\",\"@graph\":[{\"@type\":\"WebPage\",\"@id\":\"https:\/\/thepueblatimes.mx\/index.php\/2020\/07\/02\/miguel-barbosa-afirma-que-atencion-atencion-a-salud-de-las-y-los-poblanos-esta-garantizada\/\",\"url\":\"https:\/\/thepueblatimes.mx\/index.php\/2020\/07\/02\/miguel-barbosa-afirma-que-atencion-atencion-a-salud-de-las-y-los-poblanos-esta-garantizada\/\",\"name\":\"Miguel Barbosa afirma que atenci\u00f3n atenci\u00f3n a salud de las y los poblanos est\u00e1 garantizada - The Puebla Times\",\"isPartOf\":{\"@id\":\"https:\/\/thepueblatimes.mx\/#website\"},\"datePublished\":\"2020-07-02T20:07:18+00:00\",\"dateModified\":\"2020-07-02T20:07:18+00:00\",\"author\":{\"@id\":\"https:\/\/thepueblatimes.mx\/#\/schema\/person\/adbf065ee889f68194977e3499c4a51e\"},\"breadcrumb\":{\"@id\":\"https:\/\/thepueblatimes.mx\/index.php\/2020\/07\/02\/miguel-barbosa-afirma-que-atencion-atencion-a-salud-de-las-y-los-poblanos-esta-garantizada\/#breadcrumb\"},\"inLanguage\":\"es\",\"potentialAction\":[{\"@type\":\"ReadAction\",\"target\":[\"https:\/\/thepueblatimes.mx\/index.php\/2020\/07\/02\/miguel-barbosa-afirma-que-atencion-atencion-a-salud-de-las-y-los-poblanos-esta-garantizada\/\"]}]},{\"@type\":\"BreadcrumbList\",\"@id\":\"https:\/\/thepueblatimes.mx\/index.php\/2020\/07\/02\/miguel-barbosa-afirma-que-atencion-atencion-a-salud-de-las-y-los-poblanos-esta-garantizada\/#breadcrumb\",\"itemListElement\":[{\"@type\":\"ListItem\",\"position\":1,\"name\":\"Portada\",\"item\":\"https:\/\/thepueblatimes.mx\/\"},{\"@type\":\"ListItem\",\"position\":2,\"name\":\"Miguel Barbosa afirma que atenci\u00f3n atenci\u00f3n a salud de las y los poblanos est\u00e1 garantizada\"}]},{\"@type\":\"WebSite\",\"@id\":\"https:\/\/thepueblatimes.mx\/#website\",\"url\":\"https:\/\/thepueblatimes.mx\/\",\"name\":\"The Puebla Times\",\"description\":\"Noticias del Estado de Puebla\",\"potentialAction\":[{\"@type\":\"SearchAction\",\"target\":{\"@type\":\"EntryPoint\",\"urlTemplate\":\"https:\/\/thepueblatimes.mx\/?s={search_term_string}\"},\"query-input\":\"required name=search_term_string\"}],\"inLanguage\":\"es\"},{\"@type\":\"Person\",\"@id\":\"https:\/\/thepueblatimes.mx\/#\/schema\/person\/adbf065ee889f68194977e3499c4a51e\",\"name\":\"Marcos Guevara\",\"image\":{\"@type\":\"ImageObject\",\"inLanguage\":\"es\",\"@id\":\"https:\/\/thepueblatimes.mx\/#\/schema\/person\/image\/\",\"url\":\"https:\/\/secure.gravatar.com\/avatar\/c5d5853d70a8cf178bdfd28c1b8cdcdd?s=96&d=mm&r=g\",\"contentUrl\":\"https:\/\/secure.gravatar.com\/avatar\/c5d5853d70a8cf178bdfd28c1b8cdcdd?s=96&d=mm&r=g\",\"caption\":\"Marcos Guevara\"},\"url\":\"https:\/\/thepueblatimes.mx\/index.php\/author\/marcos-guevara\/\"}]}<\/script>\n<!-- \/ Yoast SEO plugin. -->","yoast_head_json":{"title":"Miguel Barbosa afirma que atenci\u00f3n atenci\u00f3n a salud de las y los poblanos est\u00e1 garantizada - The Puebla Times","robots":{"index":"index","follow":"follow","max-snippet":"max-snippet:-1","max-image-preview":"max-image-preview:large","max-video-preview":"max-video-preview:-1"},"canonical":"https:\/\/thepueblatimes.mx\/index.php\/2020\/07\/02\/miguel-barbosa-afirma-que-atencion-atencion-a-salud-de-las-y-los-poblanos-esta-garantizada\/","og_locale":"es_ES","og_type":"article","og_title":"Miguel Barbosa afirma que atenci\u00f3n atenci\u00f3n a salud de las y los poblanos est\u00e1 garantizada - The Puebla Times","og_description":"Al reportar 227 nuevos contagios y 62 fallecimientos por COVID-19 en las \u00faltimas 24 horas, el gobernador Miguel Barbosa Huerta sostuvo que la atenci\u00f3n a la salud de las y los poblanos en esta contingencia sanitaria est\u00e1 garantizada. En la habitual videoconferencia de prensa que ofrece en Casa Aguayo, pidi\u00f3 a la sociedad no desafiar...","og_url":"https:\/\/thepueblatimes.mx\/index.php\/2020\/07\/02\/miguel-barbosa-afirma-que-atencion-atencion-a-salud-de-las-y-los-poblanos-esta-garantizada\/","og_site_name":"The Puebla Times","article_published_time":"2020-07-02T20:07:18+00:00","og_image":[{"width":1280,"height":853,"url":"https:\/\/thepueblatimes.mx\/wp-content\/uploads\/2020\/07\/WhatsApp-Image-2020-06-29-at-12.46.12-PM.jpeg","type":"image\/jpeg"}],"author":"Marcos Guevara","twitter_card":"summary_large_image","twitter_misc":{"Escrito por":"Marcos Guevara","Tiempo de lectura":"1 minuto"},"schema":{"@context":"https:\/\/schema.org","@graph":[{"@type":"WebPage","@id":"https:\/\/thepueblatimes.mx\/index.php\/2020\/07\/02\/miguel-barbosa-afirma-que-atencion-atencion-a-salud-de-las-y-los-poblanos-esta-garantizada\/","url":"https:\/\/thepueblatimes.mx\/index.php\/2020\/07\/02\/miguel-barbosa-afirma-que-atencion-atencion-a-salud-de-las-y-los-poblanos-esta-garantizada\/","name":"Miguel Barbosa afirma que atenci\u00f3n atenci\u00f3n a salud de las y los poblanos est\u00e1 garantizada - The Puebla Times","isPartOf":{"@id":"https:\/\/thepueblatimes.mx\/#website"},"datePublished":"2020-07-02T20:07:18+00:00","dateModified":"2020-07-02T20:07:18+00:00","author":{"@id":"https:\/\/thepueblatimes.mx\/#\/schema\/person\/adbf065ee889f68194977e3499c4a51e"},"breadcrumb":{"@id":"https:\/\/thepueblatimes.mx\/index.php\/2020\/07\/02\/miguel-barbosa-afirma-que-atencion-atencion-a-salud-de-las-y-los-poblanos-esta-garantizada\/#breadcrumb"},"inLanguage":"es","potentialAction":[{"@type":"ReadAction","target":["https:\/\/thepueblatimes.mx\/index.php\/2020\/07\/02\/miguel-barbosa-afirma-que-atencion-atencion-a-salud-de-las-y-los-poblanos-esta-garantizada\/"]}]},{"@type":"BreadcrumbList","@id":"https:\/\/thepueblatimes.mx\/index.php\/2020\/07\/02\/miguel-barbosa-afirma-que-atencion-atencion-a-salud-de-las-y-los-poblanos-esta-garantizada\/#breadcrumb","itemListElement":[{"@type":"ListItem","position":1,"name":"Portada","item":"https:\/\/thepueblatimes.mx\/"},{"@type":"ListItem","position":2,"name":"Miguel Barbosa afirma que atenci\u00f3n atenci\u00f3n a salud de las y los poblanos est\u00e1 garantizada"}]},{"@type":"WebSite","@id":"https:\/\/thepueblatimes.mx\/#website","url":"https:\/\/thepueblatimes.mx\/","name":"The Puebla Times","description":"Noticias del Estado de Puebla","potentialAction":[{"@type":"SearchAction","target":{"@type":"EntryPoint","urlTemplate":"https:\/\/thepueblatimes.mx\/?s={search_term_string}"},"query-input":"required name=search_term_string"}],"inLanguage":"es"},{"@type":"Person","@id":"https:\/\/thepueblatimes.mx\/#\/schema\/person\/adbf065ee889f68194977e3499c4a51e","name":"Marcos Guevara","image":{"@type":"ImageObject","inLanguage":"es","@id":"https:\/\/thepueblatimes.mx\/#\/schema\/person\/image\/","url":"https:\/\/secure.gravatar.com\/avatar\/c5d5853d70a8cf178bdfd28c1b8cdcdd?s=96&d=mm&r=g","contentUrl":"https:\/\/secure.gravatar.com\/avatar\/c5d5853d70a8cf178bdfd28c1b8cdcdd?s=96&d=mm&r=g","caption":"Marcos Guevara"},"url":"https:\/\/thepueblatimes.mx\/index.php\/author\/marcos-guevara\/"}]}},"jetpack_featured_media_url":"https:\/\/thepueblatimes.mx\/wp-content\/uploads\/2020\/07\/WhatsApp-Image-2020-06-29-at-12.46.12-PM.jpeg","_links":{"self":[{"href":"https:\/\/thepueblatimes.mx\/index.php\/wp-json\/wp\/v2\/posts\/935"}],"collection":[{"href":"https:\/\/thepueblatimes.mx\/index.php\/wp-json\/wp\/v2\/posts"}],"about":[{"href":"https:\/\/thepueblatimes.mx\/index.php\/wp-json\/wp\/v2\/types\/post"}],"author":[{"embeddable":true,"href":"https:\/\/thepueblatimes.mx\/index.php\/wp-json\/wp\/v2\/users\/4"}],"replies":[{"embeddable":true,"href":"https:\/\/thepueblatimes.mx\/index.php\/wp-json\/wp\/v2\/comments?post=935"}],"version-history":[{"count":1,"href":"https:\/\/thepueblatimes.mx\/index.php\/wp-json\/wp\/v2\/posts\/935\/revisions"}],"predecessor-version":[{"id":936,"href":"https:\/\/thepueblatimes.mx\/index.php\/wp-json\/wp\/v2\/posts\/935\/revisions\/936"}],"wp:featuredmedia":[{"embeddable":true,"href":"https:\/\/thepueblatimes.mx\/index.php\/wp-json\/wp\/v2\/media\/915"}],"wp:attachment":[{"href":"https:\/\/thepueblatimes.mx\/index.php\/wp-json\/wp\/v2\/media?parent=935"}],"wp:term":[{"taxonomy":"category","embeddable":true,"href":"https:\/\/thepueblatimes.mx\/index.php\/wp-json\/wp\/v2\/categories?post=935"},{"taxonomy":"post_tag","embeddable":true,"href":"https:\/\/thepueblatimes.mx\/index.php\/wp-json\/wp\/v2\/tags?post=935"}],"curies":[{"name":"wp","href":"https:\/\/api.w.org\/{rel}","templated":true}]}}