{"id":8955,"date":"2021-02-01T14:39:59","date_gmt":"2021-02-01T20:39:59","guid":{"rendered":"https:\/\/thepueblatimes.mx\/?p=8955"},"modified":"2021-02-01T14:39:59","modified_gmt":"2021-02-01T20:39:59","slug":"joven-muere-ahogado-san-jose-el-aguacate-puebla","status":"publish","type":"post","link":"https:\/\/thepueblatimes.mx\/index.php\/2021\/02\/01\/joven-muere-ahogado-san-jose-el-aguacate-puebla\/","title":{"rendered":"Joven muere ahogado San Jos\u00e9 El Aguacate, Puebla"},"content":{"rendered":"<p><strong>Buzos de Cruz Roja Mexicana,<\/strong>\u00a0delegaci\u00f3n Puebla, llevaron a cabo el\u00a0<strong>rescate\u00a0<\/strong>del cuerpo de un joven que muri\u00f3\u00a0<strong>ahogado\u00a0<\/strong>la tarde del domingo en la laguna de\u00a0<strong>San Jos\u00e9 El Aguacate<\/strong>\u00a0en el municipio de Puebla.<\/p>\n<p>Las primeras investigaciones de las autoridades policiacas refieren que el hoy occiso, el cual contaba con\u00a0<strong>24 a\u00f1os de edad,\u00a0<\/strong>cay\u00f3 por accidente a la laguna y no pudo salir.<\/p>\n<p>Tras una llamada de auxilio al n\u00famero de emergencias 911, buzos de Cruz Roja y elementos de la Polic\u00eda Municipal de Puebla se trasladaron a la zona, en el\u00a0<strong>Camino a Huehuetl\u00e1n El Grande esquina con Valsequillo.<\/strong><\/p>\n<p>En punto\u00a0de las 17 horas\u00a0y despu\u00e9s de tomar conocimiento de los hechos, los cuerpos de ayuda comenzaron con la b\u00fasqueda del\u00a0cad\u00e1ver.<\/p>\n<p>Tras varias horas de trabajo los rescatistas logaron ubicar el cuerpo, fue as\u00ed como\u00a0a las 22:30\u00a0horas del mismo domingo se logr\u00f3 la recuperaci\u00f3n del cad\u00e1ver del joven, el cual fue trasladado al Servicio M\u00e9dico Forense (<strong>Semefo<\/strong>) donde tras los tr\u00e1mites correspondientes y la respectiva identificaci\u00f3n por parte de los familiares, ser\u00eda devuelto.<\/p>\n<p><img decoding=\"async\" src=\"http:\/\/fotos.e-consulta.com\/6612aa10-ca60-48b9-b991-b1d617997a2d.jpeg?t=1612198702\" \/><\/p>\n<p>&nbsp;<\/p>\n","protected":false},"excerpt":{"rendered":"<p>Buzos de Cruz Roja Mexicana,\u00a0delegaci\u00f3n Puebla, llevaron a cabo el\u00a0rescate\u00a0del cuerpo de un joven que muri\u00f3\u00a0ahogado\u00a0la tarde del domingo en la laguna de\u00a0San Jos\u00e9 El Aguacate\u00a0en el municipio de Puebla. Las primeras investigaciones de las autoridades policiacas refieren que el hoy occiso, el cual contaba con\u00a024 a\u00f1os de edad,\u00a0cay\u00f3 por accidente a la laguna y&#8230;<\/p>\n","protected":false},"author":15,"featured_media":8956,"comment_status":"open","ping_status":"open","sticky":false,"template":"","format":"standard","meta":[],"categories":[20],"tags":[49],"yoast_head":"<!-- This site is optimized with the Yoast SEO plugin v20.8 - https:\/\/yoast.com\/wordpress\/plugins\/seo\/ -->\n<title>Joven muere ahogado San Jos\u00e9 El Aguacate, Puebla - The Puebla Times<\/title>\n<meta name=\"robots\" content=\"index, follow, max-snippet:-1, max-image-preview:large, max-video-preview:-1\" \/>\n<link rel=\"canonical\" href=\"https:\/\/thepueblatimes.mx\/index.php\/2021\/02\/01\/joven-muere-ahogado-san-jose-el-aguacate-puebla\/\" \/>\n<meta property=\"og:locale\" content=\"es_ES\" \/>\n<meta property=\"og:type\" content=\"article\" \/>\n<meta property=\"og:title\" content=\"Joven muere ahogado San Jos\u00e9 El Aguacate, Puebla - The Puebla Times\" \/>\n<meta property=\"og:description\" content=\"Buzos de Cruz Roja Mexicana,\u00a0delegaci\u00f3n Puebla, llevaron a cabo el\u00a0rescate\u00a0del cuerpo de un joven que muri\u00f3\u00a0ahogado\u00a0la tarde del domingo en la laguna de\u00a0San Jos\u00e9 El Aguacate\u00a0en el municipio de Puebla. Las primeras investigaciones de las autoridades policiacas refieren que el hoy occiso, el cual contaba con\u00a024 a\u00f1os de edad,\u00a0cay\u00f3 por accidente a la laguna y...\" \/>\n<meta property=\"og:url\" content=\"https:\/\/thepueblatimes.mx\/index.php\/2021\/02\/01\/joven-muere-ahogado-san-jose-el-aguacate-puebla\/\" \/>\n<meta property=\"og:site_name\" content=\"The Puebla Times\" \/>\n<meta property=\"article:published_time\" content=\"2021-02-01T20:39:59+00:00\" \/>\n<meta property=\"og:image\" content=\"https:\/\/thepueblatimes.mx\/wp-content\/uploads\/2021\/02\/7b7b95f7-adbd-4027-ad99-2bf38f947c0c.jpeg\" \/>\n\t<meta property=\"og:image:width\" content=\"640\" \/>\n\t<meta property=\"og:image:height\" content=\"424\" \/>\n\t<meta property=\"og:image:type\" content=\"image\/jpeg\" \/>\n<meta name=\"author\" content=\"Francisco S\u00e1nchez Nolasco\" \/>\n<meta name=\"twitter:card\" content=\"summary_large_image\" \/>\n<meta name=\"twitter:label1\" content=\"Escrito por\" \/>\n\t<meta name=\"twitter:data1\" content=\"Francisco S\u00e1nchez Nolasco\" \/>\n\t<meta name=\"twitter:label2\" content=\"Tiempo de lectura\" \/>\n\t<meta name=\"twitter:data2\" content=\"1 minuto\" \/>\n<script type=\"application\/ld+json\" class=\"yoast-schema-graph\">{\"@context\":\"https:\/\/schema.org\",\"@graph\":[{\"@type\":\"WebPage\",\"@id\":\"https:\/\/thepueblatimes.mx\/index.php\/2021\/02\/01\/joven-muere-ahogado-san-jose-el-aguacate-puebla\/\",\"url\":\"https:\/\/thepueblatimes.mx\/index.php\/2021\/02\/01\/joven-muere-ahogado-san-jose-el-aguacate-puebla\/\",\"name\":\"Joven muere ahogado San Jos\u00e9 El Aguacate, Puebla - The Puebla Times\",\"isPartOf\":{\"@id\":\"https:\/\/thepueblatimes.mx\/#website\"},\"datePublished\":\"2021-02-01T20:39:59+00:00\",\"dateModified\":\"2021-02-01T20:39:59+00:00\",\"author\":{\"@id\":\"https:\/\/thepueblatimes.mx\/#\/schema\/person\/7bdf2adbc50078b104bba72b5612f774\"},\"breadcrumb\":{\"@id\":\"https:\/\/thepueblatimes.mx\/index.php\/2021\/02\/01\/joven-muere-ahogado-san-jose-el-aguacate-puebla\/#breadcrumb\"},\"inLanguage\":\"es\",\"potentialAction\":[{\"@type\":\"ReadAction\",\"target\":[\"https:\/\/thepueblatimes.mx\/index.php\/2021\/02\/01\/joven-muere-ahogado-san-jose-el-aguacate-puebla\/\"]}]},{\"@type\":\"BreadcrumbList\",\"@id\":\"https:\/\/thepueblatimes.mx\/index.php\/2021\/02\/01\/joven-muere-ahogado-san-jose-el-aguacate-puebla\/#breadcrumb\",\"itemListElement\":[{\"@type\":\"ListItem\",\"position\":1,\"name\":\"Portada\",\"item\":\"https:\/\/thepueblatimes.mx\/\"},{\"@type\":\"ListItem\",\"position\":2,\"name\":\"Joven muere ahogado San Jos\u00e9 El Aguacate, Puebla\"}]},{\"@type\":\"WebSite\",\"@id\":\"https:\/\/thepueblatimes.mx\/#website\",\"url\":\"https:\/\/thepueblatimes.mx\/\",\"name\":\"The Puebla Times\",\"description\":\"Noticias del Estado de Puebla\",\"potentialAction\":[{\"@type\":\"SearchAction\",\"target\":{\"@type\":\"EntryPoint\",\"urlTemplate\":\"https:\/\/thepueblatimes.mx\/?s={search_term_string}\"},\"query-input\":\"required name=search_term_string\"}],\"inLanguage\":\"es\"},{\"@type\":\"Person\",\"@id\":\"https:\/\/thepueblatimes.mx\/#\/schema\/person\/7bdf2adbc50078b104bba72b5612f774\",\"name\":\"Francisco S\u00e1nchez Nolasco\",\"image\":{\"@type\":\"ImageObject\",\"inLanguage\":\"es\",\"@id\":\"https:\/\/thepueblatimes.mx\/#\/schema\/person\/image\/\",\"url\":\"https:\/\/secure.gravatar.com\/avatar\/6061d7d20b38bc2742a5218401b198d2?s=96&d=mm&r=g\",\"contentUrl\":\"https:\/\/secure.gravatar.com\/avatar\/6061d7d20b38bc2742a5218401b198d2?s=96&d=mm&r=g\",\"caption\":\"Francisco S\u00e1nchez Nolasco\"},\"url\":\"https:\/\/thepueblatimes.mx\/index.php\/author\/marianitha-reyes\/\"}]}<\/script>\n<!-- \/ Yoast SEO plugin. -->","yoast_head_json":{"title":"Joven muere ahogado San Jos\u00e9 El Aguacate, Puebla - The Puebla Times","robots":{"index":"index","follow":"follow","max-snippet":"max-snippet:-1","max-image-preview":"max-image-preview:large","max-video-preview":"max-video-preview:-1"},"canonical":"https:\/\/thepueblatimes.mx\/index.php\/2021\/02\/01\/joven-muere-ahogado-san-jose-el-aguacate-puebla\/","og_locale":"es_ES","og_type":"article","og_title":"Joven muere ahogado San Jos\u00e9 El Aguacate, Puebla - The Puebla Times","og_description":"Buzos de Cruz Roja Mexicana,\u00a0delegaci\u00f3n Puebla, llevaron a cabo el\u00a0rescate\u00a0del cuerpo de un joven que muri\u00f3\u00a0ahogado\u00a0la tarde del domingo en la laguna de\u00a0San Jos\u00e9 El Aguacate\u00a0en el municipio de Puebla. Las primeras investigaciones de las autoridades policiacas refieren que el hoy occiso, el cual contaba con\u00a024 a\u00f1os de edad,\u00a0cay\u00f3 por accidente a la laguna y...","og_url":"https:\/\/thepueblatimes.mx\/index.php\/2021\/02\/01\/joven-muere-ahogado-san-jose-el-aguacate-puebla\/","og_site_name":"The Puebla Times","article_published_time":"2021-02-01T20:39:59+00:00","og_image":[{"width":640,"height":424,"url":"https:\/\/thepueblatimes.mx\/wp-content\/uploads\/2021\/02\/7b7b95f7-adbd-4027-ad99-2bf38f947c0c.jpeg","type":"image\/jpeg"}],"author":"Francisco S\u00e1nchez Nolasco","twitter_card":"summary_large_image","twitter_misc":{"Escrito por":"Francisco S\u00e1nchez Nolasco","Tiempo de lectura":"1 minuto"},"schema":{"@context":"https:\/\/schema.org","@graph":[{"@type":"WebPage","@id":"https:\/\/thepueblatimes.mx\/index.php\/2021\/02\/01\/joven-muere-ahogado-san-jose-el-aguacate-puebla\/","url":"https:\/\/thepueblatimes.mx\/index.php\/2021\/02\/01\/joven-muere-ahogado-san-jose-el-aguacate-puebla\/","name":"Joven muere ahogado San Jos\u00e9 El Aguacate, Puebla - The Puebla Times","isPartOf":{"@id":"https:\/\/thepueblatimes.mx\/#website"},"datePublished":"2021-02-01T20:39:59+00:00","dateModified":"2021-02-01T20:39:59+00:00","author":{"@id":"https:\/\/thepueblatimes.mx\/#\/schema\/person\/7bdf2adbc50078b104bba72b5612f774"},"breadcrumb":{"@id":"https:\/\/thepueblatimes.mx\/index.php\/2021\/02\/01\/joven-muere-ahogado-san-jose-el-aguacate-puebla\/#breadcrumb"},"inLanguage":"es","potentialAction":[{"@type":"ReadAction","target":["https:\/\/thepueblatimes.mx\/index.php\/2021\/02\/01\/joven-muere-ahogado-san-jose-el-aguacate-puebla\/"]}]},{"@type":"BreadcrumbList","@id":"https:\/\/thepueblatimes.mx\/index.php\/2021\/02\/01\/joven-muere-ahogado-san-jose-el-aguacate-puebla\/#breadcrumb","itemListElement":[{"@type":"ListItem","position":1,"name":"Portada","item":"https:\/\/thepueblatimes.mx\/"},{"@type":"ListItem","position":2,"name":"Joven muere ahogado San Jos\u00e9 El Aguacate, Puebla"}]},{"@type":"WebSite","@id":"https:\/\/thepueblatimes.mx\/#website","url":"https:\/\/thepueblatimes.mx\/","name":"The Puebla Times","description":"Noticias del Estado de Puebla","potentialAction":[{"@type":"SearchAction","target":{"@type":"EntryPoint","urlTemplate":"https:\/\/thepueblatimes.mx\/?s={search_term_string}"},"query-input":"required name=search_term_string"}],"inLanguage":"es"},{"@type":"Person","@id":"https:\/\/thepueblatimes.mx\/#\/schema\/person\/7bdf2adbc50078b104bba72b5612f774","name":"Francisco S\u00e1nchez Nolasco","image":{"@type":"ImageObject","inLanguage":"es","@id":"https:\/\/thepueblatimes.mx\/#\/schema\/person\/image\/","url":"https:\/\/secure.gravatar.com\/avatar\/6061d7d20b38bc2742a5218401b198d2?s=96&d=mm&r=g","contentUrl":"https:\/\/secure.gravatar.com\/avatar\/6061d7d20b38bc2742a5218401b198d2?s=96&d=mm&r=g","caption":"Francisco S\u00e1nchez Nolasco"},"url":"https:\/\/thepueblatimes.mx\/index.php\/author\/marianitha-reyes\/"}]}},"jetpack_featured_media_url":"https:\/\/thepueblatimes.mx\/wp-content\/uploads\/2021\/02\/7b7b95f7-adbd-4027-ad99-2bf38f947c0c.jpeg","_links":{"self":[{"href":"https:\/\/thepueblatimes.mx\/index.php\/wp-json\/wp\/v2\/posts\/8955"}],"collection":[{"href":"https:\/\/thepueblatimes.mx\/index.php\/wp-json\/wp\/v2\/posts"}],"about":[{"href":"https:\/\/thepueblatimes.mx\/index.php\/wp-json\/wp\/v2\/types\/post"}],"author":[{"embeddable":true,"href":"https:\/\/thepueblatimes.mx\/index.php\/wp-json\/wp\/v2\/users\/15"}],"replies":[{"embeddable":true,"href":"https:\/\/thepueblatimes.mx\/index.php\/wp-json\/wp\/v2\/comments?post=8955"}],"version-history":[{"count":1,"href":"https:\/\/thepueblatimes.mx\/index.php\/wp-json\/wp\/v2\/posts\/8955\/revisions"}],"predecessor-version":[{"id":8957,"href":"https:\/\/thepueblatimes.mx\/index.php\/wp-json\/wp\/v2\/posts\/8955\/revisions\/8957"}],"wp:featuredmedia":[{"embeddable":true,"href":"https:\/\/thepueblatimes.mx\/index.php\/wp-json\/wp\/v2\/media\/8956"}],"wp:attachment":[{"href":"https:\/\/thepueblatimes.mx\/index.php\/wp-json\/wp\/v2\/media?parent=8955"}],"wp:term":[{"taxonomy":"category","embeddable":true,"href":"https:\/\/thepueblatimes.mx\/index.php\/wp-json\/wp\/v2\/categories?post=8955"},{"taxonomy":"post_tag","embeddable":true,"href":"https:\/\/thepueblatimes.mx\/index.php\/wp-json\/wp\/v2\/tags?post=8955"}],"curies":[{"name":"wp","href":"https:\/\/api.w.org\/{rel}","templated":true}]}}