{"id":8726,"date":"2021-01-28T19:20:09","date_gmt":"2021-01-29T01:20:09","guid":{"rendered":"https:\/\/thepueblatimes.mx\/?p=8726"},"modified":"2021-01-28T19:20:09","modified_gmt":"2021-01-29T01:20:09","slug":"tres-muertos-deja-accidente-en-la-siglo-xxi","status":"publish","type":"post","link":"https:\/\/thepueblatimes.mx\/index.php\/2021\/01\/28\/tres-muertos-deja-accidente-en-la-siglo-xxi\/","title":{"rendered":"Tres muertos deja accidente en la Siglo XXI"},"content":{"rendered":"<p>Iz\u00facar de Matamoros, Pue &#8211;<strong>\u00a0Tres personas muertas y tres lesionadas fue el saldo de un tr\u00e1gico accidente<\/strong>\u00a0ocurrido la ma\u00f1ana del jueves 28 de enero\u00a0en el kil\u00f3metro 46 de la autopista Siglo XXI, tramo Jantetelco-Puebla.<\/p>\n<p>De acuerdo con el reporte preliminar, en el accidente\u00a0<strong>estuvieron involucrados 2 tr\u00e1ileres y 2 camionetas.<\/strong><\/p>\n<p><strong>El hecho se produjo entre los municipios de San Bartolo Cohuecan, Puebla, y Temoac, en Morelos.<\/strong><\/p>\n<p>Alrededor de las seis y media de la ma\u00f1ana, el conductor de un tractocami\u00f3n que transportaba block, perdi\u00f3 el control y choc\u00f3 contra una camioneta, para posteriormente pegarle a otra y otro tr\u00e1iler.<\/p>\n<p>A lugar acudieron los cuerpos de emergencia, donde localizaron dos personas calcinadas en el interior de una camioneta blanca, al parecer dos j\u00f3venes. El conductor del tractocami\u00f3n result\u00f3 prensado y falleci\u00f3.<\/p>\n<p>Asimismo, tres personas m\u00e1s resultaron lesionadas, las cuales viajaban a bordo de una camioneta roja Nissan Frontier con placas de Morelos.<\/p>\n<p>Los lesionados fueron llevados a un hospital, mientras que la vialidad estuvo cerrada por algunas horas, mientras se realizaban las labores de retiro de las unidades.<\/p>\n<p>Hasta el momento se desconoce la identidad de los cad\u00e1veres que perdieron la vida en el lugar de los hechos.<\/p>\n<p>&nbsp;<\/p>\n","protected":false},"excerpt":{"rendered":"<p>Iz\u00facar de Matamoros, Pue &#8211;\u00a0Tres personas muertas y tres lesionadas fue el saldo de un tr\u00e1gico accidente\u00a0ocurrido la ma\u00f1ana del jueves 28 de enero\u00a0en el kil\u00f3metro 46 de la autopista Siglo XXI, tramo Jantetelco-Puebla. De acuerdo con el reporte preliminar, en el accidente\u00a0estuvieron involucrados 2 tr\u00e1ileres y 2 camionetas. El hecho se produjo entre los&#8230;<\/p>\n","protected":false},"author":15,"featured_media":8727,"comment_status":"open","ping_status":"open","sticky":false,"template":"","format":"standard","meta":[],"categories":[14],"tags":[236,45,317],"yoast_head":"<!-- This site is optimized with the Yoast SEO plugin v20.8 - https:\/\/yoast.com\/wordpress\/plugins\/seo\/ -->\n<title>Tres muertos deja accidente en la Siglo XXI - The Puebla Times<\/title>\n<meta name=\"robots\" content=\"index, follow, max-snippet:-1, max-image-preview:large, max-video-preview:-1\" \/>\n<link rel=\"canonical\" href=\"https:\/\/thepueblatimes.mx\/index.php\/2021\/01\/28\/tres-muertos-deja-accidente-en-la-siglo-xxi\/\" \/>\n<meta property=\"og:locale\" content=\"es_ES\" \/>\n<meta property=\"og:type\" content=\"article\" \/>\n<meta property=\"og:title\" content=\"Tres muertos deja accidente en la Siglo XXI - The Puebla Times\" \/>\n<meta property=\"og:description\" content=\"Iz\u00facar de Matamoros, Pue &#8211;\u00a0Tres personas muertas y tres lesionadas fue el saldo de un tr\u00e1gico accidente\u00a0ocurrido la ma\u00f1ana del jueves 28 de enero\u00a0en el kil\u00f3metro 46 de la autopista Siglo XXI, tramo Jantetelco-Puebla. De acuerdo con el reporte preliminar, en el accidente\u00a0estuvieron involucrados 2 tr\u00e1ileres y 2 camionetas. El hecho se produjo entre los...\" \/>\n<meta property=\"og:url\" content=\"https:\/\/thepueblatimes.mx\/index.php\/2021\/01\/28\/tres-muertos-deja-accidente-en-la-siglo-xxi\/\" \/>\n<meta property=\"og:site_name\" content=\"The Puebla Times\" \/>\n<meta property=\"article:published_time\" content=\"2021-01-29T01:20:09+00:00\" \/>\n<meta property=\"og:image\" content=\"https:\/\/thepueblatimes.mx\/wp-content\/uploads\/2021\/01\/es2rptwvcaa070m.jpg\" \/>\n\t<meta property=\"og:image:width\" content=\"900\" \/>\n\t<meta property=\"og:image:height\" content=\"675\" \/>\n\t<meta property=\"og:image:type\" content=\"image\/jpeg\" \/>\n<meta name=\"author\" content=\"Francisco S\u00e1nchez Nolasco\" \/>\n<meta name=\"twitter:card\" content=\"summary_large_image\" \/>\n<meta name=\"twitter:label1\" content=\"Escrito por\" \/>\n\t<meta name=\"twitter:data1\" content=\"Francisco S\u00e1nchez Nolasco\" \/>\n\t<meta name=\"twitter:label2\" content=\"Tiempo de lectura\" \/>\n\t<meta name=\"twitter:data2\" content=\"1 minuto\" \/>\n<script type=\"application\/ld+json\" class=\"yoast-schema-graph\">{\"@context\":\"https:\/\/schema.org\",\"@graph\":[{\"@type\":\"WebPage\",\"@id\":\"https:\/\/thepueblatimes.mx\/index.php\/2021\/01\/28\/tres-muertos-deja-accidente-en-la-siglo-xxi\/\",\"url\":\"https:\/\/thepueblatimes.mx\/index.php\/2021\/01\/28\/tres-muertos-deja-accidente-en-la-siglo-xxi\/\",\"name\":\"Tres muertos deja accidente en la Siglo XXI - The Puebla Times\",\"isPartOf\":{\"@id\":\"https:\/\/thepueblatimes.mx\/#website\"},\"datePublished\":\"2021-01-29T01:20:09+00:00\",\"dateModified\":\"2021-01-29T01:20:09+00:00\",\"author\":{\"@id\":\"https:\/\/thepueblatimes.mx\/#\/schema\/person\/7bdf2adbc50078b104bba72b5612f774\"},\"breadcrumb\":{\"@id\":\"https:\/\/thepueblatimes.mx\/index.php\/2021\/01\/28\/tres-muertos-deja-accidente-en-la-siglo-xxi\/#breadcrumb\"},\"inLanguage\":\"es\",\"potentialAction\":[{\"@type\":\"ReadAction\",\"target\":[\"https:\/\/thepueblatimes.mx\/index.php\/2021\/01\/28\/tres-muertos-deja-accidente-en-la-siglo-xxi\/\"]}]},{\"@type\":\"BreadcrumbList\",\"@id\":\"https:\/\/thepueblatimes.mx\/index.php\/2021\/01\/28\/tres-muertos-deja-accidente-en-la-siglo-xxi\/#breadcrumb\",\"itemListElement\":[{\"@type\":\"ListItem\",\"position\":1,\"name\":\"Portada\",\"item\":\"https:\/\/thepueblatimes.mx\/\"},{\"@type\":\"ListItem\",\"position\":2,\"name\":\"Tres muertos deja accidente en la Siglo XXI\"}]},{\"@type\":\"WebSite\",\"@id\":\"https:\/\/thepueblatimes.mx\/#website\",\"url\":\"https:\/\/thepueblatimes.mx\/\",\"name\":\"The Puebla Times\",\"description\":\"Noticias del Estado de Puebla\",\"potentialAction\":[{\"@type\":\"SearchAction\",\"target\":{\"@type\":\"EntryPoint\",\"urlTemplate\":\"https:\/\/thepueblatimes.mx\/?s={search_term_string}\"},\"query-input\":\"required name=search_term_string\"}],\"inLanguage\":\"es\"},{\"@type\":\"Person\",\"@id\":\"https:\/\/thepueblatimes.mx\/#\/schema\/person\/7bdf2adbc50078b104bba72b5612f774\",\"name\":\"Francisco S\u00e1nchez Nolasco\",\"image\":{\"@type\":\"ImageObject\",\"inLanguage\":\"es\",\"@id\":\"https:\/\/thepueblatimes.mx\/#\/schema\/person\/image\/\",\"url\":\"https:\/\/secure.gravatar.com\/avatar\/6061d7d20b38bc2742a5218401b198d2?s=96&d=mm&r=g\",\"contentUrl\":\"https:\/\/secure.gravatar.com\/avatar\/6061d7d20b38bc2742a5218401b198d2?s=96&d=mm&r=g\",\"caption\":\"Francisco S\u00e1nchez Nolasco\"},\"url\":\"https:\/\/thepueblatimes.mx\/index.php\/author\/marianitha-reyes\/\"}]}<\/script>\n<!-- \/ Yoast SEO plugin. -->","yoast_head_json":{"title":"Tres muertos deja accidente en la Siglo XXI - The Puebla Times","robots":{"index":"index","follow":"follow","max-snippet":"max-snippet:-1","max-image-preview":"max-image-preview:large","max-video-preview":"max-video-preview:-1"},"canonical":"https:\/\/thepueblatimes.mx\/index.php\/2021\/01\/28\/tres-muertos-deja-accidente-en-la-siglo-xxi\/","og_locale":"es_ES","og_type":"article","og_title":"Tres muertos deja accidente en la Siglo XXI - The Puebla Times","og_description":"Iz\u00facar de Matamoros, Pue &#8211;\u00a0Tres personas muertas y tres lesionadas fue el saldo de un tr\u00e1gico accidente\u00a0ocurrido la ma\u00f1ana del jueves 28 de enero\u00a0en el kil\u00f3metro 46 de la autopista Siglo XXI, tramo Jantetelco-Puebla. De acuerdo con el reporte preliminar, en el accidente\u00a0estuvieron involucrados 2 tr\u00e1ileres y 2 camionetas. El hecho se produjo entre los...","og_url":"https:\/\/thepueblatimes.mx\/index.php\/2021\/01\/28\/tres-muertos-deja-accidente-en-la-siglo-xxi\/","og_site_name":"The Puebla Times","article_published_time":"2021-01-29T01:20:09+00:00","og_image":[{"width":900,"height":675,"url":"https:\/\/thepueblatimes.mx\/wp-content\/uploads\/2021\/01\/es2rptwvcaa070m.jpg","type":"image\/jpeg"}],"author":"Francisco S\u00e1nchez Nolasco","twitter_card":"summary_large_image","twitter_misc":{"Escrito por":"Francisco S\u00e1nchez Nolasco","Tiempo de lectura":"1 minuto"},"schema":{"@context":"https:\/\/schema.org","@graph":[{"@type":"WebPage","@id":"https:\/\/thepueblatimes.mx\/index.php\/2021\/01\/28\/tres-muertos-deja-accidente-en-la-siglo-xxi\/","url":"https:\/\/thepueblatimes.mx\/index.php\/2021\/01\/28\/tres-muertos-deja-accidente-en-la-siglo-xxi\/","name":"Tres muertos deja accidente en la Siglo XXI - The Puebla Times","isPartOf":{"@id":"https:\/\/thepueblatimes.mx\/#website"},"datePublished":"2021-01-29T01:20:09+00:00","dateModified":"2021-01-29T01:20:09+00:00","author":{"@id":"https:\/\/thepueblatimes.mx\/#\/schema\/person\/7bdf2adbc50078b104bba72b5612f774"},"breadcrumb":{"@id":"https:\/\/thepueblatimes.mx\/index.php\/2021\/01\/28\/tres-muertos-deja-accidente-en-la-siglo-xxi\/#breadcrumb"},"inLanguage":"es","potentialAction":[{"@type":"ReadAction","target":["https:\/\/thepueblatimes.mx\/index.php\/2021\/01\/28\/tres-muertos-deja-accidente-en-la-siglo-xxi\/"]}]},{"@type":"BreadcrumbList","@id":"https:\/\/thepueblatimes.mx\/index.php\/2021\/01\/28\/tres-muertos-deja-accidente-en-la-siglo-xxi\/#breadcrumb","itemListElement":[{"@type":"ListItem","position":1,"name":"Portada","item":"https:\/\/thepueblatimes.mx\/"},{"@type":"ListItem","position":2,"name":"Tres muertos deja accidente en la Siglo XXI"}]},{"@type":"WebSite","@id":"https:\/\/thepueblatimes.mx\/#website","url":"https:\/\/thepueblatimes.mx\/","name":"The Puebla Times","description":"Noticias del Estado de Puebla","potentialAction":[{"@type":"SearchAction","target":{"@type":"EntryPoint","urlTemplate":"https:\/\/thepueblatimes.mx\/?s={search_term_string}"},"query-input":"required name=search_term_string"}],"inLanguage":"es"},{"@type":"Person","@id":"https:\/\/thepueblatimes.mx\/#\/schema\/person\/7bdf2adbc50078b104bba72b5612f774","name":"Francisco S\u00e1nchez Nolasco","image":{"@type":"ImageObject","inLanguage":"es","@id":"https:\/\/thepueblatimes.mx\/#\/schema\/person\/image\/","url":"https:\/\/secure.gravatar.com\/avatar\/6061d7d20b38bc2742a5218401b198d2?s=96&d=mm&r=g","contentUrl":"https:\/\/secure.gravatar.com\/avatar\/6061d7d20b38bc2742a5218401b198d2?s=96&d=mm&r=g","caption":"Francisco S\u00e1nchez Nolasco"},"url":"https:\/\/thepueblatimes.mx\/index.php\/author\/marianitha-reyes\/"}]}},"jetpack_featured_media_url":"https:\/\/thepueblatimes.mx\/wp-content\/uploads\/2021\/01\/es2rptwvcaa070m.jpg","_links":{"self":[{"href":"https:\/\/thepueblatimes.mx\/index.php\/wp-json\/wp\/v2\/posts\/8726"}],"collection":[{"href":"https:\/\/thepueblatimes.mx\/index.php\/wp-json\/wp\/v2\/posts"}],"about":[{"href":"https:\/\/thepueblatimes.mx\/index.php\/wp-json\/wp\/v2\/types\/post"}],"author":[{"embeddable":true,"href":"https:\/\/thepueblatimes.mx\/index.php\/wp-json\/wp\/v2\/users\/15"}],"replies":[{"embeddable":true,"href":"https:\/\/thepueblatimes.mx\/index.php\/wp-json\/wp\/v2\/comments?post=8726"}],"version-history":[{"count":1,"href":"https:\/\/thepueblatimes.mx\/index.php\/wp-json\/wp\/v2\/posts\/8726\/revisions"}],"predecessor-version":[{"id":8728,"href":"https:\/\/thepueblatimes.mx\/index.php\/wp-json\/wp\/v2\/posts\/8726\/revisions\/8728"}],"wp:featuredmedia":[{"embeddable":true,"href":"https:\/\/thepueblatimes.mx\/index.php\/wp-json\/wp\/v2\/media\/8727"}],"wp:attachment":[{"href":"https:\/\/thepueblatimes.mx\/index.php\/wp-json\/wp\/v2\/media?parent=8726"}],"wp:term":[{"taxonomy":"category","embeddable":true,"href":"https:\/\/thepueblatimes.mx\/index.php\/wp-json\/wp\/v2\/categories?post=8726"},{"taxonomy":"post_tag","embeddable":true,"href":"https:\/\/thepueblatimes.mx\/index.php\/wp-json\/wp\/v2\/tags?post=8726"}],"curies":[{"name":"wp","href":"https:\/\/api.w.org\/{rel}","templated":true}]}}