{"id":8569,"date":"2021-01-27T13:34:14","date_gmt":"2021-01-27T19:34:14","guid":{"rendered":"https:\/\/thepueblatimes.mx\/?p=8569"},"modified":"2021-01-27T13:34:14","modified_gmt":"2021-01-27T19:34:14","slug":"lo-ahorcan-al-interior-de-su-casa-en-xonacatepec","status":"publish","type":"post","link":"https:\/\/thepueblatimes.mx\/index.php\/2021\/01\/27\/lo-ahorcan-al-interior-de-su-casa-en-xonacatepec\/","title":{"rendered":"Lo ahorcan al interior de su casa en Xonacatepec"},"content":{"rendered":"<div class=\"content-body clearfix \">\n<div id=\"content-body-225-6292250\">\n<p>Durante un aparente robo a casa habitaci\u00f3n, un hombre de 66 a\u00f1os de edad fue ahorcado al interior de su domicilio en la junta auxiliar de San Miguel Xonacatepec, Segunda Secci\u00f3n.<\/p>\n<p>Las pesquisas iniciales por parte de las autoridades refieren que la v\u00edctima de nombre Mauro Eloy, qued\u00f3 de verse el mi\u00e9rcoles por la ma\u00f1ana con su nuera para tratar diversos asuntos, sin embargo este nunca lleg\u00f3 a la cita.<\/p>\n<\/div>\n<\/div>\n<article class=\"content-continued-body clearfix \">\n<div id=\"content-body-5851641-6292250\">\n<p>Una vez que la hija del adulto mayor fuera notificada de los hechos, decidi\u00f3 ir a buscarlo a su domicilio en la privada de Orqu\u00eddeas.<\/p>\n<p>Al entrar a las 18:53 horas, la mujer hall\u00f3 a su padre tirado en una rec\u00e1mara, desnudo y amarrado pues ten\u00eda una cinta en el cuello; despu\u00e9s de revisarlo y notar que no respiraba, la hija de la v\u00edctima pidi\u00f3 ayuda al n\u00famero de emergencias 9-1-1.<\/p>\n<p>Polic\u00edas municipales y param\u00e9dicos de Protecci\u00f3n Civil Municipal arribaron al sitio, donde confirmaron el deceso del var\u00f3n por lo que solicitaron el apoyo de los agentes ministeriales y peritos de la Fiscal\u00eda General del Estado de Puebla.<\/p>\n<p>Aunque de manera inicial se presume que sujetos desconocidos entraron a robar al inmueble y mataron al sexagenario, conforme avancen las investigaciones en el caso se confirmar\u00e1 o descartar\u00e1 lo anterior.<\/p>\n<\/div>\n<\/article>\n","protected":false},"excerpt":{"rendered":"<p>Durante un aparente robo a casa habitaci\u00f3n, un hombre de 66 a\u00f1os de edad fue ahorcado al interior de su domicilio en la junta auxiliar de San Miguel Xonacatepec, Segunda Secci\u00f3n. Las pesquisas iniciales por parte de las autoridades refieren que la v\u00edctima de nombre Mauro Eloy, qued\u00f3 de verse el mi\u00e9rcoles por la ma\u00f1ana&#8230;<\/p>\n","protected":false},"author":15,"featured_media":8570,"comment_status":"open","ping_status":"open","sticky":false,"template":"","format":"standard","meta":[],"categories":[121],"tags":[294],"yoast_head":"<!-- This site is optimized with the Yoast SEO plugin v20.8 - https:\/\/yoast.com\/wordpress\/plugins\/seo\/ -->\n<title>Lo ahorcan al interior de su casa en Xonacatepec - The Puebla Times<\/title>\n<meta name=\"robots\" content=\"index, follow, max-snippet:-1, max-image-preview:large, max-video-preview:-1\" \/>\n<link rel=\"canonical\" href=\"https:\/\/thepueblatimes.mx\/index.php\/2021\/01\/27\/lo-ahorcan-al-interior-de-su-casa-en-xonacatepec\/\" \/>\n<meta property=\"og:locale\" content=\"es_ES\" \/>\n<meta property=\"og:type\" content=\"article\" \/>\n<meta property=\"og:title\" content=\"Lo ahorcan al interior de su casa en Xonacatepec - The Puebla Times\" \/>\n<meta property=\"og:description\" content=\"Durante un aparente robo a casa habitaci\u00f3n, un hombre de 66 a\u00f1os de edad fue ahorcado al interior de su domicilio en la junta auxiliar de San Miguel Xonacatepec, Segunda Secci\u00f3n. Las pesquisas iniciales por parte de las autoridades refieren que la v\u00edctima de nombre Mauro Eloy, qued\u00f3 de verse el mi\u00e9rcoles por la ma\u00f1ana...\" \/>\n<meta property=\"og:url\" content=\"https:\/\/thepueblatimes.mx\/index.php\/2021\/01\/27\/lo-ahorcan-al-interior-de-su-casa-en-xonacatepec\/\" \/>\n<meta property=\"og:site_name\" content=\"The Puebla Times\" \/>\n<meta property=\"article:published_time\" content=\"2021-01-27T19:34:14+00:00\" \/>\n<meta property=\"og:image\" content=\"https:\/\/thepueblatimes.mx\/wp-content\/uploads\/2021\/01\/NOTA-4-HECTOR-Muerto-morgue-asesinato-homicidio-cuerpo-cadaver-ilustrativa.jpg\" \/>\n\t<meta property=\"og:image:width\" content=\"768\" \/>\n\t<meta property=\"og:image:height\" content=\"479\" \/>\n\t<meta property=\"og:image:type\" content=\"image\/jpeg\" \/>\n<meta name=\"author\" content=\"Francisco S\u00e1nchez Nolasco\" \/>\n<meta name=\"twitter:card\" content=\"summary_large_image\" \/>\n<meta name=\"twitter:label1\" content=\"Escrito por\" \/>\n\t<meta name=\"twitter:data1\" content=\"Francisco S\u00e1nchez Nolasco\" \/>\n\t<meta name=\"twitter:label2\" content=\"Tiempo de lectura\" \/>\n\t<meta name=\"twitter:data2\" content=\"1 minuto\" \/>\n<script type=\"application\/ld+json\" class=\"yoast-schema-graph\">{\"@context\":\"https:\/\/schema.org\",\"@graph\":[{\"@type\":\"WebPage\",\"@id\":\"https:\/\/thepueblatimes.mx\/index.php\/2021\/01\/27\/lo-ahorcan-al-interior-de-su-casa-en-xonacatepec\/\",\"url\":\"https:\/\/thepueblatimes.mx\/index.php\/2021\/01\/27\/lo-ahorcan-al-interior-de-su-casa-en-xonacatepec\/\",\"name\":\"Lo ahorcan al interior de su casa en Xonacatepec - The Puebla Times\",\"isPartOf\":{\"@id\":\"https:\/\/thepueblatimes.mx\/#website\"},\"datePublished\":\"2021-01-27T19:34:14+00:00\",\"dateModified\":\"2021-01-27T19:34:14+00:00\",\"author\":{\"@id\":\"https:\/\/thepueblatimes.mx\/#\/schema\/person\/7bdf2adbc50078b104bba72b5612f774\"},\"breadcrumb\":{\"@id\":\"https:\/\/thepueblatimes.mx\/index.php\/2021\/01\/27\/lo-ahorcan-al-interior-de-su-casa-en-xonacatepec\/#breadcrumb\"},\"inLanguage\":\"es\",\"potentialAction\":[{\"@type\":\"ReadAction\",\"target\":[\"https:\/\/thepueblatimes.mx\/index.php\/2021\/01\/27\/lo-ahorcan-al-interior-de-su-casa-en-xonacatepec\/\"]}]},{\"@type\":\"BreadcrumbList\",\"@id\":\"https:\/\/thepueblatimes.mx\/index.php\/2021\/01\/27\/lo-ahorcan-al-interior-de-su-casa-en-xonacatepec\/#breadcrumb\",\"itemListElement\":[{\"@type\":\"ListItem\",\"position\":1,\"name\":\"Portada\",\"item\":\"https:\/\/thepueblatimes.mx\/\"},{\"@type\":\"ListItem\",\"position\":2,\"name\":\"Lo ahorcan al interior de su casa en Xonacatepec\"}]},{\"@type\":\"WebSite\",\"@id\":\"https:\/\/thepueblatimes.mx\/#website\",\"url\":\"https:\/\/thepueblatimes.mx\/\",\"name\":\"The Puebla Times\",\"description\":\"Noticias del Estado de Puebla\",\"potentialAction\":[{\"@type\":\"SearchAction\",\"target\":{\"@type\":\"EntryPoint\",\"urlTemplate\":\"https:\/\/thepueblatimes.mx\/?s={search_term_string}\"},\"query-input\":\"required name=search_term_string\"}],\"inLanguage\":\"es\"},{\"@type\":\"Person\",\"@id\":\"https:\/\/thepueblatimes.mx\/#\/schema\/person\/7bdf2adbc50078b104bba72b5612f774\",\"name\":\"Francisco S\u00e1nchez Nolasco\",\"image\":{\"@type\":\"ImageObject\",\"inLanguage\":\"es\",\"@id\":\"https:\/\/thepueblatimes.mx\/#\/schema\/person\/image\/\",\"url\":\"https:\/\/secure.gravatar.com\/avatar\/6061d7d20b38bc2742a5218401b198d2?s=96&d=mm&r=g\",\"contentUrl\":\"https:\/\/secure.gravatar.com\/avatar\/6061d7d20b38bc2742a5218401b198d2?s=96&d=mm&r=g\",\"caption\":\"Francisco S\u00e1nchez Nolasco\"},\"url\":\"https:\/\/thepueblatimes.mx\/index.php\/author\/marianitha-reyes\/\"}]}<\/script>\n<!-- \/ Yoast SEO plugin. -->","yoast_head_json":{"title":"Lo ahorcan al interior de su casa en Xonacatepec - The Puebla Times","robots":{"index":"index","follow":"follow","max-snippet":"max-snippet:-1","max-image-preview":"max-image-preview:large","max-video-preview":"max-video-preview:-1"},"canonical":"https:\/\/thepueblatimes.mx\/index.php\/2021\/01\/27\/lo-ahorcan-al-interior-de-su-casa-en-xonacatepec\/","og_locale":"es_ES","og_type":"article","og_title":"Lo ahorcan al interior de su casa en Xonacatepec - The Puebla Times","og_description":"Durante un aparente robo a casa habitaci\u00f3n, un hombre de 66 a\u00f1os de edad fue ahorcado al interior de su domicilio en la junta auxiliar de San Miguel Xonacatepec, Segunda Secci\u00f3n. Las pesquisas iniciales por parte de las autoridades refieren que la v\u00edctima de nombre Mauro Eloy, qued\u00f3 de verse el mi\u00e9rcoles por la ma\u00f1ana...","og_url":"https:\/\/thepueblatimes.mx\/index.php\/2021\/01\/27\/lo-ahorcan-al-interior-de-su-casa-en-xonacatepec\/","og_site_name":"The Puebla Times","article_published_time":"2021-01-27T19:34:14+00:00","og_image":[{"width":768,"height":479,"url":"https:\/\/thepueblatimes.mx\/wp-content\/uploads\/2021\/01\/NOTA-4-HECTOR-Muerto-morgue-asesinato-homicidio-cuerpo-cadaver-ilustrativa.jpg","type":"image\/jpeg"}],"author":"Francisco S\u00e1nchez Nolasco","twitter_card":"summary_large_image","twitter_misc":{"Escrito por":"Francisco S\u00e1nchez Nolasco","Tiempo de lectura":"1 minuto"},"schema":{"@context":"https:\/\/schema.org","@graph":[{"@type":"WebPage","@id":"https:\/\/thepueblatimes.mx\/index.php\/2021\/01\/27\/lo-ahorcan-al-interior-de-su-casa-en-xonacatepec\/","url":"https:\/\/thepueblatimes.mx\/index.php\/2021\/01\/27\/lo-ahorcan-al-interior-de-su-casa-en-xonacatepec\/","name":"Lo ahorcan al interior de su casa en Xonacatepec - The Puebla Times","isPartOf":{"@id":"https:\/\/thepueblatimes.mx\/#website"},"datePublished":"2021-01-27T19:34:14+00:00","dateModified":"2021-01-27T19:34:14+00:00","author":{"@id":"https:\/\/thepueblatimes.mx\/#\/schema\/person\/7bdf2adbc50078b104bba72b5612f774"},"breadcrumb":{"@id":"https:\/\/thepueblatimes.mx\/index.php\/2021\/01\/27\/lo-ahorcan-al-interior-de-su-casa-en-xonacatepec\/#breadcrumb"},"inLanguage":"es","potentialAction":[{"@type":"ReadAction","target":["https:\/\/thepueblatimes.mx\/index.php\/2021\/01\/27\/lo-ahorcan-al-interior-de-su-casa-en-xonacatepec\/"]}]},{"@type":"BreadcrumbList","@id":"https:\/\/thepueblatimes.mx\/index.php\/2021\/01\/27\/lo-ahorcan-al-interior-de-su-casa-en-xonacatepec\/#breadcrumb","itemListElement":[{"@type":"ListItem","position":1,"name":"Portada","item":"https:\/\/thepueblatimes.mx\/"},{"@type":"ListItem","position":2,"name":"Lo ahorcan al interior de su casa en Xonacatepec"}]},{"@type":"WebSite","@id":"https:\/\/thepueblatimes.mx\/#website","url":"https:\/\/thepueblatimes.mx\/","name":"The Puebla Times","description":"Noticias del Estado de Puebla","potentialAction":[{"@type":"SearchAction","target":{"@type":"EntryPoint","urlTemplate":"https:\/\/thepueblatimes.mx\/?s={search_term_string}"},"query-input":"required name=search_term_string"}],"inLanguage":"es"},{"@type":"Person","@id":"https:\/\/thepueblatimes.mx\/#\/schema\/person\/7bdf2adbc50078b104bba72b5612f774","name":"Francisco S\u00e1nchez Nolasco","image":{"@type":"ImageObject","inLanguage":"es","@id":"https:\/\/thepueblatimes.mx\/#\/schema\/person\/image\/","url":"https:\/\/secure.gravatar.com\/avatar\/6061d7d20b38bc2742a5218401b198d2?s=96&d=mm&r=g","contentUrl":"https:\/\/secure.gravatar.com\/avatar\/6061d7d20b38bc2742a5218401b198d2?s=96&d=mm&r=g","caption":"Francisco S\u00e1nchez Nolasco"},"url":"https:\/\/thepueblatimes.mx\/index.php\/author\/marianitha-reyes\/"}]}},"jetpack_featured_media_url":"https:\/\/thepueblatimes.mx\/wp-content\/uploads\/2021\/01\/NOTA-4-HECTOR-Muerto-morgue-asesinato-homicidio-cuerpo-cadaver-ilustrativa.jpg","_links":{"self":[{"href":"https:\/\/thepueblatimes.mx\/index.php\/wp-json\/wp\/v2\/posts\/8569"}],"collection":[{"href":"https:\/\/thepueblatimes.mx\/index.php\/wp-json\/wp\/v2\/posts"}],"about":[{"href":"https:\/\/thepueblatimes.mx\/index.php\/wp-json\/wp\/v2\/types\/post"}],"author":[{"embeddable":true,"href":"https:\/\/thepueblatimes.mx\/index.php\/wp-json\/wp\/v2\/users\/15"}],"replies":[{"embeddable":true,"href":"https:\/\/thepueblatimes.mx\/index.php\/wp-json\/wp\/v2\/comments?post=8569"}],"version-history":[{"count":1,"href":"https:\/\/thepueblatimes.mx\/index.php\/wp-json\/wp\/v2\/posts\/8569\/revisions"}],"predecessor-version":[{"id":8572,"href":"https:\/\/thepueblatimes.mx\/index.php\/wp-json\/wp\/v2\/posts\/8569\/revisions\/8572"}],"wp:featuredmedia":[{"embeddable":true,"href":"https:\/\/thepueblatimes.mx\/index.php\/wp-json\/wp\/v2\/media\/8570"}],"wp:attachment":[{"href":"https:\/\/thepueblatimes.mx\/index.php\/wp-json\/wp\/v2\/media?parent=8569"}],"wp:term":[{"taxonomy":"category","embeddable":true,"href":"https:\/\/thepueblatimes.mx\/index.php\/wp-json\/wp\/v2\/categories?post=8569"},{"taxonomy":"post_tag","embeddable":true,"href":"https:\/\/thepueblatimes.mx\/index.php\/wp-json\/wp\/v2\/tags?post=8569"}],"curies":[{"name":"wp","href":"https:\/\/api.w.org\/{rel}","templated":true}]}}