{"id":8496,"date":"2021-01-26T20:33:08","date_gmt":"2021-01-27T02:33:08","guid":{"rendered":"https:\/\/thepueblatimes.mx\/?p=8496"},"modified":"2021-01-26T21:26:04","modified_gmt":"2021-01-27T03:26:04","slug":"tras-discusion-marital-intenta-suicidarse","status":"publish","type":"post","link":"https:\/\/thepueblatimes.mx\/index.php\/2021\/01\/26\/tras-discusion-marital-intenta-suicidarse\/","title":{"rendered":"Tras discusi\u00f3n marital intenta suicidarse"},"content":{"rendered":"<p>Un hombre de 28 a\u00f1os, que se encontraba en estado inconveniente y que hab\u00eda tenido una discusi\u00f3n marital, intent\u00f3 suicidarse al lanzarse desde la ventana de su domicilio al r\u00edo Nexapa, a la altura del barrio de Santiago Mihuac\u00e1n, perteneciente al municipio de Iz\u00facar de Matamoros.<\/p>\n<p>De acuerdo con la autoridad auxiliar de dicho barrio, los hechos ocurrieron la noche de este domingo, cuando un hombre identificado como Fernando N, habr\u00eda discutido con su esposa en el interior de su domicilio, ubicado en calle Emilio Carranza, sin embargo, en un momento determinado camino hacia una ventana con direcci\u00f3n al r\u00edo Nexapa, y finalmente se lanz\u00f3 al vac\u00edo desde una altura de aproximadamente 12 metros.<\/p>\n<p>Fueron sus familiares quienes dieron aviso al n\u00famero de emergencia 911, mientras que la ronda del barrio y el grupo ciudadano Guardianes de Iz\u00facar, ingresaron al r\u00edo para poder rescatar al masculino, mismo que a\u00fan presentaba signos vitales, aunque con heridas en la mayor parte de cuerpo.<\/p>\n<p>Transcurrieron m\u00e1s de 30 minutos para el arribo de elementos de Seguridad P\u00fablica Municipal y param\u00e9dicos, sin embargo, estos \u00faltimos se negaban a trasladar al hombre por presuntamente estar bajo los influjos de bebidas embriagantes, pese a que la familia se\u00f1al\u00f3 que la negaci\u00f3n a su env\u00edo al hospital se deb\u00eda a que el hombre estaba mojado.<\/p>\n<p>Finalmente, el hombre ingres\u00f3 al Centro de Salud con Servicio Ampliados (CESSA) en Iz\u00facar de Matamoros, donde su estado de salud se reporta estable.<\/p>\n","protected":false},"excerpt":{"rendered":"<p>Un hombre de 28 a\u00f1os, que se encontraba en estado inconveniente y que hab\u00eda tenido una discusi\u00f3n marital, intent\u00f3 suicidarse al lanzarse desde la ventana de su domicilio al r\u00edo Nexapa, a la altura del barrio de Santiago Mihuac\u00e1n, perteneciente al municipio de Iz\u00facar de Matamoros. De acuerdo con la autoridad auxiliar de dicho barrio,&#8230;<\/p>\n","protected":false},"author":15,"featured_media":8497,"comment_status":"open","ping_status":"open","sticky":false,"template":"","format":"standard","meta":[],"categories":[20],"tags":[214,175],"yoast_head":"<!-- This site is optimized with the Yoast SEO plugin v20.8 - https:\/\/yoast.com\/wordpress\/plugins\/seo\/ -->\n<title>Tras discusi\u00f3n marital intenta suicidarse - The Puebla Times<\/title>\n<meta name=\"robots\" content=\"index, follow, max-snippet:-1, max-image-preview:large, max-video-preview:-1\" \/>\n<link rel=\"canonical\" href=\"https:\/\/thepueblatimes.mx\/index.php\/2021\/01\/26\/tras-discusion-marital-intenta-suicidarse\/\" \/>\n<meta property=\"og:locale\" content=\"es_ES\" \/>\n<meta property=\"og:type\" content=\"article\" \/>\n<meta property=\"og:title\" content=\"Tras discusi\u00f3n marital intenta suicidarse - The Puebla Times\" \/>\n<meta property=\"og:description\" content=\"Un hombre de 28 a\u00f1os, que se encontraba en estado inconveniente y que hab\u00eda tenido una discusi\u00f3n marital, intent\u00f3 suicidarse al lanzarse desde la ventana de su domicilio al r\u00edo Nexapa, a la altura del barrio de Santiago Mihuac\u00e1n, perteneciente al municipio de Iz\u00facar de Matamoros. De acuerdo con la autoridad auxiliar de dicho barrio,...\" \/>\n<meta property=\"og:url\" content=\"https:\/\/thepueblatimes.mx\/index.php\/2021\/01\/26\/tras-discusion-marital-intenta-suicidarse\/\" \/>\n<meta property=\"og:site_name\" content=\"The Puebla Times\" \/>\n<meta property=\"article:published_time\" content=\"2021-01-27T02:33:08+00:00\" \/>\n<meta property=\"article:modified_time\" content=\"2021-01-27T03:26:04+00:00\" \/>\n<meta property=\"og:image\" content=\"https:\/\/thepueblatimes.mx\/wp-content\/uploads\/2021\/01\/INTENTO-DE-SUICIDIO.jpg\" \/>\n\t<meta property=\"og:image:width\" content=\"768\" \/>\n\t<meta property=\"og:image:height\" content=\"479\" \/>\n\t<meta property=\"og:image:type\" content=\"image\/jpeg\" \/>\n<meta name=\"author\" content=\"Francisco S\u00e1nchez Nolasco\" \/>\n<meta name=\"twitter:card\" content=\"summary_large_image\" \/>\n<meta name=\"twitter:label1\" content=\"Escrito por\" \/>\n\t<meta name=\"twitter:data1\" content=\"Francisco S\u00e1nchez Nolasco\" \/>\n\t<meta name=\"twitter:label2\" content=\"Tiempo de lectura\" \/>\n\t<meta name=\"twitter:data2\" content=\"1 minuto\" \/>\n<script type=\"application\/ld+json\" class=\"yoast-schema-graph\">{\"@context\":\"https:\/\/schema.org\",\"@graph\":[{\"@type\":\"WebPage\",\"@id\":\"https:\/\/thepueblatimes.mx\/index.php\/2021\/01\/26\/tras-discusion-marital-intenta-suicidarse\/\",\"url\":\"https:\/\/thepueblatimes.mx\/index.php\/2021\/01\/26\/tras-discusion-marital-intenta-suicidarse\/\",\"name\":\"Tras discusi\u00f3n marital intenta suicidarse - The Puebla Times\",\"isPartOf\":{\"@id\":\"https:\/\/thepueblatimes.mx\/#website\"},\"datePublished\":\"2021-01-27T02:33:08+00:00\",\"dateModified\":\"2021-01-27T03:26:04+00:00\",\"author\":{\"@id\":\"https:\/\/thepueblatimes.mx\/#\/schema\/person\/7bdf2adbc50078b104bba72b5612f774\"},\"breadcrumb\":{\"@id\":\"https:\/\/thepueblatimes.mx\/index.php\/2021\/01\/26\/tras-discusion-marital-intenta-suicidarse\/#breadcrumb\"},\"inLanguage\":\"es\",\"potentialAction\":[{\"@type\":\"ReadAction\",\"target\":[\"https:\/\/thepueblatimes.mx\/index.php\/2021\/01\/26\/tras-discusion-marital-intenta-suicidarse\/\"]}]},{\"@type\":\"BreadcrumbList\",\"@id\":\"https:\/\/thepueblatimes.mx\/index.php\/2021\/01\/26\/tras-discusion-marital-intenta-suicidarse\/#breadcrumb\",\"itemListElement\":[{\"@type\":\"ListItem\",\"position\":1,\"name\":\"Portada\",\"item\":\"https:\/\/thepueblatimes.mx\/\"},{\"@type\":\"ListItem\",\"position\":2,\"name\":\"Tras discusi\u00f3n marital intenta suicidarse\"}]},{\"@type\":\"WebSite\",\"@id\":\"https:\/\/thepueblatimes.mx\/#website\",\"url\":\"https:\/\/thepueblatimes.mx\/\",\"name\":\"The Puebla Times\",\"description\":\"Noticias del Estado de Puebla\",\"potentialAction\":[{\"@type\":\"SearchAction\",\"target\":{\"@type\":\"EntryPoint\",\"urlTemplate\":\"https:\/\/thepueblatimes.mx\/?s={search_term_string}\"},\"query-input\":\"required name=search_term_string\"}],\"inLanguage\":\"es\"},{\"@type\":\"Person\",\"@id\":\"https:\/\/thepueblatimes.mx\/#\/schema\/person\/7bdf2adbc50078b104bba72b5612f774\",\"name\":\"Francisco S\u00e1nchez Nolasco\",\"image\":{\"@type\":\"ImageObject\",\"inLanguage\":\"es\",\"@id\":\"https:\/\/thepueblatimes.mx\/#\/schema\/person\/image\/\",\"url\":\"https:\/\/secure.gravatar.com\/avatar\/6061d7d20b38bc2742a5218401b198d2?s=96&d=mm&r=g\",\"contentUrl\":\"https:\/\/secure.gravatar.com\/avatar\/6061d7d20b38bc2742a5218401b198d2?s=96&d=mm&r=g\",\"caption\":\"Francisco S\u00e1nchez Nolasco\"},\"url\":\"https:\/\/thepueblatimes.mx\/index.php\/author\/marianitha-reyes\/\"}]}<\/script>\n<!-- \/ Yoast SEO plugin. -->","yoast_head_json":{"title":"Tras discusi\u00f3n marital intenta suicidarse - The Puebla Times","robots":{"index":"index","follow":"follow","max-snippet":"max-snippet:-1","max-image-preview":"max-image-preview:large","max-video-preview":"max-video-preview:-1"},"canonical":"https:\/\/thepueblatimes.mx\/index.php\/2021\/01\/26\/tras-discusion-marital-intenta-suicidarse\/","og_locale":"es_ES","og_type":"article","og_title":"Tras discusi\u00f3n marital intenta suicidarse - The Puebla Times","og_description":"Un hombre de 28 a\u00f1os, que se encontraba en estado inconveniente y que hab\u00eda tenido una discusi\u00f3n marital, intent\u00f3 suicidarse al lanzarse desde la ventana de su domicilio al r\u00edo Nexapa, a la altura del barrio de Santiago Mihuac\u00e1n, perteneciente al municipio de Iz\u00facar de Matamoros. De acuerdo con la autoridad auxiliar de dicho barrio,...","og_url":"https:\/\/thepueblatimes.mx\/index.php\/2021\/01\/26\/tras-discusion-marital-intenta-suicidarse\/","og_site_name":"The Puebla Times","article_published_time":"2021-01-27T02:33:08+00:00","article_modified_time":"2021-01-27T03:26:04+00:00","og_image":[{"width":768,"height":479,"url":"https:\/\/thepueblatimes.mx\/wp-content\/uploads\/2021\/01\/INTENTO-DE-SUICIDIO.jpg","type":"image\/jpeg"}],"author":"Francisco S\u00e1nchez Nolasco","twitter_card":"summary_large_image","twitter_misc":{"Escrito por":"Francisco S\u00e1nchez Nolasco","Tiempo de lectura":"1 minuto"},"schema":{"@context":"https:\/\/schema.org","@graph":[{"@type":"WebPage","@id":"https:\/\/thepueblatimes.mx\/index.php\/2021\/01\/26\/tras-discusion-marital-intenta-suicidarse\/","url":"https:\/\/thepueblatimes.mx\/index.php\/2021\/01\/26\/tras-discusion-marital-intenta-suicidarse\/","name":"Tras discusi\u00f3n marital intenta suicidarse - The Puebla Times","isPartOf":{"@id":"https:\/\/thepueblatimes.mx\/#website"},"datePublished":"2021-01-27T02:33:08+00:00","dateModified":"2021-01-27T03:26:04+00:00","author":{"@id":"https:\/\/thepueblatimes.mx\/#\/schema\/person\/7bdf2adbc50078b104bba72b5612f774"},"breadcrumb":{"@id":"https:\/\/thepueblatimes.mx\/index.php\/2021\/01\/26\/tras-discusion-marital-intenta-suicidarse\/#breadcrumb"},"inLanguage":"es","potentialAction":[{"@type":"ReadAction","target":["https:\/\/thepueblatimes.mx\/index.php\/2021\/01\/26\/tras-discusion-marital-intenta-suicidarse\/"]}]},{"@type":"BreadcrumbList","@id":"https:\/\/thepueblatimes.mx\/index.php\/2021\/01\/26\/tras-discusion-marital-intenta-suicidarse\/#breadcrumb","itemListElement":[{"@type":"ListItem","position":1,"name":"Portada","item":"https:\/\/thepueblatimes.mx\/"},{"@type":"ListItem","position":2,"name":"Tras discusi\u00f3n marital intenta suicidarse"}]},{"@type":"WebSite","@id":"https:\/\/thepueblatimes.mx\/#website","url":"https:\/\/thepueblatimes.mx\/","name":"The Puebla Times","description":"Noticias del Estado de Puebla","potentialAction":[{"@type":"SearchAction","target":{"@type":"EntryPoint","urlTemplate":"https:\/\/thepueblatimes.mx\/?s={search_term_string}"},"query-input":"required name=search_term_string"}],"inLanguage":"es"},{"@type":"Person","@id":"https:\/\/thepueblatimes.mx\/#\/schema\/person\/7bdf2adbc50078b104bba72b5612f774","name":"Francisco S\u00e1nchez Nolasco","image":{"@type":"ImageObject","inLanguage":"es","@id":"https:\/\/thepueblatimes.mx\/#\/schema\/person\/image\/","url":"https:\/\/secure.gravatar.com\/avatar\/6061d7d20b38bc2742a5218401b198d2?s=96&d=mm&r=g","contentUrl":"https:\/\/secure.gravatar.com\/avatar\/6061d7d20b38bc2742a5218401b198d2?s=96&d=mm&r=g","caption":"Francisco S\u00e1nchez Nolasco"},"url":"https:\/\/thepueblatimes.mx\/index.php\/author\/marianitha-reyes\/"}]}},"jetpack_featured_media_url":"https:\/\/thepueblatimes.mx\/wp-content\/uploads\/2021\/01\/INTENTO-DE-SUICIDIO.jpg","_links":{"self":[{"href":"https:\/\/thepueblatimes.mx\/index.php\/wp-json\/wp\/v2\/posts\/8496"}],"collection":[{"href":"https:\/\/thepueblatimes.mx\/index.php\/wp-json\/wp\/v2\/posts"}],"about":[{"href":"https:\/\/thepueblatimes.mx\/index.php\/wp-json\/wp\/v2\/types\/post"}],"author":[{"embeddable":true,"href":"https:\/\/thepueblatimes.mx\/index.php\/wp-json\/wp\/v2\/users\/15"}],"replies":[{"embeddable":true,"href":"https:\/\/thepueblatimes.mx\/index.php\/wp-json\/wp\/v2\/comments?post=8496"}],"version-history":[{"count":1,"href":"https:\/\/thepueblatimes.mx\/index.php\/wp-json\/wp\/v2\/posts\/8496\/revisions"}],"predecessor-version":[{"id":8498,"href":"https:\/\/thepueblatimes.mx\/index.php\/wp-json\/wp\/v2\/posts\/8496\/revisions\/8498"}],"wp:featuredmedia":[{"embeddable":true,"href":"https:\/\/thepueblatimes.mx\/index.php\/wp-json\/wp\/v2\/media\/8497"}],"wp:attachment":[{"href":"https:\/\/thepueblatimes.mx\/index.php\/wp-json\/wp\/v2\/media?parent=8496"}],"wp:term":[{"taxonomy":"category","embeddable":true,"href":"https:\/\/thepueblatimes.mx\/index.php\/wp-json\/wp\/v2\/categories?post=8496"},{"taxonomy":"post_tag","embeddable":true,"href":"https:\/\/thepueblatimes.mx\/index.php\/wp-json\/wp\/v2\/tags?post=8496"}],"curies":[{"name":"wp","href":"https:\/\/api.w.org\/{rel}","templated":true}]}}