{"id":8485,"date":"2021-01-26T20:23:26","date_gmt":"2021-01-27T02:23:26","guid":{"rendered":"https:\/\/thepueblatimes.mx\/?p=8485"},"modified":"2021-01-26T20:23:26","modified_gmt":"2021-01-27T02:23:26","slug":"en-pantepec-personal-de-la-marina-detiene-a-presunto-secuestrador","status":"publish","type":"post","link":"https:\/\/thepueblatimes.mx\/index.php\/2021\/01\/26\/en-pantepec-personal-de-la-marina-detiene-a-presunto-secuestrador\/","title":{"rendered":"En Pantepec, personal de La Marina detiene a presunto secuestrador"},"content":{"rendered":"<div class=\"content-body clearfix \">\n<div id=\"content-body-225-6290263\">\n<p>En medio de un operativo, elementos de la Secretar\u00eda de Marina Armada de M\u00e9xico detuvieron en Pantepec a un hombre aparentemente relacionado con la actividad de secuestro en la zona baja de la huasteca poblana, que tambi\u00e9n es vinculado con otras actividades criminales.<\/p>\n<p>En el operativo participaron, adem\u00e1s de la milicia, elementos de las polic\u00edas, estatal y municipal de Pantepec, mientras se realizaba un recorrido de vigilancia.<\/p>\n<\/div>\n<\/div>\n<article class=\"content-continued-body clearfix \">\n<div id=\"content-body-5851641-6290263\">\n<p>La persona asegurada se identific\u00f3 con el nombre de Alejandro N., conocido tambi\u00e9n con el alias: \u201cEl Miranda\u201d, quien presuntamente operaba en varios municipios de la zona norte del estado de Puebla.<\/p>\n<p>Se le acusa de dedicarse principalmente \u201cal secuestro\u201d, seg\u00fan dieron a conocer fuentes cercanas a los uniformados, sin embargo, se le investigar\u00eda, tambi\u00e9n por delitos relacionadas con el robo de combustible y otros delitos de alto impacto.<\/p>\n<p>El operativo en el que se le asegur\u00f3, se realizaba en las zonas lim\u00edtrofes de los municipios de Francisco Z. Mena y Venustiano Carranza, con el estado de Veracruz.<\/p>\n<p>Los oficiales trasladaron al hombre ante las autoridades correspondientes para definir su situaci\u00f3n legal.<\/p>\n<p>Cabe recordar que este es el segundo hecho del que se tiene conocimiento, sobre operaciones policiacas en la zona, de las que se han derivado detenciones.<\/p>\n<p>El pasado jueves, elementos de la Secretar\u00eda de Marina Armada de M\u00e9xico hicieron la detenci\u00f3n de tres personas, mientras que abatieron a uno y otro m\u00e1s qued\u00f3 gravemente herido.<\/p>\n<p>Los civiles se encontraban en una zona cercana a la comunidad de Villas de Guadalupe, cuando los uniformados realizaban un operativo de vigilancia. Las autoridades informaron que los hombres se encontraban llenando bidones de gasolina, raz\u00f3n por la que inici\u00f3 una agresi\u00f3n a balazos cuando fueron descubiertos.<\/p>\n<\/div>\n<\/article>\n","protected":false},"excerpt":{"rendered":"<p>En medio de un operativo, elementos de la Secretar\u00eda de Marina Armada de M\u00e9xico detuvieron en Pantepec a un hombre aparentemente relacionado con la actividad de secuestro en la zona baja de la huasteca poblana, que tambi\u00e9n es vinculado con otras actividades criminales. En el operativo participaron, adem\u00e1s de la milicia, elementos de las polic\u00edas,&#8230;<\/p>\n","protected":false},"author":15,"featured_media":8492,"comment_status":"open","ping_status":"open","sticky":false,"template":"","format":"standard","meta":[],"categories":[121],"tags":[282,283],"yoast_head":"<!-- This site is optimized with the Yoast SEO plugin v20.8 - https:\/\/yoast.com\/wordpress\/plugins\/seo\/ -->\n<title>En Pantepec, personal de La Marina detiene a presunto secuestrador - The Puebla Times<\/title>\n<meta name=\"robots\" content=\"index, follow, max-snippet:-1, max-image-preview:large, max-video-preview:-1\" \/>\n<link rel=\"canonical\" href=\"https:\/\/thepueblatimes.mx\/index.php\/2021\/01\/26\/en-pantepec-personal-de-la-marina-detiene-a-presunto-secuestrador\/\" \/>\n<meta property=\"og:locale\" content=\"es_ES\" \/>\n<meta property=\"og:type\" content=\"article\" \/>\n<meta property=\"og:title\" content=\"En Pantepec, personal de La Marina detiene a presunto secuestrador - The Puebla Times\" \/>\n<meta property=\"og:description\" content=\"En medio de un operativo, elementos de la Secretar\u00eda de Marina Armada de M\u00e9xico detuvieron en Pantepec a un hombre aparentemente relacionado con la actividad de secuestro en la zona baja de la huasteca poblana, que tambi\u00e9n es vinculado con otras actividades criminales. En el operativo participaron, adem\u00e1s de la milicia, elementos de las polic\u00edas,...\" \/>\n<meta property=\"og:url\" content=\"https:\/\/thepueblatimes.mx\/index.php\/2021\/01\/26\/en-pantepec-personal-de-la-marina-detiene-a-presunto-secuestrador\/\" \/>\n<meta property=\"og:site_name\" content=\"The Puebla Times\" \/>\n<meta property=\"article:published_time\" content=\"2021-01-27T02:23:26+00:00\" \/>\n<meta property=\"og:image\" content=\"https:\/\/thepueblatimes.mx\/wp-content\/uploads\/2021\/01\/alejandro-alias-el-miranda.jpg\" \/>\n\t<meta property=\"og:image:width\" content=\"768\" \/>\n\t<meta property=\"og:image:height\" content=\"479\" \/>\n\t<meta property=\"og:image:type\" content=\"image\/jpeg\" \/>\n<meta name=\"author\" content=\"Francisco S\u00e1nchez Nolasco\" \/>\n<meta name=\"twitter:card\" content=\"summary_large_image\" \/>\n<meta name=\"twitter:label1\" content=\"Escrito por\" \/>\n\t<meta name=\"twitter:data1\" content=\"Francisco S\u00e1nchez Nolasco\" \/>\n\t<meta name=\"twitter:label2\" content=\"Tiempo de lectura\" \/>\n\t<meta name=\"twitter:data2\" content=\"1 minuto\" \/>\n<script type=\"application\/ld+json\" class=\"yoast-schema-graph\">{\"@context\":\"https:\/\/schema.org\",\"@graph\":[{\"@type\":\"WebPage\",\"@id\":\"https:\/\/thepueblatimes.mx\/index.php\/2021\/01\/26\/en-pantepec-personal-de-la-marina-detiene-a-presunto-secuestrador\/\",\"url\":\"https:\/\/thepueblatimes.mx\/index.php\/2021\/01\/26\/en-pantepec-personal-de-la-marina-detiene-a-presunto-secuestrador\/\",\"name\":\"En Pantepec, personal de La Marina detiene a presunto secuestrador - The Puebla Times\",\"isPartOf\":{\"@id\":\"https:\/\/thepueblatimes.mx\/#website\"},\"datePublished\":\"2021-01-27T02:23:26+00:00\",\"dateModified\":\"2021-01-27T02:23:26+00:00\",\"author\":{\"@id\":\"https:\/\/thepueblatimes.mx\/#\/schema\/person\/7bdf2adbc50078b104bba72b5612f774\"},\"breadcrumb\":{\"@id\":\"https:\/\/thepueblatimes.mx\/index.php\/2021\/01\/26\/en-pantepec-personal-de-la-marina-detiene-a-presunto-secuestrador\/#breadcrumb\"},\"inLanguage\":\"es\",\"potentialAction\":[{\"@type\":\"ReadAction\",\"target\":[\"https:\/\/thepueblatimes.mx\/index.php\/2021\/01\/26\/en-pantepec-personal-de-la-marina-detiene-a-presunto-secuestrador\/\"]}]},{\"@type\":\"BreadcrumbList\",\"@id\":\"https:\/\/thepueblatimes.mx\/index.php\/2021\/01\/26\/en-pantepec-personal-de-la-marina-detiene-a-presunto-secuestrador\/#breadcrumb\",\"itemListElement\":[{\"@type\":\"ListItem\",\"position\":1,\"name\":\"Portada\",\"item\":\"https:\/\/thepueblatimes.mx\/\"},{\"@type\":\"ListItem\",\"position\":2,\"name\":\"En Pantepec, personal de La Marina detiene a presunto secuestrador\"}]},{\"@type\":\"WebSite\",\"@id\":\"https:\/\/thepueblatimes.mx\/#website\",\"url\":\"https:\/\/thepueblatimes.mx\/\",\"name\":\"The Puebla Times\",\"description\":\"Noticias del Estado de Puebla\",\"potentialAction\":[{\"@type\":\"SearchAction\",\"target\":{\"@type\":\"EntryPoint\",\"urlTemplate\":\"https:\/\/thepueblatimes.mx\/?s={search_term_string}\"},\"query-input\":\"required name=search_term_string\"}],\"inLanguage\":\"es\"},{\"@type\":\"Person\",\"@id\":\"https:\/\/thepueblatimes.mx\/#\/schema\/person\/7bdf2adbc50078b104bba72b5612f774\",\"name\":\"Francisco S\u00e1nchez Nolasco\",\"image\":{\"@type\":\"ImageObject\",\"inLanguage\":\"es\",\"@id\":\"https:\/\/thepueblatimes.mx\/#\/schema\/person\/image\/\",\"url\":\"https:\/\/secure.gravatar.com\/avatar\/6061d7d20b38bc2742a5218401b198d2?s=96&d=mm&r=g\",\"contentUrl\":\"https:\/\/secure.gravatar.com\/avatar\/6061d7d20b38bc2742a5218401b198d2?s=96&d=mm&r=g\",\"caption\":\"Francisco S\u00e1nchez Nolasco\"},\"url\":\"https:\/\/thepueblatimes.mx\/index.php\/author\/marianitha-reyes\/\"}]}<\/script>\n<!-- \/ Yoast SEO plugin. -->","yoast_head_json":{"title":"En Pantepec, personal de La Marina detiene a presunto secuestrador - The Puebla Times","robots":{"index":"index","follow":"follow","max-snippet":"max-snippet:-1","max-image-preview":"max-image-preview:large","max-video-preview":"max-video-preview:-1"},"canonical":"https:\/\/thepueblatimes.mx\/index.php\/2021\/01\/26\/en-pantepec-personal-de-la-marina-detiene-a-presunto-secuestrador\/","og_locale":"es_ES","og_type":"article","og_title":"En Pantepec, personal de La Marina detiene a presunto secuestrador - The Puebla Times","og_description":"En medio de un operativo, elementos de la Secretar\u00eda de Marina Armada de M\u00e9xico detuvieron en Pantepec a un hombre aparentemente relacionado con la actividad de secuestro en la zona baja de la huasteca poblana, que tambi\u00e9n es vinculado con otras actividades criminales. En el operativo participaron, adem\u00e1s de la milicia, elementos de las polic\u00edas,...","og_url":"https:\/\/thepueblatimes.mx\/index.php\/2021\/01\/26\/en-pantepec-personal-de-la-marina-detiene-a-presunto-secuestrador\/","og_site_name":"The Puebla Times","article_published_time":"2021-01-27T02:23:26+00:00","og_image":[{"width":768,"height":479,"url":"https:\/\/thepueblatimes.mx\/wp-content\/uploads\/2021\/01\/alejandro-alias-el-miranda.jpg","type":"image\/jpeg"}],"author":"Francisco S\u00e1nchez Nolasco","twitter_card":"summary_large_image","twitter_misc":{"Escrito por":"Francisco S\u00e1nchez Nolasco","Tiempo de lectura":"1 minuto"},"schema":{"@context":"https:\/\/schema.org","@graph":[{"@type":"WebPage","@id":"https:\/\/thepueblatimes.mx\/index.php\/2021\/01\/26\/en-pantepec-personal-de-la-marina-detiene-a-presunto-secuestrador\/","url":"https:\/\/thepueblatimes.mx\/index.php\/2021\/01\/26\/en-pantepec-personal-de-la-marina-detiene-a-presunto-secuestrador\/","name":"En Pantepec, personal de La Marina detiene a presunto secuestrador - The Puebla Times","isPartOf":{"@id":"https:\/\/thepueblatimes.mx\/#website"},"datePublished":"2021-01-27T02:23:26+00:00","dateModified":"2021-01-27T02:23:26+00:00","author":{"@id":"https:\/\/thepueblatimes.mx\/#\/schema\/person\/7bdf2adbc50078b104bba72b5612f774"},"breadcrumb":{"@id":"https:\/\/thepueblatimes.mx\/index.php\/2021\/01\/26\/en-pantepec-personal-de-la-marina-detiene-a-presunto-secuestrador\/#breadcrumb"},"inLanguage":"es","potentialAction":[{"@type":"ReadAction","target":["https:\/\/thepueblatimes.mx\/index.php\/2021\/01\/26\/en-pantepec-personal-de-la-marina-detiene-a-presunto-secuestrador\/"]}]},{"@type":"BreadcrumbList","@id":"https:\/\/thepueblatimes.mx\/index.php\/2021\/01\/26\/en-pantepec-personal-de-la-marina-detiene-a-presunto-secuestrador\/#breadcrumb","itemListElement":[{"@type":"ListItem","position":1,"name":"Portada","item":"https:\/\/thepueblatimes.mx\/"},{"@type":"ListItem","position":2,"name":"En Pantepec, personal de La Marina detiene a presunto secuestrador"}]},{"@type":"WebSite","@id":"https:\/\/thepueblatimes.mx\/#website","url":"https:\/\/thepueblatimes.mx\/","name":"The Puebla Times","description":"Noticias del Estado de Puebla","potentialAction":[{"@type":"SearchAction","target":{"@type":"EntryPoint","urlTemplate":"https:\/\/thepueblatimes.mx\/?s={search_term_string}"},"query-input":"required name=search_term_string"}],"inLanguage":"es"},{"@type":"Person","@id":"https:\/\/thepueblatimes.mx\/#\/schema\/person\/7bdf2adbc50078b104bba72b5612f774","name":"Francisco S\u00e1nchez Nolasco","image":{"@type":"ImageObject","inLanguage":"es","@id":"https:\/\/thepueblatimes.mx\/#\/schema\/person\/image\/","url":"https:\/\/secure.gravatar.com\/avatar\/6061d7d20b38bc2742a5218401b198d2?s=96&d=mm&r=g","contentUrl":"https:\/\/secure.gravatar.com\/avatar\/6061d7d20b38bc2742a5218401b198d2?s=96&d=mm&r=g","caption":"Francisco S\u00e1nchez Nolasco"},"url":"https:\/\/thepueblatimes.mx\/index.php\/author\/marianitha-reyes\/"}]}},"jetpack_featured_media_url":"https:\/\/thepueblatimes.mx\/wp-content\/uploads\/2021\/01\/alejandro-alias-el-miranda.jpg","_links":{"self":[{"href":"https:\/\/thepueblatimes.mx\/index.php\/wp-json\/wp\/v2\/posts\/8485"}],"collection":[{"href":"https:\/\/thepueblatimes.mx\/index.php\/wp-json\/wp\/v2\/posts"}],"about":[{"href":"https:\/\/thepueblatimes.mx\/index.php\/wp-json\/wp\/v2\/types\/post"}],"author":[{"embeddable":true,"href":"https:\/\/thepueblatimes.mx\/index.php\/wp-json\/wp\/v2\/users\/15"}],"replies":[{"embeddable":true,"href":"https:\/\/thepueblatimes.mx\/index.php\/wp-json\/wp\/v2\/comments?post=8485"}],"version-history":[{"count":1,"href":"https:\/\/thepueblatimes.mx\/index.php\/wp-json\/wp\/v2\/posts\/8485\/revisions"}],"predecessor-version":[{"id":8494,"href":"https:\/\/thepueblatimes.mx\/index.php\/wp-json\/wp\/v2\/posts\/8485\/revisions\/8494"}],"wp:featuredmedia":[{"embeddable":true,"href":"https:\/\/thepueblatimes.mx\/index.php\/wp-json\/wp\/v2\/media\/8492"}],"wp:attachment":[{"href":"https:\/\/thepueblatimes.mx\/index.php\/wp-json\/wp\/v2\/media?parent=8485"}],"wp:term":[{"taxonomy":"category","embeddable":true,"href":"https:\/\/thepueblatimes.mx\/index.php\/wp-json\/wp\/v2\/categories?post=8485"},{"taxonomy":"post_tag","embeddable":true,"href":"https:\/\/thepueblatimes.mx\/index.php\/wp-json\/wp\/v2\/tags?post=8485"}],"curies":[{"name":"wp","href":"https:\/\/api.w.org\/{rel}","templated":true}]}}