{"id":8168,"date":"2021-01-21T11:05:06","date_gmt":"2021-01-21T17:05:06","guid":{"rendered":"https:\/\/thepueblatimes.mx\/?p=8168"},"modified":"2021-01-21T11:05:06","modified_gmt":"2021-01-21T17:05:06","slug":"entrevista-anuncia-barbosa-detenciones-de-exfuncionarios-antes-de-las-elecciones","status":"publish","type":"post","link":"https:\/\/thepueblatimes.mx\/index.php\/2021\/01\/21\/entrevista-anuncia-barbosa-detenciones-de-exfuncionarios-antes-de-las-elecciones\/","title":{"rendered":"[Entrevista] Anuncia Barbosa detenciones de exfuncionarios antes de las elecciones"},"content":{"rendered":"<p>Antes de las elecciones del 6 de junio habr\u00e1 detenciones de exfuncionarios de gobiernos panistas y ese hecho no obedecer\u00e1 a motivaciones de car\u00e1cter pol\u00edtico, sino al inter\u00e9s de castigar la corrupci\u00f3n del pasado y de hacer cumplir la ley, anunci\u00f3 el gobernador Miguel Barbosa sin revelar la identidad de los presuntos involucrados.<\/p>\n<p>Barbosa neg\u00f3 que el colof\u00f3n de las investigaciones que ahora mismo se realizan en la Fiscal\u00eda General del Estado pueda denominarse como una persecuci\u00f3n pol\u00edtica, por parte de los involucrados o de los dirigentes del PAN, debido a que solo se actuar\u00e1 donde existan casos comprobados de il\u00edcitos cometidos en perjuicio del erario.<\/p>\n<h4><b>&#8211;\u00bfNombres gobernador? \u00bfNos puede adelantar algunos?, pregunt\u00f3 EL SOL DE PUEBLA.<\/b><\/h4>\n<p>&#8211;No, no soy ministerio p\u00fablico, pero muchos de esos que han alzado la manita (para ser candidatos en el PAN), respondi\u00f3.<\/p>\n<p>En otro tema, el mandatario dio la bienvenida a la contienda por la presidencia municipal de Puebla a Claudia Rivera, Gabriel Biestro, Alejandro Armenta y a cualquier otro simpatizante de Morena que pretenda participar, pero pidi\u00f3 a los dirigentes de ese partido que elijan bien, en funci\u00f3n del potencial de voto entre los eventuales electores y no de afinidades partidistas.<\/p>\n<article class=\"policiaca\nmedia col-md-4 inline-story \"><\/p>\n<div class=\"teaser \"><\/div>\n<\/article>\n","protected":false},"excerpt":{"rendered":"<p>Antes de las elecciones del 6 de junio habr\u00e1 detenciones de exfuncionarios de gobiernos panistas y ese hecho no obedecer\u00e1 a motivaciones de car\u00e1cter pol\u00edtico, sino al inter\u00e9s de castigar la corrupci\u00f3n del pasado y de hacer cumplir la ley, anunci\u00f3 el gobernador Miguel Barbosa sin revelar la identidad de los presuntos involucrados. Barbosa neg\u00f3&#8230;<\/p>\n","protected":false},"author":15,"featured_media":8169,"comment_status":"open","ping_status":"open","sticky":false,"template":"","format":"standard","meta":[],"categories":[8],"tags":[248,135],"yoast_head":"<!-- This site is optimized with the Yoast SEO plugin v20.8 - https:\/\/yoast.com\/wordpress\/plugins\/seo\/ -->\n<title>[Entrevista] Anuncia Barbosa detenciones de exfuncionarios antes de las elecciones - The Puebla Times<\/title>\n<meta name=\"robots\" content=\"index, follow, max-snippet:-1, max-image-preview:large, max-video-preview:-1\" \/>\n<link rel=\"canonical\" href=\"https:\/\/thepueblatimes.mx\/index.php\/2021\/01\/21\/entrevista-anuncia-barbosa-detenciones-de-exfuncionarios-antes-de-las-elecciones\/\" \/>\n<meta property=\"og:locale\" content=\"es_ES\" \/>\n<meta property=\"og:type\" content=\"article\" \/>\n<meta property=\"og:title\" content=\"[Entrevista] Anuncia Barbosa detenciones de exfuncionarios antes de las elecciones - The Puebla Times\" \/>\n<meta property=\"og:description\" content=\"Antes de las elecciones del 6 de junio habr\u00e1 detenciones de exfuncionarios de gobiernos panistas y ese hecho no obedecer\u00e1 a motivaciones de car\u00e1cter pol\u00edtico, sino al inter\u00e9s de castigar la corrupci\u00f3n del pasado y de hacer cumplir la ley, anunci\u00f3 el gobernador Miguel Barbosa sin revelar la identidad de los presuntos involucrados. Barbosa neg\u00f3...\" \/>\n<meta property=\"og:url\" content=\"https:\/\/thepueblatimes.mx\/index.php\/2021\/01\/21\/entrevista-anuncia-barbosa-detenciones-de-exfuncionarios-antes-de-las-elecciones\/\" \/>\n<meta property=\"og:site_name\" content=\"The Puebla Times\" \/>\n<meta property=\"article:published_time\" content=\"2021-01-21T17:05:06+00:00\" \/>\n<meta property=\"og:image\" content=\"https:\/\/thepueblatimes.mx\/wp-content\/uploads\/2021\/01\/521EA420-0AE8-4166-896D-BBBC4A66B22B.png\" \/>\n\t<meta property=\"og:image:width\" content=\"400\" \/>\n\t<meta property=\"og:image:height\" content=\"250\" \/>\n\t<meta property=\"og:image:type\" content=\"image\/png\" \/>\n<meta name=\"author\" content=\"Francisco S\u00e1nchez Nolasco\" \/>\n<meta name=\"twitter:card\" content=\"summary_large_image\" \/>\n<meta name=\"twitter:label1\" content=\"Escrito por\" \/>\n\t<meta name=\"twitter:data1\" content=\"Francisco S\u00e1nchez Nolasco\" \/>\n\t<meta name=\"twitter:label2\" content=\"Tiempo de lectura\" \/>\n\t<meta name=\"twitter:data2\" content=\"1 minuto\" \/>\n<script type=\"application\/ld+json\" class=\"yoast-schema-graph\">{\"@context\":\"https:\/\/schema.org\",\"@graph\":[{\"@type\":\"WebPage\",\"@id\":\"https:\/\/thepueblatimes.mx\/index.php\/2021\/01\/21\/entrevista-anuncia-barbosa-detenciones-de-exfuncionarios-antes-de-las-elecciones\/\",\"url\":\"https:\/\/thepueblatimes.mx\/index.php\/2021\/01\/21\/entrevista-anuncia-barbosa-detenciones-de-exfuncionarios-antes-de-las-elecciones\/\",\"name\":\"[Entrevista] Anuncia Barbosa detenciones de exfuncionarios antes de las elecciones - The Puebla Times\",\"isPartOf\":{\"@id\":\"https:\/\/thepueblatimes.mx\/#website\"},\"datePublished\":\"2021-01-21T17:05:06+00:00\",\"dateModified\":\"2021-01-21T17:05:06+00:00\",\"author\":{\"@id\":\"https:\/\/thepueblatimes.mx\/#\/schema\/person\/7bdf2adbc50078b104bba72b5612f774\"},\"breadcrumb\":{\"@id\":\"https:\/\/thepueblatimes.mx\/index.php\/2021\/01\/21\/entrevista-anuncia-barbosa-detenciones-de-exfuncionarios-antes-de-las-elecciones\/#breadcrumb\"},\"inLanguage\":\"es\",\"potentialAction\":[{\"@type\":\"ReadAction\",\"target\":[\"https:\/\/thepueblatimes.mx\/index.php\/2021\/01\/21\/entrevista-anuncia-barbosa-detenciones-de-exfuncionarios-antes-de-las-elecciones\/\"]}]},{\"@type\":\"BreadcrumbList\",\"@id\":\"https:\/\/thepueblatimes.mx\/index.php\/2021\/01\/21\/entrevista-anuncia-barbosa-detenciones-de-exfuncionarios-antes-de-las-elecciones\/#breadcrumb\",\"itemListElement\":[{\"@type\":\"ListItem\",\"position\":1,\"name\":\"Portada\",\"item\":\"https:\/\/thepueblatimes.mx\/\"},{\"@type\":\"ListItem\",\"position\":2,\"name\":\"[Entrevista] Anuncia Barbosa detenciones de exfuncionarios antes de las elecciones\"}]},{\"@type\":\"WebSite\",\"@id\":\"https:\/\/thepueblatimes.mx\/#website\",\"url\":\"https:\/\/thepueblatimes.mx\/\",\"name\":\"The Puebla Times\",\"description\":\"Noticias del Estado de Puebla\",\"potentialAction\":[{\"@type\":\"SearchAction\",\"target\":{\"@type\":\"EntryPoint\",\"urlTemplate\":\"https:\/\/thepueblatimes.mx\/?s={search_term_string}\"},\"query-input\":\"required name=search_term_string\"}],\"inLanguage\":\"es\"},{\"@type\":\"Person\",\"@id\":\"https:\/\/thepueblatimes.mx\/#\/schema\/person\/7bdf2adbc50078b104bba72b5612f774\",\"name\":\"Francisco S\u00e1nchez Nolasco\",\"image\":{\"@type\":\"ImageObject\",\"inLanguage\":\"es\",\"@id\":\"https:\/\/thepueblatimes.mx\/#\/schema\/person\/image\/\",\"url\":\"https:\/\/secure.gravatar.com\/avatar\/6061d7d20b38bc2742a5218401b198d2?s=96&d=mm&r=g\",\"contentUrl\":\"https:\/\/secure.gravatar.com\/avatar\/6061d7d20b38bc2742a5218401b198d2?s=96&d=mm&r=g\",\"caption\":\"Francisco S\u00e1nchez Nolasco\"},\"url\":\"https:\/\/thepueblatimes.mx\/index.php\/author\/marianitha-reyes\/\"}]}<\/script>\n<!-- \/ Yoast SEO plugin. -->","yoast_head_json":{"title":"[Entrevista] Anuncia Barbosa detenciones de exfuncionarios antes de las elecciones - The Puebla Times","robots":{"index":"index","follow":"follow","max-snippet":"max-snippet:-1","max-image-preview":"max-image-preview:large","max-video-preview":"max-video-preview:-1"},"canonical":"https:\/\/thepueblatimes.mx\/index.php\/2021\/01\/21\/entrevista-anuncia-barbosa-detenciones-de-exfuncionarios-antes-de-las-elecciones\/","og_locale":"es_ES","og_type":"article","og_title":"[Entrevista] Anuncia Barbosa detenciones de exfuncionarios antes de las elecciones - The Puebla Times","og_description":"Antes de las elecciones del 6 de junio habr\u00e1 detenciones de exfuncionarios de gobiernos panistas y ese hecho no obedecer\u00e1 a motivaciones de car\u00e1cter pol\u00edtico, sino al inter\u00e9s de castigar la corrupci\u00f3n del pasado y de hacer cumplir la ley, anunci\u00f3 el gobernador Miguel Barbosa sin revelar la identidad de los presuntos involucrados. Barbosa neg\u00f3...","og_url":"https:\/\/thepueblatimes.mx\/index.php\/2021\/01\/21\/entrevista-anuncia-barbosa-detenciones-de-exfuncionarios-antes-de-las-elecciones\/","og_site_name":"The Puebla Times","article_published_time":"2021-01-21T17:05:06+00:00","og_image":[{"width":400,"height":250,"url":"https:\/\/thepueblatimes.mx\/wp-content\/uploads\/2021\/01\/521EA420-0AE8-4166-896D-BBBC4A66B22B.png","type":"image\/png"}],"author":"Francisco S\u00e1nchez Nolasco","twitter_card":"summary_large_image","twitter_misc":{"Escrito por":"Francisco S\u00e1nchez Nolasco","Tiempo de lectura":"1 minuto"},"schema":{"@context":"https:\/\/schema.org","@graph":[{"@type":"WebPage","@id":"https:\/\/thepueblatimes.mx\/index.php\/2021\/01\/21\/entrevista-anuncia-barbosa-detenciones-de-exfuncionarios-antes-de-las-elecciones\/","url":"https:\/\/thepueblatimes.mx\/index.php\/2021\/01\/21\/entrevista-anuncia-barbosa-detenciones-de-exfuncionarios-antes-de-las-elecciones\/","name":"[Entrevista] Anuncia Barbosa detenciones de exfuncionarios antes de las elecciones - The Puebla Times","isPartOf":{"@id":"https:\/\/thepueblatimes.mx\/#website"},"datePublished":"2021-01-21T17:05:06+00:00","dateModified":"2021-01-21T17:05:06+00:00","author":{"@id":"https:\/\/thepueblatimes.mx\/#\/schema\/person\/7bdf2adbc50078b104bba72b5612f774"},"breadcrumb":{"@id":"https:\/\/thepueblatimes.mx\/index.php\/2021\/01\/21\/entrevista-anuncia-barbosa-detenciones-de-exfuncionarios-antes-de-las-elecciones\/#breadcrumb"},"inLanguage":"es","potentialAction":[{"@type":"ReadAction","target":["https:\/\/thepueblatimes.mx\/index.php\/2021\/01\/21\/entrevista-anuncia-barbosa-detenciones-de-exfuncionarios-antes-de-las-elecciones\/"]}]},{"@type":"BreadcrumbList","@id":"https:\/\/thepueblatimes.mx\/index.php\/2021\/01\/21\/entrevista-anuncia-barbosa-detenciones-de-exfuncionarios-antes-de-las-elecciones\/#breadcrumb","itemListElement":[{"@type":"ListItem","position":1,"name":"Portada","item":"https:\/\/thepueblatimes.mx\/"},{"@type":"ListItem","position":2,"name":"[Entrevista] Anuncia Barbosa detenciones de exfuncionarios antes de las elecciones"}]},{"@type":"WebSite","@id":"https:\/\/thepueblatimes.mx\/#website","url":"https:\/\/thepueblatimes.mx\/","name":"The Puebla Times","description":"Noticias del Estado de Puebla","potentialAction":[{"@type":"SearchAction","target":{"@type":"EntryPoint","urlTemplate":"https:\/\/thepueblatimes.mx\/?s={search_term_string}"},"query-input":"required name=search_term_string"}],"inLanguage":"es"},{"@type":"Person","@id":"https:\/\/thepueblatimes.mx\/#\/schema\/person\/7bdf2adbc50078b104bba72b5612f774","name":"Francisco S\u00e1nchez Nolasco","image":{"@type":"ImageObject","inLanguage":"es","@id":"https:\/\/thepueblatimes.mx\/#\/schema\/person\/image\/","url":"https:\/\/secure.gravatar.com\/avatar\/6061d7d20b38bc2742a5218401b198d2?s=96&d=mm&r=g","contentUrl":"https:\/\/secure.gravatar.com\/avatar\/6061d7d20b38bc2742a5218401b198d2?s=96&d=mm&r=g","caption":"Francisco S\u00e1nchez Nolasco"},"url":"https:\/\/thepueblatimes.mx\/index.php\/author\/marianitha-reyes\/"}]}},"jetpack_featured_media_url":"https:\/\/thepueblatimes.mx\/wp-content\/uploads\/2021\/01\/521EA420-0AE8-4166-896D-BBBC4A66B22B.png","_links":{"self":[{"href":"https:\/\/thepueblatimes.mx\/index.php\/wp-json\/wp\/v2\/posts\/8168"}],"collection":[{"href":"https:\/\/thepueblatimes.mx\/index.php\/wp-json\/wp\/v2\/posts"}],"about":[{"href":"https:\/\/thepueblatimes.mx\/index.php\/wp-json\/wp\/v2\/types\/post"}],"author":[{"embeddable":true,"href":"https:\/\/thepueblatimes.mx\/index.php\/wp-json\/wp\/v2\/users\/15"}],"replies":[{"embeddable":true,"href":"https:\/\/thepueblatimes.mx\/index.php\/wp-json\/wp\/v2\/comments?post=8168"}],"version-history":[{"count":1,"href":"https:\/\/thepueblatimes.mx\/index.php\/wp-json\/wp\/v2\/posts\/8168\/revisions"}],"predecessor-version":[{"id":8170,"href":"https:\/\/thepueblatimes.mx\/index.php\/wp-json\/wp\/v2\/posts\/8168\/revisions\/8170"}],"wp:featuredmedia":[{"embeddable":true,"href":"https:\/\/thepueblatimes.mx\/index.php\/wp-json\/wp\/v2\/media\/8169"}],"wp:attachment":[{"href":"https:\/\/thepueblatimes.mx\/index.php\/wp-json\/wp\/v2\/media?parent=8168"}],"wp:term":[{"taxonomy":"category","embeddable":true,"href":"https:\/\/thepueblatimes.mx\/index.php\/wp-json\/wp\/v2\/categories?post=8168"},{"taxonomy":"post_tag","embeddable":true,"href":"https:\/\/thepueblatimes.mx\/index.php\/wp-json\/wp\/v2\/tags?post=8168"}],"curies":[{"name":"wp","href":"https:\/\/api.w.org\/{rel}","templated":true}]}}