{"id":7956,"date":"2021-01-19T11:57:23","date_gmt":"2021-01-19T17:57:23","guid":{"rendered":"https:\/\/thepueblatimes.mx\/?p=7956"},"modified":"2021-01-19T11:57:23","modified_gmt":"2021-01-19T17:57:23","slug":"evitar-el-uso-electoral-de-programas-sociales-exhorta-barbosa-huerta","status":"publish","type":"post","link":"https:\/\/thepueblatimes.mx\/index.php\/2021\/01\/19\/evitar-el-uso-electoral-de-programas-sociales-exhorta-barbosa-huerta\/","title":{"rendered":"Evitar el uso electoral de programas sociales, exhorta Barbosa Huerta"},"content":{"rendered":"<p><strong>CIUDAD DE PUEBLA, Pue.-<\/strong> Al se\u00f1alar que las pr\u00f3ximas elecciones ser\u00e1n de las m\u00e1s vigiladas por \u00f3rganos electorales, organizaciones sociales, candidatos y el Gobierno del Estado, el gobernador Miguel Barbosa Huerta exhort\u00f3 a las y los servidores p\u00fablicos en la entidad a no cometer desviaciones de programas con fines electorales.<\/p>\n<p>En videoconferencia de prensa en Casa Aguayo, el titular del Ejecutivo consider\u00f3 que cuando existe un proceso electoral es necesario que las autoridades correspondientes est\u00e9n atentas para que no exista mal manejo de los programas o de los recursos p\u00fablicos.<\/p>\n<p>Barbosa Huerta indic\u00f3 que no permitir\u00e1 que ning\u00fan funcionario del Gobierno del Estado utilice electoralmente los programas, pues estos deben ser espec\u00edficamente para apoyar a las y los poblanos que m\u00e1s lo requieran.<\/p>\n<p>\u201cYo espero que ning\u00fan servidor p\u00fablico del estado, ninguna dependencia del gobierno del estado cometa desviaciones de programas con recursos p\u00fablicos con fines electorales. Va a ser un proceso electoral muy vigilado por los contendientes, candidatos, \u00f3rganos electorales, organizaciones sociales, periodistas y por el propio gobernador\u201d.<\/p>\n","protected":false},"excerpt":{"rendered":"<p>CIUDAD DE PUEBLA, Pue.- Al se\u00f1alar que las pr\u00f3ximas elecciones ser\u00e1n de las m\u00e1s vigiladas por \u00f3rganos electorales, organizaciones sociales, candidatos y el Gobierno del Estado, el gobernador Miguel Barbosa Huerta exhort\u00f3 a las y los servidores p\u00fablicos en la entidad a no cometer desviaciones de programas con fines electorales. En videoconferencia de prensa en&#8230;<\/p>\n","protected":false},"author":3,"featured_media":7957,"comment_status":"open","ping_status":"open","sticky":false,"template":"","format":"standard","meta":[],"categories":[3],"tags":[],"yoast_head":"<!-- This site is optimized with the Yoast SEO plugin v20.8 - https:\/\/yoast.com\/wordpress\/plugins\/seo\/ -->\n<title>Evitar el uso electoral de programas sociales, exhorta Barbosa Huerta - The Puebla Times<\/title>\n<meta name=\"robots\" content=\"index, follow, max-snippet:-1, max-image-preview:large, max-video-preview:-1\" \/>\n<link rel=\"canonical\" href=\"https:\/\/thepueblatimes.mx\/index.php\/2021\/01\/19\/evitar-el-uso-electoral-de-programas-sociales-exhorta-barbosa-huerta\/\" \/>\n<meta property=\"og:locale\" content=\"es_ES\" \/>\n<meta property=\"og:type\" content=\"article\" \/>\n<meta property=\"og:title\" content=\"Evitar el uso electoral de programas sociales, exhorta Barbosa Huerta - The Puebla Times\" \/>\n<meta property=\"og:description\" content=\"CIUDAD DE PUEBLA, Pue.- Al se\u00f1alar que las pr\u00f3ximas elecciones ser\u00e1n de las m\u00e1s vigiladas por \u00f3rganos electorales, organizaciones sociales, candidatos y el Gobierno del Estado, el gobernador Miguel Barbosa Huerta exhort\u00f3 a las y los servidores p\u00fablicos en la entidad a no cometer desviaciones de programas con fines electorales. En videoconferencia de prensa en...\" \/>\n<meta property=\"og:url\" content=\"https:\/\/thepueblatimes.mx\/index.php\/2021\/01\/19\/evitar-el-uso-electoral-de-programas-sociales-exhorta-barbosa-huerta\/\" \/>\n<meta property=\"og:site_name\" content=\"The Puebla Times\" \/>\n<meta property=\"article:published_time\" content=\"2021-01-19T17:57:23+00:00\" \/>\n<meta property=\"og:image\" content=\"https:\/\/thepueblatimes.mx\/wp-content\/uploads\/2021\/01\/WhatsApp-Image-2021-01-19-at-11.51.04.jpeg\" \/>\n\t<meta property=\"og:image:width\" content=\"1280\" \/>\n\t<meta property=\"og:image:height\" content=\"853\" \/>\n\t<meta property=\"og:image:type\" content=\"image\/jpeg\" \/>\n<meta name=\"author\" content=\"The Puebla Times\" \/>\n<meta name=\"twitter:card\" content=\"summary_large_image\" \/>\n<meta name=\"twitter:label1\" content=\"Escrito por\" \/>\n\t<meta name=\"twitter:data1\" content=\"The Puebla Times\" \/>\n\t<meta name=\"twitter:label2\" content=\"Tiempo de lectura\" \/>\n\t<meta name=\"twitter:data2\" content=\"1 minuto\" \/>\n<script type=\"application\/ld+json\" class=\"yoast-schema-graph\">{\"@context\":\"https:\/\/schema.org\",\"@graph\":[{\"@type\":\"WebPage\",\"@id\":\"https:\/\/thepueblatimes.mx\/index.php\/2021\/01\/19\/evitar-el-uso-electoral-de-programas-sociales-exhorta-barbosa-huerta\/\",\"url\":\"https:\/\/thepueblatimes.mx\/index.php\/2021\/01\/19\/evitar-el-uso-electoral-de-programas-sociales-exhorta-barbosa-huerta\/\",\"name\":\"Evitar el uso electoral de programas sociales, exhorta Barbosa Huerta - The Puebla Times\",\"isPartOf\":{\"@id\":\"https:\/\/thepueblatimes.mx\/#website\"},\"datePublished\":\"2021-01-19T17:57:23+00:00\",\"dateModified\":\"2021-01-19T17:57:23+00:00\",\"author\":{\"@id\":\"https:\/\/thepueblatimes.mx\/#\/schema\/person\/ad152a907a5f1fb40553a2551dbadb8e\"},\"breadcrumb\":{\"@id\":\"https:\/\/thepueblatimes.mx\/index.php\/2021\/01\/19\/evitar-el-uso-electoral-de-programas-sociales-exhorta-barbosa-huerta\/#breadcrumb\"},\"inLanguage\":\"es\",\"potentialAction\":[{\"@type\":\"ReadAction\",\"target\":[\"https:\/\/thepueblatimes.mx\/index.php\/2021\/01\/19\/evitar-el-uso-electoral-de-programas-sociales-exhorta-barbosa-huerta\/\"]}]},{\"@type\":\"BreadcrumbList\",\"@id\":\"https:\/\/thepueblatimes.mx\/index.php\/2021\/01\/19\/evitar-el-uso-electoral-de-programas-sociales-exhorta-barbosa-huerta\/#breadcrumb\",\"itemListElement\":[{\"@type\":\"ListItem\",\"position\":1,\"name\":\"Portada\",\"item\":\"https:\/\/thepueblatimes.mx\/\"},{\"@type\":\"ListItem\",\"position\":2,\"name\":\"Evitar el uso electoral de programas sociales, exhorta Barbosa Huerta\"}]},{\"@type\":\"WebSite\",\"@id\":\"https:\/\/thepueblatimes.mx\/#website\",\"url\":\"https:\/\/thepueblatimes.mx\/\",\"name\":\"The Puebla Times\",\"description\":\"Noticias del Estado de Puebla\",\"potentialAction\":[{\"@type\":\"SearchAction\",\"target\":{\"@type\":\"EntryPoint\",\"urlTemplate\":\"https:\/\/thepueblatimes.mx\/?s={search_term_string}\"},\"query-input\":\"required name=search_term_string\"}],\"inLanguage\":\"es\"},{\"@type\":\"Person\",\"@id\":\"https:\/\/thepueblatimes.mx\/#\/schema\/person\/ad152a907a5f1fb40553a2551dbadb8e\",\"name\":\"The Puebla Times\",\"image\":{\"@type\":\"ImageObject\",\"inLanguage\":\"es\",\"@id\":\"https:\/\/thepueblatimes.mx\/#\/schema\/person\/image\/\",\"url\":\"https:\/\/secure.gravatar.com\/avatar\/82859cd6fbb1a3801d3e7ee27c92b8c9?s=96&d=mm&r=g\",\"contentUrl\":\"https:\/\/secure.gravatar.com\/avatar\/82859cd6fbb1a3801d3e7ee27c92b8c9?s=96&d=mm&r=g\",\"caption\":\"The Puebla Times\"},\"url\":\"https:\/\/thepueblatimes.mx\/index.php\/author\/ferhz\/\"}]}<\/script>\n<!-- \/ Yoast SEO plugin. -->","yoast_head_json":{"title":"Evitar el uso electoral de programas sociales, exhorta Barbosa Huerta - The Puebla Times","robots":{"index":"index","follow":"follow","max-snippet":"max-snippet:-1","max-image-preview":"max-image-preview:large","max-video-preview":"max-video-preview:-1"},"canonical":"https:\/\/thepueblatimes.mx\/index.php\/2021\/01\/19\/evitar-el-uso-electoral-de-programas-sociales-exhorta-barbosa-huerta\/","og_locale":"es_ES","og_type":"article","og_title":"Evitar el uso electoral de programas sociales, exhorta Barbosa Huerta - The Puebla Times","og_description":"CIUDAD DE PUEBLA, Pue.- Al se\u00f1alar que las pr\u00f3ximas elecciones ser\u00e1n de las m\u00e1s vigiladas por \u00f3rganos electorales, organizaciones sociales, candidatos y el Gobierno del Estado, el gobernador Miguel Barbosa Huerta exhort\u00f3 a las y los servidores p\u00fablicos en la entidad a no cometer desviaciones de programas con fines electorales. En videoconferencia de prensa en...","og_url":"https:\/\/thepueblatimes.mx\/index.php\/2021\/01\/19\/evitar-el-uso-electoral-de-programas-sociales-exhorta-barbosa-huerta\/","og_site_name":"The Puebla Times","article_published_time":"2021-01-19T17:57:23+00:00","og_image":[{"width":1280,"height":853,"url":"https:\/\/thepueblatimes.mx\/wp-content\/uploads\/2021\/01\/WhatsApp-Image-2021-01-19-at-11.51.04.jpeg","type":"image\/jpeg"}],"author":"The Puebla Times","twitter_card":"summary_large_image","twitter_misc":{"Escrito por":"The Puebla Times","Tiempo de lectura":"1 minuto"},"schema":{"@context":"https:\/\/schema.org","@graph":[{"@type":"WebPage","@id":"https:\/\/thepueblatimes.mx\/index.php\/2021\/01\/19\/evitar-el-uso-electoral-de-programas-sociales-exhorta-barbosa-huerta\/","url":"https:\/\/thepueblatimes.mx\/index.php\/2021\/01\/19\/evitar-el-uso-electoral-de-programas-sociales-exhorta-barbosa-huerta\/","name":"Evitar el uso electoral de programas sociales, exhorta Barbosa Huerta - The Puebla Times","isPartOf":{"@id":"https:\/\/thepueblatimes.mx\/#website"},"datePublished":"2021-01-19T17:57:23+00:00","dateModified":"2021-01-19T17:57:23+00:00","author":{"@id":"https:\/\/thepueblatimes.mx\/#\/schema\/person\/ad152a907a5f1fb40553a2551dbadb8e"},"breadcrumb":{"@id":"https:\/\/thepueblatimes.mx\/index.php\/2021\/01\/19\/evitar-el-uso-electoral-de-programas-sociales-exhorta-barbosa-huerta\/#breadcrumb"},"inLanguage":"es","potentialAction":[{"@type":"ReadAction","target":["https:\/\/thepueblatimes.mx\/index.php\/2021\/01\/19\/evitar-el-uso-electoral-de-programas-sociales-exhorta-barbosa-huerta\/"]}]},{"@type":"BreadcrumbList","@id":"https:\/\/thepueblatimes.mx\/index.php\/2021\/01\/19\/evitar-el-uso-electoral-de-programas-sociales-exhorta-barbosa-huerta\/#breadcrumb","itemListElement":[{"@type":"ListItem","position":1,"name":"Portada","item":"https:\/\/thepueblatimes.mx\/"},{"@type":"ListItem","position":2,"name":"Evitar el uso electoral de programas sociales, exhorta Barbosa Huerta"}]},{"@type":"WebSite","@id":"https:\/\/thepueblatimes.mx\/#website","url":"https:\/\/thepueblatimes.mx\/","name":"The Puebla Times","description":"Noticias del Estado de Puebla","potentialAction":[{"@type":"SearchAction","target":{"@type":"EntryPoint","urlTemplate":"https:\/\/thepueblatimes.mx\/?s={search_term_string}"},"query-input":"required name=search_term_string"}],"inLanguage":"es"},{"@type":"Person","@id":"https:\/\/thepueblatimes.mx\/#\/schema\/person\/ad152a907a5f1fb40553a2551dbadb8e","name":"The Puebla Times","image":{"@type":"ImageObject","inLanguage":"es","@id":"https:\/\/thepueblatimes.mx\/#\/schema\/person\/image\/","url":"https:\/\/secure.gravatar.com\/avatar\/82859cd6fbb1a3801d3e7ee27c92b8c9?s=96&d=mm&r=g","contentUrl":"https:\/\/secure.gravatar.com\/avatar\/82859cd6fbb1a3801d3e7ee27c92b8c9?s=96&d=mm&r=g","caption":"The Puebla Times"},"url":"https:\/\/thepueblatimes.mx\/index.php\/author\/ferhz\/"}]}},"jetpack_featured_media_url":"https:\/\/thepueblatimes.mx\/wp-content\/uploads\/2021\/01\/WhatsApp-Image-2021-01-19-at-11.51.04.jpeg","_links":{"self":[{"href":"https:\/\/thepueblatimes.mx\/index.php\/wp-json\/wp\/v2\/posts\/7956"}],"collection":[{"href":"https:\/\/thepueblatimes.mx\/index.php\/wp-json\/wp\/v2\/posts"}],"about":[{"href":"https:\/\/thepueblatimes.mx\/index.php\/wp-json\/wp\/v2\/types\/post"}],"author":[{"embeddable":true,"href":"https:\/\/thepueblatimes.mx\/index.php\/wp-json\/wp\/v2\/users\/3"}],"replies":[{"embeddable":true,"href":"https:\/\/thepueblatimes.mx\/index.php\/wp-json\/wp\/v2\/comments?post=7956"}],"version-history":[{"count":1,"href":"https:\/\/thepueblatimes.mx\/index.php\/wp-json\/wp\/v2\/posts\/7956\/revisions"}],"predecessor-version":[{"id":7958,"href":"https:\/\/thepueblatimes.mx\/index.php\/wp-json\/wp\/v2\/posts\/7956\/revisions\/7958"}],"wp:featuredmedia":[{"embeddable":true,"href":"https:\/\/thepueblatimes.mx\/index.php\/wp-json\/wp\/v2\/media\/7957"}],"wp:attachment":[{"href":"https:\/\/thepueblatimes.mx\/index.php\/wp-json\/wp\/v2\/media?parent=7956"}],"wp:term":[{"taxonomy":"category","embeddable":true,"href":"https:\/\/thepueblatimes.mx\/index.php\/wp-json\/wp\/v2\/categories?post=7956"},{"taxonomy":"post_tag","embeddable":true,"href":"https:\/\/thepueblatimes.mx\/index.php\/wp-json\/wp\/v2\/tags?post=7956"}],"curies":[{"name":"wp","href":"https:\/\/api.w.org\/{rel}","templated":true}]}}