{"id":7887,"date":"2021-01-18T19:28:02","date_gmt":"2021-01-19T01:28:02","guid":{"rendered":"https:\/\/thepueblatimes.mx\/?p=7887"},"modified":"2021-01-18T19:28:02","modified_gmt":"2021-01-19T01:28:02","slug":"video-decomisan-pruebas-rapidas-covid-en-dos-puntos-de-la-capital-de-puebla","status":"publish","type":"post","link":"https:\/\/thepueblatimes.mx\/index.php\/2021\/01\/18\/video-decomisan-pruebas-rapidas-covid-en-dos-puntos-de-la-capital-de-puebla\/","title":{"rendered":"[Video] Decomisan pruebas r\u00e1pidas Covid en dos puntos de la capital de Puebla"},"content":{"rendered":"<div class=\"content-body clearfix \">\n<div id=\"content-body-225-6257328\">\n<p>En dos puntos de la capital poblana en la colonia Ladrillera de Ben\u00edtez y la colonia Resurgimiento, se llev\u00f3 a cabo el decomiso de pruebas para detectar Covid-19 que no contaban con los permisos sanitarios correspondientes.<\/p>\n<p>Fue durante la tarde de este lunes que mediante un operativo conjunto entre la Polic\u00eda Estatal, Secretar\u00eda de Gobernaci\u00f3n y la Direcci\u00f3n de Protecci\u00f3n contra Riesgos Sanitarios (DPRIS), ubicaron estos dos puntos donde se comercializaban los productos sin regulaci\u00f3n.<\/p>\n<\/div>\n<\/div>\n<article class=\"content-continued-body clearfix \">\n<div id=\"content-body-5851641-6257328\">\n<p>En la zona de Plaza Dorada se logr\u00f3 ubicar un autom\u00f3vil particular en el que, adem\u00e1s de las pruebas r\u00e1pidas de Covid, se vend\u00edan ox\u00edmetros, cubrebocas y gel antibacterial que quedaron a disposici\u00f3n de las autoridades.<\/p>\n<p>Las pruebas r\u00e1pidas se comercializaban entre los 250 y 400 pesos, las cuales, de acuerdo a la Secretar\u00eda de Salud, al no contar con la regulaci\u00f3n correspondientes pueden dar falsos positivos o falsos negativos.<\/p>\n<p>Por otro lado, en la colonia Resurgimiento detectaron un domicilio particular donde tambi\u00e9n se vend\u00edan este tipo de mercanc\u00edas sin los permisos correspondientes .<\/p>\n<blockquote class=\"twitter-tweet\" data-width=\"550\" data-dnt=\"true\">\n<p lang=\"es\" dir=\"ltr\"><a href=\"https:\/\/twitter.com\/hashtag\/AlMomento?src=hash&amp;ref_src=twsrc%5Etfw\">#AlMomento<\/a> El Sistema Federal Sanitario con apoyo de autoridades estatales y municipales realizan decomiso de material sanitizante, cubrebocas y otros productos que se venden en v\u00eda p\u00fablica | V\u00eda <a href=\"https:\/\/twitter.com\/diaz_bibiana?ref_src=twsrc%5Etfw\">@diaz_bibiana<\/a> <a href=\"https:\/\/t.co\/PUuKql7YXo\">pic.twitter.com\/PUuKql7YXo<\/a><\/p>\n<p>&mdash; El Sol de Puebla (@elsoldepuebla1) <a href=\"https:\/\/twitter.com\/elsoldepuebla1\/status\/1351253809893416971?ref_src=twsrc%5Etfw\">January 18, 2021<\/a><\/p><\/blockquote>\n<p><script async src=\"https:\/\/platform.twitter.com\/widgets.js\" charset=\"utf-8\"><\/script><\/p>\n<\/div>\n<\/article>\n","protected":false},"excerpt":{"rendered":"<p>En dos puntos de la capital poblana en la colonia Ladrillera de Ben\u00edtez y la colonia Resurgimiento, se llev\u00f3 a cabo el decomiso de pruebas para detectar Covid-19 que no contaban con los permisos sanitarios correspondientes. Fue durante la tarde de este lunes que mediante un operativo conjunto entre la Polic\u00eda Estatal, Secretar\u00eda de Gobernaci\u00f3n&#8230;<\/p>\n","protected":false},"author":15,"featured_media":7889,"comment_status":"open","ping_status":"open","sticky":false,"template":"","format":"standard","meta":[],"categories":[20],"tags":[71,49],"yoast_head":"<!-- This site is optimized with the Yoast SEO plugin v20.8 - https:\/\/yoast.com\/wordpress\/plugins\/seo\/ -->\n<title>[Video] Decomisan pruebas r\u00e1pidas Covid en dos puntos de la capital de Puebla - The Puebla Times<\/title>\n<meta name=\"robots\" content=\"index, follow, max-snippet:-1, max-image-preview:large, max-video-preview:-1\" \/>\n<link rel=\"canonical\" href=\"https:\/\/thepueblatimes.mx\/index.php\/2021\/01\/18\/video-decomisan-pruebas-rapidas-covid-en-dos-puntos-de-la-capital-de-puebla\/\" \/>\n<meta property=\"og:locale\" content=\"es_ES\" \/>\n<meta property=\"og:type\" content=\"article\" \/>\n<meta property=\"og:title\" content=\"[Video] Decomisan pruebas r\u00e1pidas Covid en dos puntos de la capital de Puebla - The Puebla Times\" \/>\n<meta property=\"og:description\" content=\"En dos puntos de la capital poblana en la colonia Ladrillera de Ben\u00edtez y la colonia Resurgimiento, se llev\u00f3 a cabo el decomiso de pruebas para detectar Covid-19 que no contaban con los permisos sanitarios correspondientes. Fue durante la tarde de este lunes que mediante un operativo conjunto entre la Polic\u00eda Estatal, Secretar\u00eda de Gobernaci\u00f3n...\" \/>\n<meta property=\"og:url\" content=\"https:\/\/thepueblatimes.mx\/index.php\/2021\/01\/18\/video-decomisan-pruebas-rapidas-covid-en-dos-puntos-de-la-capital-de-puebla\/\" \/>\n<meta property=\"og:site_name\" content=\"The Puebla Times\" \/>\n<meta property=\"article:published_time\" content=\"2021-01-19T01:28:02+00:00\" \/>\n<meta property=\"og:image\" content=\"https:\/\/thepueblatimes.mx\/wp-content\/uploads\/2021\/01\/DECOMISO-PRUEBAS.png\" \/>\n\t<meta property=\"og:image:width\" content=\"768\" \/>\n\t<meta property=\"og:image:height\" content=\"479\" \/>\n\t<meta property=\"og:image:type\" content=\"image\/png\" \/>\n<meta name=\"author\" content=\"Francisco S\u00e1nchez Nolasco\" \/>\n<meta name=\"twitter:card\" content=\"summary_large_image\" \/>\n<meta name=\"twitter:label1\" content=\"Escrito por\" \/>\n\t<meta name=\"twitter:data1\" content=\"Francisco S\u00e1nchez Nolasco\" \/>\n\t<meta name=\"twitter:label2\" content=\"Tiempo de lectura\" \/>\n\t<meta name=\"twitter:data2\" content=\"1 minuto\" \/>\n<script type=\"application\/ld+json\" class=\"yoast-schema-graph\">{\"@context\":\"https:\/\/schema.org\",\"@graph\":[{\"@type\":\"WebPage\",\"@id\":\"https:\/\/thepueblatimes.mx\/index.php\/2021\/01\/18\/video-decomisan-pruebas-rapidas-covid-en-dos-puntos-de-la-capital-de-puebla\/\",\"url\":\"https:\/\/thepueblatimes.mx\/index.php\/2021\/01\/18\/video-decomisan-pruebas-rapidas-covid-en-dos-puntos-de-la-capital-de-puebla\/\",\"name\":\"[Video] Decomisan pruebas r\u00e1pidas Covid en dos puntos de la capital de Puebla - The Puebla Times\",\"isPartOf\":{\"@id\":\"https:\/\/thepueblatimes.mx\/#website\"},\"datePublished\":\"2021-01-19T01:28:02+00:00\",\"dateModified\":\"2021-01-19T01:28:02+00:00\",\"author\":{\"@id\":\"https:\/\/thepueblatimes.mx\/#\/schema\/person\/7bdf2adbc50078b104bba72b5612f774\"},\"breadcrumb\":{\"@id\":\"https:\/\/thepueblatimes.mx\/index.php\/2021\/01\/18\/video-decomisan-pruebas-rapidas-covid-en-dos-puntos-de-la-capital-de-puebla\/#breadcrumb\"},\"inLanguage\":\"es\",\"potentialAction\":[{\"@type\":\"ReadAction\",\"target\":[\"https:\/\/thepueblatimes.mx\/index.php\/2021\/01\/18\/video-decomisan-pruebas-rapidas-covid-en-dos-puntos-de-la-capital-de-puebla\/\"]}]},{\"@type\":\"BreadcrumbList\",\"@id\":\"https:\/\/thepueblatimes.mx\/index.php\/2021\/01\/18\/video-decomisan-pruebas-rapidas-covid-en-dos-puntos-de-la-capital-de-puebla\/#breadcrumb\",\"itemListElement\":[{\"@type\":\"ListItem\",\"position\":1,\"name\":\"Portada\",\"item\":\"https:\/\/thepueblatimes.mx\/\"},{\"@type\":\"ListItem\",\"position\":2,\"name\":\"[Video] Decomisan pruebas r\u00e1pidas Covid en dos puntos de la capital de Puebla\"}]},{\"@type\":\"WebSite\",\"@id\":\"https:\/\/thepueblatimes.mx\/#website\",\"url\":\"https:\/\/thepueblatimes.mx\/\",\"name\":\"The Puebla Times\",\"description\":\"Noticias del Estado de Puebla\",\"potentialAction\":[{\"@type\":\"SearchAction\",\"target\":{\"@type\":\"EntryPoint\",\"urlTemplate\":\"https:\/\/thepueblatimes.mx\/?s={search_term_string}\"},\"query-input\":\"required name=search_term_string\"}],\"inLanguage\":\"es\"},{\"@type\":\"Person\",\"@id\":\"https:\/\/thepueblatimes.mx\/#\/schema\/person\/7bdf2adbc50078b104bba72b5612f774\",\"name\":\"Francisco S\u00e1nchez Nolasco\",\"image\":{\"@type\":\"ImageObject\",\"inLanguage\":\"es\",\"@id\":\"https:\/\/thepueblatimes.mx\/#\/schema\/person\/image\/\",\"url\":\"https:\/\/secure.gravatar.com\/avatar\/6061d7d20b38bc2742a5218401b198d2?s=96&d=mm&r=g\",\"contentUrl\":\"https:\/\/secure.gravatar.com\/avatar\/6061d7d20b38bc2742a5218401b198d2?s=96&d=mm&r=g\",\"caption\":\"Francisco S\u00e1nchez Nolasco\"},\"url\":\"https:\/\/thepueblatimes.mx\/index.php\/author\/marianitha-reyes\/\"}]}<\/script>\n<!-- \/ Yoast SEO plugin. -->","yoast_head_json":{"title":"[Video] Decomisan pruebas r\u00e1pidas Covid en dos puntos de la capital de Puebla - The Puebla Times","robots":{"index":"index","follow":"follow","max-snippet":"max-snippet:-1","max-image-preview":"max-image-preview:large","max-video-preview":"max-video-preview:-1"},"canonical":"https:\/\/thepueblatimes.mx\/index.php\/2021\/01\/18\/video-decomisan-pruebas-rapidas-covid-en-dos-puntos-de-la-capital-de-puebla\/","og_locale":"es_ES","og_type":"article","og_title":"[Video] Decomisan pruebas r\u00e1pidas Covid en dos puntos de la capital de Puebla - The Puebla Times","og_description":"En dos puntos de la capital poblana en la colonia Ladrillera de Ben\u00edtez y la colonia Resurgimiento, se llev\u00f3 a cabo el decomiso de pruebas para detectar Covid-19 que no contaban con los permisos sanitarios correspondientes. Fue durante la tarde de este lunes que mediante un operativo conjunto entre la Polic\u00eda Estatal, Secretar\u00eda de Gobernaci\u00f3n...","og_url":"https:\/\/thepueblatimes.mx\/index.php\/2021\/01\/18\/video-decomisan-pruebas-rapidas-covid-en-dos-puntos-de-la-capital-de-puebla\/","og_site_name":"The Puebla Times","article_published_time":"2021-01-19T01:28:02+00:00","og_image":[{"width":768,"height":479,"url":"https:\/\/thepueblatimes.mx\/wp-content\/uploads\/2021\/01\/DECOMISO-PRUEBAS.png","type":"image\/png"}],"author":"Francisco S\u00e1nchez Nolasco","twitter_card":"summary_large_image","twitter_misc":{"Escrito por":"Francisco S\u00e1nchez Nolasco","Tiempo de lectura":"1 minuto"},"schema":{"@context":"https:\/\/schema.org","@graph":[{"@type":"WebPage","@id":"https:\/\/thepueblatimes.mx\/index.php\/2021\/01\/18\/video-decomisan-pruebas-rapidas-covid-en-dos-puntos-de-la-capital-de-puebla\/","url":"https:\/\/thepueblatimes.mx\/index.php\/2021\/01\/18\/video-decomisan-pruebas-rapidas-covid-en-dos-puntos-de-la-capital-de-puebla\/","name":"[Video] Decomisan pruebas r\u00e1pidas Covid en dos puntos de la capital de Puebla - The Puebla Times","isPartOf":{"@id":"https:\/\/thepueblatimes.mx\/#website"},"datePublished":"2021-01-19T01:28:02+00:00","dateModified":"2021-01-19T01:28:02+00:00","author":{"@id":"https:\/\/thepueblatimes.mx\/#\/schema\/person\/7bdf2adbc50078b104bba72b5612f774"},"breadcrumb":{"@id":"https:\/\/thepueblatimes.mx\/index.php\/2021\/01\/18\/video-decomisan-pruebas-rapidas-covid-en-dos-puntos-de-la-capital-de-puebla\/#breadcrumb"},"inLanguage":"es","potentialAction":[{"@type":"ReadAction","target":["https:\/\/thepueblatimes.mx\/index.php\/2021\/01\/18\/video-decomisan-pruebas-rapidas-covid-en-dos-puntos-de-la-capital-de-puebla\/"]}]},{"@type":"BreadcrumbList","@id":"https:\/\/thepueblatimes.mx\/index.php\/2021\/01\/18\/video-decomisan-pruebas-rapidas-covid-en-dos-puntos-de-la-capital-de-puebla\/#breadcrumb","itemListElement":[{"@type":"ListItem","position":1,"name":"Portada","item":"https:\/\/thepueblatimes.mx\/"},{"@type":"ListItem","position":2,"name":"[Video] Decomisan pruebas r\u00e1pidas Covid en dos puntos de la capital de Puebla"}]},{"@type":"WebSite","@id":"https:\/\/thepueblatimes.mx\/#website","url":"https:\/\/thepueblatimes.mx\/","name":"The Puebla Times","description":"Noticias del Estado de Puebla","potentialAction":[{"@type":"SearchAction","target":{"@type":"EntryPoint","urlTemplate":"https:\/\/thepueblatimes.mx\/?s={search_term_string}"},"query-input":"required name=search_term_string"}],"inLanguage":"es"},{"@type":"Person","@id":"https:\/\/thepueblatimes.mx\/#\/schema\/person\/7bdf2adbc50078b104bba72b5612f774","name":"Francisco S\u00e1nchez Nolasco","image":{"@type":"ImageObject","inLanguage":"es","@id":"https:\/\/thepueblatimes.mx\/#\/schema\/person\/image\/","url":"https:\/\/secure.gravatar.com\/avatar\/6061d7d20b38bc2742a5218401b198d2?s=96&d=mm&r=g","contentUrl":"https:\/\/secure.gravatar.com\/avatar\/6061d7d20b38bc2742a5218401b198d2?s=96&d=mm&r=g","caption":"Francisco S\u00e1nchez Nolasco"},"url":"https:\/\/thepueblatimes.mx\/index.php\/author\/marianitha-reyes\/"}]}},"jetpack_featured_media_url":"https:\/\/thepueblatimes.mx\/wp-content\/uploads\/2021\/01\/DECOMISO-PRUEBAS.png","_links":{"self":[{"href":"https:\/\/thepueblatimes.mx\/index.php\/wp-json\/wp\/v2\/posts\/7887"}],"collection":[{"href":"https:\/\/thepueblatimes.mx\/index.php\/wp-json\/wp\/v2\/posts"}],"about":[{"href":"https:\/\/thepueblatimes.mx\/index.php\/wp-json\/wp\/v2\/types\/post"}],"author":[{"embeddable":true,"href":"https:\/\/thepueblatimes.mx\/index.php\/wp-json\/wp\/v2\/users\/15"}],"replies":[{"embeddable":true,"href":"https:\/\/thepueblatimes.mx\/index.php\/wp-json\/wp\/v2\/comments?post=7887"}],"version-history":[{"count":1,"href":"https:\/\/thepueblatimes.mx\/index.php\/wp-json\/wp\/v2\/posts\/7887\/revisions"}],"predecessor-version":[{"id":7890,"href":"https:\/\/thepueblatimes.mx\/index.php\/wp-json\/wp\/v2\/posts\/7887\/revisions\/7890"}],"wp:featuredmedia":[{"embeddable":true,"href":"https:\/\/thepueblatimes.mx\/index.php\/wp-json\/wp\/v2\/media\/7889"}],"wp:attachment":[{"href":"https:\/\/thepueblatimes.mx\/index.php\/wp-json\/wp\/v2\/media?parent=7887"}],"wp:term":[{"taxonomy":"category","embeddable":true,"href":"https:\/\/thepueblatimes.mx\/index.php\/wp-json\/wp\/v2\/categories?post=7887"},{"taxonomy":"post_tag","embeddable":true,"href":"https:\/\/thepueblatimes.mx\/index.php\/wp-json\/wp\/v2\/tags?post=7887"}],"curies":[{"name":"wp","href":"https:\/\/api.w.org\/{rel}","templated":true}]}}