{"id":7856,"date":"2021-01-18T13:47:02","date_gmt":"2021-01-18T19:47:02","guid":{"rendered":"https:\/\/thepueblatimes.mx\/?p=7856"},"modified":"2021-01-18T13:47:02","modified_gmt":"2021-01-18T19:47:02","slug":"en-riesgo-puebla-de-regresar-a-semaforo-covid-rojo-gobierno","status":"publish","type":"post","link":"https:\/\/thepueblatimes.mx\/index.php\/2021\/01\/18\/en-riesgo-puebla-de-regresar-a-semaforo-covid-rojo-gobierno\/","title":{"rendered":"En riesgo Puebla de regresar a sem\u00e1foro Covid rojo: gobierno"},"content":{"rendered":"<div class=\"content-body clearfix \">\n<div id=\"content-body-225-6256271\">\n<p>La entidad poblana tiene riesgo de regresar al sem\u00e1foro rojo de contagios por coronavirus, ya que se siguen registrando nuevas infecciones que son resultado de las compras, la movilidad y las reuniones de Navidad, A\u00f1o Nuevo, as\u00ed como del D\u00eda de Reyes Magos.<\/p>\n<p>Lo anterior lo confirm\u00f3 el gobernador, Luis Miguel Barbosa Huerta, quien en esta ocasi\u00f3n estuvo de acuerdo con las autoridades federales, pues el fin de semana informaron que, aunque Puebla estar\u00e1 durante 15 d\u00edas m\u00e1s en naranja, tiene una alta probabilidad de regresar al color rojo.<\/p>\n<\/div>\n<\/div>\n<article class=\"content-continued-body clearfix \">\n<div id=\"content-body-5851641-6256271\">\n<p>\u201cPues s\u00ed, es cierto, por eso tomamos las medidas de los decretos recientes y estamos bajando los contagios, pero desafortunadamente todav\u00eda estamos viendo las consecuencias de los d\u00edas de enorme lleno en las calles, de las fiestas y hay un proceso que yo espero sea de recuperaci\u00f3n del convencimiento de los poblanos de hacer las cosas bien para que salgamos de esta crisis\u201d, coment\u00f3.<\/p>\n<p>Se\u00f1al\u00f3 que Puebla capital est\u00e1 en color rojo, mientras que las dem\u00e1s regiones tienen un amarillo ascendente rumbo a naranja y en el tema de hospitalizaciones los porcentajes tambi\u00e9n siguen creciendo. Por esta situaci\u00f3n, asegur\u00f3 que su administraci\u00f3n ya tiene la estrategia para ampliar el n\u00famero de camas en los hospitales y poder atender a todos los que lo necesiten.<\/p>\n<p>Aunque en esta ocasi\u00f3n estuvo de acuerdo con los datos que arrojaron las autoridades federales, record\u00f3 que la entidad tiene su propio sem\u00e1foro epidemiol\u00f3gico, y las decisiones que tom\u00f3 y que tomar\u00e1 su administraci\u00f3n ser\u00e1n a partir de sus propias mediciones, no las del Gobierno de M\u00e9xico.<\/p>\n<p>\u201cTenemos coordinaci\u00f3n con la federaci\u00f3n, pero tenemos nuestras propias decisiones, a nosotros nadie nos revisa lo que hacemos ac\u00e1, nadie nos dice que hacer o que no hacer. Entonces estamos actuando con la debida atingencia y claridad\u201d, comparti\u00f3.<\/p>\n<p><b>SEGUIR\u00c1N CERRADOS RESTAURANTES EN PUEBLA<\/b><\/p>\n<p>En el mismo sentido, dej\u00f3 en claro que los restaurantes de Puebla no abrir\u00e1n hasta que el gobierno que \u00e9l encabeza anuncie su regreso. Si bien, en la Ciudad de M\u00e9xico ya se aprob\u00f3 que esta semana los restaurantes abran, considera que la situaci\u00f3n de la pandemia es diferente en cada entidad.<\/p>\n<p>Ser\u00e1 antes del 25 de enero (d\u00eda que termina el segundo confinamiento) que la administraci\u00f3n estatal dar\u00e1 a conocer las nuevas medidas restrictivas que tendr\u00e1n que acatar los negocios, as\u00ed como establecimientos de varios giros.<\/p>\n<p>\u00abRespecto a las decisiones que tome gobierno de la Ciudad en el combate a COVID-19 son decisiones de ellos, no estamos viendo que se decide en M\u00e9xico para aplicarlo en Puebla, aqu\u00ed tenemos mucha claridad de lo que estamos haciendo, nuestro decreto se vence el 25, y antes del 25 vamos anunciar lo que sigue\u00bb, declar\u00f3<\/p>\n<p><b>CONFIRMA PAROS T\u00c9CNICOS PARA EVITAR CONTAGIOS DE LA COVID-19<\/b><\/p>\n<p>Aunado al tema de la pandemia, Barbosa Huerta, confirm\u00f3 que tienen informaci\u00f3n de que varias empresas, principalmente del ramo automotriz realizar\u00e1n paros t\u00e9cnicos escalonados para evitar contagios masivos de la Covid-19 y acept\u00f3 que este tipo de decisiones afectan la econom\u00eda de Puebla.<\/p>\n<p>\u201cS\u00ed tenemos informaci\u00f3n de que diversas empresas programando llevar a cabo paros t\u00e9cnicos para evitar contagios, todo se descompuso se\u00f1ores, entonces estamos pagando las consecuencias de nuestros comportamientos\u201d, lament\u00f3.<\/p>\n<p>El 13 de enero El Sol de Puebla dio a conocer que el Sindicato Independiente de Trabajadores de Audi M\u00e9xico (SITAUDI) anunci\u00f3 un paro t\u00e9cnico de actividades en los diversos turnos a fin de evitar aglomeraciones en la planta ubicada en San Jos\u00e9 Chiapa.<\/p>\n<p>Fue a partir del s\u00e1bado 16 de enero y hasta el 30 del mismo mes que los trabajadores sindicalizados se turnar\u00e1n para realizar las actividades al interior de la armadora de los cuatro aros.<\/p>\n<p><b>\u201cCARAVANA VA A PROVOCAR MUCHOS PROBLEMAS\u201d<\/b><\/p>\n<p>En otro tema, el mandatario fue cuestionado por la caravana migrante que cada a\u00f1o pasa por el territorio poblana y que en esta ocasi\u00f3n se estima su llegada dentro de dos semanas, ya que el 15 de enero m\u00e1s de 4 mil 500 personas cruzaron la frontera guatemalteca con la intenci\u00f3n de llegar hasta Estados Unidos.<\/p>\n<p>Ante esta informaci\u00f3n, dijo que su administraci\u00f3n siempre ha sido solidaria con los migrantes, sin embargo, dej\u00f3 en claro que su movilizaci\u00f3n al ser tan grande puede provocar muchos problemas sanitarios derivado de la pandemia.<\/p>\n<p>\u201cTodo migrante que ha pasado por suelo poblano se le ha garantizado sus derechos humanos y se le ha tenido una gran solidaridad con su situaci\u00f3n precaria, con sus necesidades. Organizaciones civiles, gobierno del estado con sus diferentes dependencias, hemos estado atentos y vamos a seguir as\u00ed (\u2026) claro que el tr\u00e1nsito por el pa\u00eds de una caravana tan grande va a provocar muchos problemas y eso lo sabemos, pero mantenemos una pol\u00edtica de solidaridad\u201d, concluy\u00f3.<\/p>\n<\/div>\n<\/article>\n","protected":false},"excerpt":{"rendered":"<p>La entidad poblana tiene riesgo de regresar al sem\u00e1foro rojo de contagios por coronavirus, ya que se siguen registrando nuevas infecciones que son resultado de las compras, la movilidad y las reuniones de Navidad, A\u00f1o Nuevo, as\u00ed como del D\u00eda de Reyes Magos. Lo anterior lo confirm\u00f3 el gobernador, Luis Miguel Barbosa Huerta, quien en&#8230;<\/p>\n","protected":false},"author":15,"featured_media":7857,"comment_status":"open","ping_status":"open","sticky":false,"template":"","format":"standard","meta":[],"categories":[3],"tags":[71,49],"yoast_head":"<!-- This site is optimized with the Yoast SEO plugin v20.8 - https:\/\/yoast.com\/wordpress\/plugins\/seo\/ -->\n<title>En riesgo Puebla de regresar a sem\u00e1foro Covid rojo: gobierno - The Puebla Times<\/title>\n<meta name=\"robots\" content=\"index, follow, max-snippet:-1, max-image-preview:large, max-video-preview:-1\" \/>\n<link rel=\"canonical\" href=\"https:\/\/thepueblatimes.mx\/index.php\/2021\/01\/18\/en-riesgo-puebla-de-regresar-a-semaforo-covid-rojo-gobierno\/\" \/>\n<meta property=\"og:locale\" content=\"es_ES\" \/>\n<meta property=\"og:type\" content=\"article\" \/>\n<meta property=\"og:title\" content=\"En riesgo Puebla de regresar a sem\u00e1foro Covid rojo: gobierno - The Puebla Times\" \/>\n<meta property=\"og:description\" content=\"La entidad poblana tiene riesgo de regresar al sem\u00e1foro rojo de contagios por coronavirus, ya que se siguen registrando nuevas infecciones que son resultado de las compras, la movilidad y las reuniones de Navidad, A\u00f1o Nuevo, as\u00ed como del D\u00eda de Reyes Magos. Lo anterior lo confirm\u00f3 el gobernador, Luis Miguel Barbosa Huerta, quien en...\" \/>\n<meta property=\"og:url\" content=\"https:\/\/thepueblatimes.mx\/index.php\/2021\/01\/18\/en-riesgo-puebla-de-regresar-a-semaforo-covid-rojo-gobierno\/\" \/>\n<meta property=\"og:site_name\" content=\"The Puebla Times\" \/>\n<meta property=\"article:published_time\" content=\"2021-01-18T19:47:02+00:00\" \/>\n<meta property=\"og:image\" content=\"https:\/\/thepueblatimes.mx\/wp-content\/uploads\/2021\/01\/HOSPITAL-GENERAL-CHOLULA-MUERTO-COVID-JOSELB-17012021-002.jpg\" \/>\n\t<meta property=\"og:image:width\" content=\"768\" \/>\n\t<meta property=\"og:image:height\" content=\"479\" \/>\n\t<meta property=\"og:image:type\" content=\"image\/jpeg\" \/>\n<meta name=\"author\" content=\"Francisco S\u00e1nchez Nolasco\" \/>\n<meta name=\"twitter:card\" content=\"summary_large_image\" \/>\n<meta name=\"twitter:label1\" content=\"Escrito por\" \/>\n\t<meta name=\"twitter:data1\" content=\"Francisco S\u00e1nchez Nolasco\" \/>\n\t<meta name=\"twitter:label2\" content=\"Tiempo de lectura\" \/>\n\t<meta name=\"twitter:data2\" content=\"4 minutos\" \/>\n<script type=\"application\/ld+json\" class=\"yoast-schema-graph\">{\"@context\":\"https:\/\/schema.org\",\"@graph\":[{\"@type\":\"WebPage\",\"@id\":\"https:\/\/thepueblatimes.mx\/index.php\/2021\/01\/18\/en-riesgo-puebla-de-regresar-a-semaforo-covid-rojo-gobierno\/\",\"url\":\"https:\/\/thepueblatimes.mx\/index.php\/2021\/01\/18\/en-riesgo-puebla-de-regresar-a-semaforo-covid-rojo-gobierno\/\",\"name\":\"En riesgo Puebla de regresar a sem\u00e1foro Covid rojo: gobierno - The Puebla Times\",\"isPartOf\":{\"@id\":\"https:\/\/thepueblatimes.mx\/#website\"},\"datePublished\":\"2021-01-18T19:47:02+00:00\",\"dateModified\":\"2021-01-18T19:47:02+00:00\",\"author\":{\"@id\":\"https:\/\/thepueblatimes.mx\/#\/schema\/person\/7bdf2adbc50078b104bba72b5612f774\"},\"breadcrumb\":{\"@id\":\"https:\/\/thepueblatimes.mx\/index.php\/2021\/01\/18\/en-riesgo-puebla-de-regresar-a-semaforo-covid-rojo-gobierno\/#breadcrumb\"},\"inLanguage\":\"es\",\"potentialAction\":[{\"@type\":\"ReadAction\",\"target\":[\"https:\/\/thepueblatimes.mx\/index.php\/2021\/01\/18\/en-riesgo-puebla-de-regresar-a-semaforo-covid-rojo-gobierno\/\"]}]},{\"@type\":\"BreadcrumbList\",\"@id\":\"https:\/\/thepueblatimes.mx\/index.php\/2021\/01\/18\/en-riesgo-puebla-de-regresar-a-semaforo-covid-rojo-gobierno\/#breadcrumb\",\"itemListElement\":[{\"@type\":\"ListItem\",\"position\":1,\"name\":\"Portada\",\"item\":\"https:\/\/thepueblatimes.mx\/\"},{\"@type\":\"ListItem\",\"position\":2,\"name\":\"En riesgo Puebla de regresar a sem\u00e1foro Covid rojo: gobierno\"}]},{\"@type\":\"WebSite\",\"@id\":\"https:\/\/thepueblatimes.mx\/#website\",\"url\":\"https:\/\/thepueblatimes.mx\/\",\"name\":\"The Puebla Times\",\"description\":\"Noticias del Estado de Puebla\",\"potentialAction\":[{\"@type\":\"SearchAction\",\"target\":{\"@type\":\"EntryPoint\",\"urlTemplate\":\"https:\/\/thepueblatimes.mx\/?s={search_term_string}\"},\"query-input\":\"required name=search_term_string\"}],\"inLanguage\":\"es\"},{\"@type\":\"Person\",\"@id\":\"https:\/\/thepueblatimes.mx\/#\/schema\/person\/7bdf2adbc50078b104bba72b5612f774\",\"name\":\"Francisco S\u00e1nchez Nolasco\",\"image\":{\"@type\":\"ImageObject\",\"inLanguage\":\"es\",\"@id\":\"https:\/\/thepueblatimes.mx\/#\/schema\/person\/image\/\",\"url\":\"https:\/\/secure.gravatar.com\/avatar\/6061d7d20b38bc2742a5218401b198d2?s=96&d=mm&r=g\",\"contentUrl\":\"https:\/\/secure.gravatar.com\/avatar\/6061d7d20b38bc2742a5218401b198d2?s=96&d=mm&r=g\",\"caption\":\"Francisco S\u00e1nchez Nolasco\"},\"url\":\"https:\/\/thepueblatimes.mx\/index.php\/author\/marianitha-reyes\/\"}]}<\/script>\n<!-- \/ Yoast SEO plugin. -->","yoast_head_json":{"title":"En riesgo Puebla de regresar a sem\u00e1foro Covid rojo: gobierno - The Puebla Times","robots":{"index":"index","follow":"follow","max-snippet":"max-snippet:-1","max-image-preview":"max-image-preview:large","max-video-preview":"max-video-preview:-1"},"canonical":"https:\/\/thepueblatimes.mx\/index.php\/2021\/01\/18\/en-riesgo-puebla-de-regresar-a-semaforo-covid-rojo-gobierno\/","og_locale":"es_ES","og_type":"article","og_title":"En riesgo Puebla de regresar a sem\u00e1foro Covid rojo: gobierno - The Puebla Times","og_description":"La entidad poblana tiene riesgo de regresar al sem\u00e1foro rojo de contagios por coronavirus, ya que se siguen registrando nuevas infecciones que son resultado de las compras, la movilidad y las reuniones de Navidad, A\u00f1o Nuevo, as\u00ed como del D\u00eda de Reyes Magos. Lo anterior lo confirm\u00f3 el gobernador, Luis Miguel Barbosa Huerta, quien en...","og_url":"https:\/\/thepueblatimes.mx\/index.php\/2021\/01\/18\/en-riesgo-puebla-de-regresar-a-semaforo-covid-rojo-gobierno\/","og_site_name":"The Puebla Times","article_published_time":"2021-01-18T19:47:02+00:00","og_image":[{"width":768,"height":479,"url":"https:\/\/thepueblatimes.mx\/wp-content\/uploads\/2021\/01\/HOSPITAL-GENERAL-CHOLULA-MUERTO-COVID-JOSELB-17012021-002.jpg","type":"image\/jpeg"}],"author":"Francisco S\u00e1nchez Nolasco","twitter_card":"summary_large_image","twitter_misc":{"Escrito por":"Francisco S\u00e1nchez Nolasco","Tiempo de lectura":"4 minutos"},"schema":{"@context":"https:\/\/schema.org","@graph":[{"@type":"WebPage","@id":"https:\/\/thepueblatimes.mx\/index.php\/2021\/01\/18\/en-riesgo-puebla-de-regresar-a-semaforo-covid-rojo-gobierno\/","url":"https:\/\/thepueblatimes.mx\/index.php\/2021\/01\/18\/en-riesgo-puebla-de-regresar-a-semaforo-covid-rojo-gobierno\/","name":"En riesgo Puebla de regresar a sem\u00e1foro Covid rojo: gobierno - The Puebla Times","isPartOf":{"@id":"https:\/\/thepueblatimes.mx\/#website"},"datePublished":"2021-01-18T19:47:02+00:00","dateModified":"2021-01-18T19:47:02+00:00","author":{"@id":"https:\/\/thepueblatimes.mx\/#\/schema\/person\/7bdf2adbc50078b104bba72b5612f774"},"breadcrumb":{"@id":"https:\/\/thepueblatimes.mx\/index.php\/2021\/01\/18\/en-riesgo-puebla-de-regresar-a-semaforo-covid-rojo-gobierno\/#breadcrumb"},"inLanguage":"es","potentialAction":[{"@type":"ReadAction","target":["https:\/\/thepueblatimes.mx\/index.php\/2021\/01\/18\/en-riesgo-puebla-de-regresar-a-semaforo-covid-rojo-gobierno\/"]}]},{"@type":"BreadcrumbList","@id":"https:\/\/thepueblatimes.mx\/index.php\/2021\/01\/18\/en-riesgo-puebla-de-regresar-a-semaforo-covid-rojo-gobierno\/#breadcrumb","itemListElement":[{"@type":"ListItem","position":1,"name":"Portada","item":"https:\/\/thepueblatimes.mx\/"},{"@type":"ListItem","position":2,"name":"En riesgo Puebla de regresar a sem\u00e1foro Covid rojo: gobierno"}]},{"@type":"WebSite","@id":"https:\/\/thepueblatimes.mx\/#website","url":"https:\/\/thepueblatimes.mx\/","name":"The Puebla Times","description":"Noticias del Estado de Puebla","potentialAction":[{"@type":"SearchAction","target":{"@type":"EntryPoint","urlTemplate":"https:\/\/thepueblatimes.mx\/?s={search_term_string}"},"query-input":"required name=search_term_string"}],"inLanguage":"es"},{"@type":"Person","@id":"https:\/\/thepueblatimes.mx\/#\/schema\/person\/7bdf2adbc50078b104bba72b5612f774","name":"Francisco S\u00e1nchez Nolasco","image":{"@type":"ImageObject","inLanguage":"es","@id":"https:\/\/thepueblatimes.mx\/#\/schema\/person\/image\/","url":"https:\/\/secure.gravatar.com\/avatar\/6061d7d20b38bc2742a5218401b198d2?s=96&d=mm&r=g","contentUrl":"https:\/\/secure.gravatar.com\/avatar\/6061d7d20b38bc2742a5218401b198d2?s=96&d=mm&r=g","caption":"Francisco S\u00e1nchez Nolasco"},"url":"https:\/\/thepueblatimes.mx\/index.php\/author\/marianitha-reyes\/"}]}},"jetpack_featured_media_url":"https:\/\/thepueblatimes.mx\/wp-content\/uploads\/2021\/01\/HOSPITAL-GENERAL-CHOLULA-MUERTO-COVID-JOSELB-17012021-002.jpg","_links":{"self":[{"href":"https:\/\/thepueblatimes.mx\/index.php\/wp-json\/wp\/v2\/posts\/7856"}],"collection":[{"href":"https:\/\/thepueblatimes.mx\/index.php\/wp-json\/wp\/v2\/posts"}],"about":[{"href":"https:\/\/thepueblatimes.mx\/index.php\/wp-json\/wp\/v2\/types\/post"}],"author":[{"embeddable":true,"href":"https:\/\/thepueblatimes.mx\/index.php\/wp-json\/wp\/v2\/users\/15"}],"replies":[{"embeddable":true,"href":"https:\/\/thepueblatimes.mx\/index.php\/wp-json\/wp\/v2\/comments?post=7856"}],"version-history":[{"count":1,"href":"https:\/\/thepueblatimes.mx\/index.php\/wp-json\/wp\/v2\/posts\/7856\/revisions"}],"predecessor-version":[{"id":7858,"href":"https:\/\/thepueblatimes.mx\/index.php\/wp-json\/wp\/v2\/posts\/7856\/revisions\/7858"}],"wp:featuredmedia":[{"embeddable":true,"href":"https:\/\/thepueblatimes.mx\/index.php\/wp-json\/wp\/v2\/media\/7857"}],"wp:attachment":[{"href":"https:\/\/thepueblatimes.mx\/index.php\/wp-json\/wp\/v2\/media?parent=7856"}],"wp:term":[{"taxonomy":"category","embeddable":true,"href":"https:\/\/thepueblatimes.mx\/index.php\/wp-json\/wp\/v2\/categories?post=7856"},{"taxonomy":"post_tag","embeddable":true,"href":"https:\/\/thepueblatimes.mx\/index.php\/wp-json\/wp\/v2\/tags?post=7856"}],"curies":[{"name":"wp","href":"https:\/\/api.w.org\/{rel}","templated":true}]}}