{"id":7849,"date":"2021-01-18T13:39:52","date_gmt":"2021-01-18T19:39:52","guid":{"rendered":"https:\/\/thepueblatimes.mx\/?p=7849"},"modified":"2021-01-18T13:39:52","modified_gmt":"2021-01-18T19:39:52","slug":"garantiza-barbosa-derechos-humanos-de-caravana-de-migrantes","status":"publish","type":"post","link":"https:\/\/thepueblatimes.mx\/index.php\/2021\/01\/18\/garantiza-barbosa-derechos-humanos-de-caravana-de-migrantes\/","title":{"rendered":"Garantiza Barbosa derechos humanos de caravana de migrantes"},"content":{"rendered":"<p>Puebla, Pue.- El gobernador\u00a0<strong>Miguel Barbosa Huerta asegur\u00f3 que respetar\u00e1 los derechos humanos de la caravana de migrantes provenientes de Centroam\u00e9rica, durante su paso por Puebla,<\/strong>\u00a0por lo que mantendr\u00e1 su pol\u00edtica de solidaridad con estas personas que buscan cruzar la frontera a Estados Unidos a fin de mejorar su calidad de vida.<\/p>\n<p>Lo anterior luego de que la organizaci\u00f3n internacional Humans Rights Watch (HRW) document\u00f3 violaciones a los derechos humanos de personas migrantes en 2017, durante su recorrido por la entidad poblana, entre estos hechos el caso de una mujer narr\u00f3 el ataque del que fue v\u00edctima, junto con otras 80 personas en territorio poblano por un grupo armado, que los extorsion\u00f3 y secuestr\u00f3 por cinco d\u00edas hasta que pagaran el rescate.<\/p>\n<p>El jefe del Ejecutivo estatal expres\u00f3 que desde su administraci\u00f3n siempre han estado atentos en garantizar la seguridad y derechos humanos de los migrantes provenientes de Honduras, El Salvador y Nicaragua.<\/p>\n<p>\u201cTodo migrante que pasa por Puebla se garantiza sus derechos humanos, organizaciones civiles, hemos estado atentos, hablo de mi gobierno que empez\u00f3 en agosto de 2019. El tr\u00e1nsito por esta caravana provocar\u00e1 muchos problemas pero nosotros mantenemos una pol\u00edtica de solidaridad con todos los seres humanos\u201d, sostuvo.<\/p>\n<p>El mandatario estatal no precis\u00f3 si desde su administraci\u00f3n ofrecer\u00e1 albergues y comida los migrantes centroamericanos, sin embargo, asegur\u00f3 que ofrecer\u00e1n que se respeten sus derechos humanos a fin de evitar que sean v\u00edctimas de la delincuencia organizada.<\/p>\n<p>Es importante mencionar que la organizaci\u00f3n internacional Humans Rights Watch (HRW) inform\u00f3 que en una semana la caravana de migrantes que abri\u00f3 paso por Guatemala en su camino hacia Estados Unidos, llegar\u00e1 a la entidad poblana, debido a que la tarde de este 15 de enero m\u00e1s de 4 mil 500 personas cruzaron la frontera guatemalteca con la intenci\u00f3n de llegar hasta Estados Unidos para mejorar su calidad debido a la violencia creciente en sus pa\u00edses de origen.<\/p>\n","protected":false},"excerpt":{"rendered":"<p>Puebla, Pue.- El gobernador\u00a0Miguel Barbosa Huerta asegur\u00f3 que respetar\u00e1 los derechos humanos de la caravana de migrantes provenientes de Centroam\u00e9rica, durante su paso por Puebla,\u00a0por lo que mantendr\u00e1 su pol\u00edtica de solidaridad con estas personas que buscan cruzar la frontera a Estados Unidos a fin de mejorar su calidad de vida. Lo anterior luego de&#8230;<\/p>\n","protected":false},"author":15,"featured_media":7854,"comment_status":"open","ping_status":"open","sticky":false,"template":"","format":"standard","meta":[],"categories":[3],"tags":[217,135],"yoast_head":"<!-- This site is optimized with the Yoast SEO plugin v20.8 - https:\/\/yoast.com\/wordpress\/plugins\/seo\/ -->\n<title>Garantiza Barbosa derechos humanos de caravana de migrantes - The Puebla Times<\/title>\n<meta name=\"robots\" content=\"index, follow, max-snippet:-1, max-image-preview:large, max-video-preview:-1\" \/>\n<link rel=\"canonical\" href=\"https:\/\/thepueblatimes.mx\/index.php\/2021\/01\/18\/garantiza-barbosa-derechos-humanos-de-caravana-de-migrantes\/\" \/>\n<meta property=\"og:locale\" content=\"es_ES\" \/>\n<meta property=\"og:type\" content=\"article\" \/>\n<meta property=\"og:title\" content=\"Garantiza Barbosa derechos humanos de caravana de migrantes - The Puebla Times\" \/>\n<meta property=\"og:description\" content=\"Puebla, Pue.- El gobernador\u00a0Miguel Barbosa Huerta asegur\u00f3 que respetar\u00e1 los derechos humanos de la caravana de migrantes provenientes de Centroam\u00e9rica, durante su paso por Puebla,\u00a0por lo que mantendr\u00e1 su pol\u00edtica de solidaridad con estas personas que buscan cruzar la frontera a Estados Unidos a fin de mejorar su calidad de vida. Lo anterior luego de...\" \/>\n<meta property=\"og:url\" content=\"https:\/\/thepueblatimes.mx\/index.php\/2021\/01\/18\/garantiza-barbosa-derechos-humanos-de-caravana-de-migrantes\/\" \/>\n<meta property=\"og:site_name\" content=\"The Puebla Times\" \/>\n<meta property=\"article:published_time\" content=\"2021-01-18T19:39:52+00:00\" \/>\n<meta property=\"og:image\" content=\"https:\/\/thepueblatimes.mx\/wp-content\/uploads\/2021\/01\/migras_1.jpg\" \/>\n\t<meta property=\"og:image:width\" content=\"800\" \/>\n\t<meta property=\"og:image:height\" content=\"535\" \/>\n\t<meta property=\"og:image:type\" content=\"image\/jpeg\" \/>\n<meta name=\"author\" content=\"Francisco S\u00e1nchez Nolasco\" \/>\n<meta name=\"twitter:card\" content=\"summary_large_image\" \/>\n<meta name=\"twitter:label1\" content=\"Escrito por\" \/>\n\t<meta name=\"twitter:data1\" content=\"Francisco S\u00e1nchez Nolasco\" \/>\n\t<meta name=\"twitter:label2\" content=\"Tiempo de lectura\" \/>\n\t<meta name=\"twitter:data2\" content=\"2 minutos\" \/>\n<script type=\"application\/ld+json\" class=\"yoast-schema-graph\">{\"@context\":\"https:\/\/schema.org\",\"@graph\":[{\"@type\":\"WebPage\",\"@id\":\"https:\/\/thepueblatimes.mx\/index.php\/2021\/01\/18\/garantiza-barbosa-derechos-humanos-de-caravana-de-migrantes\/\",\"url\":\"https:\/\/thepueblatimes.mx\/index.php\/2021\/01\/18\/garantiza-barbosa-derechos-humanos-de-caravana-de-migrantes\/\",\"name\":\"Garantiza Barbosa derechos humanos de caravana de migrantes - The Puebla Times\",\"isPartOf\":{\"@id\":\"https:\/\/thepueblatimes.mx\/#website\"},\"datePublished\":\"2021-01-18T19:39:52+00:00\",\"dateModified\":\"2021-01-18T19:39:52+00:00\",\"author\":{\"@id\":\"https:\/\/thepueblatimes.mx\/#\/schema\/person\/7bdf2adbc50078b104bba72b5612f774\"},\"breadcrumb\":{\"@id\":\"https:\/\/thepueblatimes.mx\/index.php\/2021\/01\/18\/garantiza-barbosa-derechos-humanos-de-caravana-de-migrantes\/#breadcrumb\"},\"inLanguage\":\"es\",\"potentialAction\":[{\"@type\":\"ReadAction\",\"target\":[\"https:\/\/thepueblatimes.mx\/index.php\/2021\/01\/18\/garantiza-barbosa-derechos-humanos-de-caravana-de-migrantes\/\"]}]},{\"@type\":\"BreadcrumbList\",\"@id\":\"https:\/\/thepueblatimes.mx\/index.php\/2021\/01\/18\/garantiza-barbosa-derechos-humanos-de-caravana-de-migrantes\/#breadcrumb\",\"itemListElement\":[{\"@type\":\"ListItem\",\"position\":1,\"name\":\"Portada\",\"item\":\"https:\/\/thepueblatimes.mx\/\"},{\"@type\":\"ListItem\",\"position\":2,\"name\":\"Garantiza Barbosa derechos humanos de caravana de migrantes\"}]},{\"@type\":\"WebSite\",\"@id\":\"https:\/\/thepueblatimes.mx\/#website\",\"url\":\"https:\/\/thepueblatimes.mx\/\",\"name\":\"The Puebla Times\",\"description\":\"Noticias del Estado de Puebla\",\"potentialAction\":[{\"@type\":\"SearchAction\",\"target\":{\"@type\":\"EntryPoint\",\"urlTemplate\":\"https:\/\/thepueblatimes.mx\/?s={search_term_string}\"},\"query-input\":\"required name=search_term_string\"}],\"inLanguage\":\"es\"},{\"@type\":\"Person\",\"@id\":\"https:\/\/thepueblatimes.mx\/#\/schema\/person\/7bdf2adbc50078b104bba72b5612f774\",\"name\":\"Francisco S\u00e1nchez Nolasco\",\"image\":{\"@type\":\"ImageObject\",\"inLanguage\":\"es\",\"@id\":\"https:\/\/thepueblatimes.mx\/#\/schema\/person\/image\/\",\"url\":\"https:\/\/secure.gravatar.com\/avatar\/6061d7d20b38bc2742a5218401b198d2?s=96&d=mm&r=g\",\"contentUrl\":\"https:\/\/secure.gravatar.com\/avatar\/6061d7d20b38bc2742a5218401b198d2?s=96&d=mm&r=g\",\"caption\":\"Francisco S\u00e1nchez Nolasco\"},\"url\":\"https:\/\/thepueblatimes.mx\/index.php\/author\/marianitha-reyes\/\"}]}<\/script>\n<!-- \/ Yoast SEO plugin. -->","yoast_head_json":{"title":"Garantiza Barbosa derechos humanos de caravana de migrantes - The Puebla Times","robots":{"index":"index","follow":"follow","max-snippet":"max-snippet:-1","max-image-preview":"max-image-preview:large","max-video-preview":"max-video-preview:-1"},"canonical":"https:\/\/thepueblatimes.mx\/index.php\/2021\/01\/18\/garantiza-barbosa-derechos-humanos-de-caravana-de-migrantes\/","og_locale":"es_ES","og_type":"article","og_title":"Garantiza Barbosa derechos humanos de caravana de migrantes - The Puebla Times","og_description":"Puebla, Pue.- El gobernador\u00a0Miguel Barbosa Huerta asegur\u00f3 que respetar\u00e1 los derechos humanos de la caravana de migrantes provenientes de Centroam\u00e9rica, durante su paso por Puebla,\u00a0por lo que mantendr\u00e1 su pol\u00edtica de solidaridad con estas personas que buscan cruzar la frontera a Estados Unidos a fin de mejorar su calidad de vida. Lo anterior luego de...","og_url":"https:\/\/thepueblatimes.mx\/index.php\/2021\/01\/18\/garantiza-barbosa-derechos-humanos-de-caravana-de-migrantes\/","og_site_name":"The Puebla Times","article_published_time":"2021-01-18T19:39:52+00:00","og_image":[{"width":800,"height":535,"url":"https:\/\/thepueblatimes.mx\/wp-content\/uploads\/2021\/01\/migras_1.jpg","type":"image\/jpeg"}],"author":"Francisco S\u00e1nchez Nolasco","twitter_card":"summary_large_image","twitter_misc":{"Escrito por":"Francisco S\u00e1nchez Nolasco","Tiempo de lectura":"2 minutos"},"schema":{"@context":"https:\/\/schema.org","@graph":[{"@type":"WebPage","@id":"https:\/\/thepueblatimes.mx\/index.php\/2021\/01\/18\/garantiza-barbosa-derechos-humanos-de-caravana-de-migrantes\/","url":"https:\/\/thepueblatimes.mx\/index.php\/2021\/01\/18\/garantiza-barbosa-derechos-humanos-de-caravana-de-migrantes\/","name":"Garantiza Barbosa derechos humanos de caravana de migrantes - The Puebla Times","isPartOf":{"@id":"https:\/\/thepueblatimes.mx\/#website"},"datePublished":"2021-01-18T19:39:52+00:00","dateModified":"2021-01-18T19:39:52+00:00","author":{"@id":"https:\/\/thepueblatimes.mx\/#\/schema\/person\/7bdf2adbc50078b104bba72b5612f774"},"breadcrumb":{"@id":"https:\/\/thepueblatimes.mx\/index.php\/2021\/01\/18\/garantiza-barbosa-derechos-humanos-de-caravana-de-migrantes\/#breadcrumb"},"inLanguage":"es","potentialAction":[{"@type":"ReadAction","target":["https:\/\/thepueblatimes.mx\/index.php\/2021\/01\/18\/garantiza-barbosa-derechos-humanos-de-caravana-de-migrantes\/"]}]},{"@type":"BreadcrumbList","@id":"https:\/\/thepueblatimes.mx\/index.php\/2021\/01\/18\/garantiza-barbosa-derechos-humanos-de-caravana-de-migrantes\/#breadcrumb","itemListElement":[{"@type":"ListItem","position":1,"name":"Portada","item":"https:\/\/thepueblatimes.mx\/"},{"@type":"ListItem","position":2,"name":"Garantiza Barbosa derechos humanos de caravana de migrantes"}]},{"@type":"WebSite","@id":"https:\/\/thepueblatimes.mx\/#website","url":"https:\/\/thepueblatimes.mx\/","name":"The Puebla Times","description":"Noticias del Estado de Puebla","potentialAction":[{"@type":"SearchAction","target":{"@type":"EntryPoint","urlTemplate":"https:\/\/thepueblatimes.mx\/?s={search_term_string}"},"query-input":"required name=search_term_string"}],"inLanguage":"es"},{"@type":"Person","@id":"https:\/\/thepueblatimes.mx\/#\/schema\/person\/7bdf2adbc50078b104bba72b5612f774","name":"Francisco S\u00e1nchez Nolasco","image":{"@type":"ImageObject","inLanguage":"es","@id":"https:\/\/thepueblatimes.mx\/#\/schema\/person\/image\/","url":"https:\/\/secure.gravatar.com\/avatar\/6061d7d20b38bc2742a5218401b198d2?s=96&d=mm&r=g","contentUrl":"https:\/\/secure.gravatar.com\/avatar\/6061d7d20b38bc2742a5218401b198d2?s=96&d=mm&r=g","caption":"Francisco S\u00e1nchez Nolasco"},"url":"https:\/\/thepueblatimes.mx\/index.php\/author\/marianitha-reyes\/"}]}},"jetpack_featured_media_url":"https:\/\/thepueblatimes.mx\/wp-content\/uploads\/2021\/01\/migras_1.jpg","_links":{"self":[{"href":"https:\/\/thepueblatimes.mx\/index.php\/wp-json\/wp\/v2\/posts\/7849"}],"collection":[{"href":"https:\/\/thepueblatimes.mx\/index.php\/wp-json\/wp\/v2\/posts"}],"about":[{"href":"https:\/\/thepueblatimes.mx\/index.php\/wp-json\/wp\/v2\/types\/post"}],"author":[{"embeddable":true,"href":"https:\/\/thepueblatimes.mx\/index.php\/wp-json\/wp\/v2\/users\/15"}],"replies":[{"embeddable":true,"href":"https:\/\/thepueblatimes.mx\/index.php\/wp-json\/wp\/v2\/comments?post=7849"}],"version-history":[{"count":1,"href":"https:\/\/thepueblatimes.mx\/index.php\/wp-json\/wp\/v2\/posts\/7849\/revisions"}],"predecessor-version":[{"id":7855,"href":"https:\/\/thepueblatimes.mx\/index.php\/wp-json\/wp\/v2\/posts\/7849\/revisions\/7855"}],"wp:featuredmedia":[{"embeddable":true,"href":"https:\/\/thepueblatimes.mx\/index.php\/wp-json\/wp\/v2\/media\/7854"}],"wp:attachment":[{"href":"https:\/\/thepueblatimes.mx\/index.php\/wp-json\/wp\/v2\/media?parent=7849"}],"wp:term":[{"taxonomy":"category","embeddable":true,"href":"https:\/\/thepueblatimes.mx\/index.php\/wp-json\/wp\/v2\/categories?post=7849"},{"taxonomy":"post_tag","embeddable":true,"href":"https:\/\/thepueblatimes.mx\/index.php\/wp-json\/wp\/v2\/tags?post=7849"}],"curies":[{"name":"wp","href":"https:\/\/api.w.org\/{rel}","templated":true}]}}