{"id":7783,"date":"2021-01-16T00:06:17","date_gmt":"2021-01-16T06:06:17","guid":{"rendered":"https:\/\/thepueblatimes.mx\/?p=7783"},"modified":"2021-01-16T00:06:17","modified_gmt":"2021-01-16T06:06:17","slug":"reportan-con-covid-19-a-parroco-que-oficio-misa-masiva-en-aquixtla","status":"publish","type":"post","link":"https:\/\/thepueblatimes.mx\/index.php\/2021\/01\/16\/reportan-con-covid-19-a-parroco-que-oficio-misa-masiva-en-aquixtla\/","title":{"rendered":"Reportan con Covid-19 a p\u00e1rroco que ofici\u00f3 misa masiva en Aquixtla"},"content":{"rendered":"<div class=\"content-body clearfix \">\n<div id=\"content-body-225-6246373\"><\/div>\n<\/div>\n<div>\n<p>AQUIXTLA, Pue.- En redes sociales exhibieron fotograf\u00edas del padre Jos\u00e9 N, de la parroquia m\u00e1s importante en el municipio de Aquixtla, auxiliado de tanques de ox\u00edgeno y en las que refieren que result\u00f3 contagiado de Covid-19. Esto, a dos semanas de que fue severamente criticado por dos eventos religiosos masivos que celebr\u00f3 a finales del 2020 y el 1 de enero de 2021.<\/p>\n<p>El hecho ha desatado diversos comentarios como \u00abjusticia divina\u00bb, \u00aben el pecado va la penitencia\u00bb luego de que, en diciembre pasado el sacerdote realiz\u00f3 una celebraci\u00f3n eucar\u00edstica dominical masiva, sin las medidas sanitarias y que congreg\u00f3 a al menos 650 personas, quienes abarrotaron la Iglesia bajo el pretexto de la realizaci\u00f3n de confirmaciones.<\/p>\n<p>D\u00edas m\u00e1s tarde, el pasado 1 de enero, pese a los decretos del gobierno del estado por el notable incremento de casos de Covid-19, en la comunidad tambi\u00e9n celebraron la tradicional procesi\u00f3n \u00abAl Padre Jes\u00fas\u00bb, una de las m\u00e1s representativas del municipio. En un hecho que congreg\u00f3 a diversos peregrinos que mantuvieron cerrada la carretera que une Aquixtla con Tetela de Ocampo por varias horas.<\/p>\n<p>Ahora, en redes sociales circula una fotograf\u00eda del sacerdote, asistido de suero y usando puntas nasales, presuntamente contagiado de Covid-19. La imagen que circula desde la noche del jueves pasado es para pedir oraciones a favor de la pronta recuperaci\u00f3n del cl\u00e9rigo.<\/p>\n<p>Oficialmente, el 29 de diciembre se reconoc\u00edan 19 casos confirmados en este municipio, tres defunciones y cuatro sospechosos. Para este viernes 15 de enero se contabilizan 23 confirmados, un sospechoso y tres defunciones.<\/p>\n<\/div>\n<div class=\"advertisment \">\n<div id=\"dfp-nota-1x1s\" data-google-query-id=\"CPTU8orjn-4CFQFH1QodMlsFZw\">\n<div><\/div>\n<\/div>\n<\/div>\n<div id=\"sc_intxt_container\">\n<div>\n<div id=\"sc_ava_companion\" class=\"sc_intxt_hided\"><\/div>\n<\/div>\n<\/div>\n<div><\/div>\n<div class=\"advertisment \">\n<div id=\"dfp-nota-1x3s\" data-google-query-id=\"CPbU8orjn-4CFQFH1QodMlsFZw\"><\/div>\n<\/div>\n","protected":false},"excerpt":{"rendered":"<p>AQUIXTLA, Pue.- En redes sociales exhibieron fotograf\u00edas del padre Jos\u00e9 N, de la parroquia m\u00e1s importante en el municipio de Aquixtla, auxiliado de tanques de ox\u00edgeno y en las que refieren que result\u00f3 contagiado de Covid-19. Esto, a dos semanas de que fue severamente criticado por dos eventos religiosos masivos que celebr\u00f3 a finales del&#8230;<\/p>\n","protected":false},"author":15,"featured_media":7784,"comment_status":"open","ping_status":"open","sticky":false,"template":"","format":"standard","meta":[],"categories":[20],"tags":[71],"yoast_head":"<!-- This site is optimized with the Yoast SEO plugin v20.8 - https:\/\/yoast.com\/wordpress\/plugins\/seo\/ -->\n<title>Reportan con Covid-19 a p\u00e1rroco que ofici\u00f3 misa masiva en Aquixtla - The Puebla Times<\/title>\n<meta name=\"robots\" content=\"index, follow, max-snippet:-1, max-image-preview:large, max-video-preview:-1\" \/>\n<link rel=\"canonical\" href=\"https:\/\/thepueblatimes.mx\/index.php\/2021\/01\/16\/reportan-con-covid-19-a-parroco-que-oficio-misa-masiva-en-aquixtla\/\" \/>\n<meta property=\"og:locale\" content=\"es_ES\" \/>\n<meta property=\"og:type\" content=\"article\" \/>\n<meta property=\"og:title\" content=\"Reportan con Covid-19 a p\u00e1rroco que ofici\u00f3 misa masiva en Aquixtla - The Puebla Times\" \/>\n<meta property=\"og:description\" content=\"AQUIXTLA, Pue.- En redes sociales exhibieron fotograf\u00edas del padre Jos\u00e9 N, de la parroquia m\u00e1s importante en el municipio de Aquixtla, auxiliado de tanques de ox\u00edgeno y en las que refieren que result\u00f3 contagiado de Covid-19. Esto, a dos semanas de que fue severamente criticado por dos eventos religiosos masivos que celebr\u00f3 a finales del...\" \/>\n<meta property=\"og:url\" content=\"https:\/\/thepueblatimes.mx\/index.php\/2021\/01\/16\/reportan-con-covid-19-a-parroco-que-oficio-misa-masiva-en-aquixtla\/\" \/>\n<meta property=\"og:site_name\" content=\"The Puebla Times\" \/>\n<meta property=\"article:published_time\" content=\"2021-01-16T06:06:17+00:00\" \/>\n<meta property=\"og:image\" content=\"https:\/\/thepueblatimes.mx\/wp-content\/uploads\/2021\/01\/f925x521-305797_374661_5050.jpg\" \/>\n\t<meta property=\"og:image:width\" content=\"925\" \/>\n\t<meta property=\"og:image:height\" content=\"521\" \/>\n\t<meta property=\"og:image:type\" content=\"image\/jpeg\" \/>\n<meta name=\"author\" content=\"Francisco S\u00e1nchez Nolasco\" \/>\n<meta name=\"twitter:card\" content=\"summary_large_image\" \/>\n<meta name=\"twitter:label1\" content=\"Escrito por\" \/>\n\t<meta name=\"twitter:data1\" content=\"Francisco S\u00e1nchez Nolasco\" \/>\n\t<meta name=\"twitter:label2\" content=\"Tiempo de lectura\" \/>\n\t<meta name=\"twitter:data2\" content=\"1 minuto\" \/>\n<script type=\"application\/ld+json\" class=\"yoast-schema-graph\">{\"@context\":\"https:\/\/schema.org\",\"@graph\":[{\"@type\":\"WebPage\",\"@id\":\"https:\/\/thepueblatimes.mx\/index.php\/2021\/01\/16\/reportan-con-covid-19-a-parroco-que-oficio-misa-masiva-en-aquixtla\/\",\"url\":\"https:\/\/thepueblatimes.mx\/index.php\/2021\/01\/16\/reportan-con-covid-19-a-parroco-que-oficio-misa-masiva-en-aquixtla\/\",\"name\":\"Reportan con Covid-19 a p\u00e1rroco que ofici\u00f3 misa masiva en Aquixtla - The Puebla Times\",\"isPartOf\":{\"@id\":\"https:\/\/thepueblatimes.mx\/#website\"},\"datePublished\":\"2021-01-16T06:06:17+00:00\",\"dateModified\":\"2021-01-16T06:06:17+00:00\",\"author\":{\"@id\":\"https:\/\/thepueblatimes.mx\/#\/schema\/person\/7bdf2adbc50078b104bba72b5612f774\"},\"breadcrumb\":{\"@id\":\"https:\/\/thepueblatimes.mx\/index.php\/2021\/01\/16\/reportan-con-covid-19-a-parroco-que-oficio-misa-masiva-en-aquixtla\/#breadcrumb\"},\"inLanguage\":\"es\",\"potentialAction\":[{\"@type\":\"ReadAction\",\"target\":[\"https:\/\/thepueblatimes.mx\/index.php\/2021\/01\/16\/reportan-con-covid-19-a-parroco-que-oficio-misa-masiva-en-aquixtla\/\"]}]},{\"@type\":\"BreadcrumbList\",\"@id\":\"https:\/\/thepueblatimes.mx\/index.php\/2021\/01\/16\/reportan-con-covid-19-a-parroco-que-oficio-misa-masiva-en-aquixtla\/#breadcrumb\",\"itemListElement\":[{\"@type\":\"ListItem\",\"position\":1,\"name\":\"Portada\",\"item\":\"https:\/\/thepueblatimes.mx\/\"},{\"@type\":\"ListItem\",\"position\":2,\"name\":\"Reportan con Covid-19 a p\u00e1rroco que ofici\u00f3 misa masiva en Aquixtla\"}]},{\"@type\":\"WebSite\",\"@id\":\"https:\/\/thepueblatimes.mx\/#website\",\"url\":\"https:\/\/thepueblatimes.mx\/\",\"name\":\"The Puebla Times\",\"description\":\"Noticias del Estado de Puebla\",\"potentialAction\":[{\"@type\":\"SearchAction\",\"target\":{\"@type\":\"EntryPoint\",\"urlTemplate\":\"https:\/\/thepueblatimes.mx\/?s={search_term_string}\"},\"query-input\":\"required name=search_term_string\"}],\"inLanguage\":\"es\"},{\"@type\":\"Person\",\"@id\":\"https:\/\/thepueblatimes.mx\/#\/schema\/person\/7bdf2adbc50078b104bba72b5612f774\",\"name\":\"Francisco S\u00e1nchez Nolasco\",\"image\":{\"@type\":\"ImageObject\",\"inLanguage\":\"es\",\"@id\":\"https:\/\/thepueblatimes.mx\/#\/schema\/person\/image\/\",\"url\":\"https:\/\/secure.gravatar.com\/avatar\/6061d7d20b38bc2742a5218401b198d2?s=96&d=mm&r=g\",\"contentUrl\":\"https:\/\/secure.gravatar.com\/avatar\/6061d7d20b38bc2742a5218401b198d2?s=96&d=mm&r=g\",\"caption\":\"Francisco S\u00e1nchez Nolasco\"},\"url\":\"https:\/\/thepueblatimes.mx\/index.php\/author\/marianitha-reyes\/\"}]}<\/script>\n<!-- \/ Yoast SEO plugin. -->","yoast_head_json":{"title":"Reportan con Covid-19 a p\u00e1rroco que ofici\u00f3 misa masiva en Aquixtla - The Puebla Times","robots":{"index":"index","follow":"follow","max-snippet":"max-snippet:-1","max-image-preview":"max-image-preview:large","max-video-preview":"max-video-preview:-1"},"canonical":"https:\/\/thepueblatimes.mx\/index.php\/2021\/01\/16\/reportan-con-covid-19-a-parroco-que-oficio-misa-masiva-en-aquixtla\/","og_locale":"es_ES","og_type":"article","og_title":"Reportan con Covid-19 a p\u00e1rroco que ofici\u00f3 misa masiva en Aquixtla - The Puebla Times","og_description":"AQUIXTLA, Pue.- En redes sociales exhibieron fotograf\u00edas del padre Jos\u00e9 N, de la parroquia m\u00e1s importante en el municipio de Aquixtla, auxiliado de tanques de ox\u00edgeno y en las que refieren que result\u00f3 contagiado de Covid-19. Esto, a dos semanas de que fue severamente criticado por dos eventos religiosos masivos que celebr\u00f3 a finales del...","og_url":"https:\/\/thepueblatimes.mx\/index.php\/2021\/01\/16\/reportan-con-covid-19-a-parroco-que-oficio-misa-masiva-en-aquixtla\/","og_site_name":"The Puebla Times","article_published_time":"2021-01-16T06:06:17+00:00","og_image":[{"width":925,"height":521,"url":"https:\/\/thepueblatimes.mx\/wp-content\/uploads\/2021\/01\/f925x521-305797_374661_5050.jpg","type":"image\/jpeg"}],"author":"Francisco S\u00e1nchez Nolasco","twitter_card":"summary_large_image","twitter_misc":{"Escrito por":"Francisco S\u00e1nchez Nolasco","Tiempo de lectura":"1 minuto"},"schema":{"@context":"https:\/\/schema.org","@graph":[{"@type":"WebPage","@id":"https:\/\/thepueblatimes.mx\/index.php\/2021\/01\/16\/reportan-con-covid-19-a-parroco-que-oficio-misa-masiva-en-aquixtla\/","url":"https:\/\/thepueblatimes.mx\/index.php\/2021\/01\/16\/reportan-con-covid-19-a-parroco-que-oficio-misa-masiva-en-aquixtla\/","name":"Reportan con Covid-19 a p\u00e1rroco que ofici\u00f3 misa masiva en Aquixtla - The Puebla Times","isPartOf":{"@id":"https:\/\/thepueblatimes.mx\/#website"},"datePublished":"2021-01-16T06:06:17+00:00","dateModified":"2021-01-16T06:06:17+00:00","author":{"@id":"https:\/\/thepueblatimes.mx\/#\/schema\/person\/7bdf2adbc50078b104bba72b5612f774"},"breadcrumb":{"@id":"https:\/\/thepueblatimes.mx\/index.php\/2021\/01\/16\/reportan-con-covid-19-a-parroco-que-oficio-misa-masiva-en-aquixtla\/#breadcrumb"},"inLanguage":"es","potentialAction":[{"@type":"ReadAction","target":["https:\/\/thepueblatimes.mx\/index.php\/2021\/01\/16\/reportan-con-covid-19-a-parroco-que-oficio-misa-masiva-en-aquixtla\/"]}]},{"@type":"BreadcrumbList","@id":"https:\/\/thepueblatimes.mx\/index.php\/2021\/01\/16\/reportan-con-covid-19-a-parroco-que-oficio-misa-masiva-en-aquixtla\/#breadcrumb","itemListElement":[{"@type":"ListItem","position":1,"name":"Portada","item":"https:\/\/thepueblatimes.mx\/"},{"@type":"ListItem","position":2,"name":"Reportan con Covid-19 a p\u00e1rroco que ofici\u00f3 misa masiva en Aquixtla"}]},{"@type":"WebSite","@id":"https:\/\/thepueblatimes.mx\/#website","url":"https:\/\/thepueblatimes.mx\/","name":"The Puebla Times","description":"Noticias del Estado de Puebla","potentialAction":[{"@type":"SearchAction","target":{"@type":"EntryPoint","urlTemplate":"https:\/\/thepueblatimes.mx\/?s={search_term_string}"},"query-input":"required name=search_term_string"}],"inLanguage":"es"},{"@type":"Person","@id":"https:\/\/thepueblatimes.mx\/#\/schema\/person\/7bdf2adbc50078b104bba72b5612f774","name":"Francisco S\u00e1nchez Nolasco","image":{"@type":"ImageObject","inLanguage":"es","@id":"https:\/\/thepueblatimes.mx\/#\/schema\/person\/image\/","url":"https:\/\/secure.gravatar.com\/avatar\/6061d7d20b38bc2742a5218401b198d2?s=96&d=mm&r=g","contentUrl":"https:\/\/secure.gravatar.com\/avatar\/6061d7d20b38bc2742a5218401b198d2?s=96&d=mm&r=g","caption":"Francisco S\u00e1nchez Nolasco"},"url":"https:\/\/thepueblatimes.mx\/index.php\/author\/marianitha-reyes\/"}]}},"jetpack_featured_media_url":"https:\/\/thepueblatimes.mx\/wp-content\/uploads\/2021\/01\/f925x521-305797_374661_5050.jpg","_links":{"self":[{"href":"https:\/\/thepueblatimes.mx\/index.php\/wp-json\/wp\/v2\/posts\/7783"}],"collection":[{"href":"https:\/\/thepueblatimes.mx\/index.php\/wp-json\/wp\/v2\/posts"}],"about":[{"href":"https:\/\/thepueblatimes.mx\/index.php\/wp-json\/wp\/v2\/types\/post"}],"author":[{"embeddable":true,"href":"https:\/\/thepueblatimes.mx\/index.php\/wp-json\/wp\/v2\/users\/15"}],"replies":[{"embeddable":true,"href":"https:\/\/thepueblatimes.mx\/index.php\/wp-json\/wp\/v2\/comments?post=7783"}],"version-history":[{"count":1,"href":"https:\/\/thepueblatimes.mx\/index.php\/wp-json\/wp\/v2\/posts\/7783\/revisions"}],"predecessor-version":[{"id":7785,"href":"https:\/\/thepueblatimes.mx\/index.php\/wp-json\/wp\/v2\/posts\/7783\/revisions\/7785"}],"wp:featuredmedia":[{"embeddable":true,"href":"https:\/\/thepueblatimes.mx\/index.php\/wp-json\/wp\/v2\/media\/7784"}],"wp:attachment":[{"href":"https:\/\/thepueblatimes.mx\/index.php\/wp-json\/wp\/v2\/media?parent=7783"}],"wp:term":[{"taxonomy":"category","embeddable":true,"href":"https:\/\/thepueblatimes.mx\/index.php\/wp-json\/wp\/v2\/categories?post=7783"},{"taxonomy":"post_tag","embeddable":true,"href":"https:\/\/thepueblatimes.mx\/index.php\/wp-json\/wp\/v2\/tags?post=7783"}],"curies":[{"name":"wp","href":"https:\/\/api.w.org\/{rel}","templated":true}]}}