{"id":7780,"date":"2021-01-15T23:58:20","date_gmt":"2021-01-16T05:58:20","guid":{"rendered":"https:\/\/thepueblatimes.mx\/?p=7780"},"modified":"2021-01-15T23:58:20","modified_gmt":"2021-01-16T05:58:20","slug":"comercios-no-esenciales-y-restaurantes-seguiran-cerrados-barbosa","status":"publish","type":"post","link":"https:\/\/thepueblatimes.mx\/index.php\/2021\/01\/15\/comercios-no-esenciales-y-restaurantes-seguiran-cerrados-barbosa\/","title":{"rendered":"Comercios no esenciales y restaurantes seguir\u00e1n cerrados: Barbosa"},"content":{"rendered":"<div class=\"content-body clearfix \">\n<div id=\"content-body-225-6245570\">\n<p>No hay marcha atr\u00e1s, los comercios no esenciales y los restaurantes seguir\u00e1n cerrados por los altos contagios de la Covid-19 en Puebla, as\u00ed lo inform\u00f3 el gobernador, Luis Miguel Barbosa Huerta, quien pidi\u00f3 el apoyo del gremio ante la alerta m\u00e1xima de infecciones.<\/p>\n<p>\u201cSe ha mantenido el di\u00e1logo, Protecci\u00f3n Civil ha mantenido un di\u00e1logo intenso, la Secretar\u00eda de Econom\u00eda tambi\u00e9n y nosotros nos ponemos de lado de los comerciantes que quieren abrir, pero tambi\u00e9n les decimos que la situaci\u00f3n de la pandemia en Puebla est\u00e1 en el peor momento y que no podemos nosotros aligerar las medidas porque ir\u00eda en decremento de ellos mismos y de todos\u201d, declar\u00f3.<\/p>\n<\/div>\n<\/div>\n<article class=\"content-continued-body clearfix \">\n<div id=\"content-body-5851641-6245570\">\n<p>En videoconferencia, el mandatario dijo que si los negocios, as\u00ed como restaurantes abren, esto contribuir\u00e1 a que exista una mayor movilidad y, por lo tanto, m\u00e1s contagios de coronavirus. En suma, dijo que todos en Puebla ya quieren que vuelva a la normalidad, pero que nadie aporta o se queda en su casa para poder bajar el n\u00famero de infecciones.<\/p>\n<p>\u201cHemos seguido hablando con ellos, es el momento de tomar estas medidas. Cr\u00e9anme, es el momento y yo les digo a los restauranteros y comerciantes que s\u00ed nos ponemos la camiseta de ellos sobre la necesidad de desarrollar actividades econ\u00f3micas y yo no puedo apartarme de decir que hemos sido equilibrados. Hoy estamos en el peor momento de la pandemia y debemos da actuar as\u00ed\u201d, coment\u00f3.<\/p>\n<p>Recalc\u00f3 que va a ser solidario y que siempre dialogar\u00e1n con ellos para escuchar sus peticiones, pero que, en estos momentos, seguir\u00e1 firme con los decretos y los cierres de actividades no esenciales. En este punto, aprovech\u00f3 para pedir apoyo de los ayuntamientos y que se adhieran a los lineamientos que ha difundido el gobierno estatal.<\/p>\n<p>\u201cDe verdad seamos consecuentes con lo que est\u00e1 pasando y con las acciones de gobierno, no podemos simular, no debemos de simular, es poner en riesgo la vida de los poblanos\u201d, concluy\u00f3.<\/p>\n<p>Fue este 14 de enero que decenas de trabajadores del comercio formal en el Centro Hist\u00f3rico se manifestaron frente al Palacio Municipal, a fin de realizar una mesa de di\u00e1logo con las autoridades municipales para que les permitan abrir, pues por el decreto estatal muchos se ver\u00e1n obligados a cerrar sus negocios.<\/p>\n<p>Con pancartas con mensajes como \u201cqueremos que nos dejen trabajar\u201d y \u201cabrir o morir\u201d, los trabajadores esperaron una respuesta del Ayuntamiento de Puebla, pues se\u00f1alaron que quer\u00edan entregar un documento en donde se exponen los puntos a tratar referente al decreto estatal.<\/p>\n<\/div>\n<\/article>\n","protected":false},"excerpt":{"rendered":"<p>No hay marcha atr\u00e1s, los comercios no esenciales y los restaurantes seguir\u00e1n cerrados por los altos contagios de la Covid-19 en Puebla, as\u00ed lo inform\u00f3 el gobernador, Luis Miguel Barbosa Huerta, quien pidi\u00f3 el apoyo del gremio ante la alerta m\u00e1xima de infecciones. \u201cSe ha mantenido el di\u00e1logo, Protecci\u00f3n Civil ha mantenido un di\u00e1logo intenso,&#8230;<\/p>\n","protected":false},"author":15,"featured_media":7781,"comment_status":"open","ping_status":"open","sticky":false,"template":"","format":"standard","meta":[],"categories":[3],"tags":[109,135],"yoast_head":"<!-- This site is optimized with the Yoast SEO plugin v20.8 - https:\/\/yoast.com\/wordpress\/plugins\/seo\/ -->\n<title>Comercios no esenciales y restaurantes seguir\u00e1n cerrados: Barbosa - The Puebla Times<\/title>\n<meta name=\"robots\" content=\"index, follow, max-snippet:-1, max-image-preview:large, max-video-preview:-1\" \/>\n<link rel=\"canonical\" href=\"https:\/\/thepueblatimes.mx\/index.php\/2021\/01\/15\/comercios-no-esenciales-y-restaurantes-seguiran-cerrados-barbosa\/\" \/>\n<meta property=\"og:locale\" content=\"es_ES\" \/>\n<meta property=\"og:type\" content=\"article\" \/>\n<meta property=\"og:title\" content=\"Comercios no esenciales y restaurantes seguir\u00e1n cerrados: Barbosa - The Puebla Times\" \/>\n<meta property=\"og:description\" content=\"No hay marcha atr\u00e1s, los comercios no esenciales y los restaurantes seguir\u00e1n cerrados por los altos contagios de la Covid-19 en Puebla, as\u00ed lo inform\u00f3 el gobernador, Luis Miguel Barbosa Huerta, quien pidi\u00f3 el apoyo del gremio ante la alerta m\u00e1xima de infecciones. \u201cSe ha mantenido el di\u00e1logo, Protecci\u00f3n Civil ha mantenido un di\u00e1logo intenso,...\" \/>\n<meta property=\"og:url\" content=\"https:\/\/thepueblatimes.mx\/index.php\/2021\/01\/15\/comercios-no-esenciales-y-restaurantes-seguiran-cerrados-barbosa\/\" \/>\n<meta property=\"og:site_name\" content=\"The Puebla Times\" \/>\n<meta property=\"article:published_time\" content=\"2021-01-16T05:58:20+00:00\" \/>\n<meta property=\"og:image\" content=\"https:\/\/thepueblatimes.mx\/wp-content\/uploads\/2021\/01\/BARBOSA-1.png\" \/>\n\t<meta property=\"og:image:width\" content=\"768\" \/>\n\t<meta property=\"og:image:height\" content=\"479\" \/>\n\t<meta property=\"og:image:type\" content=\"image\/png\" \/>\n<meta name=\"author\" content=\"Francisco S\u00e1nchez Nolasco\" \/>\n<meta name=\"twitter:card\" content=\"summary_large_image\" \/>\n<meta name=\"twitter:label1\" content=\"Escrito por\" \/>\n\t<meta name=\"twitter:data1\" content=\"Francisco S\u00e1nchez Nolasco\" \/>\n\t<meta name=\"twitter:label2\" content=\"Tiempo de lectura\" \/>\n\t<meta name=\"twitter:data2\" content=\"2 minutos\" \/>\n<script type=\"application\/ld+json\" class=\"yoast-schema-graph\">{\"@context\":\"https:\/\/schema.org\",\"@graph\":[{\"@type\":\"WebPage\",\"@id\":\"https:\/\/thepueblatimes.mx\/index.php\/2021\/01\/15\/comercios-no-esenciales-y-restaurantes-seguiran-cerrados-barbosa\/\",\"url\":\"https:\/\/thepueblatimes.mx\/index.php\/2021\/01\/15\/comercios-no-esenciales-y-restaurantes-seguiran-cerrados-barbosa\/\",\"name\":\"Comercios no esenciales y restaurantes seguir\u00e1n cerrados: Barbosa - The Puebla Times\",\"isPartOf\":{\"@id\":\"https:\/\/thepueblatimes.mx\/#website\"},\"datePublished\":\"2021-01-16T05:58:20+00:00\",\"dateModified\":\"2021-01-16T05:58:20+00:00\",\"author\":{\"@id\":\"https:\/\/thepueblatimes.mx\/#\/schema\/person\/7bdf2adbc50078b104bba72b5612f774\"},\"breadcrumb\":{\"@id\":\"https:\/\/thepueblatimes.mx\/index.php\/2021\/01\/15\/comercios-no-esenciales-y-restaurantes-seguiran-cerrados-barbosa\/#breadcrumb\"},\"inLanguage\":\"es\",\"potentialAction\":[{\"@type\":\"ReadAction\",\"target\":[\"https:\/\/thepueblatimes.mx\/index.php\/2021\/01\/15\/comercios-no-esenciales-y-restaurantes-seguiran-cerrados-barbosa\/\"]}]},{\"@type\":\"BreadcrumbList\",\"@id\":\"https:\/\/thepueblatimes.mx\/index.php\/2021\/01\/15\/comercios-no-esenciales-y-restaurantes-seguiran-cerrados-barbosa\/#breadcrumb\",\"itemListElement\":[{\"@type\":\"ListItem\",\"position\":1,\"name\":\"Portada\",\"item\":\"https:\/\/thepueblatimes.mx\/\"},{\"@type\":\"ListItem\",\"position\":2,\"name\":\"Comercios no esenciales y restaurantes seguir\u00e1n cerrados: Barbosa\"}]},{\"@type\":\"WebSite\",\"@id\":\"https:\/\/thepueblatimes.mx\/#website\",\"url\":\"https:\/\/thepueblatimes.mx\/\",\"name\":\"The Puebla Times\",\"description\":\"Noticias del Estado de Puebla\",\"potentialAction\":[{\"@type\":\"SearchAction\",\"target\":{\"@type\":\"EntryPoint\",\"urlTemplate\":\"https:\/\/thepueblatimes.mx\/?s={search_term_string}\"},\"query-input\":\"required name=search_term_string\"}],\"inLanguage\":\"es\"},{\"@type\":\"Person\",\"@id\":\"https:\/\/thepueblatimes.mx\/#\/schema\/person\/7bdf2adbc50078b104bba72b5612f774\",\"name\":\"Francisco S\u00e1nchez Nolasco\",\"image\":{\"@type\":\"ImageObject\",\"inLanguage\":\"es\",\"@id\":\"https:\/\/thepueblatimes.mx\/#\/schema\/person\/image\/\",\"url\":\"https:\/\/secure.gravatar.com\/avatar\/6061d7d20b38bc2742a5218401b198d2?s=96&d=mm&r=g\",\"contentUrl\":\"https:\/\/secure.gravatar.com\/avatar\/6061d7d20b38bc2742a5218401b198d2?s=96&d=mm&r=g\",\"caption\":\"Francisco S\u00e1nchez Nolasco\"},\"url\":\"https:\/\/thepueblatimes.mx\/index.php\/author\/marianitha-reyes\/\"}]}<\/script>\n<!-- \/ Yoast SEO plugin. -->","yoast_head_json":{"title":"Comercios no esenciales y restaurantes seguir\u00e1n cerrados: Barbosa - The Puebla Times","robots":{"index":"index","follow":"follow","max-snippet":"max-snippet:-1","max-image-preview":"max-image-preview:large","max-video-preview":"max-video-preview:-1"},"canonical":"https:\/\/thepueblatimes.mx\/index.php\/2021\/01\/15\/comercios-no-esenciales-y-restaurantes-seguiran-cerrados-barbosa\/","og_locale":"es_ES","og_type":"article","og_title":"Comercios no esenciales y restaurantes seguir\u00e1n cerrados: Barbosa - The Puebla Times","og_description":"No hay marcha atr\u00e1s, los comercios no esenciales y los restaurantes seguir\u00e1n cerrados por los altos contagios de la Covid-19 en Puebla, as\u00ed lo inform\u00f3 el gobernador, Luis Miguel Barbosa Huerta, quien pidi\u00f3 el apoyo del gremio ante la alerta m\u00e1xima de infecciones. \u201cSe ha mantenido el di\u00e1logo, Protecci\u00f3n Civil ha mantenido un di\u00e1logo intenso,...","og_url":"https:\/\/thepueblatimes.mx\/index.php\/2021\/01\/15\/comercios-no-esenciales-y-restaurantes-seguiran-cerrados-barbosa\/","og_site_name":"The Puebla Times","article_published_time":"2021-01-16T05:58:20+00:00","og_image":[{"width":768,"height":479,"url":"https:\/\/thepueblatimes.mx\/wp-content\/uploads\/2021\/01\/BARBOSA-1.png","type":"image\/png"}],"author":"Francisco S\u00e1nchez Nolasco","twitter_card":"summary_large_image","twitter_misc":{"Escrito por":"Francisco S\u00e1nchez Nolasco","Tiempo de lectura":"2 minutos"},"schema":{"@context":"https:\/\/schema.org","@graph":[{"@type":"WebPage","@id":"https:\/\/thepueblatimes.mx\/index.php\/2021\/01\/15\/comercios-no-esenciales-y-restaurantes-seguiran-cerrados-barbosa\/","url":"https:\/\/thepueblatimes.mx\/index.php\/2021\/01\/15\/comercios-no-esenciales-y-restaurantes-seguiran-cerrados-barbosa\/","name":"Comercios no esenciales y restaurantes seguir\u00e1n cerrados: Barbosa - The Puebla Times","isPartOf":{"@id":"https:\/\/thepueblatimes.mx\/#website"},"datePublished":"2021-01-16T05:58:20+00:00","dateModified":"2021-01-16T05:58:20+00:00","author":{"@id":"https:\/\/thepueblatimes.mx\/#\/schema\/person\/7bdf2adbc50078b104bba72b5612f774"},"breadcrumb":{"@id":"https:\/\/thepueblatimes.mx\/index.php\/2021\/01\/15\/comercios-no-esenciales-y-restaurantes-seguiran-cerrados-barbosa\/#breadcrumb"},"inLanguage":"es","potentialAction":[{"@type":"ReadAction","target":["https:\/\/thepueblatimes.mx\/index.php\/2021\/01\/15\/comercios-no-esenciales-y-restaurantes-seguiran-cerrados-barbosa\/"]}]},{"@type":"BreadcrumbList","@id":"https:\/\/thepueblatimes.mx\/index.php\/2021\/01\/15\/comercios-no-esenciales-y-restaurantes-seguiran-cerrados-barbosa\/#breadcrumb","itemListElement":[{"@type":"ListItem","position":1,"name":"Portada","item":"https:\/\/thepueblatimes.mx\/"},{"@type":"ListItem","position":2,"name":"Comercios no esenciales y restaurantes seguir\u00e1n cerrados: Barbosa"}]},{"@type":"WebSite","@id":"https:\/\/thepueblatimes.mx\/#website","url":"https:\/\/thepueblatimes.mx\/","name":"The Puebla Times","description":"Noticias del Estado de Puebla","potentialAction":[{"@type":"SearchAction","target":{"@type":"EntryPoint","urlTemplate":"https:\/\/thepueblatimes.mx\/?s={search_term_string}"},"query-input":"required name=search_term_string"}],"inLanguage":"es"},{"@type":"Person","@id":"https:\/\/thepueblatimes.mx\/#\/schema\/person\/7bdf2adbc50078b104bba72b5612f774","name":"Francisco S\u00e1nchez Nolasco","image":{"@type":"ImageObject","inLanguage":"es","@id":"https:\/\/thepueblatimes.mx\/#\/schema\/person\/image\/","url":"https:\/\/secure.gravatar.com\/avatar\/6061d7d20b38bc2742a5218401b198d2?s=96&d=mm&r=g","contentUrl":"https:\/\/secure.gravatar.com\/avatar\/6061d7d20b38bc2742a5218401b198d2?s=96&d=mm&r=g","caption":"Francisco S\u00e1nchez Nolasco"},"url":"https:\/\/thepueblatimes.mx\/index.php\/author\/marianitha-reyes\/"}]}},"jetpack_featured_media_url":"https:\/\/thepueblatimes.mx\/wp-content\/uploads\/2021\/01\/BARBOSA-1.png","_links":{"self":[{"href":"https:\/\/thepueblatimes.mx\/index.php\/wp-json\/wp\/v2\/posts\/7780"}],"collection":[{"href":"https:\/\/thepueblatimes.mx\/index.php\/wp-json\/wp\/v2\/posts"}],"about":[{"href":"https:\/\/thepueblatimes.mx\/index.php\/wp-json\/wp\/v2\/types\/post"}],"author":[{"embeddable":true,"href":"https:\/\/thepueblatimes.mx\/index.php\/wp-json\/wp\/v2\/users\/15"}],"replies":[{"embeddable":true,"href":"https:\/\/thepueblatimes.mx\/index.php\/wp-json\/wp\/v2\/comments?post=7780"}],"version-history":[{"count":1,"href":"https:\/\/thepueblatimes.mx\/index.php\/wp-json\/wp\/v2\/posts\/7780\/revisions"}],"predecessor-version":[{"id":7782,"href":"https:\/\/thepueblatimes.mx\/index.php\/wp-json\/wp\/v2\/posts\/7780\/revisions\/7782"}],"wp:featuredmedia":[{"embeddable":true,"href":"https:\/\/thepueblatimes.mx\/index.php\/wp-json\/wp\/v2\/media\/7781"}],"wp:attachment":[{"href":"https:\/\/thepueblatimes.mx\/index.php\/wp-json\/wp\/v2\/media?parent=7780"}],"wp:term":[{"taxonomy":"category","embeddable":true,"href":"https:\/\/thepueblatimes.mx\/index.php\/wp-json\/wp\/v2\/categories?post=7780"},{"taxonomy":"post_tag","embeddable":true,"href":"https:\/\/thepueblatimes.mx\/index.php\/wp-json\/wp\/v2\/tags?post=7780"}],"curies":[{"name":"wp","href":"https:\/\/api.w.org\/{rel}","templated":true}]}}