{"id":7761,"date":"2021-01-15T12:27:03","date_gmt":"2021-01-15T18:27:03","guid":{"rendered":"https:\/\/thepueblatimes.mx\/?p=7761"},"modified":"2021-01-15T12:27:03","modified_gmt":"2021-01-15T18:27:03","slug":"por-error-casi-linchan-a-joven-discapacitado-en-ajalpan","status":"publish","type":"post","link":"https:\/\/thepueblatimes.mx\/index.php\/2021\/01\/15\/por-error-casi-linchan-a-joven-discapacitado-en-ajalpan\/","title":{"rendered":"Por error, casi linchan a joven discapacitado en Ajalpan"},"content":{"rendered":"<div class=\"article-body\">\n<p>Pobladores de Ajalpan estuvieron<strong>\u00a0a punto de linchar<\/strong>\u00a0a un joven de 26 a\u00f1os de edad, el cual a pesar de padecer de sus facultades mentales fue\u00a0<strong>confundido con un delincuente<\/strong>\u00a0y por ello<strong>\u00a0lo amarraron a un poste<\/strong>\u00a0para golpearlo.<\/p>\n<p>Se trata de quien fue identificado como Salvador N., de 26 a\u00f1os de edad, quien la noche del jueves fue retenido por pobladores de la<strong>\u00a0junta auxiliar Achichinalco<\/strong>, perteneciente al municipio de Ajalpan.<\/p>\n<p>Sobre estos hechos se sabe que los vecinos confundieron a Salvador con un ladr\u00f3n debido a que llevaba mucho tiempo\u00a0<strong>recorriendo a pie las mismas calles.<\/strong><\/p>\n<p>Ante la sospecha y sin indagar primero, los vecinos retuvieron al joven para despu\u00e9s amarrar a un poste de concreto para posteriormente empezarlo a golpear sin darle siquiera oportunidad de defenderse.<\/p>\n<p>Mientras esto ocurr\u00eda, al lugar llegaron los familiares de Salvador, los cuales explicaron a los pobladores que el joven de 26 a\u00f1os de edad padece de sus facultades mentales y que no se dedica a cometer ning\u00fan tipo de il\u00edcito.<\/p>\n<p>Se\u00f1alaron que Salvador sali\u00f3 de su domicilio en San Miguel Arc\u00e1ngel,<strong>\u00a0cabecera municipal de Eloxochitl\u00e1n<\/strong>, pero despu\u00e9s de varias horas sin saber de \u00e9l empezaron a buscarlo y fue as\u00ed que lo encontraron en esta situaci\u00f3n.<\/p>\n<p>Finalmente los pobladores liberaron al joven que pudo retirarse del sitio con sus familiares, sin que hasta el momento se haya iniciado una denuncia formal por la agresi\u00f3n en contra del joven.<\/p>\n<\/div>\n<div id=\"ssm_container-689242763\" class=\"ssm_adunit_container\" data-google-query-id=\"CPPl4OfHnu4CFUMwAQodmk4FtA\"><\/div>\n","protected":false},"excerpt":{"rendered":"<p>Pobladores de Ajalpan estuvieron\u00a0a punto de linchar\u00a0a un joven de 26 a\u00f1os de edad, el cual a pesar de padecer de sus facultades mentales fue\u00a0confundido con un delincuente\u00a0y por ello\u00a0lo amarraron a un poste\u00a0para golpearlo. Se trata de quien fue identificado como Salvador N., de 26 a\u00f1os de edad, quien la noche del jueves fue&#8230;<\/p>\n","protected":false},"author":15,"featured_media":7762,"comment_status":"open","ping_status":"open","sticky":false,"template":"","format":"standard","meta":[],"categories":[33],"tags":[205,206],"yoast_head":"<!-- This site is optimized with the Yoast SEO plugin v20.8 - https:\/\/yoast.com\/wordpress\/plugins\/seo\/ -->\n<title>Por error, casi linchan a joven discapacitado en Ajalpan - The Puebla Times<\/title>\n<meta name=\"robots\" content=\"index, follow, max-snippet:-1, max-image-preview:large, max-video-preview:-1\" \/>\n<link rel=\"canonical\" href=\"https:\/\/thepueblatimes.mx\/index.php\/2021\/01\/15\/por-error-casi-linchan-a-joven-discapacitado-en-ajalpan\/\" \/>\n<meta property=\"og:locale\" content=\"es_ES\" \/>\n<meta property=\"og:type\" content=\"article\" \/>\n<meta property=\"og:title\" content=\"Por error, casi linchan a joven discapacitado en Ajalpan - The Puebla Times\" \/>\n<meta property=\"og:description\" content=\"Pobladores de Ajalpan estuvieron\u00a0a punto de linchar\u00a0a un joven de 26 a\u00f1os de edad, el cual a pesar de padecer de sus facultades mentales fue\u00a0confundido con un delincuente\u00a0y por ello\u00a0lo amarraron a un poste\u00a0para golpearlo. Se trata de quien fue identificado como Salvador N., de 26 a\u00f1os de edad, quien la noche del jueves fue...\" \/>\n<meta property=\"og:url\" content=\"https:\/\/thepueblatimes.mx\/index.php\/2021\/01\/15\/por-error-casi-linchan-a-joven-discapacitado-en-ajalpan\/\" \/>\n<meta property=\"og:site_name\" content=\"The Puebla Times\" \/>\n<meta property=\"article:published_time\" content=\"2021-01-15T18:27:03+00:00\" \/>\n<meta property=\"og:image\" content=\"https:\/\/thepueblatimes.mx\/wp-content\/uploads\/2021\/01\/img-20210115-wa0003.jpg\" \/>\n\t<meta property=\"og:image:width\" content=\"640\" \/>\n\t<meta property=\"og:image:height\" content=\"425\" \/>\n\t<meta property=\"og:image:type\" content=\"image\/jpeg\" \/>\n<meta name=\"author\" content=\"Francisco S\u00e1nchez Nolasco\" \/>\n<meta name=\"twitter:card\" content=\"summary_large_image\" \/>\n<meta name=\"twitter:label1\" content=\"Escrito por\" \/>\n\t<meta name=\"twitter:data1\" content=\"Francisco S\u00e1nchez Nolasco\" \/>\n\t<meta name=\"twitter:label2\" content=\"Tiempo de lectura\" \/>\n\t<meta name=\"twitter:data2\" content=\"1 minuto\" \/>\n<script type=\"application\/ld+json\" class=\"yoast-schema-graph\">{\"@context\":\"https:\/\/schema.org\",\"@graph\":[{\"@type\":\"WebPage\",\"@id\":\"https:\/\/thepueblatimes.mx\/index.php\/2021\/01\/15\/por-error-casi-linchan-a-joven-discapacitado-en-ajalpan\/\",\"url\":\"https:\/\/thepueblatimes.mx\/index.php\/2021\/01\/15\/por-error-casi-linchan-a-joven-discapacitado-en-ajalpan\/\",\"name\":\"Por error, casi linchan a joven discapacitado en Ajalpan - The Puebla Times\",\"isPartOf\":{\"@id\":\"https:\/\/thepueblatimes.mx\/#website\"},\"datePublished\":\"2021-01-15T18:27:03+00:00\",\"dateModified\":\"2021-01-15T18:27:03+00:00\",\"author\":{\"@id\":\"https:\/\/thepueblatimes.mx\/#\/schema\/person\/7bdf2adbc50078b104bba72b5612f774\"},\"breadcrumb\":{\"@id\":\"https:\/\/thepueblatimes.mx\/index.php\/2021\/01\/15\/por-error-casi-linchan-a-joven-discapacitado-en-ajalpan\/#breadcrumb\"},\"inLanguage\":\"es\",\"potentialAction\":[{\"@type\":\"ReadAction\",\"target\":[\"https:\/\/thepueblatimes.mx\/index.php\/2021\/01\/15\/por-error-casi-linchan-a-joven-discapacitado-en-ajalpan\/\"]}]},{\"@type\":\"BreadcrumbList\",\"@id\":\"https:\/\/thepueblatimes.mx\/index.php\/2021\/01\/15\/por-error-casi-linchan-a-joven-discapacitado-en-ajalpan\/#breadcrumb\",\"itemListElement\":[{\"@type\":\"ListItem\",\"position\":1,\"name\":\"Portada\",\"item\":\"https:\/\/thepueblatimes.mx\/\"},{\"@type\":\"ListItem\",\"position\":2,\"name\":\"Por error, casi linchan a joven discapacitado en Ajalpan\"}]},{\"@type\":\"WebSite\",\"@id\":\"https:\/\/thepueblatimes.mx\/#website\",\"url\":\"https:\/\/thepueblatimes.mx\/\",\"name\":\"The Puebla Times\",\"description\":\"Noticias del Estado de Puebla\",\"potentialAction\":[{\"@type\":\"SearchAction\",\"target\":{\"@type\":\"EntryPoint\",\"urlTemplate\":\"https:\/\/thepueblatimes.mx\/?s={search_term_string}\"},\"query-input\":\"required name=search_term_string\"}],\"inLanguage\":\"es\"},{\"@type\":\"Person\",\"@id\":\"https:\/\/thepueblatimes.mx\/#\/schema\/person\/7bdf2adbc50078b104bba72b5612f774\",\"name\":\"Francisco S\u00e1nchez Nolasco\",\"image\":{\"@type\":\"ImageObject\",\"inLanguage\":\"es\",\"@id\":\"https:\/\/thepueblatimes.mx\/#\/schema\/person\/image\/\",\"url\":\"https:\/\/secure.gravatar.com\/avatar\/6061d7d20b38bc2742a5218401b198d2?s=96&d=mm&r=g\",\"contentUrl\":\"https:\/\/secure.gravatar.com\/avatar\/6061d7d20b38bc2742a5218401b198d2?s=96&d=mm&r=g\",\"caption\":\"Francisco S\u00e1nchez Nolasco\"},\"url\":\"https:\/\/thepueblatimes.mx\/index.php\/author\/marianitha-reyes\/\"}]}<\/script>\n<!-- \/ Yoast SEO plugin. -->","yoast_head_json":{"title":"Por error, casi linchan a joven discapacitado en Ajalpan - The Puebla Times","robots":{"index":"index","follow":"follow","max-snippet":"max-snippet:-1","max-image-preview":"max-image-preview:large","max-video-preview":"max-video-preview:-1"},"canonical":"https:\/\/thepueblatimes.mx\/index.php\/2021\/01\/15\/por-error-casi-linchan-a-joven-discapacitado-en-ajalpan\/","og_locale":"es_ES","og_type":"article","og_title":"Por error, casi linchan a joven discapacitado en Ajalpan - The Puebla Times","og_description":"Pobladores de Ajalpan estuvieron\u00a0a punto de linchar\u00a0a un joven de 26 a\u00f1os de edad, el cual a pesar de padecer de sus facultades mentales fue\u00a0confundido con un delincuente\u00a0y por ello\u00a0lo amarraron a un poste\u00a0para golpearlo. Se trata de quien fue identificado como Salvador N., de 26 a\u00f1os de edad, quien la noche del jueves fue...","og_url":"https:\/\/thepueblatimes.mx\/index.php\/2021\/01\/15\/por-error-casi-linchan-a-joven-discapacitado-en-ajalpan\/","og_site_name":"The Puebla Times","article_published_time":"2021-01-15T18:27:03+00:00","og_image":[{"width":640,"height":425,"url":"https:\/\/thepueblatimes.mx\/wp-content\/uploads\/2021\/01\/img-20210115-wa0003.jpg","type":"image\/jpeg"}],"author":"Francisco S\u00e1nchez Nolasco","twitter_card":"summary_large_image","twitter_misc":{"Escrito por":"Francisco S\u00e1nchez Nolasco","Tiempo de lectura":"1 minuto"},"schema":{"@context":"https:\/\/schema.org","@graph":[{"@type":"WebPage","@id":"https:\/\/thepueblatimes.mx\/index.php\/2021\/01\/15\/por-error-casi-linchan-a-joven-discapacitado-en-ajalpan\/","url":"https:\/\/thepueblatimes.mx\/index.php\/2021\/01\/15\/por-error-casi-linchan-a-joven-discapacitado-en-ajalpan\/","name":"Por error, casi linchan a joven discapacitado en Ajalpan - The Puebla Times","isPartOf":{"@id":"https:\/\/thepueblatimes.mx\/#website"},"datePublished":"2021-01-15T18:27:03+00:00","dateModified":"2021-01-15T18:27:03+00:00","author":{"@id":"https:\/\/thepueblatimes.mx\/#\/schema\/person\/7bdf2adbc50078b104bba72b5612f774"},"breadcrumb":{"@id":"https:\/\/thepueblatimes.mx\/index.php\/2021\/01\/15\/por-error-casi-linchan-a-joven-discapacitado-en-ajalpan\/#breadcrumb"},"inLanguage":"es","potentialAction":[{"@type":"ReadAction","target":["https:\/\/thepueblatimes.mx\/index.php\/2021\/01\/15\/por-error-casi-linchan-a-joven-discapacitado-en-ajalpan\/"]}]},{"@type":"BreadcrumbList","@id":"https:\/\/thepueblatimes.mx\/index.php\/2021\/01\/15\/por-error-casi-linchan-a-joven-discapacitado-en-ajalpan\/#breadcrumb","itemListElement":[{"@type":"ListItem","position":1,"name":"Portada","item":"https:\/\/thepueblatimes.mx\/"},{"@type":"ListItem","position":2,"name":"Por error, casi linchan a joven discapacitado en Ajalpan"}]},{"@type":"WebSite","@id":"https:\/\/thepueblatimes.mx\/#website","url":"https:\/\/thepueblatimes.mx\/","name":"The Puebla Times","description":"Noticias del Estado de Puebla","potentialAction":[{"@type":"SearchAction","target":{"@type":"EntryPoint","urlTemplate":"https:\/\/thepueblatimes.mx\/?s={search_term_string}"},"query-input":"required name=search_term_string"}],"inLanguage":"es"},{"@type":"Person","@id":"https:\/\/thepueblatimes.mx\/#\/schema\/person\/7bdf2adbc50078b104bba72b5612f774","name":"Francisco S\u00e1nchez Nolasco","image":{"@type":"ImageObject","inLanguage":"es","@id":"https:\/\/thepueblatimes.mx\/#\/schema\/person\/image\/","url":"https:\/\/secure.gravatar.com\/avatar\/6061d7d20b38bc2742a5218401b198d2?s=96&d=mm&r=g","contentUrl":"https:\/\/secure.gravatar.com\/avatar\/6061d7d20b38bc2742a5218401b198d2?s=96&d=mm&r=g","caption":"Francisco S\u00e1nchez Nolasco"},"url":"https:\/\/thepueblatimes.mx\/index.php\/author\/marianitha-reyes\/"}]}},"jetpack_featured_media_url":"https:\/\/thepueblatimes.mx\/wp-content\/uploads\/2021\/01\/img-20210115-wa0003.jpg","_links":{"self":[{"href":"https:\/\/thepueblatimes.mx\/index.php\/wp-json\/wp\/v2\/posts\/7761"}],"collection":[{"href":"https:\/\/thepueblatimes.mx\/index.php\/wp-json\/wp\/v2\/posts"}],"about":[{"href":"https:\/\/thepueblatimes.mx\/index.php\/wp-json\/wp\/v2\/types\/post"}],"author":[{"embeddable":true,"href":"https:\/\/thepueblatimes.mx\/index.php\/wp-json\/wp\/v2\/users\/15"}],"replies":[{"embeddable":true,"href":"https:\/\/thepueblatimes.mx\/index.php\/wp-json\/wp\/v2\/comments?post=7761"}],"version-history":[{"count":1,"href":"https:\/\/thepueblatimes.mx\/index.php\/wp-json\/wp\/v2\/posts\/7761\/revisions"}],"predecessor-version":[{"id":7763,"href":"https:\/\/thepueblatimes.mx\/index.php\/wp-json\/wp\/v2\/posts\/7761\/revisions\/7763"}],"wp:featuredmedia":[{"embeddable":true,"href":"https:\/\/thepueblatimes.mx\/index.php\/wp-json\/wp\/v2\/media\/7762"}],"wp:attachment":[{"href":"https:\/\/thepueblatimes.mx\/index.php\/wp-json\/wp\/v2\/media?parent=7761"}],"wp:term":[{"taxonomy":"category","embeddable":true,"href":"https:\/\/thepueblatimes.mx\/index.php\/wp-json\/wp\/v2\/categories?post=7761"},{"taxonomy":"post_tag","embeddable":true,"href":"https:\/\/thepueblatimes.mx\/index.php\/wp-json\/wp\/v2\/tags?post=7761"}],"curies":[{"name":"wp","href":"https:\/\/api.w.org\/{rel}","templated":true}]}}