{"id":7661,"date":"2021-01-13T12:01:45","date_gmt":"2021-01-13T18:01:45","guid":{"rendered":"https:\/\/thepueblatimes.mx\/?p=7661"},"modified":"2021-01-13T12:04:10","modified_gmt":"2021-01-13T18:04:10","slug":"video-avientan-a-hombre-encobijado-y-enfermo-con-covid-frente-a-hospital","status":"publish","type":"post","link":"https:\/\/thepueblatimes.mx\/index.php\/2021\/01\/13\/video-avientan-a-hombre-encobijado-y-enfermo-con-covid-frente-a-hospital\/","title":{"rendered":"VIDEO Avientan a hombre encobijado y enfermo con Covid frente a hospital"},"content":{"rendered":"<p>El\u00a0<strong>hombre enfermo que fue abandonado ayer afuera del \u00e1rea de urgencias de la Cruz Verde Ruiz S\u00e1nchez muri\u00f3 por complicaciones de covid-19.\u00a0<\/strong><\/p>\n<p>El director de Servicios M\u00e9dicos Municipales de Guadalajara, Miguel \u00c1ngel Andrade Ramos, refiri\u00f3 que el hombre, de 55 a\u00f1os, presentaba insuficiencia respiratoria, entre otros s\u00edntomas relacionados con coronavirus, por lo que personal m\u00e9dico lo atendi\u00f3 minutos despu\u00e9s, siguiendo un protocolo de seguridad.<\/p>\n<p>Tras hacerle la prueba correspondiente se conoci\u00f3 que ten\u00eda coronavirus, por lo que fue trasladado a la unidad Delgadillo Araujo, reconvertida para atender a infectados de covid-19.<\/p>\n<p>\u201cEl paciente lleg\u00f3 en malas condiciones, ten\u00eda una saturaci\u00f3n (de ox\u00edgeno) inferior al 70%, el estudio de tomograf\u00eda (reflej\u00f3) una neumon\u00eda por Sars-cov-2, en la cual estaban afectados sus pulmones en m\u00e1s de un 90%\u201d, se le dio reanimaci\u00f3n cardio pulmonar, pero falleci\u00f3\u201d, explic\u00f3 el m\u00e9dico.<\/p>\n<p>Dijo que el occiso ten\u00eda problemas de adicci\u00f3n al tonzol, su estado de salud se complic\u00f3 y muri\u00f3 antes de las 7 de la ma\u00f1ana de este martes.<\/p>\n<p>Miguel Andrade coment\u00f3 que la madre del hombre muri\u00f3 hace 10 d\u00edas, al parecer tambi\u00e9n por coronavirus. El cuerpo del hombre fue reclamado por su hermana, quien se present\u00f3 a la Cruz Verde Ruiz S\u00e1nchez.<\/p>\n<p>En redes sociales circul\u00f3 un video en que se aprecia el momento en que el hombre envuelto en cobijas fue tirado junto al \u00e1rea de ambulancias por dos sujetos que iban a bordo de un auto Golf, pero cuando uno de ellos se percat\u00f3 que era grabado por una param\u00e9dico decidi\u00f3 regresar.<\/p>\n<p>Entre la param\u00e9dico y uno de los hombres se dio una discusi\u00f3n de alrededor de cuatro minutos, despu\u00e9s sali\u00f3 el m\u00e9dico de guardia a atenderlo.<\/p>\n<p><iframe loading=\"lazy\" title=\"Abandonan a hombre enfermo afuera de la Cruz Verde Ruiz S\u00e1nchez\" width=\"800\" height=\"450\" src=\"https:\/\/www.youtube.com\/embed\/KTnh5Y_Jzxw?feature=oembed\" frameborder=\"0\" allow=\"accelerometer; autoplay; clipboard-write; encrypted-media; gyroscope; picture-in-picture; web-share\" allowfullscreen><\/iframe><\/p>\n<p>&nbsp;<\/p>\n<p>&nbsp;<\/p>\n","protected":false},"excerpt":{"rendered":"<p>El\u00a0hombre enfermo que fue abandonado ayer afuera del \u00e1rea de urgencias de la Cruz Verde Ruiz S\u00e1nchez muri\u00f3 por complicaciones de covid-19.\u00a0 El director de Servicios M\u00e9dicos Municipales de Guadalajara, Miguel \u00c1ngel Andrade Ramos, refiri\u00f3 que el hombre, de 55 a\u00f1os, presentaba insuficiencia respiratoria, entre otros s\u00edntomas relacionados con coronavirus, por lo que personal m\u00e9dico&#8230;<\/p>\n","protected":false},"author":15,"featured_media":7665,"comment_status":"open","ping_status":"open","sticky":false,"template":"","format":"standard","meta":[],"categories":[2],"tags":[71],"yoast_head":"<!-- This site is optimized with the Yoast SEO plugin v20.8 - https:\/\/yoast.com\/wordpress\/plugins\/seo\/ -->\n<title>VIDEO Avientan a hombre encobijado y enfermo con Covid frente a hospital - The Puebla Times<\/title>\n<meta name=\"robots\" content=\"index, follow, max-snippet:-1, max-image-preview:large, max-video-preview:-1\" \/>\n<link rel=\"canonical\" href=\"https:\/\/thepueblatimes.mx\/index.php\/2021\/01\/13\/video-avientan-a-hombre-encobijado-y-enfermo-con-covid-frente-a-hospital\/\" \/>\n<meta property=\"og:locale\" content=\"es_ES\" \/>\n<meta property=\"og:type\" content=\"article\" \/>\n<meta property=\"og:title\" content=\"VIDEO Avientan a hombre encobijado y enfermo con Covid frente a hospital - The Puebla Times\" \/>\n<meta property=\"og:description\" content=\"El\u00a0hombre enfermo que fue abandonado ayer afuera del \u00e1rea de urgencias de la Cruz Verde Ruiz S\u00e1nchez muri\u00f3 por complicaciones de covid-19.\u00a0 El director de Servicios M\u00e9dicos Municipales de Guadalajara, Miguel \u00c1ngel Andrade Ramos, refiri\u00f3 que el hombre, de 55 a\u00f1os, presentaba insuficiencia respiratoria, entre otros s\u00edntomas relacionados con coronavirus, por lo que personal m\u00e9dico...\" \/>\n<meta property=\"og:url\" content=\"https:\/\/thepueblatimes.mx\/index.php\/2021\/01\/13\/video-avientan-a-hombre-encobijado-y-enfermo-con-covid-frente-a-hospital\/\" \/>\n<meta property=\"og:site_name\" content=\"The Puebla Times\" \/>\n<meta property=\"article:published_time\" content=\"2021-01-13T18:01:45+00:00\" \/>\n<meta property=\"article:modified_time\" content=\"2021-01-13T18:04:10+00:00\" \/>\n<meta property=\"og:image\" content=\"https:\/\/thepueblatimes.mx\/wp-content\/uploads\/2021\/01\/encovis.jpg\" \/>\n\t<meta property=\"og:image:width\" content=\"1024\" \/>\n\t<meta property=\"og:image:height\" content=\"612\" \/>\n\t<meta property=\"og:image:type\" content=\"image\/jpeg\" \/>\n<meta name=\"author\" content=\"Francisco S\u00e1nchez Nolasco\" \/>\n<meta name=\"twitter:card\" content=\"summary_large_image\" \/>\n<meta name=\"twitter:label1\" content=\"Escrito por\" \/>\n\t<meta name=\"twitter:data1\" content=\"Francisco S\u00e1nchez Nolasco\" \/>\n\t<meta name=\"twitter:label2\" content=\"Tiempo de lectura\" \/>\n\t<meta name=\"twitter:data2\" content=\"2 minutos\" \/>\n<script type=\"application\/ld+json\" class=\"yoast-schema-graph\">{\"@context\":\"https:\/\/schema.org\",\"@graph\":[{\"@type\":\"WebPage\",\"@id\":\"https:\/\/thepueblatimes.mx\/index.php\/2021\/01\/13\/video-avientan-a-hombre-encobijado-y-enfermo-con-covid-frente-a-hospital\/\",\"url\":\"https:\/\/thepueblatimes.mx\/index.php\/2021\/01\/13\/video-avientan-a-hombre-encobijado-y-enfermo-con-covid-frente-a-hospital\/\",\"name\":\"VIDEO Avientan a hombre encobijado y enfermo con Covid frente a hospital - The Puebla Times\",\"isPartOf\":{\"@id\":\"https:\/\/thepueblatimes.mx\/#website\"},\"datePublished\":\"2021-01-13T18:01:45+00:00\",\"dateModified\":\"2021-01-13T18:04:10+00:00\",\"author\":{\"@id\":\"https:\/\/thepueblatimes.mx\/#\/schema\/person\/7bdf2adbc50078b104bba72b5612f774\"},\"breadcrumb\":{\"@id\":\"https:\/\/thepueblatimes.mx\/index.php\/2021\/01\/13\/video-avientan-a-hombre-encobijado-y-enfermo-con-covid-frente-a-hospital\/#breadcrumb\"},\"inLanguage\":\"es\",\"potentialAction\":[{\"@type\":\"ReadAction\",\"target\":[\"https:\/\/thepueblatimes.mx\/index.php\/2021\/01\/13\/video-avientan-a-hombre-encobijado-y-enfermo-con-covid-frente-a-hospital\/\"]}]},{\"@type\":\"BreadcrumbList\",\"@id\":\"https:\/\/thepueblatimes.mx\/index.php\/2021\/01\/13\/video-avientan-a-hombre-encobijado-y-enfermo-con-covid-frente-a-hospital\/#breadcrumb\",\"itemListElement\":[{\"@type\":\"ListItem\",\"position\":1,\"name\":\"Portada\",\"item\":\"https:\/\/thepueblatimes.mx\/\"},{\"@type\":\"ListItem\",\"position\":2,\"name\":\"VIDEO Avientan a hombre encobijado y enfermo con Covid frente a hospital\"}]},{\"@type\":\"WebSite\",\"@id\":\"https:\/\/thepueblatimes.mx\/#website\",\"url\":\"https:\/\/thepueblatimes.mx\/\",\"name\":\"The Puebla Times\",\"description\":\"Noticias del Estado de Puebla\",\"potentialAction\":[{\"@type\":\"SearchAction\",\"target\":{\"@type\":\"EntryPoint\",\"urlTemplate\":\"https:\/\/thepueblatimes.mx\/?s={search_term_string}\"},\"query-input\":\"required name=search_term_string\"}],\"inLanguage\":\"es\"},{\"@type\":\"Person\",\"@id\":\"https:\/\/thepueblatimes.mx\/#\/schema\/person\/7bdf2adbc50078b104bba72b5612f774\",\"name\":\"Francisco S\u00e1nchez Nolasco\",\"image\":{\"@type\":\"ImageObject\",\"inLanguage\":\"es\",\"@id\":\"https:\/\/thepueblatimes.mx\/#\/schema\/person\/image\/\",\"url\":\"https:\/\/secure.gravatar.com\/avatar\/6061d7d20b38bc2742a5218401b198d2?s=96&d=mm&r=g\",\"contentUrl\":\"https:\/\/secure.gravatar.com\/avatar\/6061d7d20b38bc2742a5218401b198d2?s=96&d=mm&r=g\",\"caption\":\"Francisco S\u00e1nchez Nolasco\"},\"url\":\"https:\/\/thepueblatimes.mx\/index.php\/author\/marianitha-reyes\/\"}]}<\/script>\n<!-- \/ Yoast SEO plugin. -->","yoast_head_json":{"title":"VIDEO Avientan a hombre encobijado y enfermo con Covid frente a hospital - The Puebla Times","robots":{"index":"index","follow":"follow","max-snippet":"max-snippet:-1","max-image-preview":"max-image-preview:large","max-video-preview":"max-video-preview:-1"},"canonical":"https:\/\/thepueblatimes.mx\/index.php\/2021\/01\/13\/video-avientan-a-hombre-encobijado-y-enfermo-con-covid-frente-a-hospital\/","og_locale":"es_ES","og_type":"article","og_title":"VIDEO Avientan a hombre encobijado y enfermo con Covid frente a hospital - The Puebla Times","og_description":"El\u00a0hombre enfermo que fue abandonado ayer afuera del \u00e1rea de urgencias de la Cruz Verde Ruiz S\u00e1nchez muri\u00f3 por complicaciones de covid-19.\u00a0 El director de Servicios M\u00e9dicos Municipales de Guadalajara, Miguel \u00c1ngel Andrade Ramos, refiri\u00f3 que el hombre, de 55 a\u00f1os, presentaba insuficiencia respiratoria, entre otros s\u00edntomas relacionados con coronavirus, por lo que personal m\u00e9dico...","og_url":"https:\/\/thepueblatimes.mx\/index.php\/2021\/01\/13\/video-avientan-a-hombre-encobijado-y-enfermo-con-covid-frente-a-hospital\/","og_site_name":"The Puebla Times","article_published_time":"2021-01-13T18:01:45+00:00","article_modified_time":"2021-01-13T18:04:10+00:00","og_image":[{"width":1024,"height":612,"url":"https:\/\/thepueblatimes.mx\/wp-content\/uploads\/2021\/01\/encovis.jpg","type":"image\/jpeg"}],"author":"Francisco S\u00e1nchez Nolasco","twitter_card":"summary_large_image","twitter_misc":{"Escrito por":"Francisco S\u00e1nchez Nolasco","Tiempo de lectura":"2 minutos"},"schema":{"@context":"https:\/\/schema.org","@graph":[{"@type":"WebPage","@id":"https:\/\/thepueblatimes.mx\/index.php\/2021\/01\/13\/video-avientan-a-hombre-encobijado-y-enfermo-con-covid-frente-a-hospital\/","url":"https:\/\/thepueblatimes.mx\/index.php\/2021\/01\/13\/video-avientan-a-hombre-encobijado-y-enfermo-con-covid-frente-a-hospital\/","name":"VIDEO Avientan a hombre encobijado y enfermo con Covid frente a hospital - The Puebla Times","isPartOf":{"@id":"https:\/\/thepueblatimes.mx\/#website"},"datePublished":"2021-01-13T18:01:45+00:00","dateModified":"2021-01-13T18:04:10+00:00","author":{"@id":"https:\/\/thepueblatimes.mx\/#\/schema\/person\/7bdf2adbc50078b104bba72b5612f774"},"breadcrumb":{"@id":"https:\/\/thepueblatimes.mx\/index.php\/2021\/01\/13\/video-avientan-a-hombre-encobijado-y-enfermo-con-covid-frente-a-hospital\/#breadcrumb"},"inLanguage":"es","potentialAction":[{"@type":"ReadAction","target":["https:\/\/thepueblatimes.mx\/index.php\/2021\/01\/13\/video-avientan-a-hombre-encobijado-y-enfermo-con-covid-frente-a-hospital\/"]}]},{"@type":"BreadcrumbList","@id":"https:\/\/thepueblatimes.mx\/index.php\/2021\/01\/13\/video-avientan-a-hombre-encobijado-y-enfermo-con-covid-frente-a-hospital\/#breadcrumb","itemListElement":[{"@type":"ListItem","position":1,"name":"Portada","item":"https:\/\/thepueblatimes.mx\/"},{"@type":"ListItem","position":2,"name":"VIDEO Avientan a hombre encobijado y enfermo con Covid frente a hospital"}]},{"@type":"WebSite","@id":"https:\/\/thepueblatimes.mx\/#website","url":"https:\/\/thepueblatimes.mx\/","name":"The Puebla Times","description":"Noticias del Estado de Puebla","potentialAction":[{"@type":"SearchAction","target":{"@type":"EntryPoint","urlTemplate":"https:\/\/thepueblatimes.mx\/?s={search_term_string}"},"query-input":"required name=search_term_string"}],"inLanguage":"es"},{"@type":"Person","@id":"https:\/\/thepueblatimes.mx\/#\/schema\/person\/7bdf2adbc50078b104bba72b5612f774","name":"Francisco S\u00e1nchez Nolasco","image":{"@type":"ImageObject","inLanguage":"es","@id":"https:\/\/thepueblatimes.mx\/#\/schema\/person\/image\/","url":"https:\/\/secure.gravatar.com\/avatar\/6061d7d20b38bc2742a5218401b198d2?s=96&d=mm&r=g","contentUrl":"https:\/\/secure.gravatar.com\/avatar\/6061d7d20b38bc2742a5218401b198d2?s=96&d=mm&r=g","caption":"Francisco S\u00e1nchez Nolasco"},"url":"https:\/\/thepueblatimes.mx\/index.php\/author\/marianitha-reyes\/"}]}},"jetpack_featured_media_url":"https:\/\/thepueblatimes.mx\/wp-content\/uploads\/2021\/01\/encovis.jpg","_links":{"self":[{"href":"https:\/\/thepueblatimes.mx\/index.php\/wp-json\/wp\/v2\/posts\/7661"}],"collection":[{"href":"https:\/\/thepueblatimes.mx\/index.php\/wp-json\/wp\/v2\/posts"}],"about":[{"href":"https:\/\/thepueblatimes.mx\/index.php\/wp-json\/wp\/v2\/types\/post"}],"author":[{"embeddable":true,"href":"https:\/\/thepueblatimes.mx\/index.php\/wp-json\/wp\/v2\/users\/15"}],"replies":[{"embeddable":true,"href":"https:\/\/thepueblatimes.mx\/index.php\/wp-json\/wp\/v2\/comments?post=7661"}],"version-history":[{"count":4,"href":"https:\/\/thepueblatimes.mx\/index.php\/wp-json\/wp\/v2\/posts\/7661\/revisions"}],"predecessor-version":[{"id":7668,"href":"https:\/\/thepueblatimes.mx\/index.php\/wp-json\/wp\/v2\/posts\/7661\/revisions\/7668"}],"wp:featuredmedia":[{"embeddable":true,"href":"https:\/\/thepueblatimes.mx\/index.php\/wp-json\/wp\/v2\/media\/7665"}],"wp:attachment":[{"href":"https:\/\/thepueblatimes.mx\/index.php\/wp-json\/wp\/v2\/media?parent=7661"}],"wp:term":[{"taxonomy":"category","embeddable":true,"href":"https:\/\/thepueblatimes.mx\/index.php\/wp-json\/wp\/v2\/categories?post=7661"},{"taxonomy":"post_tag","embeddable":true,"href":"https:\/\/thepueblatimes.mx\/index.php\/wp-json\/wp\/v2\/tags?post=7661"}],"curies":[{"name":"wp","href":"https:\/\/api.w.org\/{rel}","templated":true}]}}