{"id":7658,"date":"2021-01-13T11:47:49","date_gmt":"2021-01-13T17:47:49","guid":{"rendered":"https:\/\/thepueblatimes.mx\/?p=7658"},"modified":"2021-01-13T11:47:49","modified_gmt":"2021-01-13T17:47:49","slug":"era-su-hija-y-la-violo-ella-tenia-12-anos-de-edad","status":"publish","type":"post","link":"https:\/\/thepueblatimes.mx\/index.php\/2021\/01\/13\/era-su-hija-y-la-violo-ella-tenia-12-anos-de-edad\/","title":{"rendered":"Era su hija y la viol\u00f3; ella ten\u00eda 12 a\u00f1os de edad"},"content":{"rendered":"<div class=\"content-body clearfix \">\n<div id=\"content-body-225-6236516\">\n<p>Quince a\u00f1os despu\u00e9s de que violara a su hija adolescente, un hombre de ahora 67 a\u00f1os de edad, recibi\u00f3 auto de formal prisi\u00f3n por el delito de violaci\u00f3n equiparada, ante lo cual ya se encuentra interno en un centro penitenciario del estado.<\/p>\n<p>De acuerdo con la Fiscal\u00eda de Puebla, se trata de Enrique N. Respecto a los hechos, la dependencia se\u00f1al\u00f3 que el 3 de noviembre de 2005 en el municipio de Tlacotepec de Benito Ju\u00e1rez, el imputado ingres\u00f3 a la habitaci\u00f3n donde dorm\u00eda su hija de 12 a\u00f1os y la atac\u00f3 de forma sexual haciendo uso de la fuerza y de un cuchillo para amenazarla con privarla de la vida si contaba lo sucedido.<\/p>\n<\/div>\n<\/div>\n<article class=\"content-continued-body clearfix \">\n<div id=\"content-body-5851641-6236516\">\n<p>Con la denuncia presentada, el agente del Ministerio P\u00fablico solicit\u00f3 y obtuvo orden de aprehensi\u00f3n contra Enrique, quien fue capturado por elementos de la Agencia Estatal de Investigaci\u00f3n y puesto a disposici\u00f3n del Juez Penal de Tecamachalco.<\/p>\n<p>Ante el sustento de datos probatorios, la Fiscal\u00eda de Investigaci\u00f3n Regional logr\u00f3 que la autoridad judicial dictara auto de formal prisi\u00f3n contra el acusado por el delito de violaci\u00f3n equiparada.<\/p>\n<\/div>\n<\/article>\n","protected":false},"excerpt":{"rendered":"<p>Quince a\u00f1os despu\u00e9s de que violara a su hija adolescente, un hombre de ahora 67 a\u00f1os de edad, recibi\u00f3 auto de formal prisi\u00f3n por el delito de violaci\u00f3n equiparada, ante lo cual ya se encuentra interno en un centro penitenciario del estado. De acuerdo con la Fiscal\u00eda de Puebla, se trata de Enrique N. Respecto&#8230;<\/p>\n","protected":false},"author":15,"featured_media":7659,"comment_status":"open","ping_status":"open","sticky":false,"template":"","format":"standard","meta":[],"categories":[121],"tags":[49,167],"yoast_head":"<!-- This site is optimized with the Yoast SEO plugin v20.8 - https:\/\/yoast.com\/wordpress\/plugins\/seo\/ -->\n<title>Era su hija y la viol\u00f3; ella ten\u00eda 12 a\u00f1os de edad - The Puebla Times<\/title>\n<meta name=\"robots\" content=\"index, follow, max-snippet:-1, max-image-preview:large, max-video-preview:-1\" \/>\n<link rel=\"canonical\" href=\"https:\/\/thepueblatimes.mx\/index.php\/2021\/01\/13\/era-su-hija-y-la-violo-ella-tenia-12-anos-de-edad\/\" \/>\n<meta property=\"og:locale\" content=\"es_ES\" \/>\n<meta property=\"og:type\" content=\"article\" \/>\n<meta property=\"og:title\" content=\"Era su hija y la viol\u00f3; ella ten\u00eda 12 a\u00f1os de edad - The Puebla Times\" \/>\n<meta property=\"og:description\" content=\"Quince a\u00f1os despu\u00e9s de que violara a su hija adolescente, un hombre de ahora 67 a\u00f1os de edad, recibi\u00f3 auto de formal prisi\u00f3n por el delito de violaci\u00f3n equiparada, ante lo cual ya se encuentra interno en un centro penitenciario del estado. De acuerdo con la Fiscal\u00eda de Puebla, se trata de Enrique N. Respecto...\" \/>\n<meta property=\"og:url\" content=\"https:\/\/thepueblatimes.mx\/index.php\/2021\/01\/13\/era-su-hija-y-la-violo-ella-tenia-12-anos-de-edad\/\" \/>\n<meta property=\"og:site_name\" content=\"The Puebla Times\" \/>\n<meta property=\"article:published_time\" content=\"2021-01-13T17:47:49+00:00\" \/>\n<meta property=\"og:image\" content=\"https:\/\/thepueblatimes.mx\/wp-content\/uploads\/2021\/01\/Violador.jpg\" \/>\n\t<meta property=\"og:image:width\" content=\"768\" \/>\n\t<meta property=\"og:image:height\" content=\"479\" \/>\n\t<meta property=\"og:image:type\" content=\"image\/jpeg\" \/>\n<meta name=\"author\" content=\"Francisco S\u00e1nchez Nolasco\" \/>\n<meta name=\"twitter:card\" content=\"summary_large_image\" \/>\n<meta name=\"twitter:label1\" content=\"Escrito por\" \/>\n\t<meta name=\"twitter:data1\" content=\"Francisco S\u00e1nchez Nolasco\" \/>\n\t<meta name=\"twitter:label2\" content=\"Tiempo de lectura\" \/>\n\t<meta name=\"twitter:data2\" content=\"1 minuto\" \/>\n<script type=\"application\/ld+json\" class=\"yoast-schema-graph\">{\"@context\":\"https:\/\/schema.org\",\"@graph\":[{\"@type\":\"WebPage\",\"@id\":\"https:\/\/thepueblatimes.mx\/index.php\/2021\/01\/13\/era-su-hija-y-la-violo-ella-tenia-12-anos-de-edad\/\",\"url\":\"https:\/\/thepueblatimes.mx\/index.php\/2021\/01\/13\/era-su-hija-y-la-violo-ella-tenia-12-anos-de-edad\/\",\"name\":\"Era su hija y la viol\u00f3; ella ten\u00eda 12 a\u00f1os de edad - The Puebla Times\",\"isPartOf\":{\"@id\":\"https:\/\/thepueblatimes.mx\/#website\"},\"datePublished\":\"2021-01-13T17:47:49+00:00\",\"dateModified\":\"2021-01-13T17:47:49+00:00\",\"author\":{\"@id\":\"https:\/\/thepueblatimes.mx\/#\/schema\/person\/7bdf2adbc50078b104bba72b5612f774\"},\"breadcrumb\":{\"@id\":\"https:\/\/thepueblatimes.mx\/index.php\/2021\/01\/13\/era-su-hija-y-la-violo-ella-tenia-12-anos-de-edad\/#breadcrumb\"},\"inLanguage\":\"es\",\"potentialAction\":[{\"@type\":\"ReadAction\",\"target\":[\"https:\/\/thepueblatimes.mx\/index.php\/2021\/01\/13\/era-su-hija-y-la-violo-ella-tenia-12-anos-de-edad\/\"]}]},{\"@type\":\"BreadcrumbList\",\"@id\":\"https:\/\/thepueblatimes.mx\/index.php\/2021\/01\/13\/era-su-hija-y-la-violo-ella-tenia-12-anos-de-edad\/#breadcrumb\",\"itemListElement\":[{\"@type\":\"ListItem\",\"position\":1,\"name\":\"Portada\",\"item\":\"https:\/\/thepueblatimes.mx\/\"},{\"@type\":\"ListItem\",\"position\":2,\"name\":\"Era su hija y la viol\u00f3; ella ten\u00eda 12 a\u00f1os de edad\"}]},{\"@type\":\"WebSite\",\"@id\":\"https:\/\/thepueblatimes.mx\/#website\",\"url\":\"https:\/\/thepueblatimes.mx\/\",\"name\":\"The Puebla Times\",\"description\":\"Noticias del Estado de Puebla\",\"potentialAction\":[{\"@type\":\"SearchAction\",\"target\":{\"@type\":\"EntryPoint\",\"urlTemplate\":\"https:\/\/thepueblatimes.mx\/?s={search_term_string}\"},\"query-input\":\"required name=search_term_string\"}],\"inLanguage\":\"es\"},{\"@type\":\"Person\",\"@id\":\"https:\/\/thepueblatimes.mx\/#\/schema\/person\/7bdf2adbc50078b104bba72b5612f774\",\"name\":\"Francisco S\u00e1nchez Nolasco\",\"image\":{\"@type\":\"ImageObject\",\"inLanguage\":\"es\",\"@id\":\"https:\/\/thepueblatimes.mx\/#\/schema\/person\/image\/\",\"url\":\"https:\/\/secure.gravatar.com\/avatar\/6061d7d20b38bc2742a5218401b198d2?s=96&d=mm&r=g\",\"contentUrl\":\"https:\/\/secure.gravatar.com\/avatar\/6061d7d20b38bc2742a5218401b198d2?s=96&d=mm&r=g\",\"caption\":\"Francisco S\u00e1nchez Nolasco\"},\"url\":\"https:\/\/thepueblatimes.mx\/index.php\/author\/marianitha-reyes\/\"}]}<\/script>\n<!-- \/ Yoast SEO plugin. -->","yoast_head_json":{"title":"Era su hija y la viol\u00f3; ella ten\u00eda 12 a\u00f1os de edad - The Puebla Times","robots":{"index":"index","follow":"follow","max-snippet":"max-snippet:-1","max-image-preview":"max-image-preview:large","max-video-preview":"max-video-preview:-1"},"canonical":"https:\/\/thepueblatimes.mx\/index.php\/2021\/01\/13\/era-su-hija-y-la-violo-ella-tenia-12-anos-de-edad\/","og_locale":"es_ES","og_type":"article","og_title":"Era su hija y la viol\u00f3; ella ten\u00eda 12 a\u00f1os de edad - The Puebla Times","og_description":"Quince a\u00f1os despu\u00e9s de que violara a su hija adolescente, un hombre de ahora 67 a\u00f1os de edad, recibi\u00f3 auto de formal prisi\u00f3n por el delito de violaci\u00f3n equiparada, ante lo cual ya se encuentra interno en un centro penitenciario del estado. De acuerdo con la Fiscal\u00eda de Puebla, se trata de Enrique N. Respecto...","og_url":"https:\/\/thepueblatimes.mx\/index.php\/2021\/01\/13\/era-su-hija-y-la-violo-ella-tenia-12-anos-de-edad\/","og_site_name":"The Puebla Times","article_published_time":"2021-01-13T17:47:49+00:00","og_image":[{"width":768,"height":479,"url":"https:\/\/thepueblatimes.mx\/wp-content\/uploads\/2021\/01\/Violador.jpg","type":"image\/jpeg"}],"author":"Francisco S\u00e1nchez Nolasco","twitter_card":"summary_large_image","twitter_misc":{"Escrito por":"Francisco S\u00e1nchez Nolasco","Tiempo de lectura":"1 minuto"},"schema":{"@context":"https:\/\/schema.org","@graph":[{"@type":"WebPage","@id":"https:\/\/thepueblatimes.mx\/index.php\/2021\/01\/13\/era-su-hija-y-la-violo-ella-tenia-12-anos-de-edad\/","url":"https:\/\/thepueblatimes.mx\/index.php\/2021\/01\/13\/era-su-hija-y-la-violo-ella-tenia-12-anos-de-edad\/","name":"Era su hija y la viol\u00f3; ella ten\u00eda 12 a\u00f1os de edad - The Puebla Times","isPartOf":{"@id":"https:\/\/thepueblatimes.mx\/#website"},"datePublished":"2021-01-13T17:47:49+00:00","dateModified":"2021-01-13T17:47:49+00:00","author":{"@id":"https:\/\/thepueblatimes.mx\/#\/schema\/person\/7bdf2adbc50078b104bba72b5612f774"},"breadcrumb":{"@id":"https:\/\/thepueblatimes.mx\/index.php\/2021\/01\/13\/era-su-hija-y-la-violo-ella-tenia-12-anos-de-edad\/#breadcrumb"},"inLanguage":"es","potentialAction":[{"@type":"ReadAction","target":["https:\/\/thepueblatimes.mx\/index.php\/2021\/01\/13\/era-su-hija-y-la-violo-ella-tenia-12-anos-de-edad\/"]}]},{"@type":"BreadcrumbList","@id":"https:\/\/thepueblatimes.mx\/index.php\/2021\/01\/13\/era-su-hija-y-la-violo-ella-tenia-12-anos-de-edad\/#breadcrumb","itemListElement":[{"@type":"ListItem","position":1,"name":"Portada","item":"https:\/\/thepueblatimes.mx\/"},{"@type":"ListItem","position":2,"name":"Era su hija y la viol\u00f3; ella ten\u00eda 12 a\u00f1os de edad"}]},{"@type":"WebSite","@id":"https:\/\/thepueblatimes.mx\/#website","url":"https:\/\/thepueblatimes.mx\/","name":"The Puebla Times","description":"Noticias del Estado de Puebla","potentialAction":[{"@type":"SearchAction","target":{"@type":"EntryPoint","urlTemplate":"https:\/\/thepueblatimes.mx\/?s={search_term_string}"},"query-input":"required name=search_term_string"}],"inLanguage":"es"},{"@type":"Person","@id":"https:\/\/thepueblatimes.mx\/#\/schema\/person\/7bdf2adbc50078b104bba72b5612f774","name":"Francisco S\u00e1nchez Nolasco","image":{"@type":"ImageObject","inLanguage":"es","@id":"https:\/\/thepueblatimes.mx\/#\/schema\/person\/image\/","url":"https:\/\/secure.gravatar.com\/avatar\/6061d7d20b38bc2742a5218401b198d2?s=96&d=mm&r=g","contentUrl":"https:\/\/secure.gravatar.com\/avatar\/6061d7d20b38bc2742a5218401b198d2?s=96&d=mm&r=g","caption":"Francisco S\u00e1nchez Nolasco"},"url":"https:\/\/thepueblatimes.mx\/index.php\/author\/marianitha-reyes\/"}]}},"jetpack_featured_media_url":"https:\/\/thepueblatimes.mx\/wp-content\/uploads\/2021\/01\/Violador.jpg","_links":{"self":[{"href":"https:\/\/thepueblatimes.mx\/index.php\/wp-json\/wp\/v2\/posts\/7658"}],"collection":[{"href":"https:\/\/thepueblatimes.mx\/index.php\/wp-json\/wp\/v2\/posts"}],"about":[{"href":"https:\/\/thepueblatimes.mx\/index.php\/wp-json\/wp\/v2\/types\/post"}],"author":[{"embeddable":true,"href":"https:\/\/thepueblatimes.mx\/index.php\/wp-json\/wp\/v2\/users\/15"}],"replies":[{"embeddable":true,"href":"https:\/\/thepueblatimes.mx\/index.php\/wp-json\/wp\/v2\/comments?post=7658"}],"version-history":[{"count":1,"href":"https:\/\/thepueblatimes.mx\/index.php\/wp-json\/wp\/v2\/posts\/7658\/revisions"}],"predecessor-version":[{"id":7660,"href":"https:\/\/thepueblatimes.mx\/index.php\/wp-json\/wp\/v2\/posts\/7658\/revisions\/7660"}],"wp:featuredmedia":[{"embeddable":true,"href":"https:\/\/thepueblatimes.mx\/index.php\/wp-json\/wp\/v2\/media\/7659"}],"wp:attachment":[{"href":"https:\/\/thepueblatimes.mx\/index.php\/wp-json\/wp\/v2\/media?parent=7658"}],"wp:term":[{"taxonomy":"category","embeddable":true,"href":"https:\/\/thepueblatimes.mx\/index.php\/wp-json\/wp\/v2\/categories?post=7658"},{"taxonomy":"post_tag","embeddable":true,"href":"https:\/\/thepueblatimes.mx\/index.php\/wp-json\/wp\/v2\/tags?post=7658"}],"curies":[{"name":"wp","href":"https:\/\/api.w.org\/{rel}","templated":true}]}}