{"id":7655,"date":"2021-01-13T11:42:00","date_gmt":"2021-01-13T17:42:00","guid":{"rendered":"https:\/\/thepueblatimes.mx\/?p=7655"},"modified":"2021-01-13T11:42:00","modified_gmt":"2021-01-13T17:42:00","slug":"habra-carcel-para-los-candidatos-que-lucren-con-la-vacuna-barbosa","status":"publish","type":"post","link":"https:\/\/thepueblatimes.mx\/index.php\/2021\/01\/13\/habra-carcel-para-los-candidatos-que-lucren-con-la-vacuna-barbosa\/","title":{"rendered":"Habr\u00e1 c\u00e1rcel para los candidatos que lucren con la vacuna: Barbosa"},"content":{"rendered":"<div class=\"content-body clearfix \">\n<div id=\"content-body-225-6236737\">\n<p>Luego de que este este 13 de enero inici\u00f3 la vacunaci\u00f3n para el personal de salud en Puebla y as\u00ed poder hacerle frente a la Covid-19, el gobernador Luis Miguel Barbosa Huerta sentenci\u00f3 que habr\u00e1 c\u00e1rcel para los candidatos que lucren con la pandemia y para las personas que oferten dosis anticovid, pero que sean piratas.<\/p>\n<p>\u201cNo veo la manera de c\u00f3mo pol\u00edticos puedan utilizar el tema de las vacunas para fines de beneficio electoral, no lo veo, porque es una distribuci\u00f3n que se hace desde la Secretar\u00eda de la Defensa, sin embargo, cualquier acci\u00f3n malintencionada para anunciar la aplicaci\u00f3n de las vacunas a partir de segmentos de la poblaci\u00f3n que deban de responder a intereses electorales los vamos a sancionar con la c\u00e1rcel\u201d, sentenci\u00f3 en videoconferencia.<\/p>\n<\/div>\n<\/div>\n<article class=\"content-continued-body clearfix \">\n<div id=\"content-body-5851641-6236737\">\n<p>El mandatario dijo que no cree que los candidatos de las pr\u00f3ximas elecciones lucren con este tema tan delicado, incluso les hizo un llamado para que sean sensatos en todas sus acciones.<\/p>\n<p>\u201cCualquier cosa que veamos la vamos a investigar y la vamos a sancionar presentando la denuncia correspondiente ante la autoridad federal o estatal\u201d, puntualiz\u00f3.<\/p>\n<p>En el mismo sentido, dijo que siempre en este tipo de eventos, como la vacunaci\u00f3n \u201cllegan pillos\u201d que se quieren aprovechar de la poblaci\u00f3n y no duda que pronto quieran comercializar una dosis que no sea la verdadera para lucrar con la contingencia sanitaria.<\/p>\n<p>\u201cNo dudo que ya est\u00e9n en redes ofertando la venta de vacunas contra el Covid cuando no tienen posibilidades de conseguir en ning\u00fan mercado esas vacunas. No dudo que alguien se atreva a falsificarlas y tambi\u00e9n a ellos les digo que si lo hacen, los vamos a meter a la c\u00e1rcel\u201d, concluy\u00f3.<\/p>\n<\/div>\n<\/article>\n","protected":false},"excerpt":{"rendered":"<p>Luego de que este este 13 de enero inici\u00f3 la vacunaci\u00f3n para el personal de salud en Puebla y as\u00ed poder hacerle frente a la Covid-19, el gobernador Luis Miguel Barbosa Huerta sentenci\u00f3 que habr\u00e1 c\u00e1rcel para los candidatos que lucren con la pandemia y para las personas que oferten dosis anticovid, pero que sean&#8230;<\/p>\n","protected":false},"author":15,"featured_media":7656,"comment_status":"open","ping_status":"open","sticky":false,"template":"","format":"standard","meta":[],"categories":[3],"tags":[71,135],"yoast_head":"<!-- This site is optimized with the Yoast SEO plugin v20.8 - https:\/\/yoast.com\/wordpress\/plugins\/seo\/ -->\n<title>Habr\u00e1 c\u00e1rcel para los candidatos que lucren con la vacuna: Barbosa - The Puebla Times<\/title>\n<meta name=\"robots\" content=\"index, follow, max-snippet:-1, max-image-preview:large, max-video-preview:-1\" \/>\n<link rel=\"canonical\" href=\"https:\/\/thepueblatimes.mx\/index.php\/2021\/01\/13\/habra-carcel-para-los-candidatos-que-lucren-con-la-vacuna-barbosa\/\" \/>\n<meta property=\"og:locale\" content=\"es_ES\" \/>\n<meta property=\"og:type\" content=\"article\" \/>\n<meta property=\"og:title\" content=\"Habr\u00e1 c\u00e1rcel para los candidatos que lucren con la vacuna: Barbosa - The Puebla Times\" \/>\n<meta property=\"og:description\" content=\"Luego de que este este 13 de enero inici\u00f3 la vacunaci\u00f3n para el personal de salud en Puebla y as\u00ed poder hacerle frente a la Covid-19, el gobernador Luis Miguel Barbosa Huerta sentenci\u00f3 que habr\u00e1 c\u00e1rcel para los candidatos que lucren con la pandemia y para las personas que oferten dosis anticovid, pero que sean...\" \/>\n<meta property=\"og:url\" content=\"https:\/\/thepueblatimes.mx\/index.php\/2021\/01\/13\/habra-carcel-para-los-candidatos-que-lucren-con-la-vacuna-barbosa\/\" \/>\n<meta property=\"og:site_name\" content=\"The Puebla Times\" \/>\n<meta property=\"article:published_time\" content=\"2021-01-13T17:42:00+00:00\" \/>\n<meta property=\"og:image\" content=\"https:\/\/thepueblatimes.mx\/wp-content\/uploads\/2021\/01\/BARBOSA.jpg\" \/>\n\t<meta property=\"og:image:width\" content=\"768\" \/>\n\t<meta property=\"og:image:height\" content=\"479\" \/>\n\t<meta property=\"og:image:type\" content=\"image\/jpeg\" \/>\n<meta name=\"author\" content=\"Francisco S\u00e1nchez Nolasco\" \/>\n<meta name=\"twitter:card\" content=\"summary_large_image\" \/>\n<meta name=\"twitter:label1\" content=\"Escrito por\" \/>\n\t<meta name=\"twitter:data1\" content=\"Francisco S\u00e1nchez Nolasco\" \/>\n\t<meta name=\"twitter:label2\" content=\"Tiempo de lectura\" \/>\n\t<meta name=\"twitter:data2\" content=\"1 minuto\" \/>\n<script type=\"application\/ld+json\" class=\"yoast-schema-graph\">{\"@context\":\"https:\/\/schema.org\",\"@graph\":[{\"@type\":\"WebPage\",\"@id\":\"https:\/\/thepueblatimes.mx\/index.php\/2021\/01\/13\/habra-carcel-para-los-candidatos-que-lucren-con-la-vacuna-barbosa\/\",\"url\":\"https:\/\/thepueblatimes.mx\/index.php\/2021\/01\/13\/habra-carcel-para-los-candidatos-que-lucren-con-la-vacuna-barbosa\/\",\"name\":\"Habr\u00e1 c\u00e1rcel para los candidatos que lucren con la vacuna: Barbosa - The Puebla Times\",\"isPartOf\":{\"@id\":\"https:\/\/thepueblatimes.mx\/#website\"},\"datePublished\":\"2021-01-13T17:42:00+00:00\",\"dateModified\":\"2021-01-13T17:42:00+00:00\",\"author\":{\"@id\":\"https:\/\/thepueblatimes.mx\/#\/schema\/person\/7bdf2adbc50078b104bba72b5612f774\"},\"breadcrumb\":{\"@id\":\"https:\/\/thepueblatimes.mx\/index.php\/2021\/01\/13\/habra-carcel-para-los-candidatos-que-lucren-con-la-vacuna-barbosa\/#breadcrumb\"},\"inLanguage\":\"es\",\"potentialAction\":[{\"@type\":\"ReadAction\",\"target\":[\"https:\/\/thepueblatimes.mx\/index.php\/2021\/01\/13\/habra-carcel-para-los-candidatos-que-lucren-con-la-vacuna-barbosa\/\"]}]},{\"@type\":\"BreadcrumbList\",\"@id\":\"https:\/\/thepueblatimes.mx\/index.php\/2021\/01\/13\/habra-carcel-para-los-candidatos-que-lucren-con-la-vacuna-barbosa\/#breadcrumb\",\"itemListElement\":[{\"@type\":\"ListItem\",\"position\":1,\"name\":\"Portada\",\"item\":\"https:\/\/thepueblatimes.mx\/\"},{\"@type\":\"ListItem\",\"position\":2,\"name\":\"Habr\u00e1 c\u00e1rcel para los candidatos que lucren con la vacuna: Barbosa\"}]},{\"@type\":\"WebSite\",\"@id\":\"https:\/\/thepueblatimes.mx\/#website\",\"url\":\"https:\/\/thepueblatimes.mx\/\",\"name\":\"The Puebla Times\",\"description\":\"Noticias del Estado de Puebla\",\"potentialAction\":[{\"@type\":\"SearchAction\",\"target\":{\"@type\":\"EntryPoint\",\"urlTemplate\":\"https:\/\/thepueblatimes.mx\/?s={search_term_string}\"},\"query-input\":\"required name=search_term_string\"}],\"inLanguage\":\"es\"},{\"@type\":\"Person\",\"@id\":\"https:\/\/thepueblatimes.mx\/#\/schema\/person\/7bdf2adbc50078b104bba72b5612f774\",\"name\":\"Francisco S\u00e1nchez Nolasco\",\"image\":{\"@type\":\"ImageObject\",\"inLanguage\":\"es\",\"@id\":\"https:\/\/thepueblatimes.mx\/#\/schema\/person\/image\/\",\"url\":\"https:\/\/secure.gravatar.com\/avatar\/6061d7d20b38bc2742a5218401b198d2?s=96&d=mm&r=g\",\"contentUrl\":\"https:\/\/secure.gravatar.com\/avatar\/6061d7d20b38bc2742a5218401b198d2?s=96&d=mm&r=g\",\"caption\":\"Francisco S\u00e1nchez Nolasco\"},\"url\":\"https:\/\/thepueblatimes.mx\/index.php\/author\/marianitha-reyes\/\"}]}<\/script>\n<!-- \/ Yoast SEO plugin. -->","yoast_head_json":{"title":"Habr\u00e1 c\u00e1rcel para los candidatos que lucren con la vacuna: Barbosa - The Puebla Times","robots":{"index":"index","follow":"follow","max-snippet":"max-snippet:-1","max-image-preview":"max-image-preview:large","max-video-preview":"max-video-preview:-1"},"canonical":"https:\/\/thepueblatimes.mx\/index.php\/2021\/01\/13\/habra-carcel-para-los-candidatos-que-lucren-con-la-vacuna-barbosa\/","og_locale":"es_ES","og_type":"article","og_title":"Habr\u00e1 c\u00e1rcel para los candidatos que lucren con la vacuna: Barbosa - The Puebla Times","og_description":"Luego de que este este 13 de enero inici\u00f3 la vacunaci\u00f3n para el personal de salud en Puebla y as\u00ed poder hacerle frente a la Covid-19, el gobernador Luis Miguel Barbosa Huerta sentenci\u00f3 que habr\u00e1 c\u00e1rcel para los candidatos que lucren con la pandemia y para las personas que oferten dosis anticovid, pero que sean...","og_url":"https:\/\/thepueblatimes.mx\/index.php\/2021\/01\/13\/habra-carcel-para-los-candidatos-que-lucren-con-la-vacuna-barbosa\/","og_site_name":"The Puebla Times","article_published_time":"2021-01-13T17:42:00+00:00","og_image":[{"width":768,"height":479,"url":"https:\/\/thepueblatimes.mx\/wp-content\/uploads\/2021\/01\/BARBOSA.jpg","type":"image\/jpeg"}],"author":"Francisco S\u00e1nchez Nolasco","twitter_card":"summary_large_image","twitter_misc":{"Escrito por":"Francisco S\u00e1nchez Nolasco","Tiempo de lectura":"1 minuto"},"schema":{"@context":"https:\/\/schema.org","@graph":[{"@type":"WebPage","@id":"https:\/\/thepueblatimes.mx\/index.php\/2021\/01\/13\/habra-carcel-para-los-candidatos-que-lucren-con-la-vacuna-barbosa\/","url":"https:\/\/thepueblatimes.mx\/index.php\/2021\/01\/13\/habra-carcel-para-los-candidatos-que-lucren-con-la-vacuna-barbosa\/","name":"Habr\u00e1 c\u00e1rcel para los candidatos que lucren con la vacuna: Barbosa - The Puebla Times","isPartOf":{"@id":"https:\/\/thepueblatimes.mx\/#website"},"datePublished":"2021-01-13T17:42:00+00:00","dateModified":"2021-01-13T17:42:00+00:00","author":{"@id":"https:\/\/thepueblatimes.mx\/#\/schema\/person\/7bdf2adbc50078b104bba72b5612f774"},"breadcrumb":{"@id":"https:\/\/thepueblatimes.mx\/index.php\/2021\/01\/13\/habra-carcel-para-los-candidatos-que-lucren-con-la-vacuna-barbosa\/#breadcrumb"},"inLanguage":"es","potentialAction":[{"@type":"ReadAction","target":["https:\/\/thepueblatimes.mx\/index.php\/2021\/01\/13\/habra-carcel-para-los-candidatos-que-lucren-con-la-vacuna-barbosa\/"]}]},{"@type":"BreadcrumbList","@id":"https:\/\/thepueblatimes.mx\/index.php\/2021\/01\/13\/habra-carcel-para-los-candidatos-que-lucren-con-la-vacuna-barbosa\/#breadcrumb","itemListElement":[{"@type":"ListItem","position":1,"name":"Portada","item":"https:\/\/thepueblatimes.mx\/"},{"@type":"ListItem","position":2,"name":"Habr\u00e1 c\u00e1rcel para los candidatos que lucren con la vacuna: Barbosa"}]},{"@type":"WebSite","@id":"https:\/\/thepueblatimes.mx\/#website","url":"https:\/\/thepueblatimes.mx\/","name":"The Puebla Times","description":"Noticias del Estado de Puebla","potentialAction":[{"@type":"SearchAction","target":{"@type":"EntryPoint","urlTemplate":"https:\/\/thepueblatimes.mx\/?s={search_term_string}"},"query-input":"required name=search_term_string"}],"inLanguage":"es"},{"@type":"Person","@id":"https:\/\/thepueblatimes.mx\/#\/schema\/person\/7bdf2adbc50078b104bba72b5612f774","name":"Francisco S\u00e1nchez Nolasco","image":{"@type":"ImageObject","inLanguage":"es","@id":"https:\/\/thepueblatimes.mx\/#\/schema\/person\/image\/","url":"https:\/\/secure.gravatar.com\/avatar\/6061d7d20b38bc2742a5218401b198d2?s=96&d=mm&r=g","contentUrl":"https:\/\/secure.gravatar.com\/avatar\/6061d7d20b38bc2742a5218401b198d2?s=96&d=mm&r=g","caption":"Francisco S\u00e1nchez Nolasco"},"url":"https:\/\/thepueblatimes.mx\/index.php\/author\/marianitha-reyes\/"}]}},"jetpack_featured_media_url":"https:\/\/thepueblatimes.mx\/wp-content\/uploads\/2021\/01\/BARBOSA.jpg","_links":{"self":[{"href":"https:\/\/thepueblatimes.mx\/index.php\/wp-json\/wp\/v2\/posts\/7655"}],"collection":[{"href":"https:\/\/thepueblatimes.mx\/index.php\/wp-json\/wp\/v2\/posts"}],"about":[{"href":"https:\/\/thepueblatimes.mx\/index.php\/wp-json\/wp\/v2\/types\/post"}],"author":[{"embeddable":true,"href":"https:\/\/thepueblatimes.mx\/index.php\/wp-json\/wp\/v2\/users\/15"}],"replies":[{"embeddable":true,"href":"https:\/\/thepueblatimes.mx\/index.php\/wp-json\/wp\/v2\/comments?post=7655"}],"version-history":[{"count":1,"href":"https:\/\/thepueblatimes.mx\/index.php\/wp-json\/wp\/v2\/posts\/7655\/revisions"}],"predecessor-version":[{"id":7657,"href":"https:\/\/thepueblatimes.mx\/index.php\/wp-json\/wp\/v2\/posts\/7655\/revisions\/7657"}],"wp:featuredmedia":[{"embeddable":true,"href":"https:\/\/thepueblatimes.mx\/index.php\/wp-json\/wp\/v2\/media\/7656"}],"wp:attachment":[{"href":"https:\/\/thepueblatimes.mx\/index.php\/wp-json\/wp\/v2\/media?parent=7655"}],"wp:term":[{"taxonomy":"category","embeddable":true,"href":"https:\/\/thepueblatimes.mx\/index.php\/wp-json\/wp\/v2\/categories?post=7655"},{"taxonomy":"post_tag","embeddable":true,"href":"https:\/\/thepueblatimes.mx\/index.php\/wp-json\/wp\/v2\/tags?post=7655"}],"curies":[{"name":"wp","href":"https:\/\/api.w.org\/{rel}","templated":true}]}}