{"id":7652,"date":"2021-01-13T11:37:38","date_gmt":"2021-01-13T17:37:38","guid":{"rendered":"https:\/\/thepueblatimes.mx\/?p=7652"},"modified":"2021-01-13T11:37:38","modified_gmt":"2021-01-13T17:37:38","slug":"feminicidio-en-motel-de-puebla-la-encuentran-con-una-cuerda-en-el-cuello","status":"publish","type":"post","link":"https:\/\/thepueblatimes.mx\/index.php\/2021\/01\/13\/feminicidio-en-motel-de-puebla-la-encuentran-con-una-cuerda-en-el-cuello\/","title":{"rendered":"Feminicidio en motel de Puebla; la encuentran con una cuerda en el cuello"},"content":{"rendered":"<div class=\"content-body clearfix \">\n<div id=\"content-body-225-6236239\">\n<p>En una de las habitaciones del motel Jacarandas, ubicado en la colonia Cleotilde Torres, se registr\u00f3 esta madrugada el feminicidio de una joven, cuya identidad, al momento no se ha establecido.<\/p>\n<p>La v\u00edctima fue encontrada tirada en el piso, golpeada, con las manos atadas hacia la espalda, amordazada y con una cuerda en el cuello, que sugiere a las autoridades que la mujer fue ahorcada por su verdugo.<\/p>\n<\/div>\n<\/div>\n<article class=\"content-continued-body clearfix \">\n<div id=\"content-body-5851641-6236239\">\n<p>Los hechos fueron descubiertos hasta las 6:20 horas de este mi\u00e9rcoles por trabajadores del lugar, quienes ante la escena del crimen en la habitaci\u00f3n 134, llamaron al n\u00famero de emergencias 9-1-1.<\/p>\n<p>Param\u00e9dicos del grupo Rel\u00e1mpagos de Protecci\u00f3n Civil Municipal, polic\u00edas de la Secretar\u00eda de Seguridad Ciudadana (SSC) y agentes ministeriales as\u00ed como peritos, se trasladaron al bulevar Carmen Serd\u00e1n esquina con 25 Norte.<\/p>\n<p>Tras confirmar el deceso de la mujer de complexi\u00f3n media, 1.65 metros de estatura, tez morena, con un tatuaje de un diente de le\u00f3n a la altura del hombro de lado derecho, el lugar fue asegurado para las diligencias del levantamiento de cad\u00e1ver.<\/p>\n<p>A la par, los agentes estatales de investigaci\u00f3n dieron inicio a la respectiva carpeta para indagar m\u00e1s sobre el caso y tratar de ubicar y detener al responsable de este feminicidio.<\/p>\n<\/div>\n<\/article>\n","protected":false},"excerpt":{"rendered":"<p>En una de las habitaciones del motel Jacarandas, ubicado en la colonia Cleotilde Torres, se registr\u00f3 esta madrugada el feminicidio de una joven, cuya identidad, al momento no se ha establecido. La v\u00edctima fue encontrada tirada en el piso, golpeada, con las manos atadas hacia la espalda, amordazada y con una cuerda en el cuello,&#8230;<\/p>\n","protected":false},"author":15,"featured_media":7653,"comment_status":"open","ping_status":"open","sticky":false,"template":"","format":"standard","meta":[],"categories":[20],"tags":[182,49],"yoast_head":"<!-- This site is optimized with the Yoast SEO plugin v20.8 - https:\/\/yoast.com\/wordpress\/plugins\/seo\/ -->\n<title>Feminicidio en motel de Puebla; la encuentran con una cuerda en el cuello - The Puebla Times<\/title>\n<meta name=\"robots\" content=\"index, follow, max-snippet:-1, max-image-preview:large, max-video-preview:-1\" \/>\n<link rel=\"canonical\" href=\"https:\/\/thepueblatimes.mx\/index.php\/2021\/01\/13\/feminicidio-en-motel-de-puebla-la-encuentran-con-una-cuerda-en-el-cuello\/\" \/>\n<meta property=\"og:locale\" content=\"es_ES\" \/>\n<meta property=\"og:type\" content=\"article\" \/>\n<meta property=\"og:title\" content=\"Feminicidio en motel de Puebla; la encuentran con una cuerda en el cuello - The Puebla Times\" \/>\n<meta property=\"og:description\" content=\"En una de las habitaciones del motel Jacarandas, ubicado en la colonia Cleotilde Torres, se registr\u00f3 esta madrugada el feminicidio de una joven, cuya identidad, al momento no se ha establecido. La v\u00edctima fue encontrada tirada en el piso, golpeada, con las manos atadas hacia la espalda, amordazada y con una cuerda en el cuello,...\" \/>\n<meta property=\"og:url\" content=\"https:\/\/thepueblatimes.mx\/index.php\/2021\/01\/13\/feminicidio-en-motel-de-puebla-la-encuentran-con-una-cuerda-en-el-cuello\/\" \/>\n<meta property=\"og:site_name\" content=\"The Puebla Times\" \/>\n<meta property=\"article:published_time\" content=\"2021-01-13T17:37:38+00:00\" \/>\n<meta property=\"og:image\" content=\"https:\/\/thepueblatimes.mx\/wp-content\/uploads\/2021\/01\/Motel-Jacarandas-01.jpg\" \/>\n\t<meta property=\"og:image:width\" content=\"768\" \/>\n\t<meta property=\"og:image:height\" content=\"479\" \/>\n\t<meta property=\"og:image:type\" content=\"image\/jpeg\" \/>\n<meta name=\"author\" content=\"Francisco S\u00e1nchez Nolasco\" \/>\n<meta name=\"twitter:card\" content=\"summary_large_image\" \/>\n<meta name=\"twitter:label1\" content=\"Escrito por\" \/>\n\t<meta name=\"twitter:data1\" content=\"Francisco S\u00e1nchez Nolasco\" \/>\n\t<meta name=\"twitter:label2\" content=\"Tiempo de lectura\" \/>\n\t<meta name=\"twitter:data2\" content=\"1 minuto\" \/>\n<script type=\"application\/ld+json\" class=\"yoast-schema-graph\">{\"@context\":\"https:\/\/schema.org\",\"@graph\":[{\"@type\":\"WebPage\",\"@id\":\"https:\/\/thepueblatimes.mx\/index.php\/2021\/01\/13\/feminicidio-en-motel-de-puebla-la-encuentran-con-una-cuerda-en-el-cuello\/\",\"url\":\"https:\/\/thepueblatimes.mx\/index.php\/2021\/01\/13\/feminicidio-en-motel-de-puebla-la-encuentran-con-una-cuerda-en-el-cuello\/\",\"name\":\"Feminicidio en motel de Puebla; la encuentran con una cuerda en el cuello - The Puebla Times\",\"isPartOf\":{\"@id\":\"https:\/\/thepueblatimes.mx\/#website\"},\"datePublished\":\"2021-01-13T17:37:38+00:00\",\"dateModified\":\"2021-01-13T17:37:38+00:00\",\"author\":{\"@id\":\"https:\/\/thepueblatimes.mx\/#\/schema\/person\/7bdf2adbc50078b104bba72b5612f774\"},\"breadcrumb\":{\"@id\":\"https:\/\/thepueblatimes.mx\/index.php\/2021\/01\/13\/feminicidio-en-motel-de-puebla-la-encuentran-con-una-cuerda-en-el-cuello\/#breadcrumb\"},\"inLanguage\":\"es\",\"potentialAction\":[{\"@type\":\"ReadAction\",\"target\":[\"https:\/\/thepueblatimes.mx\/index.php\/2021\/01\/13\/feminicidio-en-motel-de-puebla-la-encuentran-con-una-cuerda-en-el-cuello\/\"]}]},{\"@type\":\"BreadcrumbList\",\"@id\":\"https:\/\/thepueblatimes.mx\/index.php\/2021\/01\/13\/feminicidio-en-motel-de-puebla-la-encuentran-con-una-cuerda-en-el-cuello\/#breadcrumb\",\"itemListElement\":[{\"@type\":\"ListItem\",\"position\":1,\"name\":\"Portada\",\"item\":\"https:\/\/thepueblatimes.mx\/\"},{\"@type\":\"ListItem\",\"position\":2,\"name\":\"Feminicidio en motel de Puebla; la encuentran con una cuerda en el cuello\"}]},{\"@type\":\"WebSite\",\"@id\":\"https:\/\/thepueblatimes.mx\/#website\",\"url\":\"https:\/\/thepueblatimes.mx\/\",\"name\":\"The Puebla Times\",\"description\":\"Noticias del Estado de Puebla\",\"potentialAction\":[{\"@type\":\"SearchAction\",\"target\":{\"@type\":\"EntryPoint\",\"urlTemplate\":\"https:\/\/thepueblatimes.mx\/?s={search_term_string}\"},\"query-input\":\"required name=search_term_string\"}],\"inLanguage\":\"es\"},{\"@type\":\"Person\",\"@id\":\"https:\/\/thepueblatimes.mx\/#\/schema\/person\/7bdf2adbc50078b104bba72b5612f774\",\"name\":\"Francisco S\u00e1nchez Nolasco\",\"image\":{\"@type\":\"ImageObject\",\"inLanguage\":\"es\",\"@id\":\"https:\/\/thepueblatimes.mx\/#\/schema\/person\/image\/\",\"url\":\"https:\/\/secure.gravatar.com\/avatar\/6061d7d20b38bc2742a5218401b198d2?s=96&d=mm&r=g\",\"contentUrl\":\"https:\/\/secure.gravatar.com\/avatar\/6061d7d20b38bc2742a5218401b198d2?s=96&d=mm&r=g\",\"caption\":\"Francisco S\u00e1nchez Nolasco\"},\"url\":\"https:\/\/thepueblatimes.mx\/index.php\/author\/marianitha-reyes\/\"}]}<\/script>\n<!-- \/ Yoast SEO plugin. -->","yoast_head_json":{"title":"Feminicidio en motel de Puebla; la encuentran con una cuerda en el cuello - The Puebla Times","robots":{"index":"index","follow":"follow","max-snippet":"max-snippet:-1","max-image-preview":"max-image-preview:large","max-video-preview":"max-video-preview:-1"},"canonical":"https:\/\/thepueblatimes.mx\/index.php\/2021\/01\/13\/feminicidio-en-motel-de-puebla-la-encuentran-con-una-cuerda-en-el-cuello\/","og_locale":"es_ES","og_type":"article","og_title":"Feminicidio en motel de Puebla; la encuentran con una cuerda en el cuello - The Puebla Times","og_description":"En una de las habitaciones del motel Jacarandas, ubicado en la colonia Cleotilde Torres, se registr\u00f3 esta madrugada el feminicidio de una joven, cuya identidad, al momento no se ha establecido. La v\u00edctima fue encontrada tirada en el piso, golpeada, con las manos atadas hacia la espalda, amordazada y con una cuerda en el cuello,...","og_url":"https:\/\/thepueblatimes.mx\/index.php\/2021\/01\/13\/feminicidio-en-motel-de-puebla-la-encuentran-con-una-cuerda-en-el-cuello\/","og_site_name":"The Puebla Times","article_published_time":"2021-01-13T17:37:38+00:00","og_image":[{"width":768,"height":479,"url":"https:\/\/thepueblatimes.mx\/wp-content\/uploads\/2021\/01\/Motel-Jacarandas-01.jpg","type":"image\/jpeg"}],"author":"Francisco S\u00e1nchez Nolasco","twitter_card":"summary_large_image","twitter_misc":{"Escrito por":"Francisco S\u00e1nchez Nolasco","Tiempo de lectura":"1 minuto"},"schema":{"@context":"https:\/\/schema.org","@graph":[{"@type":"WebPage","@id":"https:\/\/thepueblatimes.mx\/index.php\/2021\/01\/13\/feminicidio-en-motel-de-puebla-la-encuentran-con-una-cuerda-en-el-cuello\/","url":"https:\/\/thepueblatimes.mx\/index.php\/2021\/01\/13\/feminicidio-en-motel-de-puebla-la-encuentran-con-una-cuerda-en-el-cuello\/","name":"Feminicidio en motel de Puebla; la encuentran con una cuerda en el cuello - The Puebla Times","isPartOf":{"@id":"https:\/\/thepueblatimes.mx\/#website"},"datePublished":"2021-01-13T17:37:38+00:00","dateModified":"2021-01-13T17:37:38+00:00","author":{"@id":"https:\/\/thepueblatimes.mx\/#\/schema\/person\/7bdf2adbc50078b104bba72b5612f774"},"breadcrumb":{"@id":"https:\/\/thepueblatimes.mx\/index.php\/2021\/01\/13\/feminicidio-en-motel-de-puebla-la-encuentran-con-una-cuerda-en-el-cuello\/#breadcrumb"},"inLanguage":"es","potentialAction":[{"@type":"ReadAction","target":["https:\/\/thepueblatimes.mx\/index.php\/2021\/01\/13\/feminicidio-en-motel-de-puebla-la-encuentran-con-una-cuerda-en-el-cuello\/"]}]},{"@type":"BreadcrumbList","@id":"https:\/\/thepueblatimes.mx\/index.php\/2021\/01\/13\/feminicidio-en-motel-de-puebla-la-encuentran-con-una-cuerda-en-el-cuello\/#breadcrumb","itemListElement":[{"@type":"ListItem","position":1,"name":"Portada","item":"https:\/\/thepueblatimes.mx\/"},{"@type":"ListItem","position":2,"name":"Feminicidio en motel de Puebla; la encuentran con una cuerda en el cuello"}]},{"@type":"WebSite","@id":"https:\/\/thepueblatimes.mx\/#website","url":"https:\/\/thepueblatimes.mx\/","name":"The Puebla Times","description":"Noticias del Estado de Puebla","potentialAction":[{"@type":"SearchAction","target":{"@type":"EntryPoint","urlTemplate":"https:\/\/thepueblatimes.mx\/?s={search_term_string}"},"query-input":"required name=search_term_string"}],"inLanguage":"es"},{"@type":"Person","@id":"https:\/\/thepueblatimes.mx\/#\/schema\/person\/7bdf2adbc50078b104bba72b5612f774","name":"Francisco S\u00e1nchez Nolasco","image":{"@type":"ImageObject","inLanguage":"es","@id":"https:\/\/thepueblatimes.mx\/#\/schema\/person\/image\/","url":"https:\/\/secure.gravatar.com\/avatar\/6061d7d20b38bc2742a5218401b198d2?s=96&d=mm&r=g","contentUrl":"https:\/\/secure.gravatar.com\/avatar\/6061d7d20b38bc2742a5218401b198d2?s=96&d=mm&r=g","caption":"Francisco S\u00e1nchez Nolasco"},"url":"https:\/\/thepueblatimes.mx\/index.php\/author\/marianitha-reyes\/"}]}},"jetpack_featured_media_url":"https:\/\/thepueblatimes.mx\/wp-content\/uploads\/2021\/01\/Motel-Jacarandas-01.jpg","_links":{"self":[{"href":"https:\/\/thepueblatimes.mx\/index.php\/wp-json\/wp\/v2\/posts\/7652"}],"collection":[{"href":"https:\/\/thepueblatimes.mx\/index.php\/wp-json\/wp\/v2\/posts"}],"about":[{"href":"https:\/\/thepueblatimes.mx\/index.php\/wp-json\/wp\/v2\/types\/post"}],"author":[{"embeddable":true,"href":"https:\/\/thepueblatimes.mx\/index.php\/wp-json\/wp\/v2\/users\/15"}],"replies":[{"embeddable":true,"href":"https:\/\/thepueblatimes.mx\/index.php\/wp-json\/wp\/v2\/comments?post=7652"}],"version-history":[{"count":1,"href":"https:\/\/thepueblatimes.mx\/index.php\/wp-json\/wp\/v2\/posts\/7652\/revisions"}],"predecessor-version":[{"id":7654,"href":"https:\/\/thepueblatimes.mx\/index.php\/wp-json\/wp\/v2\/posts\/7652\/revisions\/7654"}],"wp:featuredmedia":[{"embeddable":true,"href":"https:\/\/thepueblatimes.mx\/index.php\/wp-json\/wp\/v2\/media\/7653"}],"wp:attachment":[{"href":"https:\/\/thepueblatimes.mx\/index.php\/wp-json\/wp\/v2\/media?parent=7652"}],"wp:term":[{"taxonomy":"category","embeddable":true,"href":"https:\/\/thepueblatimes.mx\/index.php\/wp-json\/wp\/v2\/categories?post=7652"},{"taxonomy":"post_tag","embeddable":true,"href":"https:\/\/thepueblatimes.mx\/index.php\/wp-json\/wp\/v2\/tags?post=7652"}],"curies":[{"name":"wp","href":"https:\/\/api.w.org\/{rel}","templated":true}]}}