{"id":7594,"date":"2021-01-12T21:39:18","date_gmt":"2021-01-13T03:39:18","guid":{"rendered":"https:\/\/thepueblatimes.mx\/?p=7594"},"modified":"2021-01-12T21:39:18","modified_gmt":"2021-01-13T03:39:18","slug":"cesar-robo-una-motocicleta-y-violo-a-la-mujer-que-viajaba-en-ella-en-hueytamalco","status":"publish","type":"post","link":"https:\/\/thepueblatimes.mx\/index.php\/2021\/01\/12\/cesar-robo-una-motocicleta-y-violo-a-la-mujer-que-viajaba-en-ella-en-hueytamalco\/","title":{"rendered":"C\u00e9sar rob\u00f3 una motocicleta y viol\u00f3 a la mujer que viajaba en ella, en Hueytamalco"},"content":{"rendered":"<p>La\u00a0<strong>Fiscal\u00eda General del Estado de Puebla\u00a0<\/strong>logr\u00f3 la vinculaci\u00f3n a proceso contra\u00a0<strong>C\u00e9sar N.<\/strong>\u00a0de 29 a\u00f1os de edad, se\u00f1alado por los delitos<strong>\u00a0violaci\u00f3n y robo agravado<\/strong>.<\/p>\n<p><strong>Consta en la Carpeta de Investigaci\u00f3n\u00a0<\/strong>que el 4 de enero de 2021 una pareja circulaba a bordo de una motocicleta en la comunidad de\u00a0<strong>Las Margaritas<\/strong>, perteneciente al municipio de\u00a0<strong>Hueytamalco<\/strong>, cuando fue interceptada por el imputado.<\/p>\n<p>C\u00e9sar N. presuntamente someti\u00f3 con un arma de fuego a las v\u00edctimas para bajarlas del veh\u00edculo y atacar de forma sexual a la mujer de 29 a\u00f1os. Al intentar huir en la motocicleta, C\u00e9sar N. fue detenido por elementos de la Polic\u00eda Municipal.<\/p>\n<p>En audiencia, el 7 de enero de 2021 la<strong>\u00a0Fiscal\u00eda Especializada<\/strong>\u00a0en<strong>\u00a0Investigaci\u00f3n de Delitos de Violencia de G\u00e9nero\u00a0<\/strong>contra las<strong>\u00a0Mujeres\u00a0<\/strong>aport\u00f3 datos de prueba para acreditar la comisi\u00f3n de los il\u00edcitos, obteniendo del Juez de Control la vinculaci\u00f3n a proceso del se\u00f1alado, as\u00ed como la medida cautelar de prisi\u00f3n preventiva oficiosa.<\/p>\n","protected":false},"excerpt":{"rendered":"<p>La\u00a0Fiscal\u00eda General del Estado de Puebla\u00a0logr\u00f3 la vinculaci\u00f3n a proceso contra\u00a0C\u00e9sar N.\u00a0de 29 a\u00f1os de edad, se\u00f1alado por los delitos\u00a0violaci\u00f3n y robo agravado. Consta en la Carpeta de Investigaci\u00f3n\u00a0que el 4 de enero de 2021 una pareja circulaba a bordo de una motocicleta en la comunidad de\u00a0Las Margaritas, perteneciente al municipio de\u00a0Hueytamalco, cuando fue interceptada&#8230;<\/p>\n","protected":false},"author":15,"featured_media":7596,"comment_status":"open","ping_status":"open","sticky":false,"template":"","format":"standard","meta":[],"categories":[121],"tags":[49,167],"yoast_head":"<!-- This site is optimized with the Yoast SEO plugin v20.8 - https:\/\/yoast.com\/wordpress\/plugins\/seo\/ -->\n<title>C\u00e9sar rob\u00f3 una motocicleta y viol\u00f3 a la mujer que viajaba en ella, en Hueytamalco - The Puebla Times<\/title>\n<meta name=\"robots\" content=\"index, follow, max-snippet:-1, max-image-preview:large, max-video-preview:-1\" \/>\n<link rel=\"canonical\" href=\"https:\/\/thepueblatimes.mx\/index.php\/2021\/01\/12\/cesar-robo-una-motocicleta-y-violo-a-la-mujer-que-viajaba-en-ella-en-hueytamalco\/\" \/>\n<meta property=\"og:locale\" content=\"es_ES\" \/>\n<meta property=\"og:type\" content=\"article\" \/>\n<meta property=\"og:title\" content=\"C\u00e9sar rob\u00f3 una motocicleta y viol\u00f3 a la mujer que viajaba en ella, en Hueytamalco - The Puebla Times\" \/>\n<meta property=\"og:description\" content=\"La\u00a0Fiscal\u00eda General del Estado de Puebla\u00a0logr\u00f3 la vinculaci\u00f3n a proceso contra\u00a0C\u00e9sar N.\u00a0de 29 a\u00f1os de edad, se\u00f1alado por los delitos\u00a0violaci\u00f3n y robo agravado. Consta en la Carpeta de Investigaci\u00f3n\u00a0que el 4 de enero de 2021 una pareja circulaba a bordo de una motocicleta en la comunidad de\u00a0Las Margaritas, perteneciente al municipio de\u00a0Hueytamalco, cuando fue interceptada...\" \/>\n<meta property=\"og:url\" content=\"https:\/\/thepueblatimes.mx\/index.php\/2021\/01\/12\/cesar-robo-una-motocicleta-y-violo-a-la-mujer-que-viajaba-en-ella-en-hueytamalco\/\" \/>\n<meta property=\"og:site_name\" content=\"The Puebla Times\" \/>\n<meta property=\"article:published_time\" content=\"2021-01-13T03:39:18+00:00\" \/>\n<meta property=\"og:image\" content=\"https:\/\/thepueblatimes.mx\/wp-content\/uploads\/2021\/01\/cesar_n_-01-1.jpg\" \/>\n\t<meta property=\"og:image:width\" content=\"640\" \/>\n\t<meta property=\"og:image:height\" content=\"425\" \/>\n\t<meta property=\"og:image:type\" content=\"image\/jpeg\" \/>\n<meta name=\"author\" content=\"Francisco S\u00e1nchez Nolasco\" \/>\n<meta name=\"twitter:card\" content=\"summary_large_image\" \/>\n<meta name=\"twitter:label1\" content=\"Escrito por\" \/>\n\t<meta name=\"twitter:data1\" content=\"Francisco S\u00e1nchez Nolasco\" \/>\n\t<meta name=\"twitter:label2\" content=\"Tiempo de lectura\" \/>\n\t<meta name=\"twitter:data2\" content=\"1 minuto\" \/>\n<script type=\"application\/ld+json\" class=\"yoast-schema-graph\">{\"@context\":\"https:\/\/schema.org\",\"@graph\":[{\"@type\":\"WebPage\",\"@id\":\"https:\/\/thepueblatimes.mx\/index.php\/2021\/01\/12\/cesar-robo-una-motocicleta-y-violo-a-la-mujer-que-viajaba-en-ella-en-hueytamalco\/\",\"url\":\"https:\/\/thepueblatimes.mx\/index.php\/2021\/01\/12\/cesar-robo-una-motocicleta-y-violo-a-la-mujer-que-viajaba-en-ella-en-hueytamalco\/\",\"name\":\"C\u00e9sar rob\u00f3 una motocicleta y viol\u00f3 a la mujer que viajaba en ella, en Hueytamalco - The Puebla Times\",\"isPartOf\":{\"@id\":\"https:\/\/thepueblatimes.mx\/#website\"},\"datePublished\":\"2021-01-13T03:39:18+00:00\",\"dateModified\":\"2021-01-13T03:39:18+00:00\",\"author\":{\"@id\":\"https:\/\/thepueblatimes.mx\/#\/schema\/person\/7bdf2adbc50078b104bba72b5612f774\"},\"breadcrumb\":{\"@id\":\"https:\/\/thepueblatimes.mx\/index.php\/2021\/01\/12\/cesar-robo-una-motocicleta-y-violo-a-la-mujer-que-viajaba-en-ella-en-hueytamalco\/#breadcrumb\"},\"inLanguage\":\"es\",\"potentialAction\":[{\"@type\":\"ReadAction\",\"target\":[\"https:\/\/thepueblatimes.mx\/index.php\/2021\/01\/12\/cesar-robo-una-motocicleta-y-violo-a-la-mujer-que-viajaba-en-ella-en-hueytamalco\/\"]}]},{\"@type\":\"BreadcrumbList\",\"@id\":\"https:\/\/thepueblatimes.mx\/index.php\/2021\/01\/12\/cesar-robo-una-motocicleta-y-violo-a-la-mujer-que-viajaba-en-ella-en-hueytamalco\/#breadcrumb\",\"itemListElement\":[{\"@type\":\"ListItem\",\"position\":1,\"name\":\"Portada\",\"item\":\"https:\/\/thepueblatimes.mx\/\"},{\"@type\":\"ListItem\",\"position\":2,\"name\":\"C\u00e9sar rob\u00f3 una motocicleta y viol\u00f3 a la mujer que viajaba en ella, en Hueytamalco\"}]},{\"@type\":\"WebSite\",\"@id\":\"https:\/\/thepueblatimes.mx\/#website\",\"url\":\"https:\/\/thepueblatimes.mx\/\",\"name\":\"The Puebla Times\",\"description\":\"Noticias del Estado de Puebla\",\"potentialAction\":[{\"@type\":\"SearchAction\",\"target\":{\"@type\":\"EntryPoint\",\"urlTemplate\":\"https:\/\/thepueblatimes.mx\/?s={search_term_string}\"},\"query-input\":\"required name=search_term_string\"}],\"inLanguage\":\"es\"},{\"@type\":\"Person\",\"@id\":\"https:\/\/thepueblatimes.mx\/#\/schema\/person\/7bdf2adbc50078b104bba72b5612f774\",\"name\":\"Francisco S\u00e1nchez Nolasco\",\"image\":{\"@type\":\"ImageObject\",\"inLanguage\":\"es\",\"@id\":\"https:\/\/thepueblatimes.mx\/#\/schema\/person\/image\/\",\"url\":\"https:\/\/secure.gravatar.com\/avatar\/6061d7d20b38bc2742a5218401b198d2?s=96&d=mm&r=g\",\"contentUrl\":\"https:\/\/secure.gravatar.com\/avatar\/6061d7d20b38bc2742a5218401b198d2?s=96&d=mm&r=g\",\"caption\":\"Francisco S\u00e1nchez Nolasco\"},\"url\":\"https:\/\/thepueblatimes.mx\/index.php\/author\/marianitha-reyes\/\"}]}<\/script>\n<!-- \/ Yoast SEO plugin. -->","yoast_head_json":{"title":"C\u00e9sar rob\u00f3 una motocicleta y viol\u00f3 a la mujer que viajaba en ella, en Hueytamalco - The Puebla Times","robots":{"index":"index","follow":"follow","max-snippet":"max-snippet:-1","max-image-preview":"max-image-preview:large","max-video-preview":"max-video-preview:-1"},"canonical":"https:\/\/thepueblatimes.mx\/index.php\/2021\/01\/12\/cesar-robo-una-motocicleta-y-violo-a-la-mujer-que-viajaba-en-ella-en-hueytamalco\/","og_locale":"es_ES","og_type":"article","og_title":"C\u00e9sar rob\u00f3 una motocicleta y viol\u00f3 a la mujer que viajaba en ella, en Hueytamalco - The Puebla Times","og_description":"La\u00a0Fiscal\u00eda General del Estado de Puebla\u00a0logr\u00f3 la vinculaci\u00f3n a proceso contra\u00a0C\u00e9sar N.\u00a0de 29 a\u00f1os de edad, se\u00f1alado por los delitos\u00a0violaci\u00f3n y robo agravado. Consta en la Carpeta de Investigaci\u00f3n\u00a0que el 4 de enero de 2021 una pareja circulaba a bordo de una motocicleta en la comunidad de\u00a0Las Margaritas, perteneciente al municipio de\u00a0Hueytamalco, cuando fue interceptada...","og_url":"https:\/\/thepueblatimes.mx\/index.php\/2021\/01\/12\/cesar-robo-una-motocicleta-y-violo-a-la-mujer-que-viajaba-en-ella-en-hueytamalco\/","og_site_name":"The Puebla Times","article_published_time":"2021-01-13T03:39:18+00:00","og_image":[{"width":640,"height":425,"url":"https:\/\/thepueblatimes.mx\/wp-content\/uploads\/2021\/01\/cesar_n_-01-1.jpg","type":"image\/jpeg"}],"author":"Francisco S\u00e1nchez Nolasco","twitter_card":"summary_large_image","twitter_misc":{"Escrito por":"Francisco S\u00e1nchez Nolasco","Tiempo de lectura":"1 minuto"},"schema":{"@context":"https:\/\/schema.org","@graph":[{"@type":"WebPage","@id":"https:\/\/thepueblatimes.mx\/index.php\/2021\/01\/12\/cesar-robo-una-motocicleta-y-violo-a-la-mujer-que-viajaba-en-ella-en-hueytamalco\/","url":"https:\/\/thepueblatimes.mx\/index.php\/2021\/01\/12\/cesar-robo-una-motocicleta-y-violo-a-la-mujer-que-viajaba-en-ella-en-hueytamalco\/","name":"C\u00e9sar rob\u00f3 una motocicleta y viol\u00f3 a la mujer que viajaba en ella, en Hueytamalco - The Puebla Times","isPartOf":{"@id":"https:\/\/thepueblatimes.mx\/#website"},"datePublished":"2021-01-13T03:39:18+00:00","dateModified":"2021-01-13T03:39:18+00:00","author":{"@id":"https:\/\/thepueblatimes.mx\/#\/schema\/person\/7bdf2adbc50078b104bba72b5612f774"},"breadcrumb":{"@id":"https:\/\/thepueblatimes.mx\/index.php\/2021\/01\/12\/cesar-robo-una-motocicleta-y-violo-a-la-mujer-que-viajaba-en-ella-en-hueytamalco\/#breadcrumb"},"inLanguage":"es","potentialAction":[{"@type":"ReadAction","target":["https:\/\/thepueblatimes.mx\/index.php\/2021\/01\/12\/cesar-robo-una-motocicleta-y-violo-a-la-mujer-que-viajaba-en-ella-en-hueytamalco\/"]}]},{"@type":"BreadcrumbList","@id":"https:\/\/thepueblatimes.mx\/index.php\/2021\/01\/12\/cesar-robo-una-motocicleta-y-violo-a-la-mujer-que-viajaba-en-ella-en-hueytamalco\/#breadcrumb","itemListElement":[{"@type":"ListItem","position":1,"name":"Portada","item":"https:\/\/thepueblatimes.mx\/"},{"@type":"ListItem","position":2,"name":"C\u00e9sar rob\u00f3 una motocicleta y viol\u00f3 a la mujer que viajaba en ella, en Hueytamalco"}]},{"@type":"WebSite","@id":"https:\/\/thepueblatimes.mx\/#website","url":"https:\/\/thepueblatimes.mx\/","name":"The Puebla Times","description":"Noticias del Estado de Puebla","potentialAction":[{"@type":"SearchAction","target":{"@type":"EntryPoint","urlTemplate":"https:\/\/thepueblatimes.mx\/?s={search_term_string}"},"query-input":"required name=search_term_string"}],"inLanguage":"es"},{"@type":"Person","@id":"https:\/\/thepueblatimes.mx\/#\/schema\/person\/7bdf2adbc50078b104bba72b5612f774","name":"Francisco S\u00e1nchez Nolasco","image":{"@type":"ImageObject","inLanguage":"es","@id":"https:\/\/thepueblatimes.mx\/#\/schema\/person\/image\/","url":"https:\/\/secure.gravatar.com\/avatar\/6061d7d20b38bc2742a5218401b198d2?s=96&d=mm&r=g","contentUrl":"https:\/\/secure.gravatar.com\/avatar\/6061d7d20b38bc2742a5218401b198d2?s=96&d=mm&r=g","caption":"Francisco S\u00e1nchez Nolasco"},"url":"https:\/\/thepueblatimes.mx\/index.php\/author\/marianitha-reyes\/"}]}},"jetpack_featured_media_url":"https:\/\/thepueblatimes.mx\/wp-content\/uploads\/2021\/01\/cesar_n_-01-1.jpg","_links":{"self":[{"href":"https:\/\/thepueblatimes.mx\/index.php\/wp-json\/wp\/v2\/posts\/7594"}],"collection":[{"href":"https:\/\/thepueblatimes.mx\/index.php\/wp-json\/wp\/v2\/posts"}],"about":[{"href":"https:\/\/thepueblatimes.mx\/index.php\/wp-json\/wp\/v2\/types\/post"}],"author":[{"embeddable":true,"href":"https:\/\/thepueblatimes.mx\/index.php\/wp-json\/wp\/v2\/users\/15"}],"replies":[{"embeddable":true,"href":"https:\/\/thepueblatimes.mx\/index.php\/wp-json\/wp\/v2\/comments?post=7594"}],"version-history":[{"count":1,"href":"https:\/\/thepueblatimes.mx\/index.php\/wp-json\/wp\/v2\/posts\/7594\/revisions"}],"predecessor-version":[{"id":7597,"href":"https:\/\/thepueblatimes.mx\/index.php\/wp-json\/wp\/v2\/posts\/7594\/revisions\/7597"}],"wp:featuredmedia":[{"embeddable":true,"href":"https:\/\/thepueblatimes.mx\/index.php\/wp-json\/wp\/v2\/media\/7596"}],"wp:attachment":[{"href":"https:\/\/thepueblatimes.mx\/index.php\/wp-json\/wp\/v2\/media?parent=7594"}],"wp:term":[{"taxonomy":"category","embeddable":true,"href":"https:\/\/thepueblatimes.mx\/index.php\/wp-json\/wp\/v2\/categories?post=7594"},{"taxonomy":"post_tag","embeddable":true,"href":"https:\/\/thepueblatimes.mx\/index.php\/wp-json\/wp\/v2\/tags?post=7594"}],"curies":[{"name":"wp","href":"https:\/\/api.w.org\/{rel}","templated":true}]}}