{"id":7425,"date":"2021-01-08T18:06:45","date_gmt":"2021-01-09T00:06:45","guid":{"rendered":"https:\/\/thepueblatimes.mx\/?p=7425"},"modified":"2021-01-08T18:06:45","modified_gmt":"2021-01-09T00:06:45","slug":"dos-semanas-mas-de-confinamiento-ordena-barbosa-por-aumento-de-contagios-incluye-ley-seca","status":"publish","type":"post","link":"https:\/\/thepueblatimes.mx\/index.php\/2021\/01\/08\/dos-semanas-mas-de-confinamiento-ordena-barbosa-por-aumento-de-contagios-incluye-ley-seca\/","title":{"rendered":"Dos semanas m\u00e1s de confinamiento ordena Barbosa por aumento de contagios; incluye ley seca"},"content":{"rendered":"<p>Puebla, Pue.- Ante incremento de contagios por coronavirus en la capital y el resto de las regiones epidemiol\u00f3gicas del estado, el gobernador de Puebla, Miguel Barbosa Huerta\u00a0<strong>anunci\u00f3 que el confinamiento que concluir\u00eda el 11 de enero, se extender\u00e1 hasta el 28 de enero e incluir\u00e1 la restricci\u00f3n de consumo de\u00a0bebidas embriagantes de jueves a domingo<\/strong>.<\/p>\n<p>\u201cTenemos crecimiento exponencial en varias regiones del estado;\u00a0hospitalizaciones, y eso nos pone en la condici\u00f3n de\u00a0tomar medidas porque volvemos a estar en la ruta de un colapso en el sistema de salud.\u201d<\/p>\n<p>Puebla tiene en este momento\u00a0<strong>mil 476 casos positivos activos en 72 municipios<\/strong>, de los cuales,\u00a0<strong>mil 7 personas se encuentran hospitalizadas y 169 de ellas requieren de respiraci\u00f3n asistida<\/strong>, lo que puso en\u00a0<strong>alerta a las autoridades estatales<\/strong>.<\/p>\n<p>Tambi\u00e9n registra un acumulado de\u00a0<strong>6 mil 242 defunciones, 28 m\u00e1s en las \u00faltimas 72 horas.<\/strong><\/p>\n<p><strong>El secretario de Salud en Puebla, Jos\u00e9 Antonio Mart\u00ednez Garc\u00eda, se\u00f1al\u00f3 que si el 18 de enero no bajamos la tendencia, Puebla habr\u00eda rebasado su apacidad hospitalaria<\/strong>\u00a0y las\u00a0\u00e1reas para atender otras enfermedades tendr\u00edan que ser para pacientes Covid, dejando a la deriba el resto de los padecimientos.<\/p>\n<p>\u201cTenemos que confinarnos, quedarnos en casa, guardar sana distancia, seguir las medidas de prevenci\u00f3n e higiene.\u201d<\/p>\n<p>Para reducir los contagios, la\u00a0<strong>directora de Protecci\u00f3n Civil, Ana Luc\u00eda Hill, anunci\u00f3 la\u00a0suspensi\u00f3n de actividades no esenciales del 12 al 25 de enero.<\/strong><\/p>\n<p>Empresas y negocios considerados esenciales seguir\u00e1n operando conforme al decreto del 28 de diciembre.\u00a0\u00a0<strong>Industria esencial con aforo del 30 por ciento. El comercio informal y ambulantaje queda prohibido en todo el estado<\/strong>. Asimismo, queda\u00a0<strong>prohibida venta de bebidas alcoh\u00f3licas de jueves a domingo<\/strong>, explic\u00f3.<\/p>\n<p><iframe loading=\"lazy\" title=\"Disposiciones ante la alerta de riesgo m\u00e1xima por contagios de COVID-19 en Puebla\" width=\"800\" height=\"450\" src=\"https:\/\/www.youtube.com\/embed\/R6ujcO3dd3g?feature=oembed\" frameborder=\"0\" allow=\"accelerometer; autoplay; clipboard-write; encrypted-media; gyroscope; picture-in-picture; web-share\" allowfullscreen><\/iframe><\/p>\n<p>En cuanto al\u00a0<strong>sem\u00e1foro epidemiol\u00f3gico estatal<\/strong>, la situaci\u00f3n de Puebla es la siguiente:<\/p>\n<p>REGIONES<\/p>\n<p>1 Iz\u00facar \u2013 Amarillo ascendente<\/p>\n<p>2 Tehuac\u00e1n \u2013 Amarillo ascendente (la m\u00e1s alta despu\u00e9s de Puebla)<\/p>\n<p>3 Centro \u2013 Rojo ascendente<\/p>\n<p>4 Tecamachalco \u2013 Amarillo ascendente<\/p>\n<p>5 Zacatl\u00e1n \u2013 Amarillo ascendente<\/p>\n<p>6 Teziutl\u00e1n \u2013 Amarillo ascendente<\/p>\n<p>La funcionaria indic\u00f3 que est\u00e1 prohibida la venta de alcohol de jueves a domingos, adem\u00e1s que\u00a0<strong>a partir de este viernes habr\u00e1 presencia de seguridad en las calles, donde se les permitir\u00e1 la ejecuci\u00f3n de sanciones.<\/strong><\/p>\n<div>Se recomienda a la\u00a0<strong>sociedad y medios de comunicaci\u00f3n impulsar acciones de prevenci\u00f3n por el riesgo m\u00e1ximo, como el qu\u00e9date en casa y rompe la cadena de contagios<\/strong>.<\/div>\n<p>&nbsp;<\/p>\n","protected":false},"excerpt":{"rendered":"<p>Puebla, Pue.- Ante incremento de contagios por coronavirus en la capital y el resto de las regiones epidemiol\u00f3gicas del estado, el gobernador de Puebla, Miguel Barbosa Huerta\u00a0anunci\u00f3 que el confinamiento que concluir\u00eda el 11 de enero, se extender\u00e1 hasta el 28 de enero e incluir\u00e1 la restricci\u00f3n de consumo de\u00a0bebidas embriagantes de jueves a domingo&#8230;.<\/p>\n","protected":false},"author":15,"featured_media":7427,"comment_status":"open","ping_status":"open","sticky":false,"template":"","format":"standard","meta":[],"categories":[3],"tags":[71,135,49],"yoast_head":"<!-- This site is optimized with the Yoast SEO plugin v20.8 - https:\/\/yoast.com\/wordpress\/plugins\/seo\/ -->\n<title>Dos semanas m\u00e1s de confinamiento ordena Barbosa por aumento de contagios; incluye ley seca - The Puebla Times<\/title>\n<meta name=\"robots\" content=\"index, follow, max-snippet:-1, max-image-preview:large, max-video-preview:-1\" \/>\n<link rel=\"canonical\" href=\"https:\/\/thepueblatimes.mx\/index.php\/2021\/01\/08\/dos-semanas-mas-de-confinamiento-ordena-barbosa-por-aumento-de-contagios-incluye-ley-seca\/\" \/>\n<meta property=\"og:locale\" content=\"es_ES\" \/>\n<meta property=\"og:type\" content=\"article\" \/>\n<meta property=\"og:title\" content=\"Dos semanas m\u00e1s de confinamiento ordena Barbosa por aumento de contagios; incluye ley seca - The Puebla Times\" \/>\n<meta property=\"og:description\" content=\"Puebla, Pue.- Ante incremento de contagios por coronavirus en la capital y el resto de las regiones epidemiol\u00f3gicas del estado, el gobernador de Puebla, Miguel Barbosa Huerta\u00a0anunci\u00f3 que el confinamiento que concluir\u00eda el 11 de enero, se extender\u00e1 hasta el 28 de enero e incluir\u00e1 la restricci\u00f3n de consumo de\u00a0bebidas embriagantes de jueves a domingo....\" \/>\n<meta property=\"og:url\" content=\"https:\/\/thepueblatimes.mx\/index.php\/2021\/01\/08\/dos-semanas-mas-de-confinamiento-ordena-barbosa-por-aumento-de-contagios-incluye-ley-seca\/\" \/>\n<meta property=\"og:site_name\" content=\"The Puebla Times\" \/>\n<meta property=\"article:published_time\" content=\"2021-01-09T00:06:45+00:00\" \/>\n<meta property=\"og:image\" content=\"https:\/\/thepueblatimes.mx\/wp-content\/uploads\/2021\/01\/nec_0.jpg\" \/>\n\t<meta property=\"og:image:width\" content=\"640\" \/>\n\t<meta property=\"og:image:height\" content=\"426\" \/>\n\t<meta property=\"og:image:type\" content=\"image\/jpeg\" \/>\n<meta name=\"author\" content=\"Francisco S\u00e1nchez Nolasco\" \/>\n<meta name=\"twitter:card\" content=\"summary_large_image\" \/>\n<meta name=\"twitter:label1\" content=\"Escrito por\" \/>\n\t<meta name=\"twitter:data1\" content=\"Francisco S\u00e1nchez Nolasco\" \/>\n\t<meta name=\"twitter:label2\" content=\"Tiempo de lectura\" \/>\n\t<meta name=\"twitter:data2\" content=\"2 minutos\" \/>\n<script type=\"application\/ld+json\" class=\"yoast-schema-graph\">{\"@context\":\"https:\/\/schema.org\",\"@graph\":[{\"@type\":\"WebPage\",\"@id\":\"https:\/\/thepueblatimes.mx\/index.php\/2021\/01\/08\/dos-semanas-mas-de-confinamiento-ordena-barbosa-por-aumento-de-contagios-incluye-ley-seca\/\",\"url\":\"https:\/\/thepueblatimes.mx\/index.php\/2021\/01\/08\/dos-semanas-mas-de-confinamiento-ordena-barbosa-por-aumento-de-contagios-incluye-ley-seca\/\",\"name\":\"Dos semanas m\u00e1s de confinamiento ordena Barbosa por aumento de contagios; incluye ley seca - The Puebla Times\",\"isPartOf\":{\"@id\":\"https:\/\/thepueblatimes.mx\/#website\"},\"datePublished\":\"2021-01-09T00:06:45+00:00\",\"dateModified\":\"2021-01-09T00:06:45+00:00\",\"author\":{\"@id\":\"https:\/\/thepueblatimes.mx\/#\/schema\/person\/7bdf2adbc50078b104bba72b5612f774\"},\"breadcrumb\":{\"@id\":\"https:\/\/thepueblatimes.mx\/index.php\/2021\/01\/08\/dos-semanas-mas-de-confinamiento-ordena-barbosa-por-aumento-de-contagios-incluye-ley-seca\/#breadcrumb\"},\"inLanguage\":\"es\",\"potentialAction\":[{\"@type\":\"ReadAction\",\"target\":[\"https:\/\/thepueblatimes.mx\/index.php\/2021\/01\/08\/dos-semanas-mas-de-confinamiento-ordena-barbosa-por-aumento-de-contagios-incluye-ley-seca\/\"]}]},{\"@type\":\"BreadcrumbList\",\"@id\":\"https:\/\/thepueblatimes.mx\/index.php\/2021\/01\/08\/dos-semanas-mas-de-confinamiento-ordena-barbosa-por-aumento-de-contagios-incluye-ley-seca\/#breadcrumb\",\"itemListElement\":[{\"@type\":\"ListItem\",\"position\":1,\"name\":\"Portada\",\"item\":\"https:\/\/thepueblatimes.mx\/\"},{\"@type\":\"ListItem\",\"position\":2,\"name\":\"Dos semanas m\u00e1s de confinamiento ordena Barbosa por aumento de contagios; incluye ley seca\"}]},{\"@type\":\"WebSite\",\"@id\":\"https:\/\/thepueblatimes.mx\/#website\",\"url\":\"https:\/\/thepueblatimes.mx\/\",\"name\":\"The Puebla Times\",\"description\":\"Noticias del Estado de Puebla\",\"potentialAction\":[{\"@type\":\"SearchAction\",\"target\":{\"@type\":\"EntryPoint\",\"urlTemplate\":\"https:\/\/thepueblatimes.mx\/?s={search_term_string}\"},\"query-input\":\"required name=search_term_string\"}],\"inLanguage\":\"es\"},{\"@type\":\"Person\",\"@id\":\"https:\/\/thepueblatimes.mx\/#\/schema\/person\/7bdf2adbc50078b104bba72b5612f774\",\"name\":\"Francisco S\u00e1nchez Nolasco\",\"image\":{\"@type\":\"ImageObject\",\"inLanguage\":\"es\",\"@id\":\"https:\/\/thepueblatimes.mx\/#\/schema\/person\/image\/\",\"url\":\"https:\/\/secure.gravatar.com\/avatar\/6061d7d20b38bc2742a5218401b198d2?s=96&d=mm&r=g\",\"contentUrl\":\"https:\/\/secure.gravatar.com\/avatar\/6061d7d20b38bc2742a5218401b198d2?s=96&d=mm&r=g\",\"caption\":\"Francisco S\u00e1nchez Nolasco\"},\"url\":\"https:\/\/thepueblatimes.mx\/index.php\/author\/marianitha-reyes\/\"}]}<\/script>\n<!-- \/ Yoast SEO plugin. -->","yoast_head_json":{"title":"Dos semanas m\u00e1s de confinamiento ordena Barbosa por aumento de contagios; incluye ley seca - The Puebla Times","robots":{"index":"index","follow":"follow","max-snippet":"max-snippet:-1","max-image-preview":"max-image-preview:large","max-video-preview":"max-video-preview:-1"},"canonical":"https:\/\/thepueblatimes.mx\/index.php\/2021\/01\/08\/dos-semanas-mas-de-confinamiento-ordena-barbosa-por-aumento-de-contagios-incluye-ley-seca\/","og_locale":"es_ES","og_type":"article","og_title":"Dos semanas m\u00e1s de confinamiento ordena Barbosa por aumento de contagios; incluye ley seca - The Puebla Times","og_description":"Puebla, Pue.- Ante incremento de contagios por coronavirus en la capital y el resto de las regiones epidemiol\u00f3gicas del estado, el gobernador de Puebla, Miguel Barbosa Huerta\u00a0anunci\u00f3 que el confinamiento que concluir\u00eda el 11 de enero, se extender\u00e1 hasta el 28 de enero e incluir\u00e1 la restricci\u00f3n de consumo de\u00a0bebidas embriagantes de jueves a domingo....","og_url":"https:\/\/thepueblatimes.mx\/index.php\/2021\/01\/08\/dos-semanas-mas-de-confinamiento-ordena-barbosa-por-aumento-de-contagios-incluye-ley-seca\/","og_site_name":"The Puebla Times","article_published_time":"2021-01-09T00:06:45+00:00","og_image":[{"width":640,"height":426,"url":"https:\/\/thepueblatimes.mx\/wp-content\/uploads\/2021\/01\/nec_0.jpg","type":"image\/jpeg"}],"author":"Francisco S\u00e1nchez Nolasco","twitter_card":"summary_large_image","twitter_misc":{"Escrito por":"Francisco S\u00e1nchez Nolasco","Tiempo de lectura":"2 minutos"},"schema":{"@context":"https:\/\/schema.org","@graph":[{"@type":"WebPage","@id":"https:\/\/thepueblatimes.mx\/index.php\/2021\/01\/08\/dos-semanas-mas-de-confinamiento-ordena-barbosa-por-aumento-de-contagios-incluye-ley-seca\/","url":"https:\/\/thepueblatimes.mx\/index.php\/2021\/01\/08\/dos-semanas-mas-de-confinamiento-ordena-barbosa-por-aumento-de-contagios-incluye-ley-seca\/","name":"Dos semanas m\u00e1s de confinamiento ordena Barbosa por aumento de contagios; incluye ley seca - The Puebla Times","isPartOf":{"@id":"https:\/\/thepueblatimes.mx\/#website"},"datePublished":"2021-01-09T00:06:45+00:00","dateModified":"2021-01-09T00:06:45+00:00","author":{"@id":"https:\/\/thepueblatimes.mx\/#\/schema\/person\/7bdf2adbc50078b104bba72b5612f774"},"breadcrumb":{"@id":"https:\/\/thepueblatimes.mx\/index.php\/2021\/01\/08\/dos-semanas-mas-de-confinamiento-ordena-barbosa-por-aumento-de-contagios-incluye-ley-seca\/#breadcrumb"},"inLanguage":"es","potentialAction":[{"@type":"ReadAction","target":["https:\/\/thepueblatimes.mx\/index.php\/2021\/01\/08\/dos-semanas-mas-de-confinamiento-ordena-barbosa-por-aumento-de-contagios-incluye-ley-seca\/"]}]},{"@type":"BreadcrumbList","@id":"https:\/\/thepueblatimes.mx\/index.php\/2021\/01\/08\/dos-semanas-mas-de-confinamiento-ordena-barbosa-por-aumento-de-contagios-incluye-ley-seca\/#breadcrumb","itemListElement":[{"@type":"ListItem","position":1,"name":"Portada","item":"https:\/\/thepueblatimes.mx\/"},{"@type":"ListItem","position":2,"name":"Dos semanas m\u00e1s de confinamiento ordena Barbosa por aumento de contagios; incluye ley seca"}]},{"@type":"WebSite","@id":"https:\/\/thepueblatimes.mx\/#website","url":"https:\/\/thepueblatimes.mx\/","name":"The Puebla Times","description":"Noticias del Estado de Puebla","potentialAction":[{"@type":"SearchAction","target":{"@type":"EntryPoint","urlTemplate":"https:\/\/thepueblatimes.mx\/?s={search_term_string}"},"query-input":"required name=search_term_string"}],"inLanguage":"es"},{"@type":"Person","@id":"https:\/\/thepueblatimes.mx\/#\/schema\/person\/7bdf2adbc50078b104bba72b5612f774","name":"Francisco S\u00e1nchez Nolasco","image":{"@type":"ImageObject","inLanguage":"es","@id":"https:\/\/thepueblatimes.mx\/#\/schema\/person\/image\/","url":"https:\/\/secure.gravatar.com\/avatar\/6061d7d20b38bc2742a5218401b198d2?s=96&d=mm&r=g","contentUrl":"https:\/\/secure.gravatar.com\/avatar\/6061d7d20b38bc2742a5218401b198d2?s=96&d=mm&r=g","caption":"Francisco S\u00e1nchez Nolasco"},"url":"https:\/\/thepueblatimes.mx\/index.php\/author\/marianitha-reyes\/"}]}},"jetpack_featured_media_url":"https:\/\/thepueblatimes.mx\/wp-content\/uploads\/2021\/01\/nec_0.jpg","_links":{"self":[{"href":"https:\/\/thepueblatimes.mx\/index.php\/wp-json\/wp\/v2\/posts\/7425"}],"collection":[{"href":"https:\/\/thepueblatimes.mx\/index.php\/wp-json\/wp\/v2\/posts"}],"about":[{"href":"https:\/\/thepueblatimes.mx\/index.php\/wp-json\/wp\/v2\/types\/post"}],"author":[{"embeddable":true,"href":"https:\/\/thepueblatimes.mx\/index.php\/wp-json\/wp\/v2\/users\/15"}],"replies":[{"embeddable":true,"href":"https:\/\/thepueblatimes.mx\/index.php\/wp-json\/wp\/v2\/comments?post=7425"}],"version-history":[{"count":1,"href":"https:\/\/thepueblatimes.mx\/index.php\/wp-json\/wp\/v2\/posts\/7425\/revisions"}],"predecessor-version":[{"id":7428,"href":"https:\/\/thepueblatimes.mx\/index.php\/wp-json\/wp\/v2\/posts\/7425\/revisions\/7428"}],"wp:featuredmedia":[{"embeddable":true,"href":"https:\/\/thepueblatimes.mx\/index.php\/wp-json\/wp\/v2\/media\/7427"}],"wp:attachment":[{"href":"https:\/\/thepueblatimes.mx\/index.php\/wp-json\/wp\/v2\/media?parent=7425"}],"wp:term":[{"taxonomy":"category","embeddable":true,"href":"https:\/\/thepueblatimes.mx\/index.php\/wp-json\/wp\/v2\/categories?post=7425"},{"taxonomy":"post_tag","embeddable":true,"href":"https:\/\/thepueblatimes.mx\/index.php\/wp-json\/wp\/v2\/tags?post=7425"}],"curies":[{"name":"wp","href":"https:\/\/api.w.org\/{rel}","templated":true}]}}