{"id":7283,"date":"2021-01-06T15:40:13","date_gmt":"2021-01-06T21:40:13","guid":{"rendered":"https:\/\/thepueblatimes.mx\/?p=7283"},"modified":"2021-01-06T15:40:13","modified_gmt":"2021-01-06T21:40:13","slug":"va-chidiac-por-la-diputacion-federal-de-acatlan-de-osorio-por-el-pri-pan-prd","status":"publish","type":"post","link":"https:\/\/thepueblatimes.mx\/index.php\/2021\/01\/06\/va-chidiac-por-la-diputacion-federal-de-acatlan-de-osorio-por-el-pri-pan-prd\/","title":{"rendered":"Va Chidiac por la diputaci\u00f3n federal de Acatlan de Osorio por el PRI-PAN-PRD"},"content":{"rendered":"<h4><strong><em>Nely Maceda, actual diputada federal se quiere reelegir, pero no bajo un solo peso, ni realizo gestiones para ning\u00fan municipio, se la paso en francachelas y borracheras.<\/em><\/strong><\/h4>\n<p>ACATLAN DE OSORIO, Pue.- Todo se encuentra listo para que el pr\u00f3ximo s\u00e1bado 10 de enero del presente a\u00f1o, Charbel Jorge Estefan Chidiac, se registre en el proceso interno del PRI como precandidato a diputado federal por el XIV distrito.<\/p>\n<p>El registro ser\u00e1 en el Partido Revolucionario institucional, para el proceso interno que lo exige la ley electoral, posteriormente el Comit\u00e9 Ejecutivo Nacional del PRI, emitir\u00e1 el dictamen correspondiente con la aprobaci\u00f3n de la candidatura.<\/p>\n<p>Cabe mencionar que un principio se habl\u00f3 de que tambi\u00e9n competir\u00edan por el mismo cargo el actual diputado local por Acatl\u00e1n de Osorio, Nivardo Hern\u00e1ndez y Alberto Jim\u00e9nez Merino, pero han sido descartados quien va en caballo de hacienda es Charbel Jorge, Chidiac, quien arras\u00f3 en las encuestas que se mandaron hacer.<\/p>\n<figure id=\"attachment_7288\" aria-describedby=\"caption-attachment-7288\" style=\"width: 696px\" class=\"wp-caption aligncenter\"><img decoding=\"async\" loading=\"lazy\" class=\"wp-image-7288 size-large\" src=\"https:\/\/thepueblatimes.mx\/wp-content\/uploads\/2021\/01\/nellymaceda-1024x576.jpg\" alt=\"\" width=\"696\" height=\"392\" srcset=\"https:\/\/thepueblatimes.mx\/wp-content\/uploads\/2021\/01\/nellymaceda-1024x576.jpg 1024w, https:\/\/thepueblatimes.mx\/wp-content\/uploads\/2021\/01\/nellymaceda-300x169.jpg 300w, https:\/\/thepueblatimes.mx\/wp-content\/uploads\/2021\/01\/nellymaceda-768x432.jpg 768w, https:\/\/thepueblatimes.mx\/wp-content\/uploads\/2021\/01\/nellymaceda-696x392.jpg 696w, https:\/\/thepueblatimes.mx\/wp-content\/uploads\/2021\/01\/nellymaceda-1068x601.jpg 1068w, https:\/\/thepueblatimes.mx\/wp-content\/uploads\/2021\/01\/nellymaceda.jpg 1280w\" sizes=\"(max-width: 696px) 100vw, 696px\" \/><figcaption id=\"caption-attachment-7288\" class=\"wp-caption-text\">Nely Maceda Carrera.<\/figcaption><\/figure>\n<h4><em><strong>NELY MACEDA, LA ACTUAL DIPUTADA FEDERAL, DE MORENA SE LA HA PASADO EN FRANCACHELAS Y BORRACHERAS, PERO SE QUIERE REELEGIR<\/strong><\/em><\/h4>\n<p>Y es que Estefan Chidiac, pr\u00e1cticamente no tendr\u00e1 competencia alguna en el distrito acateco, luego de que la actual legisladora Nely Maceda Carrera, result\u00f3 un total fiasco para la coalici\u00f3n PT, PV, Morena, luego de que nunca subi\u00f3 a tribuna, no present\u00f3 ninguna iniciativa de ley, y mucho menos bajo obra p\u00fablica o hizo gesti\u00f3n alguna para un solo municipio de los 51 que conforman el XIV distrito federal con cabecera en Acatl\u00e1n de Osorio.<\/p>\n<p>Nely Maceda, quien es considerada como remedo de pol\u00edtica y diputada, a\u00fan con su p\u00e9sima actuaci\u00f3n en el Congreso federal, ya firm\u00f3 su carta de intenci\u00f3n para poder reelegirse otros tres a\u00f1os como congresista.<\/p>\n<p>Mientras que para los habitantes de su distrito y para los mismos presidentes municipales, no hizo nada en los dos a\u00f1os 4 meses que lleva en el Congreso de la Uni\u00f3n, e incluso algunos hasta dijeron que solo se la paso en \u201cfrancachelas y borracheras\u201d, aparte de que le encanta fumar, ya que se termina tres cajetillas de cigarro al d\u00eda.<\/p>\n<p>Otro personaje pol\u00edtico que se rumora la buscara por Morena es Eduardo Castillo, quien se dice es oriundo de Cuayuca de Andrade, pero es un personaje totalmente desconocido en la pol\u00edtica en el sur del estado de Puebla.<\/p>\n<p><img decoding=\"async\" loading=\"lazy\" class=\"aligncenter wp-image-7286 size-full\" src=\"https:\/\/thepueblatimes.mx\/wp-content\/uploads\/2021\/01\/chidiacapp.jpg\" alt=\"\" width=\"525\" height=\"315\" srcset=\"https:\/\/thepueblatimes.mx\/wp-content\/uploads\/2021\/01\/chidiacapp.jpg 525w, https:\/\/thepueblatimes.mx\/wp-content\/uploads\/2021\/01\/chidiacapp-300x180.jpg 300w\" sizes=\"(max-width: 525px) 100vw, 525px\" \/><\/p>\n<h4><strong><em>ESTEFAN CHIDIAC, ES APRECIADO EN EL DISTRITO ACATECO<\/em><\/strong><\/h4>\n<p>Cabe mencionar que Jorge Estefan es muy apreciado en toda la regi\u00f3n de Acatl\u00e1n de Osorio, porque ha realizado grandes obras y proyectos para la mixteca poblana y para todos los municipios del distrito acateco, e incluso los presidentes municipales lo conocen como: \u201cDon Dinero\u201d, porque a todos les ha bajado millonarios recursos para carreteras, presidencias municipales, pavimentaci\u00f3n de calles, drenajes, apoyo a iglesias, escuelas, aulas escolares, bibliotecas, techados, salones de usos m\u00faltiples.<\/p>\n<p>En el 2006 cuando fue diputado federal por Iz\u00facar de Matamoros, comenz\u00f3 con la gran obra de ampliaci\u00f3n de tres carriles la carretera federal Iz\u00facar &#8211; Tehuitizingo y avanzo en un 20 por ciento, luego lleg\u00f3 Jim\u00e9nez Merino y Filiberto Guevara como diputados a San L\u00e1zaro y no gestionaron ni un solo peso para esta importante v\u00eda de comunicaci\u00f3n que comunica hasta Centroam\u00e9rica.<\/p>\n<p>Ya en el 2015 \u2013 2018 en su tercera diputaci\u00f3n, Estefan Chidiac, retom\u00f3 la obra que hab\u00eda abandonado el gobierno federal y comenz\u00f3 de nuevo su construcci\u00f3n, y hoy lleva m\u00e1s del 50 por ciento de avance, pero de nueva cuenta el gobierno federal, a trav\u00e9s de la SCT volvi\u00f3 a parar la obra por fata de recursos, sin que Nely Maceda la actual diputada federal haya hecho alguna gesti\u00f3n al respecto.<\/p>\n<p>As\u00ed es como Estefan Chidiac, un pol\u00edtico de resultados, se perfila para ser Diputado federal por cuarta ocasi\u00f3n, sin ning\u00fan problema, sin ning\u00fan obst\u00e1culo que se le presente o se lo impida.<\/p>\n","protected":false},"excerpt":{"rendered":"<p>Nely Maceda, actual diputada federal se quiere reelegir, pero no bajo un solo peso, ni realizo gestiones para ning\u00fan municipio, se la paso en francachelas y borracheras.<\/p>\n","protected":false},"author":3,"featured_media":7285,"comment_status":"open","ping_status":"open","sticky":false,"template":"","format":"standard","meta":[],"categories":[17],"tags":[173,171,172,170,137],"yoast_head":"<!-- This site is optimized with the Yoast SEO plugin v20.8 - https:\/\/yoast.com\/wordpress\/plugins\/seo\/ -->\n<title>Va Chidiac por la diputaci\u00f3n federal de Acatlan de Osorio por el PRI-PAN-PRD - The Puebla Times<\/title>\n<meta name=\"robots\" content=\"index, follow, max-snippet:-1, max-image-preview:large, max-video-preview:-1\" \/>\n<link rel=\"canonical\" href=\"https:\/\/thepueblatimes.mx\/index.php\/2021\/01\/06\/va-chidiac-por-la-diputacion-federal-de-acatlan-de-osorio-por-el-pri-pan-prd\/\" \/>\n<meta property=\"og:locale\" content=\"es_ES\" \/>\n<meta property=\"og:type\" content=\"article\" \/>\n<meta property=\"og:title\" content=\"Va Chidiac por la diputaci\u00f3n federal de Acatlan de Osorio por el PRI-PAN-PRD - The Puebla Times\" \/>\n<meta property=\"og:description\" content=\"Nely Maceda, actual diputada federal se quiere reelegir, pero no bajo un solo peso, ni realizo gestiones para ning\u00fan municipio, se la paso en francachelas y borracheras.\" \/>\n<meta property=\"og:url\" content=\"https:\/\/thepueblatimes.mx\/index.php\/2021\/01\/06\/va-chidiac-por-la-diputacion-federal-de-acatlan-de-osorio-por-el-pri-pan-prd\/\" \/>\n<meta property=\"og:site_name\" content=\"The Puebla Times\" \/>\n<meta property=\"article:published_time\" content=\"2021-01-06T21:40:13+00:00\" \/>\n<meta property=\"og:image\" content=\"https:\/\/thepueblatimes.mx\/wp-content\/uploads\/2021\/01\/chidiacportada2.png\" \/>\n\t<meta property=\"og:image:width\" content=\"1200\" \/>\n\t<meta property=\"og:image:height\" content=\"635\" \/>\n\t<meta property=\"og:image:type\" content=\"image\/png\" \/>\n<meta name=\"author\" content=\"The Puebla Times\" \/>\n<meta name=\"twitter:card\" content=\"summary_large_image\" \/>\n<meta name=\"twitter:label1\" content=\"Escrito por\" \/>\n\t<meta name=\"twitter:data1\" content=\"The Puebla Times\" \/>\n\t<meta name=\"twitter:label2\" content=\"Tiempo de lectura\" \/>\n\t<meta name=\"twitter:data2\" content=\"3 minutos\" \/>\n<script type=\"application\/ld+json\" class=\"yoast-schema-graph\">{\"@context\":\"https:\/\/schema.org\",\"@graph\":[{\"@type\":\"WebPage\",\"@id\":\"https:\/\/thepueblatimes.mx\/index.php\/2021\/01\/06\/va-chidiac-por-la-diputacion-federal-de-acatlan-de-osorio-por-el-pri-pan-prd\/\",\"url\":\"https:\/\/thepueblatimes.mx\/index.php\/2021\/01\/06\/va-chidiac-por-la-diputacion-federal-de-acatlan-de-osorio-por-el-pri-pan-prd\/\",\"name\":\"Va Chidiac por la diputaci\u00f3n federal de Acatlan de Osorio por el PRI-PAN-PRD - The Puebla Times\",\"isPartOf\":{\"@id\":\"https:\/\/thepueblatimes.mx\/#website\"},\"datePublished\":\"2021-01-06T21:40:13+00:00\",\"dateModified\":\"2021-01-06T21:40:13+00:00\",\"author\":{\"@id\":\"https:\/\/thepueblatimes.mx\/#\/schema\/person\/ad152a907a5f1fb40553a2551dbadb8e\"},\"breadcrumb\":{\"@id\":\"https:\/\/thepueblatimes.mx\/index.php\/2021\/01\/06\/va-chidiac-por-la-diputacion-federal-de-acatlan-de-osorio-por-el-pri-pan-prd\/#breadcrumb\"},\"inLanguage\":\"es\",\"potentialAction\":[{\"@type\":\"ReadAction\",\"target\":[\"https:\/\/thepueblatimes.mx\/index.php\/2021\/01\/06\/va-chidiac-por-la-diputacion-federal-de-acatlan-de-osorio-por-el-pri-pan-prd\/\"]}]},{\"@type\":\"BreadcrumbList\",\"@id\":\"https:\/\/thepueblatimes.mx\/index.php\/2021\/01\/06\/va-chidiac-por-la-diputacion-federal-de-acatlan-de-osorio-por-el-pri-pan-prd\/#breadcrumb\",\"itemListElement\":[{\"@type\":\"ListItem\",\"position\":1,\"name\":\"Portada\",\"item\":\"https:\/\/thepueblatimes.mx\/\"},{\"@type\":\"ListItem\",\"position\":2,\"name\":\"Va Chidiac por la diputaci\u00f3n federal de Acatlan de Osorio por el PRI-PAN-PRD\"}]},{\"@type\":\"WebSite\",\"@id\":\"https:\/\/thepueblatimes.mx\/#website\",\"url\":\"https:\/\/thepueblatimes.mx\/\",\"name\":\"The Puebla Times\",\"description\":\"Noticias del Estado de Puebla\",\"potentialAction\":[{\"@type\":\"SearchAction\",\"target\":{\"@type\":\"EntryPoint\",\"urlTemplate\":\"https:\/\/thepueblatimes.mx\/?s={search_term_string}\"},\"query-input\":\"required name=search_term_string\"}],\"inLanguage\":\"es\"},{\"@type\":\"Person\",\"@id\":\"https:\/\/thepueblatimes.mx\/#\/schema\/person\/ad152a907a5f1fb40553a2551dbadb8e\",\"name\":\"The Puebla Times\",\"image\":{\"@type\":\"ImageObject\",\"inLanguage\":\"es\",\"@id\":\"https:\/\/thepueblatimes.mx\/#\/schema\/person\/image\/\",\"url\":\"https:\/\/secure.gravatar.com\/avatar\/82859cd6fbb1a3801d3e7ee27c92b8c9?s=96&d=mm&r=g\",\"contentUrl\":\"https:\/\/secure.gravatar.com\/avatar\/82859cd6fbb1a3801d3e7ee27c92b8c9?s=96&d=mm&r=g\",\"caption\":\"The Puebla Times\"},\"url\":\"https:\/\/thepueblatimes.mx\/index.php\/author\/ferhz\/\"}]}<\/script>\n<!-- \/ Yoast SEO plugin. -->","yoast_head_json":{"title":"Va Chidiac por la diputaci\u00f3n federal de Acatlan de Osorio por el PRI-PAN-PRD - The Puebla Times","robots":{"index":"index","follow":"follow","max-snippet":"max-snippet:-1","max-image-preview":"max-image-preview:large","max-video-preview":"max-video-preview:-1"},"canonical":"https:\/\/thepueblatimes.mx\/index.php\/2021\/01\/06\/va-chidiac-por-la-diputacion-federal-de-acatlan-de-osorio-por-el-pri-pan-prd\/","og_locale":"es_ES","og_type":"article","og_title":"Va Chidiac por la diputaci\u00f3n federal de Acatlan de Osorio por el PRI-PAN-PRD - The Puebla Times","og_description":"Nely Maceda, actual diputada federal se quiere reelegir, pero no bajo un solo peso, ni realizo gestiones para ning\u00fan municipio, se la paso en francachelas y borracheras.","og_url":"https:\/\/thepueblatimes.mx\/index.php\/2021\/01\/06\/va-chidiac-por-la-diputacion-federal-de-acatlan-de-osorio-por-el-pri-pan-prd\/","og_site_name":"The Puebla Times","article_published_time":"2021-01-06T21:40:13+00:00","og_image":[{"width":1200,"height":635,"url":"https:\/\/thepueblatimes.mx\/wp-content\/uploads\/2021\/01\/chidiacportada2.png","type":"image\/png"}],"author":"The Puebla Times","twitter_card":"summary_large_image","twitter_misc":{"Escrito por":"The Puebla Times","Tiempo de lectura":"3 minutos"},"schema":{"@context":"https:\/\/schema.org","@graph":[{"@type":"WebPage","@id":"https:\/\/thepueblatimes.mx\/index.php\/2021\/01\/06\/va-chidiac-por-la-diputacion-federal-de-acatlan-de-osorio-por-el-pri-pan-prd\/","url":"https:\/\/thepueblatimes.mx\/index.php\/2021\/01\/06\/va-chidiac-por-la-diputacion-federal-de-acatlan-de-osorio-por-el-pri-pan-prd\/","name":"Va Chidiac por la diputaci\u00f3n federal de Acatlan de Osorio por el PRI-PAN-PRD - The Puebla Times","isPartOf":{"@id":"https:\/\/thepueblatimes.mx\/#website"},"datePublished":"2021-01-06T21:40:13+00:00","dateModified":"2021-01-06T21:40:13+00:00","author":{"@id":"https:\/\/thepueblatimes.mx\/#\/schema\/person\/ad152a907a5f1fb40553a2551dbadb8e"},"breadcrumb":{"@id":"https:\/\/thepueblatimes.mx\/index.php\/2021\/01\/06\/va-chidiac-por-la-diputacion-federal-de-acatlan-de-osorio-por-el-pri-pan-prd\/#breadcrumb"},"inLanguage":"es","potentialAction":[{"@type":"ReadAction","target":["https:\/\/thepueblatimes.mx\/index.php\/2021\/01\/06\/va-chidiac-por-la-diputacion-federal-de-acatlan-de-osorio-por-el-pri-pan-prd\/"]}]},{"@type":"BreadcrumbList","@id":"https:\/\/thepueblatimes.mx\/index.php\/2021\/01\/06\/va-chidiac-por-la-diputacion-federal-de-acatlan-de-osorio-por-el-pri-pan-prd\/#breadcrumb","itemListElement":[{"@type":"ListItem","position":1,"name":"Portada","item":"https:\/\/thepueblatimes.mx\/"},{"@type":"ListItem","position":2,"name":"Va Chidiac por la diputaci\u00f3n federal de Acatlan de Osorio por el PRI-PAN-PRD"}]},{"@type":"WebSite","@id":"https:\/\/thepueblatimes.mx\/#website","url":"https:\/\/thepueblatimes.mx\/","name":"The Puebla Times","description":"Noticias del Estado de Puebla","potentialAction":[{"@type":"SearchAction","target":{"@type":"EntryPoint","urlTemplate":"https:\/\/thepueblatimes.mx\/?s={search_term_string}"},"query-input":"required name=search_term_string"}],"inLanguage":"es"},{"@type":"Person","@id":"https:\/\/thepueblatimes.mx\/#\/schema\/person\/ad152a907a5f1fb40553a2551dbadb8e","name":"The Puebla Times","image":{"@type":"ImageObject","inLanguage":"es","@id":"https:\/\/thepueblatimes.mx\/#\/schema\/person\/image\/","url":"https:\/\/secure.gravatar.com\/avatar\/82859cd6fbb1a3801d3e7ee27c92b8c9?s=96&d=mm&r=g","contentUrl":"https:\/\/secure.gravatar.com\/avatar\/82859cd6fbb1a3801d3e7ee27c92b8c9?s=96&d=mm&r=g","caption":"The Puebla Times"},"url":"https:\/\/thepueblatimes.mx\/index.php\/author\/ferhz\/"}]}},"jetpack_featured_media_url":"https:\/\/thepueblatimes.mx\/wp-content\/uploads\/2021\/01\/chidiacportada2.png","_links":{"self":[{"href":"https:\/\/thepueblatimes.mx\/index.php\/wp-json\/wp\/v2\/posts\/7283"}],"collection":[{"href":"https:\/\/thepueblatimes.mx\/index.php\/wp-json\/wp\/v2\/posts"}],"about":[{"href":"https:\/\/thepueblatimes.mx\/index.php\/wp-json\/wp\/v2\/types\/post"}],"author":[{"embeddable":true,"href":"https:\/\/thepueblatimes.mx\/index.php\/wp-json\/wp\/v2\/users\/3"}],"replies":[{"embeddable":true,"href":"https:\/\/thepueblatimes.mx\/index.php\/wp-json\/wp\/v2\/comments?post=7283"}],"version-history":[{"count":1,"href":"https:\/\/thepueblatimes.mx\/index.php\/wp-json\/wp\/v2\/posts\/7283\/revisions"}],"predecessor-version":[{"id":7289,"href":"https:\/\/thepueblatimes.mx\/index.php\/wp-json\/wp\/v2\/posts\/7283\/revisions\/7289"}],"wp:featuredmedia":[{"embeddable":true,"href":"https:\/\/thepueblatimes.mx\/index.php\/wp-json\/wp\/v2\/media\/7285"}],"wp:attachment":[{"href":"https:\/\/thepueblatimes.mx\/index.php\/wp-json\/wp\/v2\/media?parent=7283"}],"wp:term":[{"taxonomy":"category","embeddable":true,"href":"https:\/\/thepueblatimes.mx\/index.php\/wp-json\/wp\/v2\/categories?post=7283"},{"taxonomy":"post_tag","embeddable":true,"href":"https:\/\/thepueblatimes.mx\/index.php\/wp-json\/wp\/v2\/tags?post=7283"}],"curies":[{"name":"wp","href":"https:\/\/api.w.org\/{rel}","templated":true}]}}