{"id":7135,"date":"2021-01-02T10:47:27","date_gmt":"2021-01-02T16:47:27","guid":{"rendered":"https:\/\/thepueblatimes.mx\/?p=7135"},"modified":"2021-01-02T10:47:27","modified_gmt":"2021-01-02T16:47:27","slug":"en-investigacion-caso-de-doctora-en-terapia-intensiva-por-vacuna-pfizer","status":"publish","type":"post","link":"https:\/\/thepueblatimes.mx\/index.php\/2021\/01\/02\/en-investigacion-caso-de-doctora-en-terapia-intensiva-por-vacuna-pfizer\/","title":{"rendered":"En investigaci\u00f3n caso de doctora en terapia intensiva por vacuna Pfizer"},"content":{"rendered":"<p>En estudio el caso de la m\u00e9dica de 32 con antecedente de alergia al Trimetroprim con sulfametoxazol tras presentar reacciones adversas graves al recibir la vacuna contra la Covid-19 de la empresa farmac\u00e9utica Pfizer.<\/p>\n<p>\u201cSe encuentra en una unidad de terapia intensiva de un hospital de alta especialidad adscrito al Instituto Mexicano del Seguro Social en el estado de Nuevo Le\u00f3n, luego de que present\u00f3 erupci\u00f3n cut\u00e1nea, crisis convulsivas, disminuci\u00f3n de la fuerza muscular y dificultad respiratoria en la siguiente media hora a la aplicaci\u00f3n.<\/p>\n<p>Seg\u00fan la informaci\u00f3n que ha proporcionado el Instituto Mexicano del Seguro Social, este es el primer caso en el pa\u00eds de una reacci\u00f3n adversa grave derivado de la aplicaci\u00f3n de la vacuna, por la que se han reportado tambi\u00e9n 22 reacciones leves.<\/p>\n<p>La doctora se encuentra bajo observaci\u00f3n y tratamiento por parte de especialistas en medicina cr\u00edtica para disminuir la inflamaci\u00f3n cerebral presentada. Se continuar\u00e1 tratamiento especializado intensivo con base en esteroides y anticonvulsivos para disminuir el riesgo de que presente secuelas, inform\u00f3 la Ssa en un comunicado.<\/p>\n","protected":false},"excerpt":{"rendered":"<p>En estudio el caso de la m\u00e9dica de 32 con antecedente de alergia al Trimetroprim con sulfametoxazol tras presentar reacciones adversas graves al recibir la vacuna contra la Covid-19 de la empresa farmac\u00e9utica Pfizer. \u201cSe encuentra en una unidad de terapia intensiva de un hospital de alta especialidad adscrito al Instituto Mexicano del Seguro Social&#8230;<\/p>\n","protected":false},"author":3,"featured_media":7136,"comment_status":"open","ping_status":"open","sticky":false,"template":"","format":"standard","meta":[],"categories":[110],"tags":[],"yoast_head":"<!-- This site is optimized with the Yoast SEO plugin v20.8 - https:\/\/yoast.com\/wordpress\/plugins\/seo\/ -->\n<title>En investigaci\u00f3n caso de doctora en terapia intensiva por vacuna Pfizer - The Puebla Times<\/title>\n<meta name=\"robots\" content=\"index, follow, max-snippet:-1, max-image-preview:large, max-video-preview:-1\" \/>\n<link rel=\"canonical\" href=\"https:\/\/thepueblatimes.mx\/index.php\/2021\/01\/02\/en-investigacion-caso-de-doctora-en-terapia-intensiva-por-vacuna-pfizer\/\" \/>\n<meta property=\"og:locale\" content=\"es_ES\" \/>\n<meta property=\"og:type\" content=\"article\" \/>\n<meta property=\"og:title\" content=\"En investigaci\u00f3n caso de doctora en terapia intensiva por vacuna Pfizer - The Puebla Times\" \/>\n<meta property=\"og:description\" content=\"En estudio el caso de la m\u00e9dica de 32 con antecedente de alergia al Trimetroprim con sulfametoxazol tras presentar reacciones adversas graves al recibir la vacuna contra la Covid-19 de la empresa farmac\u00e9utica Pfizer. \u201cSe encuentra en una unidad de terapia intensiva de un hospital de alta especialidad adscrito al Instituto Mexicano del Seguro Social...\" \/>\n<meta property=\"og:url\" content=\"https:\/\/thepueblatimes.mx\/index.php\/2021\/01\/02\/en-investigacion-caso-de-doctora-en-terapia-intensiva-por-vacuna-pfizer\/\" \/>\n<meta property=\"og:site_name\" content=\"The Puebla Times\" \/>\n<meta property=\"article:published_time\" content=\"2021-01-02T16:47:27+00:00\" \/>\n<meta property=\"og:image\" content=\"https:\/\/thepueblatimes.mx\/wp-content\/uploads\/2021\/01\/GettyImages-1219398943.jpg\" \/>\n\t<meta property=\"og:image:width\" content=\"2122\" \/>\n\t<meta property=\"og:image:height\" content=\"1412\" \/>\n\t<meta property=\"og:image:type\" content=\"image\/jpeg\" \/>\n<meta name=\"author\" content=\"The Puebla Times\" \/>\n<meta name=\"twitter:card\" content=\"summary_large_image\" \/>\n<meta name=\"twitter:label1\" content=\"Escrito por\" \/>\n\t<meta name=\"twitter:data1\" content=\"The Puebla Times\" \/>\n\t<meta name=\"twitter:label2\" content=\"Tiempo de lectura\" \/>\n\t<meta name=\"twitter:data2\" content=\"1 minuto\" \/>\n<script type=\"application\/ld+json\" class=\"yoast-schema-graph\">{\"@context\":\"https:\/\/schema.org\",\"@graph\":[{\"@type\":\"WebPage\",\"@id\":\"https:\/\/thepueblatimes.mx\/index.php\/2021\/01\/02\/en-investigacion-caso-de-doctora-en-terapia-intensiva-por-vacuna-pfizer\/\",\"url\":\"https:\/\/thepueblatimes.mx\/index.php\/2021\/01\/02\/en-investigacion-caso-de-doctora-en-terapia-intensiva-por-vacuna-pfizer\/\",\"name\":\"En investigaci\u00f3n caso de doctora en terapia intensiva por vacuna Pfizer - The Puebla Times\",\"isPartOf\":{\"@id\":\"https:\/\/thepueblatimes.mx\/#website\"},\"datePublished\":\"2021-01-02T16:47:27+00:00\",\"dateModified\":\"2021-01-02T16:47:27+00:00\",\"author\":{\"@id\":\"https:\/\/thepueblatimes.mx\/#\/schema\/person\/ad152a907a5f1fb40553a2551dbadb8e\"},\"breadcrumb\":{\"@id\":\"https:\/\/thepueblatimes.mx\/index.php\/2021\/01\/02\/en-investigacion-caso-de-doctora-en-terapia-intensiva-por-vacuna-pfizer\/#breadcrumb\"},\"inLanguage\":\"es\",\"potentialAction\":[{\"@type\":\"ReadAction\",\"target\":[\"https:\/\/thepueblatimes.mx\/index.php\/2021\/01\/02\/en-investigacion-caso-de-doctora-en-terapia-intensiva-por-vacuna-pfizer\/\"]}]},{\"@type\":\"BreadcrumbList\",\"@id\":\"https:\/\/thepueblatimes.mx\/index.php\/2021\/01\/02\/en-investigacion-caso-de-doctora-en-terapia-intensiva-por-vacuna-pfizer\/#breadcrumb\",\"itemListElement\":[{\"@type\":\"ListItem\",\"position\":1,\"name\":\"Portada\",\"item\":\"https:\/\/thepueblatimes.mx\/\"},{\"@type\":\"ListItem\",\"position\":2,\"name\":\"En investigaci\u00f3n caso de doctora en terapia intensiva por vacuna Pfizer\"}]},{\"@type\":\"WebSite\",\"@id\":\"https:\/\/thepueblatimes.mx\/#website\",\"url\":\"https:\/\/thepueblatimes.mx\/\",\"name\":\"The Puebla Times\",\"description\":\"Noticias del Estado de Puebla\",\"potentialAction\":[{\"@type\":\"SearchAction\",\"target\":{\"@type\":\"EntryPoint\",\"urlTemplate\":\"https:\/\/thepueblatimes.mx\/?s={search_term_string}\"},\"query-input\":\"required name=search_term_string\"}],\"inLanguage\":\"es\"},{\"@type\":\"Person\",\"@id\":\"https:\/\/thepueblatimes.mx\/#\/schema\/person\/ad152a907a5f1fb40553a2551dbadb8e\",\"name\":\"The Puebla Times\",\"image\":{\"@type\":\"ImageObject\",\"inLanguage\":\"es\",\"@id\":\"https:\/\/thepueblatimes.mx\/#\/schema\/person\/image\/\",\"url\":\"https:\/\/secure.gravatar.com\/avatar\/82859cd6fbb1a3801d3e7ee27c92b8c9?s=96&d=mm&r=g\",\"contentUrl\":\"https:\/\/secure.gravatar.com\/avatar\/82859cd6fbb1a3801d3e7ee27c92b8c9?s=96&d=mm&r=g\",\"caption\":\"The Puebla Times\"},\"url\":\"https:\/\/thepueblatimes.mx\/index.php\/author\/ferhz\/\"}]}<\/script>\n<!-- \/ Yoast SEO plugin. -->","yoast_head_json":{"title":"En investigaci\u00f3n caso de doctora en terapia intensiva por vacuna Pfizer - The Puebla Times","robots":{"index":"index","follow":"follow","max-snippet":"max-snippet:-1","max-image-preview":"max-image-preview:large","max-video-preview":"max-video-preview:-1"},"canonical":"https:\/\/thepueblatimes.mx\/index.php\/2021\/01\/02\/en-investigacion-caso-de-doctora-en-terapia-intensiva-por-vacuna-pfizer\/","og_locale":"es_ES","og_type":"article","og_title":"En investigaci\u00f3n caso de doctora en terapia intensiva por vacuna Pfizer - The Puebla Times","og_description":"En estudio el caso de la m\u00e9dica de 32 con antecedente de alergia al Trimetroprim con sulfametoxazol tras presentar reacciones adversas graves al recibir la vacuna contra la Covid-19 de la empresa farmac\u00e9utica Pfizer. \u201cSe encuentra en una unidad de terapia intensiva de un hospital de alta especialidad adscrito al Instituto Mexicano del Seguro Social...","og_url":"https:\/\/thepueblatimes.mx\/index.php\/2021\/01\/02\/en-investigacion-caso-de-doctora-en-terapia-intensiva-por-vacuna-pfizer\/","og_site_name":"The Puebla Times","article_published_time":"2021-01-02T16:47:27+00:00","og_image":[{"width":2122,"height":1412,"url":"https:\/\/thepueblatimes.mx\/wp-content\/uploads\/2021\/01\/GettyImages-1219398943.jpg","type":"image\/jpeg"}],"author":"The Puebla Times","twitter_card":"summary_large_image","twitter_misc":{"Escrito por":"The Puebla Times","Tiempo de lectura":"1 minuto"},"schema":{"@context":"https:\/\/schema.org","@graph":[{"@type":"WebPage","@id":"https:\/\/thepueblatimes.mx\/index.php\/2021\/01\/02\/en-investigacion-caso-de-doctora-en-terapia-intensiva-por-vacuna-pfizer\/","url":"https:\/\/thepueblatimes.mx\/index.php\/2021\/01\/02\/en-investigacion-caso-de-doctora-en-terapia-intensiva-por-vacuna-pfizer\/","name":"En investigaci\u00f3n caso de doctora en terapia intensiva por vacuna Pfizer - The Puebla Times","isPartOf":{"@id":"https:\/\/thepueblatimes.mx\/#website"},"datePublished":"2021-01-02T16:47:27+00:00","dateModified":"2021-01-02T16:47:27+00:00","author":{"@id":"https:\/\/thepueblatimes.mx\/#\/schema\/person\/ad152a907a5f1fb40553a2551dbadb8e"},"breadcrumb":{"@id":"https:\/\/thepueblatimes.mx\/index.php\/2021\/01\/02\/en-investigacion-caso-de-doctora-en-terapia-intensiva-por-vacuna-pfizer\/#breadcrumb"},"inLanguage":"es","potentialAction":[{"@type":"ReadAction","target":["https:\/\/thepueblatimes.mx\/index.php\/2021\/01\/02\/en-investigacion-caso-de-doctora-en-terapia-intensiva-por-vacuna-pfizer\/"]}]},{"@type":"BreadcrumbList","@id":"https:\/\/thepueblatimes.mx\/index.php\/2021\/01\/02\/en-investigacion-caso-de-doctora-en-terapia-intensiva-por-vacuna-pfizer\/#breadcrumb","itemListElement":[{"@type":"ListItem","position":1,"name":"Portada","item":"https:\/\/thepueblatimes.mx\/"},{"@type":"ListItem","position":2,"name":"En investigaci\u00f3n caso de doctora en terapia intensiva por vacuna Pfizer"}]},{"@type":"WebSite","@id":"https:\/\/thepueblatimes.mx\/#website","url":"https:\/\/thepueblatimes.mx\/","name":"The Puebla Times","description":"Noticias del Estado de Puebla","potentialAction":[{"@type":"SearchAction","target":{"@type":"EntryPoint","urlTemplate":"https:\/\/thepueblatimes.mx\/?s={search_term_string}"},"query-input":"required name=search_term_string"}],"inLanguage":"es"},{"@type":"Person","@id":"https:\/\/thepueblatimes.mx\/#\/schema\/person\/ad152a907a5f1fb40553a2551dbadb8e","name":"The Puebla Times","image":{"@type":"ImageObject","inLanguage":"es","@id":"https:\/\/thepueblatimes.mx\/#\/schema\/person\/image\/","url":"https:\/\/secure.gravatar.com\/avatar\/82859cd6fbb1a3801d3e7ee27c92b8c9?s=96&d=mm&r=g","contentUrl":"https:\/\/secure.gravatar.com\/avatar\/82859cd6fbb1a3801d3e7ee27c92b8c9?s=96&d=mm&r=g","caption":"The Puebla Times"},"url":"https:\/\/thepueblatimes.mx\/index.php\/author\/ferhz\/"}]}},"jetpack_featured_media_url":"https:\/\/thepueblatimes.mx\/wp-content\/uploads\/2021\/01\/GettyImages-1219398943.jpg","_links":{"self":[{"href":"https:\/\/thepueblatimes.mx\/index.php\/wp-json\/wp\/v2\/posts\/7135"}],"collection":[{"href":"https:\/\/thepueblatimes.mx\/index.php\/wp-json\/wp\/v2\/posts"}],"about":[{"href":"https:\/\/thepueblatimes.mx\/index.php\/wp-json\/wp\/v2\/types\/post"}],"author":[{"embeddable":true,"href":"https:\/\/thepueblatimes.mx\/index.php\/wp-json\/wp\/v2\/users\/3"}],"replies":[{"embeddable":true,"href":"https:\/\/thepueblatimes.mx\/index.php\/wp-json\/wp\/v2\/comments?post=7135"}],"version-history":[{"count":1,"href":"https:\/\/thepueblatimes.mx\/index.php\/wp-json\/wp\/v2\/posts\/7135\/revisions"}],"predecessor-version":[{"id":7137,"href":"https:\/\/thepueblatimes.mx\/index.php\/wp-json\/wp\/v2\/posts\/7135\/revisions\/7137"}],"wp:featuredmedia":[{"embeddable":true,"href":"https:\/\/thepueblatimes.mx\/index.php\/wp-json\/wp\/v2\/media\/7136"}],"wp:attachment":[{"href":"https:\/\/thepueblatimes.mx\/index.php\/wp-json\/wp\/v2\/media?parent=7135"}],"wp:term":[{"taxonomy":"category","embeddable":true,"href":"https:\/\/thepueblatimes.mx\/index.php\/wp-json\/wp\/v2\/categories?post=7135"},{"taxonomy":"post_tag","embeddable":true,"href":"https:\/\/thepueblatimes.mx\/index.php\/wp-json\/wp\/v2\/tags?post=7135"}],"curies":[{"name":"wp","href":"https:\/\/api.w.org\/{rel}","templated":true}]}}