{"id":7106,"date":"2020-12-31T12:58:40","date_gmt":"2020-12-31T18:58:40","guid":{"rendered":"https:\/\/thepueblatimes.mx\/?p=7106"},"modified":"2020-12-31T13:04:49","modified_gmt":"2020-12-31T19:04:49","slug":"puebla-registra-hasta-337-nuevos-contagios-y-24-decesos-en-las-ultimas-24-horas","status":"publish","type":"post","link":"https:\/\/thepueblatimes.mx\/index.php\/2020\/12\/31\/puebla-registra-hasta-337-nuevos-contagios-y-24-decesos-en-las-ultimas-24-horas\/","title":{"rendered":"Puebla registra hasta 337 nuevos contagios y 24 decesos en las \u00faltimas 24 horas"},"content":{"rendered":"<p>CIUDAD DE PUEBLA, Pue.- El secretario de Salud, Jos\u00e9 Antonio Mart\u00ednez Garc\u00eda report\u00f3 que contin\u00faa en ascenso la tendencia de casos positivos de COVID-19, al dar a conocer que en las \u00faltimas 24 horas hubo 337 nuevos contagios y 24 decesos.<\/p>\n<p>Por lo anterior, llam\u00f3 a la sociedad a no relajar las medidas de prevenci\u00f3n como el lavado de manos, la sana distancia y el uso de cubrebocas y gel antibacterial.<\/p>\n<p>Puntualiz\u00f3 que los casos activos, entre ambulatorios y hospitalizados, ascienden a mil 364 en 66 municipios.<\/p>\n<p>El funcionario destac\u00f3 que de 48 mil 927 casos positivos confirmados hasta el momento, se han recuperado 41 mil 569; esto representa 85 por ciento de las personas que en alg\u00fan momento contrajeron el virus SARS-CoV-2.<\/p>\n<p>Indic\u00f3 que actualmente hay 814 pacientes de COVID-19 hospitalizados en todo el sector, de ellos 113 est\u00e1n conectados a un ventilador mec\u00e1nico.<\/p>\n<p>Mart\u00ednez Garc\u00eda se\u00f1al\u00f3 que 291 son atendidos en hospitales de la Secretar\u00eda; 244 en el Instituto Mexicano del Seguro Social (IMSS); 93, hospitales privados; 82, ISSSTEP; 76, ISSSTE y los hospitales Universitario y Militar Regional, 14 cada uno.<\/p>\n","protected":false},"excerpt":{"rendered":"<p>CIUDAD DE PUEBLA, Pue.- El secretario de Salud, Jos\u00e9 Antonio Mart\u00ednez Garc\u00eda report\u00f3 que contin\u00faa en ascenso la tendencia de casos positivos de COVID-19, al dar a conocer que en las \u00faltimas 24 horas hubo 337 nuevos contagios y 24 decesos. Por lo anterior, llam\u00f3 a la sociedad a no relajar las medidas de prevenci\u00f3n&#8230;<\/p>\n","protected":false},"author":3,"featured_media":7107,"comment_status":"open","ping_status":"open","sticky":false,"template":"","format":"standard","meta":[],"categories":[22],"tags":[],"yoast_head":"<!-- This site is optimized with the Yoast SEO plugin v20.8 - https:\/\/yoast.com\/wordpress\/plugins\/seo\/ -->\n<title>Puebla registra hasta 337 nuevos contagios y 24 decesos en las \u00faltimas 24 horas - The Puebla Times<\/title>\n<meta name=\"robots\" content=\"index, follow, max-snippet:-1, max-image-preview:large, max-video-preview:-1\" \/>\n<link rel=\"canonical\" href=\"https:\/\/thepueblatimes.mx\/index.php\/2020\/12\/31\/puebla-registra-hasta-337-nuevos-contagios-y-24-decesos-en-las-ultimas-24-horas\/\" \/>\n<meta property=\"og:locale\" content=\"es_ES\" \/>\n<meta property=\"og:type\" content=\"article\" \/>\n<meta property=\"og:title\" content=\"Puebla registra hasta 337 nuevos contagios y 24 decesos en las \u00faltimas 24 horas - The Puebla Times\" \/>\n<meta property=\"og:description\" content=\"CIUDAD DE PUEBLA, Pue.- El secretario de Salud, Jos\u00e9 Antonio Mart\u00ednez Garc\u00eda report\u00f3 que contin\u00faa en ascenso la tendencia de casos positivos de COVID-19, al dar a conocer que en las \u00faltimas 24 horas hubo 337 nuevos contagios y 24 decesos. Por lo anterior, llam\u00f3 a la sociedad a no relajar las medidas de prevenci\u00f3n...\" \/>\n<meta property=\"og:url\" content=\"https:\/\/thepueblatimes.mx\/index.php\/2020\/12\/31\/puebla-registra-hasta-337-nuevos-contagios-y-24-decesos-en-las-ultimas-24-horas\/\" \/>\n<meta property=\"og:site_name\" content=\"The Puebla Times\" \/>\n<meta property=\"article:published_time\" content=\"2020-12-31T18:58:40+00:00\" \/>\n<meta property=\"article:modified_time\" content=\"2020-12-31T19:04:49+00:00\" \/>\n<meta property=\"og:image\" content=\"https:\/\/thepueblatimes.mx\/wp-content\/uploads\/2020\/12\/ahoy_5101094_20201128191628-1.jpg\" \/>\n\t<meta property=\"og:image:width\" content=\"716\" \/>\n\t<meta property=\"og:image:height\" content=\"477\" \/>\n\t<meta property=\"og:image:type\" content=\"image\/jpeg\" \/>\n<meta name=\"author\" content=\"The Puebla Times\" \/>\n<meta name=\"twitter:card\" content=\"summary_large_image\" \/>\n<meta name=\"twitter:label1\" content=\"Escrito por\" \/>\n\t<meta name=\"twitter:data1\" content=\"The Puebla Times\" \/>\n\t<meta name=\"twitter:label2\" content=\"Tiempo de lectura\" \/>\n\t<meta name=\"twitter:data2\" content=\"1 minuto\" \/>\n<script type=\"application\/ld+json\" class=\"yoast-schema-graph\">{\"@context\":\"https:\/\/schema.org\",\"@graph\":[{\"@type\":\"WebPage\",\"@id\":\"https:\/\/thepueblatimes.mx\/index.php\/2020\/12\/31\/puebla-registra-hasta-337-nuevos-contagios-y-24-decesos-en-las-ultimas-24-horas\/\",\"url\":\"https:\/\/thepueblatimes.mx\/index.php\/2020\/12\/31\/puebla-registra-hasta-337-nuevos-contagios-y-24-decesos-en-las-ultimas-24-horas\/\",\"name\":\"Puebla registra hasta 337 nuevos contagios y 24 decesos en las \u00faltimas 24 horas - The Puebla Times\",\"isPartOf\":{\"@id\":\"https:\/\/thepueblatimes.mx\/#website\"},\"datePublished\":\"2020-12-31T18:58:40+00:00\",\"dateModified\":\"2020-12-31T19:04:49+00:00\",\"author\":{\"@id\":\"https:\/\/thepueblatimes.mx\/#\/schema\/person\/ad152a907a5f1fb40553a2551dbadb8e\"},\"breadcrumb\":{\"@id\":\"https:\/\/thepueblatimes.mx\/index.php\/2020\/12\/31\/puebla-registra-hasta-337-nuevos-contagios-y-24-decesos-en-las-ultimas-24-horas\/#breadcrumb\"},\"inLanguage\":\"es\",\"potentialAction\":[{\"@type\":\"ReadAction\",\"target\":[\"https:\/\/thepueblatimes.mx\/index.php\/2020\/12\/31\/puebla-registra-hasta-337-nuevos-contagios-y-24-decesos-en-las-ultimas-24-horas\/\"]}]},{\"@type\":\"BreadcrumbList\",\"@id\":\"https:\/\/thepueblatimes.mx\/index.php\/2020\/12\/31\/puebla-registra-hasta-337-nuevos-contagios-y-24-decesos-en-las-ultimas-24-horas\/#breadcrumb\",\"itemListElement\":[{\"@type\":\"ListItem\",\"position\":1,\"name\":\"Portada\",\"item\":\"https:\/\/thepueblatimes.mx\/\"},{\"@type\":\"ListItem\",\"position\":2,\"name\":\"Puebla registra hasta 337 nuevos contagios y 24 decesos en las \u00faltimas 24 horas\"}]},{\"@type\":\"WebSite\",\"@id\":\"https:\/\/thepueblatimes.mx\/#website\",\"url\":\"https:\/\/thepueblatimes.mx\/\",\"name\":\"The Puebla Times\",\"description\":\"Noticias del Estado de Puebla\",\"potentialAction\":[{\"@type\":\"SearchAction\",\"target\":{\"@type\":\"EntryPoint\",\"urlTemplate\":\"https:\/\/thepueblatimes.mx\/?s={search_term_string}\"},\"query-input\":\"required name=search_term_string\"}],\"inLanguage\":\"es\"},{\"@type\":\"Person\",\"@id\":\"https:\/\/thepueblatimes.mx\/#\/schema\/person\/ad152a907a5f1fb40553a2551dbadb8e\",\"name\":\"The Puebla Times\",\"image\":{\"@type\":\"ImageObject\",\"inLanguage\":\"es\",\"@id\":\"https:\/\/thepueblatimes.mx\/#\/schema\/person\/image\/\",\"url\":\"https:\/\/secure.gravatar.com\/avatar\/82859cd6fbb1a3801d3e7ee27c92b8c9?s=96&d=mm&r=g\",\"contentUrl\":\"https:\/\/secure.gravatar.com\/avatar\/82859cd6fbb1a3801d3e7ee27c92b8c9?s=96&d=mm&r=g\",\"caption\":\"The Puebla Times\"},\"url\":\"https:\/\/thepueblatimes.mx\/index.php\/author\/ferhz\/\"}]}<\/script>\n<!-- \/ Yoast SEO plugin. -->","yoast_head_json":{"title":"Puebla registra hasta 337 nuevos contagios y 24 decesos en las \u00faltimas 24 horas - The Puebla Times","robots":{"index":"index","follow":"follow","max-snippet":"max-snippet:-1","max-image-preview":"max-image-preview:large","max-video-preview":"max-video-preview:-1"},"canonical":"https:\/\/thepueblatimes.mx\/index.php\/2020\/12\/31\/puebla-registra-hasta-337-nuevos-contagios-y-24-decesos-en-las-ultimas-24-horas\/","og_locale":"es_ES","og_type":"article","og_title":"Puebla registra hasta 337 nuevos contagios y 24 decesos en las \u00faltimas 24 horas - The Puebla Times","og_description":"CIUDAD DE PUEBLA, Pue.- El secretario de Salud, Jos\u00e9 Antonio Mart\u00ednez Garc\u00eda report\u00f3 que contin\u00faa en ascenso la tendencia de casos positivos de COVID-19, al dar a conocer que en las \u00faltimas 24 horas hubo 337 nuevos contagios y 24 decesos. Por lo anterior, llam\u00f3 a la sociedad a no relajar las medidas de prevenci\u00f3n...","og_url":"https:\/\/thepueblatimes.mx\/index.php\/2020\/12\/31\/puebla-registra-hasta-337-nuevos-contagios-y-24-decesos-en-las-ultimas-24-horas\/","og_site_name":"The Puebla Times","article_published_time":"2020-12-31T18:58:40+00:00","article_modified_time":"2020-12-31T19:04:49+00:00","og_image":[{"width":716,"height":477,"url":"https:\/\/thepueblatimes.mx\/wp-content\/uploads\/2020\/12\/ahoy_5101094_20201128191628-1.jpg","type":"image\/jpeg"}],"author":"The Puebla Times","twitter_card":"summary_large_image","twitter_misc":{"Escrito por":"The Puebla Times","Tiempo de lectura":"1 minuto"},"schema":{"@context":"https:\/\/schema.org","@graph":[{"@type":"WebPage","@id":"https:\/\/thepueblatimes.mx\/index.php\/2020\/12\/31\/puebla-registra-hasta-337-nuevos-contagios-y-24-decesos-en-las-ultimas-24-horas\/","url":"https:\/\/thepueblatimes.mx\/index.php\/2020\/12\/31\/puebla-registra-hasta-337-nuevos-contagios-y-24-decesos-en-las-ultimas-24-horas\/","name":"Puebla registra hasta 337 nuevos contagios y 24 decesos en las \u00faltimas 24 horas - The Puebla Times","isPartOf":{"@id":"https:\/\/thepueblatimes.mx\/#website"},"datePublished":"2020-12-31T18:58:40+00:00","dateModified":"2020-12-31T19:04:49+00:00","author":{"@id":"https:\/\/thepueblatimes.mx\/#\/schema\/person\/ad152a907a5f1fb40553a2551dbadb8e"},"breadcrumb":{"@id":"https:\/\/thepueblatimes.mx\/index.php\/2020\/12\/31\/puebla-registra-hasta-337-nuevos-contagios-y-24-decesos-en-las-ultimas-24-horas\/#breadcrumb"},"inLanguage":"es","potentialAction":[{"@type":"ReadAction","target":["https:\/\/thepueblatimes.mx\/index.php\/2020\/12\/31\/puebla-registra-hasta-337-nuevos-contagios-y-24-decesos-en-las-ultimas-24-horas\/"]}]},{"@type":"BreadcrumbList","@id":"https:\/\/thepueblatimes.mx\/index.php\/2020\/12\/31\/puebla-registra-hasta-337-nuevos-contagios-y-24-decesos-en-las-ultimas-24-horas\/#breadcrumb","itemListElement":[{"@type":"ListItem","position":1,"name":"Portada","item":"https:\/\/thepueblatimes.mx\/"},{"@type":"ListItem","position":2,"name":"Puebla registra hasta 337 nuevos contagios y 24 decesos en las \u00faltimas 24 horas"}]},{"@type":"WebSite","@id":"https:\/\/thepueblatimes.mx\/#website","url":"https:\/\/thepueblatimes.mx\/","name":"The Puebla Times","description":"Noticias del Estado de Puebla","potentialAction":[{"@type":"SearchAction","target":{"@type":"EntryPoint","urlTemplate":"https:\/\/thepueblatimes.mx\/?s={search_term_string}"},"query-input":"required name=search_term_string"}],"inLanguage":"es"},{"@type":"Person","@id":"https:\/\/thepueblatimes.mx\/#\/schema\/person\/ad152a907a5f1fb40553a2551dbadb8e","name":"The Puebla Times","image":{"@type":"ImageObject","inLanguage":"es","@id":"https:\/\/thepueblatimes.mx\/#\/schema\/person\/image\/","url":"https:\/\/secure.gravatar.com\/avatar\/82859cd6fbb1a3801d3e7ee27c92b8c9?s=96&d=mm&r=g","contentUrl":"https:\/\/secure.gravatar.com\/avatar\/82859cd6fbb1a3801d3e7ee27c92b8c9?s=96&d=mm&r=g","caption":"The Puebla Times"},"url":"https:\/\/thepueblatimes.mx\/index.php\/author\/ferhz\/"}]}},"jetpack_featured_media_url":"https:\/\/thepueblatimes.mx\/wp-content\/uploads\/2020\/12\/ahoy_5101094_20201128191628-1.jpg","_links":{"self":[{"href":"https:\/\/thepueblatimes.mx\/index.php\/wp-json\/wp\/v2\/posts\/7106"}],"collection":[{"href":"https:\/\/thepueblatimes.mx\/index.php\/wp-json\/wp\/v2\/posts"}],"about":[{"href":"https:\/\/thepueblatimes.mx\/index.php\/wp-json\/wp\/v2\/types\/post"}],"author":[{"embeddable":true,"href":"https:\/\/thepueblatimes.mx\/index.php\/wp-json\/wp\/v2\/users\/3"}],"replies":[{"embeddable":true,"href":"https:\/\/thepueblatimes.mx\/index.php\/wp-json\/wp\/v2\/comments?post=7106"}],"version-history":[{"count":2,"href":"https:\/\/thepueblatimes.mx\/index.php\/wp-json\/wp\/v2\/posts\/7106\/revisions"}],"predecessor-version":[{"id":7109,"href":"https:\/\/thepueblatimes.mx\/index.php\/wp-json\/wp\/v2\/posts\/7106\/revisions\/7109"}],"wp:featuredmedia":[{"embeddable":true,"href":"https:\/\/thepueblatimes.mx\/index.php\/wp-json\/wp\/v2\/media\/7107"}],"wp:attachment":[{"href":"https:\/\/thepueblatimes.mx\/index.php\/wp-json\/wp\/v2\/media?parent=7106"}],"wp:term":[{"taxonomy":"category","embeddable":true,"href":"https:\/\/thepueblatimes.mx\/index.php\/wp-json\/wp\/v2\/categories?post=7106"},{"taxonomy":"post_tag","embeddable":true,"href":"https:\/\/thepueblatimes.mx\/index.php\/wp-json\/wp\/v2\/tags?post=7106"}],"curies":[{"name":"wp","href":"https:\/\/api.w.org\/{rel}","templated":true}]}}