{"id":7100,"date":"2020-12-31T12:03:47","date_gmt":"2020-12-31T18:03:47","guid":{"rendered":"https:\/\/thepueblatimes.mx\/?p=7100"},"modified":"2020-12-31T12:14:30","modified_gmt":"2020-12-31T18:14:30","slug":"china-repoorta-primer-caso-de-nueva-variante-de-covid-19","status":"publish","type":"post","link":"https:\/\/thepueblatimes.mx\/index.php\/2020\/12\/31\/china-repoorta-primer-caso-de-nueva-variante-de-covid-19\/","title":{"rendered":"China reporta primer caso de nueva variante del coronavirus"},"content":{"rendered":"<p>China detect\u00f3 su primer caso de la nueva variante del coronavirus que se esta propagando r\u00e1pidamente por todo Reino Unido, seg\u00fan una publicaci\u00f3n del Centro Chino para el Control y la Prevenci\u00f3n de Enfermedades (CDC).<\/p>\n<p class=\"paragraph\">La variante se detect\u00f3 en una estudiante de 23 a\u00f1os que regres\u00f3 a China desde Gran Breta\u00f1a, que se realiz\u00f3 el examen en Shangh\u00e1i el 14 de diciembre, seg\u00fan la \u00faltima edici\u00f3n de China CDC Weekly.<\/p>\n<blockquote>\n<p class=\"paragraph\"><strong>El caso \u00abrepresenta una gran amenaza potencial para la prevenci\u00f3n y el control del COVID-19 en China\u00bb.<\/strong><\/p>\n<\/blockquote>\n<p>Ayer, el gobernador de\u00a0<strong>California<\/strong>,\u00a0<strong>Gavin Newsom<\/strong>, anunci\u00f3 que se detect\u00f3 el primer caso en ese estado de la\u00a0<strong>nueva variante brit\u00e1nica de coronavirus<\/strong>, lo que contabiliza dos los casos confirmados en Estados Unidos despu\u00e9s del descubierto ayer en\u00a0<strong>Colorado<\/strong>.<\/p>\n<p><strong>Newsom<\/strong>, del partido Dem\u00f3crata, explic\u00f3 que el caso de esta nueva variante de <strong>Covid tambi\u00e9n<\/strong> fue detectado este mi\u00e9rcoles en el sur de <strong>California<\/strong>, pero no ofreci\u00f3 m\u00e1s detalles sobre el paciente.<\/p>\n<p>Fauci consider\u00f3 que era de esperar que la\u00a0<strong>nueva cepa<\/strong>\u00a0m\u00e1s contagiosa, llegara a la Uni\u00f3n Americana. \u201cNo creo que los californianos deban sentir que se trata de algo extra\u00f1o. Era de esperar\u201d, <strong>subray\u00f3<\/strong>.<\/p>\n<p>Seg\u00fan expertos, la nueva variante del coronavirus detectada en el Reino Unido es de <strong>50% a 74% m\u00e1s contagiosa<\/strong> que las otras cepas existentes y significa un nuevo desaf\u00edo para el control de la enfermedad.<\/p>\n","protected":false},"excerpt":{"rendered":"<p>China detect\u00f3 su primer caso de la nueva variante del coronavirus que se esta propagando r\u00e1pidamente por todo Reino Unido, seg\u00fan una publicaci\u00f3n del Centro Chino para el Control y la Prevenci\u00f3n de Enfermedades (CDC). La variante se detect\u00f3 en una estudiante de 23 a\u00f1os que regres\u00f3 a China desde Gran Breta\u00f1a, que se realiz\u00f3&#8230;<\/p>\n","protected":false},"author":3,"featured_media":7101,"comment_status":"open","ping_status":"open","sticky":false,"template":"","format":"standard","meta":[],"categories":[1],"tags":[],"yoast_head":"<!-- This site is optimized with the Yoast SEO plugin v20.8 - https:\/\/yoast.com\/wordpress\/plugins\/seo\/ -->\n<title>China reporta primer caso de nueva variante del coronavirus - The Puebla Times<\/title>\n<meta name=\"robots\" content=\"index, follow, max-snippet:-1, max-image-preview:large, max-video-preview:-1\" \/>\n<link rel=\"canonical\" href=\"https:\/\/thepueblatimes.mx\/index.php\/2020\/12\/31\/china-repoorta-primer-caso-de-nueva-variante-de-covid-19\/\" \/>\n<meta property=\"og:locale\" content=\"es_ES\" \/>\n<meta property=\"og:type\" content=\"article\" \/>\n<meta property=\"og:title\" content=\"China reporta primer caso de nueva variante del coronavirus - The Puebla Times\" \/>\n<meta property=\"og:description\" content=\"China detect\u00f3 su primer caso de la nueva variante del coronavirus que se esta propagando r\u00e1pidamente por todo Reino Unido, seg\u00fan una publicaci\u00f3n del Centro Chino para el Control y la Prevenci\u00f3n de Enfermedades (CDC). La variante se detect\u00f3 en una estudiante de 23 a\u00f1os que regres\u00f3 a China desde Gran Breta\u00f1a, que se realiz\u00f3...\" \/>\n<meta property=\"og:url\" content=\"https:\/\/thepueblatimes.mx\/index.php\/2020\/12\/31\/china-repoorta-primer-caso-de-nueva-variante-de-covid-19\/\" \/>\n<meta property=\"og:site_name\" content=\"The Puebla Times\" \/>\n<meta property=\"article:published_time\" content=\"2020-12-31T18:03:47+00:00\" \/>\n<meta property=\"article:modified_time\" content=\"2020-12-31T18:14:30+00:00\" \/>\n<meta property=\"og:image\" content=\"https:\/\/thepueblatimes.mx\/wp-content\/uploads\/2020\/12\/ee.jpg\" \/>\n\t<meta property=\"og:image:width\" content=\"460\" \/>\n\t<meta property=\"og:image:height\" content=\"258\" \/>\n\t<meta property=\"og:image:type\" content=\"image\/jpeg\" \/>\n<meta name=\"author\" content=\"The Puebla Times\" \/>\n<meta name=\"twitter:card\" content=\"summary_large_image\" \/>\n<meta name=\"twitter:label1\" content=\"Escrito por\" \/>\n\t<meta name=\"twitter:data1\" content=\"The Puebla Times\" \/>\n\t<meta name=\"twitter:label2\" content=\"Tiempo de lectura\" \/>\n\t<meta name=\"twitter:data2\" content=\"1 minuto\" \/>\n<script type=\"application\/ld+json\" class=\"yoast-schema-graph\">{\"@context\":\"https:\/\/schema.org\",\"@graph\":[{\"@type\":\"WebPage\",\"@id\":\"https:\/\/thepueblatimes.mx\/index.php\/2020\/12\/31\/china-repoorta-primer-caso-de-nueva-variante-de-covid-19\/\",\"url\":\"https:\/\/thepueblatimes.mx\/index.php\/2020\/12\/31\/china-repoorta-primer-caso-de-nueva-variante-de-covid-19\/\",\"name\":\"China reporta primer caso de nueva variante del coronavirus - The Puebla Times\",\"isPartOf\":{\"@id\":\"https:\/\/thepueblatimes.mx\/#website\"},\"datePublished\":\"2020-12-31T18:03:47+00:00\",\"dateModified\":\"2020-12-31T18:14:30+00:00\",\"author\":{\"@id\":\"https:\/\/thepueblatimes.mx\/#\/schema\/person\/ad152a907a5f1fb40553a2551dbadb8e\"},\"breadcrumb\":{\"@id\":\"https:\/\/thepueblatimes.mx\/index.php\/2020\/12\/31\/china-repoorta-primer-caso-de-nueva-variante-de-covid-19\/#breadcrumb\"},\"inLanguage\":\"es\",\"potentialAction\":[{\"@type\":\"ReadAction\",\"target\":[\"https:\/\/thepueblatimes.mx\/index.php\/2020\/12\/31\/china-repoorta-primer-caso-de-nueva-variante-de-covid-19\/\"]}]},{\"@type\":\"BreadcrumbList\",\"@id\":\"https:\/\/thepueblatimes.mx\/index.php\/2020\/12\/31\/china-repoorta-primer-caso-de-nueva-variante-de-covid-19\/#breadcrumb\",\"itemListElement\":[{\"@type\":\"ListItem\",\"position\":1,\"name\":\"Portada\",\"item\":\"https:\/\/thepueblatimes.mx\/\"},{\"@type\":\"ListItem\",\"position\":2,\"name\":\"China reporta primer caso de nueva variante del coronavirus\"}]},{\"@type\":\"WebSite\",\"@id\":\"https:\/\/thepueblatimes.mx\/#website\",\"url\":\"https:\/\/thepueblatimes.mx\/\",\"name\":\"The Puebla Times\",\"description\":\"Noticias del Estado de Puebla\",\"potentialAction\":[{\"@type\":\"SearchAction\",\"target\":{\"@type\":\"EntryPoint\",\"urlTemplate\":\"https:\/\/thepueblatimes.mx\/?s={search_term_string}\"},\"query-input\":\"required name=search_term_string\"}],\"inLanguage\":\"es\"},{\"@type\":\"Person\",\"@id\":\"https:\/\/thepueblatimes.mx\/#\/schema\/person\/ad152a907a5f1fb40553a2551dbadb8e\",\"name\":\"The Puebla Times\",\"image\":{\"@type\":\"ImageObject\",\"inLanguage\":\"es\",\"@id\":\"https:\/\/thepueblatimes.mx\/#\/schema\/person\/image\/\",\"url\":\"https:\/\/secure.gravatar.com\/avatar\/82859cd6fbb1a3801d3e7ee27c92b8c9?s=96&d=mm&r=g\",\"contentUrl\":\"https:\/\/secure.gravatar.com\/avatar\/82859cd6fbb1a3801d3e7ee27c92b8c9?s=96&d=mm&r=g\",\"caption\":\"The Puebla Times\"},\"url\":\"https:\/\/thepueblatimes.mx\/index.php\/author\/ferhz\/\"}]}<\/script>\n<!-- \/ Yoast SEO plugin. -->","yoast_head_json":{"title":"China reporta primer caso de nueva variante del coronavirus - The Puebla Times","robots":{"index":"index","follow":"follow","max-snippet":"max-snippet:-1","max-image-preview":"max-image-preview:large","max-video-preview":"max-video-preview:-1"},"canonical":"https:\/\/thepueblatimes.mx\/index.php\/2020\/12\/31\/china-repoorta-primer-caso-de-nueva-variante-de-covid-19\/","og_locale":"es_ES","og_type":"article","og_title":"China reporta primer caso de nueva variante del coronavirus - The Puebla Times","og_description":"China detect\u00f3 su primer caso de la nueva variante del coronavirus que se esta propagando r\u00e1pidamente por todo Reino Unido, seg\u00fan una publicaci\u00f3n del Centro Chino para el Control y la Prevenci\u00f3n de Enfermedades (CDC). La variante se detect\u00f3 en una estudiante de 23 a\u00f1os que regres\u00f3 a China desde Gran Breta\u00f1a, que se realiz\u00f3...","og_url":"https:\/\/thepueblatimes.mx\/index.php\/2020\/12\/31\/china-repoorta-primer-caso-de-nueva-variante-de-covid-19\/","og_site_name":"The Puebla Times","article_published_time":"2020-12-31T18:03:47+00:00","article_modified_time":"2020-12-31T18:14:30+00:00","og_image":[{"width":460,"height":258,"url":"https:\/\/thepueblatimes.mx\/wp-content\/uploads\/2020\/12\/ee.jpg","type":"image\/jpeg"}],"author":"The Puebla Times","twitter_card":"summary_large_image","twitter_misc":{"Escrito por":"The Puebla Times","Tiempo de lectura":"1 minuto"},"schema":{"@context":"https:\/\/schema.org","@graph":[{"@type":"WebPage","@id":"https:\/\/thepueblatimes.mx\/index.php\/2020\/12\/31\/china-repoorta-primer-caso-de-nueva-variante-de-covid-19\/","url":"https:\/\/thepueblatimes.mx\/index.php\/2020\/12\/31\/china-repoorta-primer-caso-de-nueva-variante-de-covid-19\/","name":"China reporta primer caso de nueva variante del coronavirus - The Puebla Times","isPartOf":{"@id":"https:\/\/thepueblatimes.mx\/#website"},"datePublished":"2020-12-31T18:03:47+00:00","dateModified":"2020-12-31T18:14:30+00:00","author":{"@id":"https:\/\/thepueblatimes.mx\/#\/schema\/person\/ad152a907a5f1fb40553a2551dbadb8e"},"breadcrumb":{"@id":"https:\/\/thepueblatimes.mx\/index.php\/2020\/12\/31\/china-repoorta-primer-caso-de-nueva-variante-de-covid-19\/#breadcrumb"},"inLanguage":"es","potentialAction":[{"@type":"ReadAction","target":["https:\/\/thepueblatimes.mx\/index.php\/2020\/12\/31\/china-repoorta-primer-caso-de-nueva-variante-de-covid-19\/"]}]},{"@type":"BreadcrumbList","@id":"https:\/\/thepueblatimes.mx\/index.php\/2020\/12\/31\/china-repoorta-primer-caso-de-nueva-variante-de-covid-19\/#breadcrumb","itemListElement":[{"@type":"ListItem","position":1,"name":"Portada","item":"https:\/\/thepueblatimes.mx\/"},{"@type":"ListItem","position":2,"name":"China reporta primer caso de nueva variante del coronavirus"}]},{"@type":"WebSite","@id":"https:\/\/thepueblatimes.mx\/#website","url":"https:\/\/thepueblatimes.mx\/","name":"The Puebla Times","description":"Noticias del Estado de Puebla","potentialAction":[{"@type":"SearchAction","target":{"@type":"EntryPoint","urlTemplate":"https:\/\/thepueblatimes.mx\/?s={search_term_string}"},"query-input":"required name=search_term_string"}],"inLanguage":"es"},{"@type":"Person","@id":"https:\/\/thepueblatimes.mx\/#\/schema\/person\/ad152a907a5f1fb40553a2551dbadb8e","name":"The Puebla Times","image":{"@type":"ImageObject","inLanguage":"es","@id":"https:\/\/thepueblatimes.mx\/#\/schema\/person\/image\/","url":"https:\/\/secure.gravatar.com\/avatar\/82859cd6fbb1a3801d3e7ee27c92b8c9?s=96&d=mm&r=g","contentUrl":"https:\/\/secure.gravatar.com\/avatar\/82859cd6fbb1a3801d3e7ee27c92b8c9?s=96&d=mm&r=g","caption":"The Puebla Times"},"url":"https:\/\/thepueblatimes.mx\/index.php\/author\/ferhz\/"}]}},"jetpack_featured_media_url":"https:\/\/thepueblatimes.mx\/wp-content\/uploads\/2020\/12\/ee.jpg","_links":{"self":[{"href":"https:\/\/thepueblatimes.mx\/index.php\/wp-json\/wp\/v2\/posts\/7100"}],"collection":[{"href":"https:\/\/thepueblatimes.mx\/index.php\/wp-json\/wp\/v2\/posts"}],"about":[{"href":"https:\/\/thepueblatimes.mx\/index.php\/wp-json\/wp\/v2\/types\/post"}],"author":[{"embeddable":true,"href":"https:\/\/thepueblatimes.mx\/index.php\/wp-json\/wp\/v2\/users\/3"}],"replies":[{"embeddable":true,"href":"https:\/\/thepueblatimes.mx\/index.php\/wp-json\/wp\/v2\/comments?post=7100"}],"version-history":[{"count":4,"href":"https:\/\/thepueblatimes.mx\/index.php\/wp-json\/wp\/v2\/posts\/7100\/revisions"}],"predecessor-version":[{"id":7105,"href":"https:\/\/thepueblatimes.mx\/index.php\/wp-json\/wp\/v2\/posts\/7100\/revisions\/7105"}],"wp:featuredmedia":[{"embeddable":true,"href":"https:\/\/thepueblatimes.mx\/index.php\/wp-json\/wp\/v2\/media\/7101"}],"wp:attachment":[{"href":"https:\/\/thepueblatimes.mx\/index.php\/wp-json\/wp\/v2\/media?parent=7100"}],"wp:term":[{"taxonomy":"category","embeddable":true,"href":"https:\/\/thepueblatimes.mx\/index.php\/wp-json\/wp\/v2\/categories?post=7100"},{"taxonomy":"post_tag","embeddable":true,"href":"https:\/\/thepueblatimes.mx\/index.php\/wp-json\/wp\/v2\/tags?post=7100"}],"curies":[{"name":"wp","href":"https:\/\/api.w.org\/{rel}","templated":true}]}}