{"id":7095,"date":"2020-12-31T11:24:39","date_gmt":"2020-12-31T17:24:39","guid":{"rendered":"https:\/\/thepueblatimes.mx\/?p=7095"},"modified":"2020-12-31T11:26:31","modified_gmt":"2020-12-31T17:26:31","slug":"al-tope-acapulcoo-y-puerto-vallarta-llenos-en-ocupacion-hotelera","status":"publish","type":"post","link":"https:\/\/thepueblatimes.mx\/index.php\/2020\/12\/31\/al-tope-acapulcoo-y-puerto-vallarta-llenos-en-ocupacion-hotelera\/","title":{"rendered":"Al tope: Acapulco y Puerto Vallarta, llenos en ocupaci\u00f3n hotelera"},"content":{"rendered":"<p>Pese a las recomendaciones de la OMS, de vir\u00f3logos, psic\u00f3logos, personal de salud y m\u00e1s expertos en qu\u00e9date y festeja en casa para evitar la propagaci\u00f3n de Covid-19; Acapulco y Puerto Vallarta registran cientos de reservaciones para este a\u00f1o nuevo.<\/p>\n<p>De acuerdo con autoridades del sector tur\u00edstico local, el\u00a0<strong>n\u00famero de reservaciones confirmadas hasta el momento ya alcanz\u00f3 la m\u00e1xima capacidad permitida en las hospeder\u00edas<\/strong>, que es del 50 por ciento, sobre todo para el periodo comprendido entre el 28 de diciembre y la primera semana de enero.<\/p>\n<p>En d\u00edas pasados el gobernador de <strong>Guerrero, H\u00e9ctor Astudillo Flores<\/strong>, anunci\u00f3 la cancelaci\u00f3n del espect\u00e1culo de fuegos artificiales que se celebra a\u00f1o con a\u00f1o en la bah\u00eda de\u00a0<strong>Acapulco<\/strong>, como medida para evitar contagios.<\/p>\n<blockquote class=\"twitter-tweet\" data-width=\"550\" data-dnt=\"true\">\n<p lang=\"es\" dir=\"ltr\">Este diciembre es distinto. Por tu salud y por tu vida sigue las siguientes recomendaciones. <a href=\"https:\/\/twitter.com\/hashtag\/NavidadSinContagios?src=hash&amp;ref_src=twsrc%5Etfw\">#NavidadSinContagios<\/a><\/p>\n<p>En caso de ser positivo a coronavirus, no te esperes ATI\u00c9NDETE lo m\u00e1s pronto posible. <a href=\"https:\/\/t.co\/WejJu5W7cY\">pic.twitter.com\/WejJu5W7cY<\/a><\/p>\n<p>&mdash; HectorAstudillo (@HectorAstudillo) <a href=\"https:\/\/twitter.com\/HectorAstudillo\/status\/1339280705004601345?ref_src=twsrc%5Etfw\">December 16, 2020<\/a><\/p><\/blockquote>\n<p><script async src=\"https:\/\/platform.twitter.com\/widgets.js\" charset=\"utf-8\"><\/script><\/p>\n<p>Acapulco\u00a0concentra el mayor n\u00famero de personas contagiadas, hospitalizadas y fallecidas por COVID-19 en Guerrero, seg\u00fan\u00a0\u00a0autoridades del sector salud.<\/p>\n<p>Es importante mencionar que en caso de viajar se deben seguir todas las medidas sanitarias: uso obligatorio de cubrebocas, sana distancia y lavado frecuente de manos. Tanto el gobierno de\u00a0<strong>Jalisco\u00a0<\/strong>y\u00a0<strong>Guerrero\u00a0<\/strong>recomiendan quedarse en casa.<\/p>\n","protected":false},"excerpt":{"rendered":"<p>Pese a las recomendaciones de la OMS, de vir\u00f3logos, psic\u00f3logos, personal de salud y m\u00e1s expertos en qu\u00e9date y festeja en casa para evitar la propagaci\u00f3n de Covid-19; Acapulco y Puerto Vallarta registran cientos de reservaciones para este a\u00f1o nuevo. De acuerdo con autoridades del sector tur\u00edstico local, el\u00a0n\u00famero de reservaciones confirmadas hasta el momento&#8230;<\/p>\n","protected":false},"author":3,"featured_media":7099,"comment_status":"open","ping_status":"open","sticky":false,"template":"","format":"standard","meta":[],"categories":[110],"tags":[],"yoast_head":"<!-- This site is optimized with the Yoast SEO plugin v20.8 - https:\/\/yoast.com\/wordpress\/plugins\/seo\/ -->\n<title>Al tope: Acapulco y Puerto Vallarta, llenos en ocupaci\u00f3n hotelera - The Puebla Times<\/title>\n<meta name=\"robots\" content=\"index, follow, max-snippet:-1, max-image-preview:large, max-video-preview:-1\" \/>\n<link rel=\"canonical\" href=\"https:\/\/thepueblatimes.mx\/index.php\/2020\/12\/31\/al-tope-acapulcoo-y-puerto-vallarta-llenos-en-ocupacion-hotelera\/\" \/>\n<meta property=\"og:locale\" content=\"es_ES\" \/>\n<meta property=\"og:type\" content=\"article\" \/>\n<meta property=\"og:title\" content=\"Al tope: Acapulco y Puerto Vallarta, llenos en ocupaci\u00f3n hotelera - The Puebla Times\" \/>\n<meta property=\"og:description\" content=\"Pese a las recomendaciones de la OMS, de vir\u00f3logos, psic\u00f3logos, personal de salud y m\u00e1s expertos en qu\u00e9date y festeja en casa para evitar la propagaci\u00f3n de Covid-19; Acapulco y Puerto Vallarta registran cientos de reservaciones para este a\u00f1o nuevo. De acuerdo con autoridades del sector tur\u00edstico local, el\u00a0n\u00famero de reservaciones confirmadas hasta el momento...\" \/>\n<meta property=\"og:url\" content=\"https:\/\/thepueblatimes.mx\/index.php\/2020\/12\/31\/al-tope-acapulcoo-y-puerto-vallarta-llenos-en-ocupacion-hotelera\/\" \/>\n<meta property=\"og:site_name\" content=\"The Puebla Times\" \/>\n<meta property=\"article:published_time\" content=\"2020-12-31T17:24:39+00:00\" \/>\n<meta property=\"article:modified_time\" content=\"2020-12-31T17:26:31+00:00\" \/>\n<meta property=\"og:image\" content=\"https:\/\/thepueblatimes.mx\/wp-content\/uploads\/2020\/12\/BJTJLIWNOZFFBEW7I4RSH366B4.jpg\" \/>\n\t<meta property=\"og:image:width\" content=\"768\" \/>\n\t<meta property=\"og:image:height\" content=\"512\" \/>\n\t<meta property=\"og:image:type\" content=\"image\/jpeg\" \/>\n<meta name=\"author\" content=\"The Puebla Times\" \/>\n<meta name=\"twitter:card\" content=\"summary_large_image\" \/>\n<meta name=\"twitter:label1\" content=\"Escrito por\" \/>\n\t<meta name=\"twitter:data1\" content=\"The Puebla Times\" \/>\n\t<meta name=\"twitter:label2\" content=\"Tiempo de lectura\" \/>\n\t<meta name=\"twitter:data2\" content=\"1 minuto\" \/>\n<script type=\"application\/ld+json\" class=\"yoast-schema-graph\">{\"@context\":\"https:\/\/schema.org\",\"@graph\":[{\"@type\":\"WebPage\",\"@id\":\"https:\/\/thepueblatimes.mx\/index.php\/2020\/12\/31\/al-tope-acapulcoo-y-puerto-vallarta-llenos-en-ocupacion-hotelera\/\",\"url\":\"https:\/\/thepueblatimes.mx\/index.php\/2020\/12\/31\/al-tope-acapulcoo-y-puerto-vallarta-llenos-en-ocupacion-hotelera\/\",\"name\":\"Al tope: Acapulco y Puerto Vallarta, llenos en ocupaci\u00f3n hotelera - The Puebla Times\",\"isPartOf\":{\"@id\":\"https:\/\/thepueblatimes.mx\/#website\"},\"datePublished\":\"2020-12-31T17:24:39+00:00\",\"dateModified\":\"2020-12-31T17:26:31+00:00\",\"author\":{\"@id\":\"https:\/\/thepueblatimes.mx\/#\/schema\/person\/ad152a907a5f1fb40553a2551dbadb8e\"},\"breadcrumb\":{\"@id\":\"https:\/\/thepueblatimes.mx\/index.php\/2020\/12\/31\/al-tope-acapulcoo-y-puerto-vallarta-llenos-en-ocupacion-hotelera\/#breadcrumb\"},\"inLanguage\":\"es\",\"potentialAction\":[{\"@type\":\"ReadAction\",\"target\":[\"https:\/\/thepueblatimes.mx\/index.php\/2020\/12\/31\/al-tope-acapulcoo-y-puerto-vallarta-llenos-en-ocupacion-hotelera\/\"]}]},{\"@type\":\"BreadcrumbList\",\"@id\":\"https:\/\/thepueblatimes.mx\/index.php\/2020\/12\/31\/al-tope-acapulcoo-y-puerto-vallarta-llenos-en-ocupacion-hotelera\/#breadcrumb\",\"itemListElement\":[{\"@type\":\"ListItem\",\"position\":1,\"name\":\"Portada\",\"item\":\"https:\/\/thepueblatimes.mx\/\"},{\"@type\":\"ListItem\",\"position\":2,\"name\":\"Al tope: Acapulco y Puerto Vallarta, llenos en ocupaci\u00f3n hotelera\"}]},{\"@type\":\"WebSite\",\"@id\":\"https:\/\/thepueblatimes.mx\/#website\",\"url\":\"https:\/\/thepueblatimes.mx\/\",\"name\":\"The Puebla Times\",\"description\":\"Noticias del Estado de Puebla\",\"potentialAction\":[{\"@type\":\"SearchAction\",\"target\":{\"@type\":\"EntryPoint\",\"urlTemplate\":\"https:\/\/thepueblatimes.mx\/?s={search_term_string}\"},\"query-input\":\"required name=search_term_string\"}],\"inLanguage\":\"es\"},{\"@type\":\"Person\",\"@id\":\"https:\/\/thepueblatimes.mx\/#\/schema\/person\/ad152a907a5f1fb40553a2551dbadb8e\",\"name\":\"The Puebla Times\",\"image\":{\"@type\":\"ImageObject\",\"inLanguage\":\"es\",\"@id\":\"https:\/\/thepueblatimes.mx\/#\/schema\/person\/image\/\",\"url\":\"https:\/\/secure.gravatar.com\/avatar\/82859cd6fbb1a3801d3e7ee27c92b8c9?s=96&d=mm&r=g\",\"contentUrl\":\"https:\/\/secure.gravatar.com\/avatar\/82859cd6fbb1a3801d3e7ee27c92b8c9?s=96&d=mm&r=g\",\"caption\":\"The Puebla Times\"},\"url\":\"https:\/\/thepueblatimes.mx\/index.php\/author\/ferhz\/\"}]}<\/script>\n<!-- \/ Yoast SEO plugin. -->","yoast_head_json":{"title":"Al tope: Acapulco y Puerto Vallarta, llenos en ocupaci\u00f3n hotelera - The Puebla Times","robots":{"index":"index","follow":"follow","max-snippet":"max-snippet:-1","max-image-preview":"max-image-preview:large","max-video-preview":"max-video-preview:-1"},"canonical":"https:\/\/thepueblatimes.mx\/index.php\/2020\/12\/31\/al-tope-acapulcoo-y-puerto-vallarta-llenos-en-ocupacion-hotelera\/","og_locale":"es_ES","og_type":"article","og_title":"Al tope: Acapulco y Puerto Vallarta, llenos en ocupaci\u00f3n hotelera - The Puebla Times","og_description":"Pese a las recomendaciones de la OMS, de vir\u00f3logos, psic\u00f3logos, personal de salud y m\u00e1s expertos en qu\u00e9date y festeja en casa para evitar la propagaci\u00f3n de Covid-19; Acapulco y Puerto Vallarta registran cientos de reservaciones para este a\u00f1o nuevo. De acuerdo con autoridades del sector tur\u00edstico local, el\u00a0n\u00famero de reservaciones confirmadas hasta el momento...","og_url":"https:\/\/thepueblatimes.mx\/index.php\/2020\/12\/31\/al-tope-acapulcoo-y-puerto-vallarta-llenos-en-ocupacion-hotelera\/","og_site_name":"The Puebla Times","article_published_time":"2020-12-31T17:24:39+00:00","article_modified_time":"2020-12-31T17:26:31+00:00","og_image":[{"width":768,"height":512,"url":"https:\/\/thepueblatimes.mx\/wp-content\/uploads\/2020\/12\/BJTJLIWNOZFFBEW7I4RSH366B4.jpg","type":"image\/jpeg"}],"author":"The Puebla Times","twitter_card":"summary_large_image","twitter_misc":{"Escrito por":"The Puebla Times","Tiempo de lectura":"1 minuto"},"schema":{"@context":"https:\/\/schema.org","@graph":[{"@type":"WebPage","@id":"https:\/\/thepueblatimes.mx\/index.php\/2020\/12\/31\/al-tope-acapulcoo-y-puerto-vallarta-llenos-en-ocupacion-hotelera\/","url":"https:\/\/thepueblatimes.mx\/index.php\/2020\/12\/31\/al-tope-acapulcoo-y-puerto-vallarta-llenos-en-ocupacion-hotelera\/","name":"Al tope: Acapulco y Puerto Vallarta, llenos en ocupaci\u00f3n hotelera - The Puebla Times","isPartOf":{"@id":"https:\/\/thepueblatimes.mx\/#website"},"datePublished":"2020-12-31T17:24:39+00:00","dateModified":"2020-12-31T17:26:31+00:00","author":{"@id":"https:\/\/thepueblatimes.mx\/#\/schema\/person\/ad152a907a5f1fb40553a2551dbadb8e"},"breadcrumb":{"@id":"https:\/\/thepueblatimes.mx\/index.php\/2020\/12\/31\/al-tope-acapulcoo-y-puerto-vallarta-llenos-en-ocupacion-hotelera\/#breadcrumb"},"inLanguage":"es","potentialAction":[{"@type":"ReadAction","target":["https:\/\/thepueblatimes.mx\/index.php\/2020\/12\/31\/al-tope-acapulcoo-y-puerto-vallarta-llenos-en-ocupacion-hotelera\/"]}]},{"@type":"BreadcrumbList","@id":"https:\/\/thepueblatimes.mx\/index.php\/2020\/12\/31\/al-tope-acapulcoo-y-puerto-vallarta-llenos-en-ocupacion-hotelera\/#breadcrumb","itemListElement":[{"@type":"ListItem","position":1,"name":"Portada","item":"https:\/\/thepueblatimes.mx\/"},{"@type":"ListItem","position":2,"name":"Al tope: Acapulco y Puerto Vallarta, llenos en ocupaci\u00f3n hotelera"}]},{"@type":"WebSite","@id":"https:\/\/thepueblatimes.mx\/#website","url":"https:\/\/thepueblatimes.mx\/","name":"The Puebla Times","description":"Noticias del Estado de Puebla","potentialAction":[{"@type":"SearchAction","target":{"@type":"EntryPoint","urlTemplate":"https:\/\/thepueblatimes.mx\/?s={search_term_string}"},"query-input":"required name=search_term_string"}],"inLanguage":"es"},{"@type":"Person","@id":"https:\/\/thepueblatimes.mx\/#\/schema\/person\/ad152a907a5f1fb40553a2551dbadb8e","name":"The Puebla Times","image":{"@type":"ImageObject","inLanguage":"es","@id":"https:\/\/thepueblatimes.mx\/#\/schema\/person\/image\/","url":"https:\/\/secure.gravatar.com\/avatar\/82859cd6fbb1a3801d3e7ee27c92b8c9?s=96&d=mm&r=g","contentUrl":"https:\/\/secure.gravatar.com\/avatar\/82859cd6fbb1a3801d3e7ee27c92b8c9?s=96&d=mm&r=g","caption":"The Puebla Times"},"url":"https:\/\/thepueblatimes.mx\/index.php\/author\/ferhz\/"}]}},"jetpack_featured_media_url":"https:\/\/thepueblatimes.mx\/wp-content\/uploads\/2020\/12\/BJTJLIWNOZFFBEW7I4RSH366B4.jpg","_links":{"self":[{"href":"https:\/\/thepueblatimes.mx\/index.php\/wp-json\/wp\/v2\/posts\/7095"}],"collection":[{"href":"https:\/\/thepueblatimes.mx\/index.php\/wp-json\/wp\/v2\/posts"}],"about":[{"href":"https:\/\/thepueblatimes.mx\/index.php\/wp-json\/wp\/v2\/types\/post"}],"author":[{"embeddable":true,"href":"https:\/\/thepueblatimes.mx\/index.php\/wp-json\/wp\/v2\/users\/3"}],"replies":[{"embeddable":true,"href":"https:\/\/thepueblatimes.mx\/index.php\/wp-json\/wp\/v2\/comments?post=7095"}],"version-history":[{"count":1,"href":"https:\/\/thepueblatimes.mx\/index.php\/wp-json\/wp\/v2\/posts\/7095\/revisions"}],"predecessor-version":[{"id":7098,"href":"https:\/\/thepueblatimes.mx\/index.php\/wp-json\/wp\/v2\/posts\/7095\/revisions\/7098"}],"wp:featuredmedia":[{"embeddable":true,"href":"https:\/\/thepueblatimes.mx\/index.php\/wp-json\/wp\/v2\/media\/7099"}],"wp:attachment":[{"href":"https:\/\/thepueblatimes.mx\/index.php\/wp-json\/wp\/v2\/media?parent=7095"}],"wp:term":[{"taxonomy":"category","embeddable":true,"href":"https:\/\/thepueblatimes.mx\/index.php\/wp-json\/wp\/v2\/categories?post=7095"},{"taxonomy":"post_tag","embeddable":true,"href":"https:\/\/thepueblatimes.mx\/index.php\/wp-json\/wp\/v2\/tags?post=7095"}],"curies":[{"name":"wp","href":"https:\/\/api.w.org\/{rel}","templated":true}]}}