{"id":6118,"date":"2020-11-10T19:02:10","date_gmt":"2020-11-11T01:02:10","guid":{"rendered":"https:\/\/thepueblatimes.mx\/?p=6118"},"modified":"2020-11-10T19:02:10","modified_gmt":"2020-11-11T01:02:10","slug":"desde-el-senado-morena-respalda-a-amlo-y-tampoco-reconocera-a-biden-hasta-que-termine-proceso-electoral","status":"publish","type":"post","link":"https:\/\/thepueblatimes.mx\/index.php\/2020\/11\/10\/desde-el-senado-morena-respalda-a-amlo-y-tampoco-reconocera-a-biden-hasta-que-termine-proceso-electoral\/","title":{"rendered":"Desde el Senado, Morena respalda a AMLO y tampoco reconocer\u00e1 a Biden hasta que termine proceso electoral"},"content":{"rendered":"<p>Luego de que el presidente de M\u00e9xico, Andr\u00e9s Manuel L\u00f3pez Obrador, anunciar\u00e1 que no felicitar\u00e1 a Joe Biden, virtual ganador de las elecciones en Estados Unidos, ni tampoco se pronunciar\u00e1 al respecto hasta que se termine el proceso electoral en dicho pa\u00eds, <strong>Ricardo Monreal<\/strong>, coordinador de los senadores de Morena, asegur\u00f3 que \u201cmientras no termine el proceso electoral, no hay presidente electo\u201d.<\/p>\n<p>Adem\u00e1s, se\u00f1al\u00f3 que ser\u00e1n \u201ccuidadosos y prudentes\u201d y no reconocer\u00e1n todav\u00eda a Joe Biden como el presidente electo de aquel pa\u00eds.<\/p>\n<blockquote><p>\u201cCreo que debemos ser cuidadosos, prudentes, como lo afirmara el fin de semana el presidente. La decisi\u00f3n de esperar a que concluya el proceso electoral en los Estados Unidos, es sensata\u201d, asegur\u00f3 Monreal en un video publicado en sus redes sociales este lunes.<\/p><\/blockquote>\n<p>Lo anterior, debido a que asegur\u00f3 que \u201cel proceso interno en los Estados Unidos no ha concluido\u201d y por lo tanto \u201cdebemos esperar\u201d. \u201cAunque los votos electorales apunten a una victoria del se\u00f1or Biden, que en su momento el Colegio Electoral y el nuevo Congreso deben oficializar\u201d, a\u00f1adi\u00f3.<\/p>\n<p>Finalmente, subray\u00f3 que el que est\u00e1 impugnando las elecciones no es uncandidato, sino el presidente estadounidense, Donald Trump, por lo que pidi\u00f3 prudencia al respecto:<\/p>\n<blockquote><p>\u00abNo perdamos de vista que quien hoy est\u00e1 impugnando la elecci\u00f3n en los Estados Unidos, no es un candidato, sino el Presidente de los Estados Unidos en funciones. Por ello, lo aconsejable es la prudencia, esperar<\/p><\/blockquote>\n","protected":false},"excerpt":{"rendered":"<p>Luego de que el presidente de M\u00e9xico, Andr\u00e9s Manuel L\u00f3pez Obrador, anunciar\u00e1 que no felicitar\u00e1 a Joe Biden, virtual ganador de las elecciones en Estados Unidos, ni tampoco se pronunciar\u00e1 al respecto hasta que se termine el proceso electoral en dicho pa\u00eds, Ricardo Monreal, coordinador de los senadores de Morena, asegur\u00f3 que \u201cmientras no termine&#8230;<\/p>\n","protected":false},"author":4,"featured_media":6125,"comment_status":"open","ping_status":"open","sticky":false,"template":"","format":"standard","meta":[],"categories":[6],"tags":[],"yoast_head":"<!-- This site is optimized with the Yoast SEO plugin v20.8 - https:\/\/yoast.com\/wordpress\/plugins\/seo\/ -->\n<title>Desde el Senado, Morena respalda a AMLO y tampoco reconocer\u00e1 a Biden hasta que termine proceso electoral - The Puebla Times<\/title>\n<meta name=\"robots\" content=\"index, follow, max-snippet:-1, max-image-preview:large, max-video-preview:-1\" \/>\n<link rel=\"canonical\" href=\"https:\/\/thepueblatimes.mx\/index.php\/2020\/11\/10\/desde-el-senado-morena-respalda-a-amlo-y-tampoco-reconocera-a-biden-hasta-que-termine-proceso-electoral\/\" \/>\n<meta property=\"og:locale\" content=\"es_ES\" \/>\n<meta property=\"og:type\" content=\"article\" \/>\n<meta property=\"og:title\" content=\"Desde el Senado, Morena respalda a AMLO y tampoco reconocer\u00e1 a Biden hasta que termine proceso electoral - The Puebla Times\" \/>\n<meta property=\"og:description\" content=\"Luego de que el presidente de M\u00e9xico, Andr\u00e9s Manuel L\u00f3pez Obrador, anunciar\u00e1 que no felicitar\u00e1 a Joe Biden, virtual ganador de las elecciones en Estados Unidos, ni tampoco se pronunciar\u00e1 al respecto hasta que se termine el proceso electoral en dicho pa\u00eds, Ricardo Monreal, coordinador de los senadores de Morena, asegur\u00f3 que \u201cmientras no termine...\" \/>\n<meta property=\"og:url\" content=\"https:\/\/thepueblatimes.mx\/index.php\/2020\/11\/10\/desde-el-senado-morena-respalda-a-amlo-y-tampoco-reconocera-a-biden-hasta-que-termine-proceso-electoral\/\" \/>\n<meta property=\"og:site_name\" content=\"The Puebla Times\" \/>\n<meta property=\"article:published_time\" content=\"2020-11-11T01:02:10+00:00\" \/>\n<meta property=\"og:image\" content=\"https:\/\/thepueblatimes.mx\/wp-content\/uploads\/2020\/11\/Screenshot-2020-11-10-at-19.01.07.png\" \/>\n\t<meta property=\"og:image:width\" content=\"511\" \/>\n\t<meta property=\"og:image:height\" content=\"329\" \/>\n\t<meta property=\"og:image:type\" content=\"image\/png\" \/>\n<meta name=\"author\" content=\"Marcos Guevara\" \/>\n<meta name=\"twitter:card\" content=\"summary_large_image\" \/>\n<meta name=\"twitter:label1\" content=\"Escrito por\" \/>\n\t<meta name=\"twitter:data1\" content=\"Marcos Guevara\" \/>\n\t<meta name=\"twitter:label2\" content=\"Tiempo de lectura\" \/>\n\t<meta name=\"twitter:data2\" content=\"1 minuto\" \/>\n<script type=\"application\/ld+json\" class=\"yoast-schema-graph\">{\"@context\":\"https:\/\/schema.org\",\"@graph\":[{\"@type\":\"WebPage\",\"@id\":\"https:\/\/thepueblatimes.mx\/index.php\/2020\/11\/10\/desde-el-senado-morena-respalda-a-amlo-y-tampoco-reconocera-a-biden-hasta-que-termine-proceso-electoral\/\",\"url\":\"https:\/\/thepueblatimes.mx\/index.php\/2020\/11\/10\/desde-el-senado-morena-respalda-a-amlo-y-tampoco-reconocera-a-biden-hasta-que-termine-proceso-electoral\/\",\"name\":\"Desde el Senado, Morena respalda a AMLO y tampoco reconocer\u00e1 a Biden hasta que termine proceso electoral - The Puebla Times\",\"isPartOf\":{\"@id\":\"https:\/\/thepueblatimes.mx\/#website\"},\"datePublished\":\"2020-11-11T01:02:10+00:00\",\"dateModified\":\"2020-11-11T01:02:10+00:00\",\"author\":{\"@id\":\"https:\/\/thepueblatimes.mx\/#\/schema\/person\/adbf065ee889f68194977e3499c4a51e\"},\"breadcrumb\":{\"@id\":\"https:\/\/thepueblatimes.mx\/index.php\/2020\/11\/10\/desde-el-senado-morena-respalda-a-amlo-y-tampoco-reconocera-a-biden-hasta-que-termine-proceso-electoral\/#breadcrumb\"},\"inLanguage\":\"es\",\"potentialAction\":[{\"@type\":\"ReadAction\",\"target\":[\"https:\/\/thepueblatimes.mx\/index.php\/2020\/11\/10\/desde-el-senado-morena-respalda-a-amlo-y-tampoco-reconocera-a-biden-hasta-que-termine-proceso-electoral\/\"]}]},{\"@type\":\"BreadcrumbList\",\"@id\":\"https:\/\/thepueblatimes.mx\/index.php\/2020\/11\/10\/desde-el-senado-morena-respalda-a-amlo-y-tampoco-reconocera-a-biden-hasta-que-termine-proceso-electoral\/#breadcrumb\",\"itemListElement\":[{\"@type\":\"ListItem\",\"position\":1,\"name\":\"Portada\",\"item\":\"https:\/\/thepueblatimes.mx\/\"},{\"@type\":\"ListItem\",\"position\":2,\"name\":\"Desde el Senado, Morena respalda a AMLO y tampoco reconocer\u00e1 a Biden hasta que termine proceso electoral\"}]},{\"@type\":\"WebSite\",\"@id\":\"https:\/\/thepueblatimes.mx\/#website\",\"url\":\"https:\/\/thepueblatimes.mx\/\",\"name\":\"The Puebla Times\",\"description\":\"Noticias del Estado de Puebla\",\"potentialAction\":[{\"@type\":\"SearchAction\",\"target\":{\"@type\":\"EntryPoint\",\"urlTemplate\":\"https:\/\/thepueblatimes.mx\/?s={search_term_string}\"},\"query-input\":\"required name=search_term_string\"}],\"inLanguage\":\"es\"},{\"@type\":\"Person\",\"@id\":\"https:\/\/thepueblatimes.mx\/#\/schema\/person\/adbf065ee889f68194977e3499c4a51e\",\"name\":\"Marcos Guevara\",\"image\":{\"@type\":\"ImageObject\",\"inLanguage\":\"es\",\"@id\":\"https:\/\/thepueblatimes.mx\/#\/schema\/person\/image\/\",\"url\":\"https:\/\/secure.gravatar.com\/avatar\/c5d5853d70a8cf178bdfd28c1b8cdcdd?s=96&d=mm&r=g\",\"contentUrl\":\"https:\/\/secure.gravatar.com\/avatar\/c5d5853d70a8cf178bdfd28c1b8cdcdd?s=96&d=mm&r=g\",\"caption\":\"Marcos Guevara\"},\"url\":\"https:\/\/thepueblatimes.mx\/index.php\/author\/marcos-guevara\/\"}]}<\/script>\n<!-- \/ Yoast SEO plugin. -->","yoast_head_json":{"title":"Desde el Senado, Morena respalda a AMLO y tampoco reconocer\u00e1 a Biden hasta que termine proceso electoral - The Puebla Times","robots":{"index":"index","follow":"follow","max-snippet":"max-snippet:-1","max-image-preview":"max-image-preview:large","max-video-preview":"max-video-preview:-1"},"canonical":"https:\/\/thepueblatimes.mx\/index.php\/2020\/11\/10\/desde-el-senado-morena-respalda-a-amlo-y-tampoco-reconocera-a-biden-hasta-que-termine-proceso-electoral\/","og_locale":"es_ES","og_type":"article","og_title":"Desde el Senado, Morena respalda a AMLO y tampoco reconocer\u00e1 a Biden hasta que termine proceso electoral - The Puebla Times","og_description":"Luego de que el presidente de M\u00e9xico, Andr\u00e9s Manuel L\u00f3pez Obrador, anunciar\u00e1 que no felicitar\u00e1 a Joe Biden, virtual ganador de las elecciones en Estados Unidos, ni tampoco se pronunciar\u00e1 al respecto hasta que se termine el proceso electoral en dicho pa\u00eds, Ricardo Monreal, coordinador de los senadores de Morena, asegur\u00f3 que \u201cmientras no termine...","og_url":"https:\/\/thepueblatimes.mx\/index.php\/2020\/11\/10\/desde-el-senado-morena-respalda-a-amlo-y-tampoco-reconocera-a-biden-hasta-que-termine-proceso-electoral\/","og_site_name":"The Puebla Times","article_published_time":"2020-11-11T01:02:10+00:00","og_image":[{"width":511,"height":329,"url":"https:\/\/thepueblatimes.mx\/wp-content\/uploads\/2020\/11\/Screenshot-2020-11-10-at-19.01.07.png","type":"image\/png"}],"author":"Marcos Guevara","twitter_card":"summary_large_image","twitter_misc":{"Escrito por":"Marcos Guevara","Tiempo de lectura":"1 minuto"},"schema":{"@context":"https:\/\/schema.org","@graph":[{"@type":"WebPage","@id":"https:\/\/thepueblatimes.mx\/index.php\/2020\/11\/10\/desde-el-senado-morena-respalda-a-amlo-y-tampoco-reconocera-a-biden-hasta-que-termine-proceso-electoral\/","url":"https:\/\/thepueblatimes.mx\/index.php\/2020\/11\/10\/desde-el-senado-morena-respalda-a-amlo-y-tampoco-reconocera-a-biden-hasta-que-termine-proceso-electoral\/","name":"Desde el Senado, Morena respalda a AMLO y tampoco reconocer\u00e1 a Biden hasta que termine proceso electoral - The Puebla Times","isPartOf":{"@id":"https:\/\/thepueblatimes.mx\/#website"},"datePublished":"2020-11-11T01:02:10+00:00","dateModified":"2020-11-11T01:02:10+00:00","author":{"@id":"https:\/\/thepueblatimes.mx\/#\/schema\/person\/adbf065ee889f68194977e3499c4a51e"},"breadcrumb":{"@id":"https:\/\/thepueblatimes.mx\/index.php\/2020\/11\/10\/desde-el-senado-morena-respalda-a-amlo-y-tampoco-reconocera-a-biden-hasta-que-termine-proceso-electoral\/#breadcrumb"},"inLanguage":"es","potentialAction":[{"@type":"ReadAction","target":["https:\/\/thepueblatimes.mx\/index.php\/2020\/11\/10\/desde-el-senado-morena-respalda-a-amlo-y-tampoco-reconocera-a-biden-hasta-que-termine-proceso-electoral\/"]}]},{"@type":"BreadcrumbList","@id":"https:\/\/thepueblatimes.mx\/index.php\/2020\/11\/10\/desde-el-senado-morena-respalda-a-amlo-y-tampoco-reconocera-a-biden-hasta-que-termine-proceso-electoral\/#breadcrumb","itemListElement":[{"@type":"ListItem","position":1,"name":"Portada","item":"https:\/\/thepueblatimes.mx\/"},{"@type":"ListItem","position":2,"name":"Desde el Senado, Morena respalda a AMLO y tampoco reconocer\u00e1 a Biden hasta que termine proceso electoral"}]},{"@type":"WebSite","@id":"https:\/\/thepueblatimes.mx\/#website","url":"https:\/\/thepueblatimes.mx\/","name":"The Puebla Times","description":"Noticias del Estado de Puebla","potentialAction":[{"@type":"SearchAction","target":{"@type":"EntryPoint","urlTemplate":"https:\/\/thepueblatimes.mx\/?s={search_term_string}"},"query-input":"required name=search_term_string"}],"inLanguage":"es"},{"@type":"Person","@id":"https:\/\/thepueblatimes.mx\/#\/schema\/person\/adbf065ee889f68194977e3499c4a51e","name":"Marcos Guevara","image":{"@type":"ImageObject","inLanguage":"es","@id":"https:\/\/thepueblatimes.mx\/#\/schema\/person\/image\/","url":"https:\/\/secure.gravatar.com\/avatar\/c5d5853d70a8cf178bdfd28c1b8cdcdd?s=96&d=mm&r=g","contentUrl":"https:\/\/secure.gravatar.com\/avatar\/c5d5853d70a8cf178bdfd28c1b8cdcdd?s=96&d=mm&r=g","caption":"Marcos Guevara"},"url":"https:\/\/thepueblatimes.mx\/index.php\/author\/marcos-guevara\/"}]}},"jetpack_featured_media_url":"https:\/\/thepueblatimes.mx\/wp-content\/uploads\/2020\/11\/Screenshot-2020-11-10-at-19.01.07.png","_links":{"self":[{"href":"https:\/\/thepueblatimes.mx\/index.php\/wp-json\/wp\/v2\/posts\/6118"}],"collection":[{"href":"https:\/\/thepueblatimes.mx\/index.php\/wp-json\/wp\/v2\/posts"}],"about":[{"href":"https:\/\/thepueblatimes.mx\/index.php\/wp-json\/wp\/v2\/types\/post"}],"author":[{"embeddable":true,"href":"https:\/\/thepueblatimes.mx\/index.php\/wp-json\/wp\/v2\/users\/4"}],"replies":[{"embeddable":true,"href":"https:\/\/thepueblatimes.mx\/index.php\/wp-json\/wp\/v2\/comments?post=6118"}],"version-history":[{"count":1,"href":"https:\/\/thepueblatimes.mx\/index.php\/wp-json\/wp\/v2\/posts\/6118\/revisions"}],"predecessor-version":[{"id":6126,"href":"https:\/\/thepueblatimes.mx\/index.php\/wp-json\/wp\/v2\/posts\/6118\/revisions\/6126"}],"wp:featuredmedia":[{"embeddable":true,"href":"https:\/\/thepueblatimes.mx\/index.php\/wp-json\/wp\/v2\/media\/6125"}],"wp:attachment":[{"href":"https:\/\/thepueblatimes.mx\/index.php\/wp-json\/wp\/v2\/media?parent=6118"}],"wp:term":[{"taxonomy":"category","embeddable":true,"href":"https:\/\/thepueblatimes.mx\/index.php\/wp-json\/wp\/v2\/categories?post=6118"},{"taxonomy":"post_tag","embeddable":true,"href":"https:\/\/thepueblatimes.mx\/index.php\/wp-json\/wp\/v2\/tags?post=6118"}],"curies":[{"name":"wp","href":"https:\/\/api.w.org\/{rel}","templated":true}]}}