{"id":6110,"date":"2020-11-10T14:03:43","date_gmt":"2020-11-10T20:03:43","guid":{"rendered":"https:\/\/thepueblatimes.mx\/?p=6110"},"modified":"2020-11-10T14:03:43","modified_gmt":"2020-11-10T20:03:43","slug":"te-acuerdas-del-transporte-nocturno-en-puebla-regresa-a-partir-de-hoy-con-horario-de-9pm-a-1am","status":"publish","type":"post","link":"https:\/\/thepueblatimes.mx\/index.php\/2020\/11\/10\/te-acuerdas-del-transporte-nocturno-en-puebla-regresa-a-partir-de-hoy-con-horario-de-9pm-a-1am\/","title":{"rendered":"\u00bfTe acuerdas del Transporte Nocturno en Puebla? Regresa a partir de hoy con horario de 9pm a 1am"},"content":{"rendered":"<p>luego de una pausa de siete meses, debido a la pandemia del coronavirus, el gobernador de Puebla, Miguel Barbosa, inform\u00f3 que el servicio de Transporte Nocturno volver\u00e1 ser puesto en operaci\u00f3n a partir de este d\u00eda en un horario de 21:00 a 1:00 horas para quienes trabajen o acudan a centros comerciales durante los \u00faltimos meses del a\u00f1o.<\/p>\n<p>En este sentido el mandatario adelant\u00f3 que ser\u00e1 en un horario de 21:00 a 1:00 horas con un costo de 15 pesos, esto circulando en 6 rutas mismas que dar\u00e1 a conocer la Secretar\u00eda de Movilidad y Transporte.<\/p>\n<blockquote><p>\u201cLa Secretar\u00eda de movilidad implementar\u00e1 Transporte Nocturno a partir de hoy, de 9 de la noche a la 1 de la ma\u00f1ana, en 6 rutas a 15 pesos de pasaje, el objetivo es facilitar la movilidad de personal que asistan a centros comerciales\u201d, dijo.<\/p><\/blockquote>\n","protected":false},"excerpt":{"rendered":"<p>luego de una pausa de siete meses, debido a la pandemia del coronavirus, el gobernador de Puebla, Miguel Barbosa, inform\u00f3 que el servicio de Transporte Nocturno volver\u00e1 ser puesto en operaci\u00f3n a partir de este d\u00eda en un horario de 21:00 a 1:00 horas para quienes trabajen o acudan a centros comerciales durante los \u00faltimos&#8230;<\/p>\n","protected":false},"author":4,"featured_media":6111,"comment_status":"open","ping_status":"open","sticky":false,"template":"","format":"standard","meta":[],"categories":[20],"tags":[],"yoast_head":"<!-- This site is optimized with the Yoast SEO plugin v20.8 - https:\/\/yoast.com\/wordpress\/plugins\/seo\/ -->\n<title>\u00bfTe acuerdas del Transporte Nocturno en Puebla? Regresa a partir de hoy con horario de 9pm a 1am - The Puebla Times<\/title>\n<meta name=\"robots\" content=\"index, follow, max-snippet:-1, max-image-preview:large, max-video-preview:-1\" \/>\n<link rel=\"canonical\" href=\"https:\/\/thepueblatimes.mx\/index.php\/2020\/11\/10\/te-acuerdas-del-transporte-nocturno-en-puebla-regresa-a-partir-de-hoy-con-horario-de-9pm-a-1am\/\" \/>\n<meta property=\"og:locale\" content=\"es_ES\" \/>\n<meta property=\"og:type\" content=\"article\" \/>\n<meta property=\"og:title\" content=\"\u00bfTe acuerdas del Transporte Nocturno en Puebla? Regresa a partir de hoy con horario de 9pm a 1am - The Puebla Times\" \/>\n<meta property=\"og:description\" content=\"luego de una pausa de siete meses, debido a la pandemia del coronavirus, el gobernador de Puebla, Miguel Barbosa, inform\u00f3 que el servicio de Transporte Nocturno volver\u00e1 ser puesto en operaci\u00f3n a partir de este d\u00eda en un horario de 21:00 a 1:00 horas para quienes trabajen o acudan a centros comerciales durante los \u00faltimos...\" \/>\n<meta property=\"og:url\" content=\"https:\/\/thepueblatimes.mx\/index.php\/2020\/11\/10\/te-acuerdas-del-transporte-nocturno-en-puebla-regresa-a-partir-de-hoy-con-horario-de-9pm-a-1am\/\" \/>\n<meta property=\"og:site_name\" content=\"The Puebla Times\" \/>\n<meta property=\"article:published_time\" content=\"2020-11-10T20:03:43+00:00\" \/>\n<meta property=\"og:image\" content=\"https:\/\/thepueblatimes.mx\/wp-content\/uploads\/2020\/11\/transporte-publico-nocturno-405342-1021x580-1.jpg\" \/>\n\t<meta property=\"og:image:width\" content=\"1021\" \/>\n\t<meta property=\"og:image:height\" content=\"580\" \/>\n\t<meta property=\"og:image:type\" content=\"image\/jpeg\" \/>\n<meta name=\"author\" content=\"Marcos Guevara\" \/>\n<meta name=\"twitter:card\" content=\"summary_large_image\" \/>\n<meta name=\"twitter:label1\" content=\"Escrito por\" \/>\n\t<meta name=\"twitter:data1\" content=\"Marcos Guevara\" \/>\n\t<meta name=\"twitter:label2\" content=\"Tiempo de lectura\" \/>\n\t<meta name=\"twitter:data2\" content=\"1 minuto\" \/>\n<script type=\"application\/ld+json\" class=\"yoast-schema-graph\">{\"@context\":\"https:\/\/schema.org\",\"@graph\":[{\"@type\":\"WebPage\",\"@id\":\"https:\/\/thepueblatimes.mx\/index.php\/2020\/11\/10\/te-acuerdas-del-transporte-nocturno-en-puebla-regresa-a-partir-de-hoy-con-horario-de-9pm-a-1am\/\",\"url\":\"https:\/\/thepueblatimes.mx\/index.php\/2020\/11\/10\/te-acuerdas-del-transporte-nocturno-en-puebla-regresa-a-partir-de-hoy-con-horario-de-9pm-a-1am\/\",\"name\":\"\u00bfTe acuerdas del Transporte Nocturno en Puebla? Regresa a partir de hoy con horario de 9pm a 1am - The Puebla Times\",\"isPartOf\":{\"@id\":\"https:\/\/thepueblatimes.mx\/#website\"},\"datePublished\":\"2020-11-10T20:03:43+00:00\",\"dateModified\":\"2020-11-10T20:03:43+00:00\",\"author\":{\"@id\":\"https:\/\/thepueblatimes.mx\/#\/schema\/person\/adbf065ee889f68194977e3499c4a51e\"},\"breadcrumb\":{\"@id\":\"https:\/\/thepueblatimes.mx\/index.php\/2020\/11\/10\/te-acuerdas-del-transporte-nocturno-en-puebla-regresa-a-partir-de-hoy-con-horario-de-9pm-a-1am\/#breadcrumb\"},\"inLanguage\":\"es\",\"potentialAction\":[{\"@type\":\"ReadAction\",\"target\":[\"https:\/\/thepueblatimes.mx\/index.php\/2020\/11\/10\/te-acuerdas-del-transporte-nocturno-en-puebla-regresa-a-partir-de-hoy-con-horario-de-9pm-a-1am\/\"]}]},{\"@type\":\"BreadcrumbList\",\"@id\":\"https:\/\/thepueblatimes.mx\/index.php\/2020\/11\/10\/te-acuerdas-del-transporte-nocturno-en-puebla-regresa-a-partir-de-hoy-con-horario-de-9pm-a-1am\/#breadcrumb\",\"itemListElement\":[{\"@type\":\"ListItem\",\"position\":1,\"name\":\"Portada\",\"item\":\"https:\/\/thepueblatimes.mx\/\"},{\"@type\":\"ListItem\",\"position\":2,\"name\":\"\u00bfTe acuerdas del Transporte Nocturno en Puebla? Regresa a partir de hoy con horario de 9pm a 1am\"}]},{\"@type\":\"WebSite\",\"@id\":\"https:\/\/thepueblatimes.mx\/#website\",\"url\":\"https:\/\/thepueblatimes.mx\/\",\"name\":\"The Puebla Times\",\"description\":\"Noticias del Estado de Puebla\",\"potentialAction\":[{\"@type\":\"SearchAction\",\"target\":{\"@type\":\"EntryPoint\",\"urlTemplate\":\"https:\/\/thepueblatimes.mx\/?s={search_term_string}\"},\"query-input\":\"required name=search_term_string\"}],\"inLanguage\":\"es\"},{\"@type\":\"Person\",\"@id\":\"https:\/\/thepueblatimes.mx\/#\/schema\/person\/adbf065ee889f68194977e3499c4a51e\",\"name\":\"Marcos Guevara\",\"image\":{\"@type\":\"ImageObject\",\"inLanguage\":\"es\",\"@id\":\"https:\/\/thepueblatimes.mx\/#\/schema\/person\/image\/\",\"url\":\"https:\/\/secure.gravatar.com\/avatar\/c5d5853d70a8cf178bdfd28c1b8cdcdd?s=96&d=mm&r=g\",\"contentUrl\":\"https:\/\/secure.gravatar.com\/avatar\/c5d5853d70a8cf178bdfd28c1b8cdcdd?s=96&d=mm&r=g\",\"caption\":\"Marcos Guevara\"},\"url\":\"https:\/\/thepueblatimes.mx\/index.php\/author\/marcos-guevara\/\"}]}<\/script>\n<!-- \/ Yoast SEO plugin. -->","yoast_head_json":{"title":"\u00bfTe acuerdas del Transporte Nocturno en Puebla? Regresa a partir de hoy con horario de 9pm a 1am - The Puebla Times","robots":{"index":"index","follow":"follow","max-snippet":"max-snippet:-1","max-image-preview":"max-image-preview:large","max-video-preview":"max-video-preview:-1"},"canonical":"https:\/\/thepueblatimes.mx\/index.php\/2020\/11\/10\/te-acuerdas-del-transporte-nocturno-en-puebla-regresa-a-partir-de-hoy-con-horario-de-9pm-a-1am\/","og_locale":"es_ES","og_type":"article","og_title":"\u00bfTe acuerdas del Transporte Nocturno en Puebla? Regresa a partir de hoy con horario de 9pm a 1am - The Puebla Times","og_description":"luego de una pausa de siete meses, debido a la pandemia del coronavirus, el gobernador de Puebla, Miguel Barbosa, inform\u00f3 que el servicio de Transporte Nocturno volver\u00e1 ser puesto en operaci\u00f3n a partir de este d\u00eda en un horario de 21:00 a 1:00 horas para quienes trabajen o acudan a centros comerciales durante los \u00faltimos...","og_url":"https:\/\/thepueblatimes.mx\/index.php\/2020\/11\/10\/te-acuerdas-del-transporte-nocturno-en-puebla-regresa-a-partir-de-hoy-con-horario-de-9pm-a-1am\/","og_site_name":"The Puebla Times","article_published_time":"2020-11-10T20:03:43+00:00","og_image":[{"width":1021,"height":580,"url":"https:\/\/thepueblatimes.mx\/wp-content\/uploads\/2020\/11\/transporte-publico-nocturno-405342-1021x580-1.jpg","type":"image\/jpeg"}],"author":"Marcos Guevara","twitter_card":"summary_large_image","twitter_misc":{"Escrito por":"Marcos Guevara","Tiempo de lectura":"1 minuto"},"schema":{"@context":"https:\/\/schema.org","@graph":[{"@type":"WebPage","@id":"https:\/\/thepueblatimes.mx\/index.php\/2020\/11\/10\/te-acuerdas-del-transporte-nocturno-en-puebla-regresa-a-partir-de-hoy-con-horario-de-9pm-a-1am\/","url":"https:\/\/thepueblatimes.mx\/index.php\/2020\/11\/10\/te-acuerdas-del-transporte-nocturno-en-puebla-regresa-a-partir-de-hoy-con-horario-de-9pm-a-1am\/","name":"\u00bfTe acuerdas del Transporte Nocturno en Puebla? Regresa a partir de hoy con horario de 9pm a 1am - The Puebla Times","isPartOf":{"@id":"https:\/\/thepueblatimes.mx\/#website"},"datePublished":"2020-11-10T20:03:43+00:00","dateModified":"2020-11-10T20:03:43+00:00","author":{"@id":"https:\/\/thepueblatimes.mx\/#\/schema\/person\/adbf065ee889f68194977e3499c4a51e"},"breadcrumb":{"@id":"https:\/\/thepueblatimes.mx\/index.php\/2020\/11\/10\/te-acuerdas-del-transporte-nocturno-en-puebla-regresa-a-partir-de-hoy-con-horario-de-9pm-a-1am\/#breadcrumb"},"inLanguage":"es","potentialAction":[{"@type":"ReadAction","target":["https:\/\/thepueblatimes.mx\/index.php\/2020\/11\/10\/te-acuerdas-del-transporte-nocturno-en-puebla-regresa-a-partir-de-hoy-con-horario-de-9pm-a-1am\/"]}]},{"@type":"BreadcrumbList","@id":"https:\/\/thepueblatimes.mx\/index.php\/2020\/11\/10\/te-acuerdas-del-transporte-nocturno-en-puebla-regresa-a-partir-de-hoy-con-horario-de-9pm-a-1am\/#breadcrumb","itemListElement":[{"@type":"ListItem","position":1,"name":"Portada","item":"https:\/\/thepueblatimes.mx\/"},{"@type":"ListItem","position":2,"name":"\u00bfTe acuerdas del Transporte Nocturno en Puebla? Regresa a partir de hoy con horario de 9pm a 1am"}]},{"@type":"WebSite","@id":"https:\/\/thepueblatimes.mx\/#website","url":"https:\/\/thepueblatimes.mx\/","name":"The Puebla Times","description":"Noticias del Estado de Puebla","potentialAction":[{"@type":"SearchAction","target":{"@type":"EntryPoint","urlTemplate":"https:\/\/thepueblatimes.mx\/?s={search_term_string}"},"query-input":"required name=search_term_string"}],"inLanguage":"es"},{"@type":"Person","@id":"https:\/\/thepueblatimes.mx\/#\/schema\/person\/adbf065ee889f68194977e3499c4a51e","name":"Marcos Guevara","image":{"@type":"ImageObject","inLanguage":"es","@id":"https:\/\/thepueblatimes.mx\/#\/schema\/person\/image\/","url":"https:\/\/secure.gravatar.com\/avatar\/c5d5853d70a8cf178bdfd28c1b8cdcdd?s=96&d=mm&r=g","contentUrl":"https:\/\/secure.gravatar.com\/avatar\/c5d5853d70a8cf178bdfd28c1b8cdcdd?s=96&d=mm&r=g","caption":"Marcos Guevara"},"url":"https:\/\/thepueblatimes.mx\/index.php\/author\/marcos-guevara\/"}]}},"jetpack_featured_media_url":"https:\/\/thepueblatimes.mx\/wp-content\/uploads\/2020\/11\/transporte-publico-nocturno-405342-1021x580-1.jpg","_links":{"self":[{"href":"https:\/\/thepueblatimes.mx\/index.php\/wp-json\/wp\/v2\/posts\/6110"}],"collection":[{"href":"https:\/\/thepueblatimes.mx\/index.php\/wp-json\/wp\/v2\/posts"}],"about":[{"href":"https:\/\/thepueblatimes.mx\/index.php\/wp-json\/wp\/v2\/types\/post"}],"author":[{"embeddable":true,"href":"https:\/\/thepueblatimes.mx\/index.php\/wp-json\/wp\/v2\/users\/4"}],"replies":[{"embeddable":true,"href":"https:\/\/thepueblatimes.mx\/index.php\/wp-json\/wp\/v2\/comments?post=6110"}],"version-history":[{"count":1,"href":"https:\/\/thepueblatimes.mx\/index.php\/wp-json\/wp\/v2\/posts\/6110\/revisions"}],"predecessor-version":[{"id":6112,"href":"https:\/\/thepueblatimes.mx\/index.php\/wp-json\/wp\/v2\/posts\/6110\/revisions\/6112"}],"wp:featuredmedia":[{"embeddable":true,"href":"https:\/\/thepueblatimes.mx\/index.php\/wp-json\/wp\/v2\/media\/6111"}],"wp:attachment":[{"href":"https:\/\/thepueblatimes.mx\/index.php\/wp-json\/wp\/v2\/media?parent=6110"}],"wp:term":[{"taxonomy":"category","embeddable":true,"href":"https:\/\/thepueblatimes.mx\/index.php\/wp-json\/wp\/v2\/categories?post=6110"},{"taxonomy":"post_tag","embeddable":true,"href":"https:\/\/thepueblatimes.mx\/index.php\/wp-json\/wp\/v2\/tags?post=6110"}],"curies":[{"name":"wp","href":"https:\/\/api.w.org\/{rel}","templated":true}]}}