{"id":6101,"date":"2020-11-10T11:52:20","date_gmt":"2020-11-10T17:52:20","guid":{"rendered":"https:\/\/thepueblatimes.mx\/?p=6101"},"modified":"2020-11-10T11:52:20","modified_gmt":"2020-11-10T17:52:20","slug":"aguas-reportan-saqueos-en-tabasco-tras-inundaciones","status":"publish","type":"post","link":"https:\/\/thepueblatimes.mx\/index.php\/2020\/11\/10\/aguas-reportan-saqueos-en-tabasco-tras-inundaciones\/","title":{"rendered":"\u00a1AGUAS! Reportan saqueos en Tabasco tras inundaciones"},"content":{"rendered":"<p>En medio de las afectaciones a causa del paso de la Tormenta Tropical Eta, del Frente Fr\u00edo 12 y de las constantes lluvias, algunos habitantes de la ciudad de Villahermosa han protagonizado algunos actos de saqueos en supermercados, hechos por los que se reportan al menos ocho detenidos.<\/p>\n<p>As\u00ed lo mostr\u00f3 la reportera Elizabeth M\u00e1vil, de Noticieros Televisa, quien al acudir a la zona afectada evidenci\u00f3 una sucursal de Bodega Aurrera Expr\u00e9s ubicada sobre la calle Aquiles Calder\u00f3n Marchena, en la colonia Gaviotas Sur de Villahermosa, Tabasco.<\/p>\n<p>Las im\u00e1genes muestran que la cortina del local fue forzada con barras de metal para permitir a las personas el ingreso; al interior de la tienda se puede observar que los vecinos de la zona pr\u00e1cticamente se llevaron todos los productos, as\u00ed como las cajas registradoras.<\/p>\n<p>La periodista se\u00f1ala que la situaci\u00f3n es \u201cmuy complicada\u201d en esta zona de\u00a0Tabasco, donde el nivel del agua alcanz\u00f3 m\u00e1s de un metro de altura en d\u00edas pasados y los habitantes han repetido los saqueos en al menos otros tres supermercados.<\/p>\n<div id=\"lx_640547\" class=\"__lxG__multi __lxG__multi_lx_640547 __lxG__not_empty_block\" data-cnt=\"2\" data-width=\"336\" data-height=\"280\">\n<div id=\"div-gpt-ad-21822162643-2\" data-google-query-id=\"CLD_oprB-OwCFUMqAQod7b4Jsw\">\n<p>Varios videos que circulan en redes sociales muestran el saqueo cometido en otros locales de Villahermosa, como una sucursal de S\u00faper S\u00e1nchez ubicada en la misma avenida Aquiles Calder\u00f3n, a unos metros de la Bodega Aurrer\u00e1.<\/p>\n<\/div>\n<\/div>\n","protected":false},"excerpt":{"rendered":"<p>En medio de las afectaciones a causa del paso de la Tormenta Tropical Eta, del Frente Fr\u00edo 12 y de las constantes lluvias, algunos habitantes de la ciudad de Villahermosa han protagonizado algunos actos de saqueos en supermercados, hechos por los que se reportan al menos ocho detenidos. As\u00ed lo mostr\u00f3 la reportera Elizabeth M\u00e1vil,&#8230;<\/p>\n","protected":false},"author":4,"featured_media":6102,"comment_status":"open","ping_status":"open","sticky":false,"template":"","format":"standard","meta":[],"categories":[2],"tags":[],"yoast_head":"<!-- This site is optimized with the Yoast SEO plugin v20.8 - https:\/\/yoast.com\/wordpress\/plugins\/seo\/ -->\n<title>\u00a1AGUAS! Reportan saqueos en Tabasco tras inundaciones - The Puebla Times<\/title>\n<meta name=\"robots\" content=\"index, follow, max-snippet:-1, max-image-preview:large, max-video-preview:-1\" \/>\n<link rel=\"canonical\" href=\"https:\/\/thepueblatimes.mx\/index.php\/2020\/11\/10\/aguas-reportan-saqueos-en-tabasco-tras-inundaciones\/\" \/>\n<meta property=\"og:locale\" content=\"es_ES\" \/>\n<meta property=\"og:type\" content=\"article\" \/>\n<meta property=\"og:title\" content=\"\u00a1AGUAS! Reportan saqueos en Tabasco tras inundaciones - The Puebla Times\" \/>\n<meta property=\"og:description\" content=\"En medio de las afectaciones a causa del paso de la Tormenta Tropical Eta, del Frente Fr\u00edo 12 y de las constantes lluvias, algunos habitantes de la ciudad de Villahermosa han protagonizado algunos actos de saqueos en supermercados, hechos por los que se reportan al menos ocho detenidos. As\u00ed lo mostr\u00f3 la reportera Elizabeth M\u00e1vil,...\" \/>\n<meta property=\"og:url\" content=\"https:\/\/thepueblatimes.mx\/index.php\/2020\/11\/10\/aguas-reportan-saqueos-en-tabasco-tras-inundaciones\/\" \/>\n<meta property=\"og:site_name\" content=\"The Puebla Times\" \/>\n<meta property=\"article:published_time\" content=\"2020-11-10T17:52:20+00:00\" \/>\n<meta property=\"og:image\" content=\"https:\/\/thepueblatimes.mx\/wp-content\/uploads\/2020\/11\/Screenshot-2020-11-10-at-11.47.20.png\" \/>\n\t<meta property=\"og:image:width\" content=\"715\" \/>\n\t<meta property=\"og:image:height\" content=\"479\" \/>\n\t<meta property=\"og:image:type\" content=\"image\/png\" \/>\n<meta name=\"author\" content=\"Marcos Guevara\" \/>\n<meta name=\"twitter:card\" content=\"summary_large_image\" \/>\n<meta name=\"twitter:label1\" content=\"Escrito por\" \/>\n\t<meta name=\"twitter:data1\" content=\"Marcos Guevara\" \/>\n\t<meta name=\"twitter:label2\" content=\"Tiempo de lectura\" \/>\n\t<meta name=\"twitter:data2\" content=\"1 minuto\" \/>\n<script type=\"application\/ld+json\" class=\"yoast-schema-graph\">{\"@context\":\"https:\/\/schema.org\",\"@graph\":[{\"@type\":\"WebPage\",\"@id\":\"https:\/\/thepueblatimes.mx\/index.php\/2020\/11\/10\/aguas-reportan-saqueos-en-tabasco-tras-inundaciones\/\",\"url\":\"https:\/\/thepueblatimes.mx\/index.php\/2020\/11\/10\/aguas-reportan-saqueos-en-tabasco-tras-inundaciones\/\",\"name\":\"\u00a1AGUAS! Reportan saqueos en Tabasco tras inundaciones - The Puebla Times\",\"isPartOf\":{\"@id\":\"https:\/\/thepueblatimes.mx\/#website\"},\"datePublished\":\"2020-11-10T17:52:20+00:00\",\"dateModified\":\"2020-11-10T17:52:20+00:00\",\"author\":{\"@id\":\"https:\/\/thepueblatimes.mx\/#\/schema\/person\/adbf065ee889f68194977e3499c4a51e\"},\"breadcrumb\":{\"@id\":\"https:\/\/thepueblatimes.mx\/index.php\/2020\/11\/10\/aguas-reportan-saqueos-en-tabasco-tras-inundaciones\/#breadcrumb\"},\"inLanguage\":\"es\",\"potentialAction\":[{\"@type\":\"ReadAction\",\"target\":[\"https:\/\/thepueblatimes.mx\/index.php\/2020\/11\/10\/aguas-reportan-saqueos-en-tabasco-tras-inundaciones\/\"]}]},{\"@type\":\"BreadcrumbList\",\"@id\":\"https:\/\/thepueblatimes.mx\/index.php\/2020\/11\/10\/aguas-reportan-saqueos-en-tabasco-tras-inundaciones\/#breadcrumb\",\"itemListElement\":[{\"@type\":\"ListItem\",\"position\":1,\"name\":\"Portada\",\"item\":\"https:\/\/thepueblatimes.mx\/\"},{\"@type\":\"ListItem\",\"position\":2,\"name\":\"\u00a1AGUAS! Reportan saqueos en Tabasco tras inundaciones\"}]},{\"@type\":\"WebSite\",\"@id\":\"https:\/\/thepueblatimes.mx\/#website\",\"url\":\"https:\/\/thepueblatimes.mx\/\",\"name\":\"The Puebla Times\",\"description\":\"Noticias del Estado de Puebla\",\"potentialAction\":[{\"@type\":\"SearchAction\",\"target\":{\"@type\":\"EntryPoint\",\"urlTemplate\":\"https:\/\/thepueblatimes.mx\/?s={search_term_string}\"},\"query-input\":\"required name=search_term_string\"}],\"inLanguage\":\"es\"},{\"@type\":\"Person\",\"@id\":\"https:\/\/thepueblatimes.mx\/#\/schema\/person\/adbf065ee889f68194977e3499c4a51e\",\"name\":\"Marcos Guevara\",\"image\":{\"@type\":\"ImageObject\",\"inLanguage\":\"es\",\"@id\":\"https:\/\/thepueblatimes.mx\/#\/schema\/person\/image\/\",\"url\":\"https:\/\/secure.gravatar.com\/avatar\/c5d5853d70a8cf178bdfd28c1b8cdcdd?s=96&d=mm&r=g\",\"contentUrl\":\"https:\/\/secure.gravatar.com\/avatar\/c5d5853d70a8cf178bdfd28c1b8cdcdd?s=96&d=mm&r=g\",\"caption\":\"Marcos Guevara\"},\"url\":\"https:\/\/thepueblatimes.mx\/index.php\/author\/marcos-guevara\/\"}]}<\/script>\n<!-- \/ Yoast SEO plugin. -->","yoast_head_json":{"title":"\u00a1AGUAS! Reportan saqueos en Tabasco tras inundaciones - The Puebla Times","robots":{"index":"index","follow":"follow","max-snippet":"max-snippet:-1","max-image-preview":"max-image-preview:large","max-video-preview":"max-video-preview:-1"},"canonical":"https:\/\/thepueblatimes.mx\/index.php\/2020\/11\/10\/aguas-reportan-saqueos-en-tabasco-tras-inundaciones\/","og_locale":"es_ES","og_type":"article","og_title":"\u00a1AGUAS! Reportan saqueos en Tabasco tras inundaciones - The Puebla Times","og_description":"En medio de las afectaciones a causa del paso de la Tormenta Tropical Eta, del Frente Fr\u00edo 12 y de las constantes lluvias, algunos habitantes de la ciudad de Villahermosa han protagonizado algunos actos de saqueos en supermercados, hechos por los que se reportan al menos ocho detenidos. As\u00ed lo mostr\u00f3 la reportera Elizabeth M\u00e1vil,...","og_url":"https:\/\/thepueblatimes.mx\/index.php\/2020\/11\/10\/aguas-reportan-saqueos-en-tabasco-tras-inundaciones\/","og_site_name":"The Puebla Times","article_published_time":"2020-11-10T17:52:20+00:00","og_image":[{"width":715,"height":479,"url":"https:\/\/thepueblatimes.mx\/wp-content\/uploads\/2020\/11\/Screenshot-2020-11-10-at-11.47.20.png","type":"image\/png"}],"author":"Marcos Guevara","twitter_card":"summary_large_image","twitter_misc":{"Escrito por":"Marcos Guevara","Tiempo de lectura":"1 minuto"},"schema":{"@context":"https:\/\/schema.org","@graph":[{"@type":"WebPage","@id":"https:\/\/thepueblatimes.mx\/index.php\/2020\/11\/10\/aguas-reportan-saqueos-en-tabasco-tras-inundaciones\/","url":"https:\/\/thepueblatimes.mx\/index.php\/2020\/11\/10\/aguas-reportan-saqueos-en-tabasco-tras-inundaciones\/","name":"\u00a1AGUAS! Reportan saqueos en Tabasco tras inundaciones - The Puebla Times","isPartOf":{"@id":"https:\/\/thepueblatimes.mx\/#website"},"datePublished":"2020-11-10T17:52:20+00:00","dateModified":"2020-11-10T17:52:20+00:00","author":{"@id":"https:\/\/thepueblatimes.mx\/#\/schema\/person\/adbf065ee889f68194977e3499c4a51e"},"breadcrumb":{"@id":"https:\/\/thepueblatimes.mx\/index.php\/2020\/11\/10\/aguas-reportan-saqueos-en-tabasco-tras-inundaciones\/#breadcrumb"},"inLanguage":"es","potentialAction":[{"@type":"ReadAction","target":["https:\/\/thepueblatimes.mx\/index.php\/2020\/11\/10\/aguas-reportan-saqueos-en-tabasco-tras-inundaciones\/"]}]},{"@type":"BreadcrumbList","@id":"https:\/\/thepueblatimes.mx\/index.php\/2020\/11\/10\/aguas-reportan-saqueos-en-tabasco-tras-inundaciones\/#breadcrumb","itemListElement":[{"@type":"ListItem","position":1,"name":"Portada","item":"https:\/\/thepueblatimes.mx\/"},{"@type":"ListItem","position":2,"name":"\u00a1AGUAS! Reportan saqueos en Tabasco tras inundaciones"}]},{"@type":"WebSite","@id":"https:\/\/thepueblatimes.mx\/#website","url":"https:\/\/thepueblatimes.mx\/","name":"The Puebla Times","description":"Noticias del Estado de Puebla","potentialAction":[{"@type":"SearchAction","target":{"@type":"EntryPoint","urlTemplate":"https:\/\/thepueblatimes.mx\/?s={search_term_string}"},"query-input":"required name=search_term_string"}],"inLanguage":"es"},{"@type":"Person","@id":"https:\/\/thepueblatimes.mx\/#\/schema\/person\/adbf065ee889f68194977e3499c4a51e","name":"Marcos Guevara","image":{"@type":"ImageObject","inLanguage":"es","@id":"https:\/\/thepueblatimes.mx\/#\/schema\/person\/image\/","url":"https:\/\/secure.gravatar.com\/avatar\/c5d5853d70a8cf178bdfd28c1b8cdcdd?s=96&d=mm&r=g","contentUrl":"https:\/\/secure.gravatar.com\/avatar\/c5d5853d70a8cf178bdfd28c1b8cdcdd?s=96&d=mm&r=g","caption":"Marcos Guevara"},"url":"https:\/\/thepueblatimes.mx\/index.php\/author\/marcos-guevara\/"}]}},"jetpack_featured_media_url":"https:\/\/thepueblatimes.mx\/wp-content\/uploads\/2020\/11\/Screenshot-2020-11-10-at-11.47.20.png","_links":{"self":[{"href":"https:\/\/thepueblatimes.mx\/index.php\/wp-json\/wp\/v2\/posts\/6101"}],"collection":[{"href":"https:\/\/thepueblatimes.mx\/index.php\/wp-json\/wp\/v2\/posts"}],"about":[{"href":"https:\/\/thepueblatimes.mx\/index.php\/wp-json\/wp\/v2\/types\/post"}],"author":[{"embeddable":true,"href":"https:\/\/thepueblatimes.mx\/index.php\/wp-json\/wp\/v2\/users\/4"}],"replies":[{"embeddable":true,"href":"https:\/\/thepueblatimes.mx\/index.php\/wp-json\/wp\/v2\/comments?post=6101"}],"version-history":[{"count":1,"href":"https:\/\/thepueblatimes.mx\/index.php\/wp-json\/wp\/v2\/posts\/6101\/revisions"}],"predecessor-version":[{"id":6103,"href":"https:\/\/thepueblatimes.mx\/index.php\/wp-json\/wp\/v2\/posts\/6101\/revisions\/6103"}],"wp:featuredmedia":[{"embeddable":true,"href":"https:\/\/thepueblatimes.mx\/index.php\/wp-json\/wp\/v2\/media\/6102"}],"wp:attachment":[{"href":"https:\/\/thepueblatimes.mx\/index.php\/wp-json\/wp\/v2\/media?parent=6101"}],"wp:term":[{"taxonomy":"category","embeddable":true,"href":"https:\/\/thepueblatimes.mx\/index.php\/wp-json\/wp\/v2\/categories?post=6101"},{"taxonomy":"post_tag","embeddable":true,"href":"https:\/\/thepueblatimes.mx\/index.php\/wp-json\/wp\/v2\/tags?post=6101"}],"curies":[{"name":"wp","href":"https:\/\/api.w.org\/{rel}","templated":true}]}}