{"id":6097,"date":"2020-11-10T11:30:05","date_gmt":"2020-11-10T17:30:05","guid":{"rendered":"https:\/\/thepueblatimes.mx\/?p=6097"},"modified":"2020-11-10T11:30:05","modified_gmt":"2020-11-10T17:30:05","slug":"buenas-noticias-rescatan-a-excursionistas-perdidos-en-la-malinche","status":"publish","type":"post","link":"https:\/\/thepueblatimes.mx\/index.php\/2020\/11\/10\/buenas-noticias-rescatan-a-excursionistas-perdidos-en-la-malinche\/","title":{"rendered":"Buenas noticias: Rescatan a excursionistas perdidos en la Malinche"},"content":{"rendered":"<p>Lugo de horas de angustia y de b\u00fasqueda, afortunadamente se inform\u00f3 que elementos de la Polic\u00eda de Monta\u00f1a del estado de Tlaxcala localizaron a las once personas extraviadas la noche de este lunes en <strong>La Malinche<\/strong>.<\/p>\n<p>Despu\u00e9s de varias horas de b\u00fasqueda de elementos de la Secretar\u00eda de Protecci\u00f3n Civil (PC) del municipio de Puebla, Protecci\u00f3n Civil Estatal, elementos de la Polic\u00eda de Monta\u00f1a del estado de Tlaxcala y rescatistas de Cruz Roja lograron el rescate de la familia excursionista.<\/p>\n<p>Alrededor de las 6 de la ma\u00f1ana, la Polic\u00eda Montada de la entidad vecina encontr\u00f3 en la zona conocida como \u201cLos Arenales\u201d, a los seis adultos y cinco menores que se extraviaron cuando realizaban el descenso de la monta\u00f1a.<\/p>\n<p><strong>De manera extraoficial se sabe que su estado de salud no est\u00e1 en peligro, sin embargo, toda la familia ser\u00e1 valorada por los param\u00e9dicos.<\/strong><\/p>\n<p>Las personas que se extraviaron han sido identificadas como: David Mendoza, de 20 a\u00f1os; Camerina Clavel, de 35 a\u00f1os; Guadalupe Salas de 36 a\u00f1os de edad; Jennifer Alizures de 38 a\u00f1os e Israel Villalba, de 36 a\u00f1os de edad, quien radica en los Estados Unidos.<\/p>\n<p>Joel David Salas de 8 a\u00f1os; Jonathan Tlaxcala, de 10 a\u00f1os; Ingrid Villalba, de 15 a\u00f1os; Leonardo Salas, de 10 a\u00f1os; M\u00e1ximo Marquez Duran y Elvira Duran S\u00e1nchez, ambos de 14 a\u00f1os de edad.<\/p>\n<blockquote class=\"twitter-tweet\" data-width=\"550\" data-dnt=\"true\">\n<p lang=\"es\" dir=\"ltr\">Se informa que el grupo de excursionistas reportado como extraviado en el Parque Nacional La Malinche ya ha sido localizado por el cuerpo de Rescate de Alta Monta\u00f1a y ya se ha hecho contacto con ellos. (1\/2) <a href=\"https:\/\/t.co\/hSJzhkRzaU\">pic.twitter.com\/hSJzhkRzaU<\/a><\/p>\n<p>&mdash; PC Estatal Puebla (@PC_Estatal) <a href=\"https:\/\/twitter.com\/PC_Estatal\/status\/1326152616234143744?ref_src=twsrc%5Etfw\">November 10, 2020<\/a><\/p><\/blockquote>\n<p><script async src=\"https:\/\/platform.twitter.com\/widgets.js\" charset=\"utf-8\"><\/script><\/p>\n","protected":false},"excerpt":{"rendered":"<p>Lugo de horas de angustia y de b\u00fasqueda, afortunadamente se inform\u00f3 que elementos de la Polic\u00eda de Monta\u00f1a del estado de Tlaxcala localizaron a las once personas extraviadas la noche de este lunes en La Malinche. Despu\u00e9s de varias horas de b\u00fasqueda de elementos de la Secretar\u00eda de Protecci\u00f3n Civil (PC) del municipio de Puebla,&#8230;<\/p>\n","protected":false},"author":4,"featured_media":6099,"comment_status":"open","ping_status":"open","sticky":false,"template":"","format":"standard","meta":[],"categories":[20],"tags":[],"yoast_head":"<!-- This site is optimized with the Yoast SEO plugin v20.8 - https:\/\/yoast.com\/wordpress\/plugins\/seo\/ -->\n<title>Buenas noticias: Rescatan a excursionistas perdidos en la Malinche - The Puebla Times<\/title>\n<meta name=\"robots\" content=\"index, follow, max-snippet:-1, max-image-preview:large, max-video-preview:-1\" \/>\n<link rel=\"canonical\" href=\"https:\/\/thepueblatimes.mx\/index.php\/2020\/11\/10\/buenas-noticias-rescatan-a-excursionistas-perdidos-en-la-malinche\/\" \/>\n<meta property=\"og:locale\" content=\"es_ES\" \/>\n<meta property=\"og:type\" content=\"article\" \/>\n<meta property=\"og:title\" content=\"Buenas noticias: Rescatan a excursionistas perdidos en la Malinche - The Puebla Times\" \/>\n<meta property=\"og:description\" content=\"Lugo de horas de angustia y de b\u00fasqueda, afortunadamente se inform\u00f3 que elementos de la Polic\u00eda de Monta\u00f1a del estado de Tlaxcala localizaron a las once personas extraviadas la noche de este lunes en La Malinche. Despu\u00e9s de varias horas de b\u00fasqueda de elementos de la Secretar\u00eda de Protecci\u00f3n Civil (PC) del municipio de Puebla,...\" \/>\n<meta property=\"og:url\" content=\"https:\/\/thepueblatimes.mx\/index.php\/2020\/11\/10\/buenas-noticias-rescatan-a-excursionistas-perdidos-en-la-malinche\/\" \/>\n<meta property=\"og:site_name\" content=\"The Puebla Times\" \/>\n<meta property=\"article:published_time\" content=\"2020-11-10T17:30:05+00:00\" \/>\n<meta property=\"og:image\" content=\"https:\/\/thepueblatimes.mx\/wp-content\/uploads\/2020\/11\/Screenshot-2020-11-10-at-11.29.05.png\" \/>\n\t<meta property=\"og:image:width\" content=\"873\" \/>\n\t<meta property=\"og:image:height\" content=\"544\" \/>\n\t<meta property=\"og:image:type\" content=\"image\/png\" \/>\n<meta name=\"author\" content=\"Marcos Guevara\" \/>\n<meta name=\"twitter:card\" content=\"summary_large_image\" \/>\n<meta name=\"twitter:label1\" content=\"Escrito por\" \/>\n\t<meta name=\"twitter:data1\" content=\"Marcos Guevara\" \/>\n\t<meta name=\"twitter:label2\" content=\"Tiempo de lectura\" \/>\n\t<meta name=\"twitter:data2\" content=\"1 minuto\" \/>\n<script type=\"application\/ld+json\" class=\"yoast-schema-graph\">{\"@context\":\"https:\/\/schema.org\",\"@graph\":[{\"@type\":\"WebPage\",\"@id\":\"https:\/\/thepueblatimes.mx\/index.php\/2020\/11\/10\/buenas-noticias-rescatan-a-excursionistas-perdidos-en-la-malinche\/\",\"url\":\"https:\/\/thepueblatimes.mx\/index.php\/2020\/11\/10\/buenas-noticias-rescatan-a-excursionistas-perdidos-en-la-malinche\/\",\"name\":\"Buenas noticias: Rescatan a excursionistas perdidos en la Malinche - The Puebla Times\",\"isPartOf\":{\"@id\":\"https:\/\/thepueblatimes.mx\/#website\"},\"datePublished\":\"2020-11-10T17:30:05+00:00\",\"dateModified\":\"2020-11-10T17:30:05+00:00\",\"author\":{\"@id\":\"https:\/\/thepueblatimes.mx\/#\/schema\/person\/adbf065ee889f68194977e3499c4a51e\"},\"breadcrumb\":{\"@id\":\"https:\/\/thepueblatimes.mx\/index.php\/2020\/11\/10\/buenas-noticias-rescatan-a-excursionistas-perdidos-en-la-malinche\/#breadcrumb\"},\"inLanguage\":\"es\",\"potentialAction\":[{\"@type\":\"ReadAction\",\"target\":[\"https:\/\/thepueblatimes.mx\/index.php\/2020\/11\/10\/buenas-noticias-rescatan-a-excursionistas-perdidos-en-la-malinche\/\"]}]},{\"@type\":\"BreadcrumbList\",\"@id\":\"https:\/\/thepueblatimes.mx\/index.php\/2020\/11\/10\/buenas-noticias-rescatan-a-excursionistas-perdidos-en-la-malinche\/#breadcrumb\",\"itemListElement\":[{\"@type\":\"ListItem\",\"position\":1,\"name\":\"Portada\",\"item\":\"https:\/\/thepueblatimes.mx\/\"},{\"@type\":\"ListItem\",\"position\":2,\"name\":\"Buenas noticias: Rescatan a excursionistas perdidos en la Malinche\"}]},{\"@type\":\"WebSite\",\"@id\":\"https:\/\/thepueblatimes.mx\/#website\",\"url\":\"https:\/\/thepueblatimes.mx\/\",\"name\":\"The Puebla Times\",\"description\":\"Noticias del Estado de Puebla\",\"potentialAction\":[{\"@type\":\"SearchAction\",\"target\":{\"@type\":\"EntryPoint\",\"urlTemplate\":\"https:\/\/thepueblatimes.mx\/?s={search_term_string}\"},\"query-input\":\"required name=search_term_string\"}],\"inLanguage\":\"es\"},{\"@type\":\"Person\",\"@id\":\"https:\/\/thepueblatimes.mx\/#\/schema\/person\/adbf065ee889f68194977e3499c4a51e\",\"name\":\"Marcos Guevara\",\"image\":{\"@type\":\"ImageObject\",\"inLanguage\":\"es\",\"@id\":\"https:\/\/thepueblatimes.mx\/#\/schema\/person\/image\/\",\"url\":\"https:\/\/secure.gravatar.com\/avatar\/c5d5853d70a8cf178bdfd28c1b8cdcdd?s=96&d=mm&r=g\",\"contentUrl\":\"https:\/\/secure.gravatar.com\/avatar\/c5d5853d70a8cf178bdfd28c1b8cdcdd?s=96&d=mm&r=g\",\"caption\":\"Marcos Guevara\"},\"url\":\"https:\/\/thepueblatimes.mx\/index.php\/author\/marcos-guevara\/\"}]}<\/script>\n<!-- \/ Yoast SEO plugin. -->","yoast_head_json":{"title":"Buenas noticias: Rescatan a excursionistas perdidos en la Malinche - The Puebla Times","robots":{"index":"index","follow":"follow","max-snippet":"max-snippet:-1","max-image-preview":"max-image-preview:large","max-video-preview":"max-video-preview:-1"},"canonical":"https:\/\/thepueblatimes.mx\/index.php\/2020\/11\/10\/buenas-noticias-rescatan-a-excursionistas-perdidos-en-la-malinche\/","og_locale":"es_ES","og_type":"article","og_title":"Buenas noticias: Rescatan a excursionistas perdidos en la Malinche - The Puebla Times","og_description":"Lugo de horas de angustia y de b\u00fasqueda, afortunadamente se inform\u00f3 que elementos de la Polic\u00eda de Monta\u00f1a del estado de Tlaxcala localizaron a las once personas extraviadas la noche de este lunes en La Malinche. Despu\u00e9s de varias horas de b\u00fasqueda de elementos de la Secretar\u00eda de Protecci\u00f3n Civil (PC) del municipio de Puebla,...","og_url":"https:\/\/thepueblatimes.mx\/index.php\/2020\/11\/10\/buenas-noticias-rescatan-a-excursionistas-perdidos-en-la-malinche\/","og_site_name":"The Puebla Times","article_published_time":"2020-11-10T17:30:05+00:00","og_image":[{"width":873,"height":544,"url":"https:\/\/thepueblatimes.mx\/wp-content\/uploads\/2020\/11\/Screenshot-2020-11-10-at-11.29.05.png","type":"image\/png"}],"author":"Marcos Guevara","twitter_card":"summary_large_image","twitter_misc":{"Escrito por":"Marcos Guevara","Tiempo de lectura":"1 minuto"},"schema":{"@context":"https:\/\/schema.org","@graph":[{"@type":"WebPage","@id":"https:\/\/thepueblatimes.mx\/index.php\/2020\/11\/10\/buenas-noticias-rescatan-a-excursionistas-perdidos-en-la-malinche\/","url":"https:\/\/thepueblatimes.mx\/index.php\/2020\/11\/10\/buenas-noticias-rescatan-a-excursionistas-perdidos-en-la-malinche\/","name":"Buenas noticias: Rescatan a excursionistas perdidos en la Malinche - The Puebla Times","isPartOf":{"@id":"https:\/\/thepueblatimes.mx\/#website"},"datePublished":"2020-11-10T17:30:05+00:00","dateModified":"2020-11-10T17:30:05+00:00","author":{"@id":"https:\/\/thepueblatimes.mx\/#\/schema\/person\/adbf065ee889f68194977e3499c4a51e"},"breadcrumb":{"@id":"https:\/\/thepueblatimes.mx\/index.php\/2020\/11\/10\/buenas-noticias-rescatan-a-excursionistas-perdidos-en-la-malinche\/#breadcrumb"},"inLanguage":"es","potentialAction":[{"@type":"ReadAction","target":["https:\/\/thepueblatimes.mx\/index.php\/2020\/11\/10\/buenas-noticias-rescatan-a-excursionistas-perdidos-en-la-malinche\/"]}]},{"@type":"BreadcrumbList","@id":"https:\/\/thepueblatimes.mx\/index.php\/2020\/11\/10\/buenas-noticias-rescatan-a-excursionistas-perdidos-en-la-malinche\/#breadcrumb","itemListElement":[{"@type":"ListItem","position":1,"name":"Portada","item":"https:\/\/thepueblatimes.mx\/"},{"@type":"ListItem","position":2,"name":"Buenas noticias: Rescatan a excursionistas perdidos en la Malinche"}]},{"@type":"WebSite","@id":"https:\/\/thepueblatimes.mx\/#website","url":"https:\/\/thepueblatimes.mx\/","name":"The Puebla Times","description":"Noticias del Estado de Puebla","potentialAction":[{"@type":"SearchAction","target":{"@type":"EntryPoint","urlTemplate":"https:\/\/thepueblatimes.mx\/?s={search_term_string}"},"query-input":"required name=search_term_string"}],"inLanguage":"es"},{"@type":"Person","@id":"https:\/\/thepueblatimes.mx\/#\/schema\/person\/adbf065ee889f68194977e3499c4a51e","name":"Marcos Guevara","image":{"@type":"ImageObject","inLanguage":"es","@id":"https:\/\/thepueblatimes.mx\/#\/schema\/person\/image\/","url":"https:\/\/secure.gravatar.com\/avatar\/c5d5853d70a8cf178bdfd28c1b8cdcdd?s=96&d=mm&r=g","contentUrl":"https:\/\/secure.gravatar.com\/avatar\/c5d5853d70a8cf178bdfd28c1b8cdcdd?s=96&d=mm&r=g","caption":"Marcos Guevara"},"url":"https:\/\/thepueblatimes.mx\/index.php\/author\/marcos-guevara\/"}]}},"jetpack_featured_media_url":"https:\/\/thepueblatimes.mx\/wp-content\/uploads\/2020\/11\/Screenshot-2020-11-10-at-11.29.05.png","_links":{"self":[{"href":"https:\/\/thepueblatimes.mx\/index.php\/wp-json\/wp\/v2\/posts\/6097"}],"collection":[{"href":"https:\/\/thepueblatimes.mx\/index.php\/wp-json\/wp\/v2\/posts"}],"about":[{"href":"https:\/\/thepueblatimes.mx\/index.php\/wp-json\/wp\/v2\/types\/post"}],"author":[{"embeddable":true,"href":"https:\/\/thepueblatimes.mx\/index.php\/wp-json\/wp\/v2\/users\/4"}],"replies":[{"embeddable":true,"href":"https:\/\/thepueblatimes.mx\/index.php\/wp-json\/wp\/v2\/comments?post=6097"}],"version-history":[{"count":1,"href":"https:\/\/thepueblatimes.mx\/index.php\/wp-json\/wp\/v2\/posts\/6097\/revisions"}],"predecessor-version":[{"id":6100,"href":"https:\/\/thepueblatimes.mx\/index.php\/wp-json\/wp\/v2\/posts\/6097\/revisions\/6100"}],"wp:featuredmedia":[{"embeddable":true,"href":"https:\/\/thepueblatimes.mx\/index.php\/wp-json\/wp\/v2\/media\/6099"}],"wp:attachment":[{"href":"https:\/\/thepueblatimes.mx\/index.php\/wp-json\/wp\/v2\/media?parent=6097"}],"wp:term":[{"taxonomy":"category","embeddable":true,"href":"https:\/\/thepueblatimes.mx\/index.php\/wp-json\/wp\/v2\/categories?post=6097"},{"taxonomy":"post_tag","embeddable":true,"href":"https:\/\/thepueblatimes.mx\/index.php\/wp-json\/wp\/v2\/tags?post=6097"}],"curies":[{"name":"wp","href":"https:\/\/api.w.org\/{rel}","templated":true}]}}