{"id":6046,"date":"2020-11-09T13:31:11","date_gmt":"2020-11-09T19:31:11","guid":{"rendered":"https:\/\/thepueblatimes.mx\/?p=6046"},"modified":"2020-11-09T13:31:11","modified_gmt":"2020-11-09T19:31:11","slug":"ay-claudia-pese-a-pandemia-asiste-a-festival-clandestino-de-la-matanza-en-tehuacan-fueron-200-invitados","status":"publish","type":"post","link":"https:\/\/thepueblatimes.mx\/index.php\/2020\/11\/09\/ay-claudia-pese-a-pandemia-asiste-a-festival-clandestino-de-la-matanza-en-tehuacan-fueron-200-invitados\/","title":{"rendered":"\u00a1Ay Claudia! Pese a pandemia, asiste a festival clandestino de la matanza en Tehuac\u00e1n; \u00a1fueron 200 invitados!"},"content":{"rendered":"<p>Una verg\u00fcenza lo ocurrido en Tehuac\u00e1n, se\u00f1alaron los habitantes, pues en plena pandemia de Covid, y con un miedo latente de posible rebrote, Andr\u00e9s Artemio Caballero L\u00f3pez, edil sustituto, organiz\u00f3 un \u00abFestival de La Matanza\u00bb clandestino el pasado s\u00e1bado 7 de noviembre, donde se degust\u00f3 mole de caderas para invitados especiales.<\/p>\n<p>La indignante es que entre los invitados y asistentes estaba la edil municipal de Puebla, Claudia Rivera Vivanco, militantes del Partido Encuentro Solidario (PES) y 200 personas m\u00e1s.<\/p>\n<p><strong>Al Complejo Cultural El Calvario acudieron cerca de 200 invitados a quienes se les ofreci\u00f3 mole de caderas, mezcales, tequilas y m\u00fasica en vivo, sin importar que en Tehuac\u00e1n se contabilizan 315 defunciones, mil 492 contagios, mil 330 negativos, dos mil 904 sospechosos, 833 recuperados y 14 activos, de acuerdo a datos de la Federaci\u00f3n.<\/strong><\/p>\n<p>Asimismo, fuentes locales indicaron que las autoridades del Ayuntamiento esperaron la llegada de Cuauht\u00e9moc Blanco, gobernador de Morelos, sin embargo, su agenda no le permiti\u00f3 asistir al evento masivo.<\/p>\n<p>De acuerdo con Diario CAMBIO, desde mediod\u00eda del s\u00e1bado, las calles aleda\u00f1as al Complejo Cultural El Calvario fueron cerradas a la circulaci\u00f3n con vallas de contenci\u00f3n y con la presencia de elementos de Protecci\u00f3n Civil y Bomberos, agentes de Tr\u00e1nsito y Polic\u00eda municipal para blindar el Festival de La Matanza Clandestino organizado por el edil sustituto.<\/p>\n","protected":false},"excerpt":{"rendered":"<p>Una verg\u00fcenza lo ocurrido en Tehuac\u00e1n, se\u00f1alaron los habitantes, pues en plena pandemia de Covid, y con un miedo latente de posible rebrote, Andr\u00e9s Artemio Caballero L\u00f3pez, edil sustituto, organiz\u00f3 un \u00abFestival de La Matanza\u00bb clandestino el pasado s\u00e1bado 7 de noviembre, donde se degust\u00f3 mole de caderas para invitados especiales. La indignante es que&#8230;<\/p>\n","protected":false},"author":4,"featured_media":6047,"comment_status":"open","ping_status":"open","sticky":false,"template":"","format":"standard","meta":[],"categories":[20],"tags":[],"yoast_head":"<!-- This site is optimized with the Yoast SEO plugin v20.8 - https:\/\/yoast.com\/wordpress\/plugins\/seo\/ -->\n<title>\u00a1Ay Claudia! Pese a pandemia, asiste a festival clandestino de la matanza en Tehuac\u00e1n; \u00a1fueron 200 invitados! - The Puebla Times<\/title>\n<meta name=\"robots\" content=\"index, follow, max-snippet:-1, max-image-preview:large, max-video-preview:-1\" \/>\n<link rel=\"canonical\" href=\"https:\/\/thepueblatimes.mx\/index.php\/2020\/11\/09\/ay-claudia-pese-a-pandemia-asiste-a-festival-clandestino-de-la-matanza-en-tehuacan-fueron-200-invitados\/\" \/>\n<meta property=\"og:locale\" content=\"es_ES\" \/>\n<meta property=\"og:type\" content=\"article\" \/>\n<meta property=\"og:title\" content=\"\u00a1Ay Claudia! Pese a pandemia, asiste a festival clandestino de la matanza en Tehuac\u00e1n; \u00a1fueron 200 invitados! - The Puebla Times\" \/>\n<meta property=\"og:description\" content=\"Una verg\u00fcenza lo ocurrido en Tehuac\u00e1n, se\u00f1alaron los habitantes, pues en plena pandemia de Covid, y con un miedo latente de posible rebrote, Andr\u00e9s Artemio Caballero L\u00f3pez, edil sustituto, organiz\u00f3 un \u00abFestival de La Matanza\u00bb clandestino el pasado s\u00e1bado 7 de noviembre, donde se degust\u00f3 mole de caderas para invitados especiales. La indignante es que...\" \/>\n<meta property=\"og:url\" content=\"https:\/\/thepueblatimes.mx\/index.php\/2020\/11\/09\/ay-claudia-pese-a-pandemia-asiste-a-festival-clandestino-de-la-matanza-en-tehuacan-fueron-200-invitados\/\" \/>\n<meta property=\"og:site_name\" content=\"The Puebla Times\" \/>\n<meta property=\"article:published_time\" content=\"2020-11-09T19:31:11+00:00\" \/>\n<meta property=\"og:image\" content=\"https:\/\/thepueblatimes.mx\/wp-content\/uploads\/2020\/11\/Screenshot-2020-11-09-at-13.30.15.png\" \/>\n\t<meta property=\"og:image:width\" content=\"635\" \/>\n\t<meta property=\"og:image:height\" content=\"324\" \/>\n\t<meta property=\"og:image:type\" content=\"image\/png\" \/>\n<meta name=\"author\" content=\"Marcos Guevara\" \/>\n<meta name=\"twitter:card\" content=\"summary_large_image\" \/>\n<meta name=\"twitter:label1\" content=\"Escrito por\" \/>\n\t<meta name=\"twitter:data1\" content=\"Marcos Guevara\" \/>\n\t<meta name=\"twitter:label2\" content=\"Tiempo de lectura\" \/>\n\t<meta name=\"twitter:data2\" content=\"1 minuto\" \/>\n<script type=\"application\/ld+json\" class=\"yoast-schema-graph\">{\"@context\":\"https:\/\/schema.org\",\"@graph\":[{\"@type\":\"WebPage\",\"@id\":\"https:\/\/thepueblatimes.mx\/index.php\/2020\/11\/09\/ay-claudia-pese-a-pandemia-asiste-a-festival-clandestino-de-la-matanza-en-tehuacan-fueron-200-invitados\/\",\"url\":\"https:\/\/thepueblatimes.mx\/index.php\/2020\/11\/09\/ay-claudia-pese-a-pandemia-asiste-a-festival-clandestino-de-la-matanza-en-tehuacan-fueron-200-invitados\/\",\"name\":\"\u00a1Ay Claudia! Pese a pandemia, asiste a festival clandestino de la matanza en Tehuac\u00e1n; \u00a1fueron 200 invitados! - The Puebla Times\",\"isPartOf\":{\"@id\":\"https:\/\/thepueblatimes.mx\/#website\"},\"datePublished\":\"2020-11-09T19:31:11+00:00\",\"dateModified\":\"2020-11-09T19:31:11+00:00\",\"author\":{\"@id\":\"https:\/\/thepueblatimes.mx\/#\/schema\/person\/adbf065ee889f68194977e3499c4a51e\"},\"breadcrumb\":{\"@id\":\"https:\/\/thepueblatimes.mx\/index.php\/2020\/11\/09\/ay-claudia-pese-a-pandemia-asiste-a-festival-clandestino-de-la-matanza-en-tehuacan-fueron-200-invitados\/#breadcrumb\"},\"inLanguage\":\"es\",\"potentialAction\":[{\"@type\":\"ReadAction\",\"target\":[\"https:\/\/thepueblatimes.mx\/index.php\/2020\/11\/09\/ay-claudia-pese-a-pandemia-asiste-a-festival-clandestino-de-la-matanza-en-tehuacan-fueron-200-invitados\/\"]}]},{\"@type\":\"BreadcrumbList\",\"@id\":\"https:\/\/thepueblatimes.mx\/index.php\/2020\/11\/09\/ay-claudia-pese-a-pandemia-asiste-a-festival-clandestino-de-la-matanza-en-tehuacan-fueron-200-invitados\/#breadcrumb\",\"itemListElement\":[{\"@type\":\"ListItem\",\"position\":1,\"name\":\"Portada\",\"item\":\"https:\/\/thepueblatimes.mx\/\"},{\"@type\":\"ListItem\",\"position\":2,\"name\":\"\u00a1Ay Claudia! Pese a pandemia, asiste a festival clandestino de la matanza en Tehuac\u00e1n; \u00a1fueron 200 invitados!\"}]},{\"@type\":\"WebSite\",\"@id\":\"https:\/\/thepueblatimes.mx\/#website\",\"url\":\"https:\/\/thepueblatimes.mx\/\",\"name\":\"The Puebla Times\",\"description\":\"Noticias del Estado de Puebla\",\"potentialAction\":[{\"@type\":\"SearchAction\",\"target\":{\"@type\":\"EntryPoint\",\"urlTemplate\":\"https:\/\/thepueblatimes.mx\/?s={search_term_string}\"},\"query-input\":\"required name=search_term_string\"}],\"inLanguage\":\"es\"},{\"@type\":\"Person\",\"@id\":\"https:\/\/thepueblatimes.mx\/#\/schema\/person\/adbf065ee889f68194977e3499c4a51e\",\"name\":\"Marcos Guevara\",\"image\":{\"@type\":\"ImageObject\",\"inLanguage\":\"es\",\"@id\":\"https:\/\/thepueblatimes.mx\/#\/schema\/person\/image\/\",\"url\":\"https:\/\/secure.gravatar.com\/avatar\/c5d5853d70a8cf178bdfd28c1b8cdcdd?s=96&d=mm&r=g\",\"contentUrl\":\"https:\/\/secure.gravatar.com\/avatar\/c5d5853d70a8cf178bdfd28c1b8cdcdd?s=96&d=mm&r=g\",\"caption\":\"Marcos Guevara\"},\"url\":\"https:\/\/thepueblatimes.mx\/index.php\/author\/marcos-guevara\/\"}]}<\/script>\n<!-- \/ Yoast SEO plugin. -->","yoast_head_json":{"title":"\u00a1Ay Claudia! Pese a pandemia, asiste a festival clandestino de la matanza en Tehuac\u00e1n; \u00a1fueron 200 invitados! - The Puebla Times","robots":{"index":"index","follow":"follow","max-snippet":"max-snippet:-1","max-image-preview":"max-image-preview:large","max-video-preview":"max-video-preview:-1"},"canonical":"https:\/\/thepueblatimes.mx\/index.php\/2020\/11\/09\/ay-claudia-pese-a-pandemia-asiste-a-festival-clandestino-de-la-matanza-en-tehuacan-fueron-200-invitados\/","og_locale":"es_ES","og_type":"article","og_title":"\u00a1Ay Claudia! Pese a pandemia, asiste a festival clandestino de la matanza en Tehuac\u00e1n; \u00a1fueron 200 invitados! - The Puebla Times","og_description":"Una verg\u00fcenza lo ocurrido en Tehuac\u00e1n, se\u00f1alaron los habitantes, pues en plena pandemia de Covid, y con un miedo latente de posible rebrote, Andr\u00e9s Artemio Caballero L\u00f3pez, edil sustituto, organiz\u00f3 un \u00abFestival de La Matanza\u00bb clandestino el pasado s\u00e1bado 7 de noviembre, donde se degust\u00f3 mole de caderas para invitados especiales. La indignante es que...","og_url":"https:\/\/thepueblatimes.mx\/index.php\/2020\/11\/09\/ay-claudia-pese-a-pandemia-asiste-a-festival-clandestino-de-la-matanza-en-tehuacan-fueron-200-invitados\/","og_site_name":"The Puebla Times","article_published_time":"2020-11-09T19:31:11+00:00","og_image":[{"width":635,"height":324,"url":"https:\/\/thepueblatimes.mx\/wp-content\/uploads\/2020\/11\/Screenshot-2020-11-09-at-13.30.15.png","type":"image\/png"}],"author":"Marcos Guevara","twitter_card":"summary_large_image","twitter_misc":{"Escrito por":"Marcos Guevara","Tiempo de lectura":"1 minuto"},"schema":{"@context":"https:\/\/schema.org","@graph":[{"@type":"WebPage","@id":"https:\/\/thepueblatimes.mx\/index.php\/2020\/11\/09\/ay-claudia-pese-a-pandemia-asiste-a-festival-clandestino-de-la-matanza-en-tehuacan-fueron-200-invitados\/","url":"https:\/\/thepueblatimes.mx\/index.php\/2020\/11\/09\/ay-claudia-pese-a-pandemia-asiste-a-festival-clandestino-de-la-matanza-en-tehuacan-fueron-200-invitados\/","name":"\u00a1Ay Claudia! Pese a pandemia, asiste a festival clandestino de la matanza en Tehuac\u00e1n; \u00a1fueron 200 invitados! - The Puebla Times","isPartOf":{"@id":"https:\/\/thepueblatimes.mx\/#website"},"datePublished":"2020-11-09T19:31:11+00:00","dateModified":"2020-11-09T19:31:11+00:00","author":{"@id":"https:\/\/thepueblatimes.mx\/#\/schema\/person\/adbf065ee889f68194977e3499c4a51e"},"breadcrumb":{"@id":"https:\/\/thepueblatimes.mx\/index.php\/2020\/11\/09\/ay-claudia-pese-a-pandemia-asiste-a-festival-clandestino-de-la-matanza-en-tehuacan-fueron-200-invitados\/#breadcrumb"},"inLanguage":"es","potentialAction":[{"@type":"ReadAction","target":["https:\/\/thepueblatimes.mx\/index.php\/2020\/11\/09\/ay-claudia-pese-a-pandemia-asiste-a-festival-clandestino-de-la-matanza-en-tehuacan-fueron-200-invitados\/"]}]},{"@type":"BreadcrumbList","@id":"https:\/\/thepueblatimes.mx\/index.php\/2020\/11\/09\/ay-claudia-pese-a-pandemia-asiste-a-festival-clandestino-de-la-matanza-en-tehuacan-fueron-200-invitados\/#breadcrumb","itemListElement":[{"@type":"ListItem","position":1,"name":"Portada","item":"https:\/\/thepueblatimes.mx\/"},{"@type":"ListItem","position":2,"name":"\u00a1Ay Claudia! Pese a pandemia, asiste a festival clandestino de la matanza en Tehuac\u00e1n; \u00a1fueron 200 invitados!"}]},{"@type":"WebSite","@id":"https:\/\/thepueblatimes.mx\/#website","url":"https:\/\/thepueblatimes.mx\/","name":"The Puebla Times","description":"Noticias del Estado de Puebla","potentialAction":[{"@type":"SearchAction","target":{"@type":"EntryPoint","urlTemplate":"https:\/\/thepueblatimes.mx\/?s={search_term_string}"},"query-input":"required name=search_term_string"}],"inLanguage":"es"},{"@type":"Person","@id":"https:\/\/thepueblatimes.mx\/#\/schema\/person\/adbf065ee889f68194977e3499c4a51e","name":"Marcos Guevara","image":{"@type":"ImageObject","inLanguage":"es","@id":"https:\/\/thepueblatimes.mx\/#\/schema\/person\/image\/","url":"https:\/\/secure.gravatar.com\/avatar\/c5d5853d70a8cf178bdfd28c1b8cdcdd?s=96&d=mm&r=g","contentUrl":"https:\/\/secure.gravatar.com\/avatar\/c5d5853d70a8cf178bdfd28c1b8cdcdd?s=96&d=mm&r=g","caption":"Marcos Guevara"},"url":"https:\/\/thepueblatimes.mx\/index.php\/author\/marcos-guevara\/"}]}},"jetpack_featured_media_url":"https:\/\/thepueblatimes.mx\/wp-content\/uploads\/2020\/11\/Screenshot-2020-11-09-at-13.30.15.png","_links":{"self":[{"href":"https:\/\/thepueblatimes.mx\/index.php\/wp-json\/wp\/v2\/posts\/6046"}],"collection":[{"href":"https:\/\/thepueblatimes.mx\/index.php\/wp-json\/wp\/v2\/posts"}],"about":[{"href":"https:\/\/thepueblatimes.mx\/index.php\/wp-json\/wp\/v2\/types\/post"}],"author":[{"embeddable":true,"href":"https:\/\/thepueblatimes.mx\/index.php\/wp-json\/wp\/v2\/users\/4"}],"replies":[{"embeddable":true,"href":"https:\/\/thepueblatimes.mx\/index.php\/wp-json\/wp\/v2\/comments?post=6046"}],"version-history":[{"count":1,"href":"https:\/\/thepueblatimes.mx\/index.php\/wp-json\/wp\/v2\/posts\/6046\/revisions"}],"predecessor-version":[{"id":6048,"href":"https:\/\/thepueblatimes.mx\/index.php\/wp-json\/wp\/v2\/posts\/6046\/revisions\/6048"}],"wp:featuredmedia":[{"embeddable":true,"href":"https:\/\/thepueblatimes.mx\/index.php\/wp-json\/wp\/v2\/media\/6047"}],"wp:attachment":[{"href":"https:\/\/thepueblatimes.mx\/index.php\/wp-json\/wp\/v2\/media?parent=6046"}],"wp:term":[{"taxonomy":"category","embeddable":true,"href":"https:\/\/thepueblatimes.mx\/index.php\/wp-json\/wp\/v2\/categories?post=6046"},{"taxonomy":"post_tag","embeddable":true,"href":"https:\/\/thepueblatimes.mx\/index.php\/wp-json\/wp\/v2\/tags?post=6046"}],"curies":[{"name":"wp","href":"https:\/\/api.w.org\/{rel}","templated":true}]}}