{"id":6043,"date":"2020-11-09T10:25:43","date_gmt":"2020-11-09T16:25:43","guid":{"rendered":"https:\/\/thepueblatimes.mx\/?p=6043"},"modified":"2020-11-09T10:25:43","modified_gmt":"2020-11-09T16:25:43","slug":"saca-las-chamarras-y-la-cobija-del-tigre-porque-frente-frio-12-congelara-a-puebla","status":"publish","type":"post","link":"https:\/\/thepueblatimes.mx\/index.php\/2020\/11\/09\/saca-las-chamarras-y-la-cobija-del-tigre-porque-frente-frio-12-congelara-a-puebla\/","title":{"rendered":"Saca las chamarras y la cobija del tigre porque Frente Fr\u00edo 12 congelar\u00e1 a Puebla"},"content":{"rendered":"<p>Mejor ve sacando chamarras, guantes y bufandas, porque de acuerdo al Servicio Meteorol\u00f3gico Nacional (SMN) el Frente Fr\u00edo n\u00famero 12 llegar\u00e1 como una nueva masa de aire que mantendr\u00e1 ambiente de fr\u00edo a muy fr\u00edo durante la ma\u00f1ana y noche sobre gran parte de Puebla.<\/p>\n<p>Asimismo, el SMN se\u00f1al\u00f3 que en algunas regiones del pa\u00eds la lluvias y bajas temperaturas continuar\u00e1n sin cese.<\/p>\n<p>El frente fr\u00edo 12 se extender\u00e1 en la zona norte del pa\u00eds, manteniendo las condiciones para lluvias y vientos fuertes en dicha regi\u00f3n.<\/p>\n<p>Por otro lado, Eta podr\u00eda intensificarse nuevamente a hurac\u00e1n en el oriente del Golfo de M\u00e9xico, su amplia circulaci\u00f3n en interacci\u00f3n con un canal de baja presi\u00f3n, incrementar\u00e1 la probabilidad de lluvias sobre la Pen\u00ednsula de Yucat\u00e1n, adem\u00e1s de oleaje de 1 a 3 metros de altura en las costas de Yucat\u00e1n y Quintana Roo.<\/p>\n<p>Finalmente, el ingreso de humedad proveniente del Oc\u00e9ano Pac\u00edfico y un canal de baja presi\u00f3n sobre el sureste del pa\u00eds, ocasionar\u00e1n lluvias puntuales fuertes con descargas el\u00e9ctricas en el sur de Oaxaca y Chiapas.<\/p>\n","protected":false},"excerpt":{"rendered":"<p>Mejor ve sacando chamarras, guantes y bufandas, porque de acuerdo al Servicio Meteorol\u00f3gico Nacional (SMN) el Frente Fr\u00edo n\u00famero 12 llegar\u00e1 como una nueva masa de aire que mantendr\u00e1 ambiente de fr\u00edo a muy fr\u00edo durante la ma\u00f1ana y noche sobre gran parte de Puebla. Asimismo, el SMN se\u00f1al\u00f3 que en algunas regiones del pa\u00eds&#8230;<\/p>\n","protected":false},"author":4,"featured_media":6044,"comment_status":"open","ping_status":"open","sticky":false,"template":"","format":"standard","meta":[],"categories":[20],"tags":[],"yoast_head":"<!-- This site is optimized with the Yoast SEO plugin v20.8 - https:\/\/yoast.com\/wordpress\/plugins\/seo\/ -->\n<title>Saca las chamarras y la cobija del tigre porque Frente Fr\u00edo 12 congelar\u00e1 a Puebla - The Puebla Times<\/title>\n<meta name=\"robots\" content=\"index, follow, max-snippet:-1, max-image-preview:large, max-video-preview:-1\" \/>\n<link rel=\"canonical\" href=\"https:\/\/thepueblatimes.mx\/index.php\/2020\/11\/09\/saca-las-chamarras-y-la-cobija-del-tigre-porque-frente-frio-12-congelara-a-puebla\/\" \/>\n<meta property=\"og:locale\" content=\"es_ES\" \/>\n<meta property=\"og:type\" content=\"article\" \/>\n<meta property=\"og:title\" content=\"Saca las chamarras y la cobija del tigre porque Frente Fr\u00edo 12 congelar\u00e1 a Puebla - The Puebla Times\" \/>\n<meta property=\"og:description\" content=\"Mejor ve sacando chamarras, guantes y bufandas, porque de acuerdo al Servicio Meteorol\u00f3gico Nacional (SMN) el Frente Fr\u00edo n\u00famero 12 llegar\u00e1 como una nueva masa de aire que mantendr\u00e1 ambiente de fr\u00edo a muy fr\u00edo durante la ma\u00f1ana y noche sobre gran parte de Puebla. Asimismo, el SMN se\u00f1al\u00f3 que en algunas regiones del pa\u00eds...\" \/>\n<meta property=\"og:url\" content=\"https:\/\/thepueblatimes.mx\/index.php\/2020\/11\/09\/saca-las-chamarras-y-la-cobija-del-tigre-porque-frente-frio-12-congelara-a-puebla\/\" \/>\n<meta property=\"og:site_name\" content=\"The Puebla Times\" \/>\n<meta property=\"article:published_time\" content=\"2020-11-09T16:25:43+00:00\" \/>\n<meta property=\"og:image\" content=\"https:\/\/thepueblatimes.mx\/wp-content\/uploads\/2020\/11\/Screenshot-2020-11-09-at-10.19.42.png\" \/>\n\t<meta property=\"og:image:width\" content=\"761\" \/>\n\t<meta property=\"og:image:height\" content=\"509\" \/>\n\t<meta property=\"og:image:type\" content=\"image\/png\" \/>\n<meta name=\"author\" content=\"Marcos Guevara\" \/>\n<meta name=\"twitter:card\" content=\"summary_large_image\" \/>\n<meta name=\"twitter:label1\" content=\"Escrito por\" \/>\n\t<meta name=\"twitter:data1\" content=\"Marcos Guevara\" \/>\n\t<meta name=\"twitter:label2\" content=\"Tiempo de lectura\" \/>\n\t<meta name=\"twitter:data2\" content=\"1 minuto\" \/>\n<script type=\"application\/ld+json\" class=\"yoast-schema-graph\">{\"@context\":\"https:\/\/schema.org\",\"@graph\":[{\"@type\":\"WebPage\",\"@id\":\"https:\/\/thepueblatimes.mx\/index.php\/2020\/11\/09\/saca-las-chamarras-y-la-cobija-del-tigre-porque-frente-frio-12-congelara-a-puebla\/\",\"url\":\"https:\/\/thepueblatimes.mx\/index.php\/2020\/11\/09\/saca-las-chamarras-y-la-cobija-del-tigre-porque-frente-frio-12-congelara-a-puebla\/\",\"name\":\"Saca las chamarras y la cobija del tigre porque Frente Fr\u00edo 12 congelar\u00e1 a Puebla - The Puebla Times\",\"isPartOf\":{\"@id\":\"https:\/\/thepueblatimes.mx\/#website\"},\"datePublished\":\"2020-11-09T16:25:43+00:00\",\"dateModified\":\"2020-11-09T16:25:43+00:00\",\"author\":{\"@id\":\"https:\/\/thepueblatimes.mx\/#\/schema\/person\/adbf065ee889f68194977e3499c4a51e\"},\"breadcrumb\":{\"@id\":\"https:\/\/thepueblatimes.mx\/index.php\/2020\/11\/09\/saca-las-chamarras-y-la-cobija-del-tigre-porque-frente-frio-12-congelara-a-puebla\/#breadcrumb\"},\"inLanguage\":\"es\",\"potentialAction\":[{\"@type\":\"ReadAction\",\"target\":[\"https:\/\/thepueblatimes.mx\/index.php\/2020\/11\/09\/saca-las-chamarras-y-la-cobija-del-tigre-porque-frente-frio-12-congelara-a-puebla\/\"]}]},{\"@type\":\"BreadcrumbList\",\"@id\":\"https:\/\/thepueblatimes.mx\/index.php\/2020\/11\/09\/saca-las-chamarras-y-la-cobija-del-tigre-porque-frente-frio-12-congelara-a-puebla\/#breadcrumb\",\"itemListElement\":[{\"@type\":\"ListItem\",\"position\":1,\"name\":\"Portada\",\"item\":\"https:\/\/thepueblatimes.mx\/\"},{\"@type\":\"ListItem\",\"position\":2,\"name\":\"Saca las chamarras y la cobija del tigre porque Frente Fr\u00edo 12 congelar\u00e1 a Puebla\"}]},{\"@type\":\"WebSite\",\"@id\":\"https:\/\/thepueblatimes.mx\/#website\",\"url\":\"https:\/\/thepueblatimes.mx\/\",\"name\":\"The Puebla Times\",\"description\":\"Noticias del Estado de Puebla\",\"potentialAction\":[{\"@type\":\"SearchAction\",\"target\":{\"@type\":\"EntryPoint\",\"urlTemplate\":\"https:\/\/thepueblatimes.mx\/?s={search_term_string}\"},\"query-input\":\"required name=search_term_string\"}],\"inLanguage\":\"es\"},{\"@type\":\"Person\",\"@id\":\"https:\/\/thepueblatimes.mx\/#\/schema\/person\/adbf065ee889f68194977e3499c4a51e\",\"name\":\"Marcos Guevara\",\"image\":{\"@type\":\"ImageObject\",\"inLanguage\":\"es\",\"@id\":\"https:\/\/thepueblatimes.mx\/#\/schema\/person\/image\/\",\"url\":\"https:\/\/secure.gravatar.com\/avatar\/c5d5853d70a8cf178bdfd28c1b8cdcdd?s=96&d=mm&r=g\",\"contentUrl\":\"https:\/\/secure.gravatar.com\/avatar\/c5d5853d70a8cf178bdfd28c1b8cdcdd?s=96&d=mm&r=g\",\"caption\":\"Marcos Guevara\"},\"url\":\"https:\/\/thepueblatimes.mx\/index.php\/author\/marcos-guevara\/\"}]}<\/script>\n<!-- \/ Yoast SEO plugin. -->","yoast_head_json":{"title":"Saca las chamarras y la cobija del tigre porque Frente Fr\u00edo 12 congelar\u00e1 a Puebla - The Puebla Times","robots":{"index":"index","follow":"follow","max-snippet":"max-snippet:-1","max-image-preview":"max-image-preview:large","max-video-preview":"max-video-preview:-1"},"canonical":"https:\/\/thepueblatimes.mx\/index.php\/2020\/11\/09\/saca-las-chamarras-y-la-cobija-del-tigre-porque-frente-frio-12-congelara-a-puebla\/","og_locale":"es_ES","og_type":"article","og_title":"Saca las chamarras y la cobija del tigre porque Frente Fr\u00edo 12 congelar\u00e1 a Puebla - The Puebla Times","og_description":"Mejor ve sacando chamarras, guantes y bufandas, porque de acuerdo al Servicio Meteorol\u00f3gico Nacional (SMN) el Frente Fr\u00edo n\u00famero 12 llegar\u00e1 como una nueva masa de aire que mantendr\u00e1 ambiente de fr\u00edo a muy fr\u00edo durante la ma\u00f1ana y noche sobre gran parte de Puebla. Asimismo, el SMN se\u00f1al\u00f3 que en algunas regiones del pa\u00eds...","og_url":"https:\/\/thepueblatimes.mx\/index.php\/2020\/11\/09\/saca-las-chamarras-y-la-cobija-del-tigre-porque-frente-frio-12-congelara-a-puebla\/","og_site_name":"The Puebla Times","article_published_time":"2020-11-09T16:25:43+00:00","og_image":[{"width":761,"height":509,"url":"https:\/\/thepueblatimes.mx\/wp-content\/uploads\/2020\/11\/Screenshot-2020-11-09-at-10.19.42.png","type":"image\/png"}],"author":"Marcos Guevara","twitter_card":"summary_large_image","twitter_misc":{"Escrito por":"Marcos Guevara","Tiempo de lectura":"1 minuto"},"schema":{"@context":"https:\/\/schema.org","@graph":[{"@type":"WebPage","@id":"https:\/\/thepueblatimes.mx\/index.php\/2020\/11\/09\/saca-las-chamarras-y-la-cobija-del-tigre-porque-frente-frio-12-congelara-a-puebla\/","url":"https:\/\/thepueblatimes.mx\/index.php\/2020\/11\/09\/saca-las-chamarras-y-la-cobija-del-tigre-porque-frente-frio-12-congelara-a-puebla\/","name":"Saca las chamarras y la cobija del tigre porque Frente Fr\u00edo 12 congelar\u00e1 a Puebla - The Puebla Times","isPartOf":{"@id":"https:\/\/thepueblatimes.mx\/#website"},"datePublished":"2020-11-09T16:25:43+00:00","dateModified":"2020-11-09T16:25:43+00:00","author":{"@id":"https:\/\/thepueblatimes.mx\/#\/schema\/person\/adbf065ee889f68194977e3499c4a51e"},"breadcrumb":{"@id":"https:\/\/thepueblatimes.mx\/index.php\/2020\/11\/09\/saca-las-chamarras-y-la-cobija-del-tigre-porque-frente-frio-12-congelara-a-puebla\/#breadcrumb"},"inLanguage":"es","potentialAction":[{"@type":"ReadAction","target":["https:\/\/thepueblatimes.mx\/index.php\/2020\/11\/09\/saca-las-chamarras-y-la-cobija-del-tigre-porque-frente-frio-12-congelara-a-puebla\/"]}]},{"@type":"BreadcrumbList","@id":"https:\/\/thepueblatimes.mx\/index.php\/2020\/11\/09\/saca-las-chamarras-y-la-cobija-del-tigre-porque-frente-frio-12-congelara-a-puebla\/#breadcrumb","itemListElement":[{"@type":"ListItem","position":1,"name":"Portada","item":"https:\/\/thepueblatimes.mx\/"},{"@type":"ListItem","position":2,"name":"Saca las chamarras y la cobija del tigre porque Frente Fr\u00edo 12 congelar\u00e1 a Puebla"}]},{"@type":"WebSite","@id":"https:\/\/thepueblatimes.mx\/#website","url":"https:\/\/thepueblatimes.mx\/","name":"The Puebla Times","description":"Noticias del Estado de Puebla","potentialAction":[{"@type":"SearchAction","target":{"@type":"EntryPoint","urlTemplate":"https:\/\/thepueblatimes.mx\/?s={search_term_string}"},"query-input":"required name=search_term_string"}],"inLanguage":"es"},{"@type":"Person","@id":"https:\/\/thepueblatimes.mx\/#\/schema\/person\/adbf065ee889f68194977e3499c4a51e","name":"Marcos Guevara","image":{"@type":"ImageObject","inLanguage":"es","@id":"https:\/\/thepueblatimes.mx\/#\/schema\/person\/image\/","url":"https:\/\/secure.gravatar.com\/avatar\/c5d5853d70a8cf178bdfd28c1b8cdcdd?s=96&d=mm&r=g","contentUrl":"https:\/\/secure.gravatar.com\/avatar\/c5d5853d70a8cf178bdfd28c1b8cdcdd?s=96&d=mm&r=g","caption":"Marcos Guevara"},"url":"https:\/\/thepueblatimes.mx\/index.php\/author\/marcos-guevara\/"}]}},"jetpack_featured_media_url":"https:\/\/thepueblatimes.mx\/wp-content\/uploads\/2020\/11\/Screenshot-2020-11-09-at-10.19.42.png","_links":{"self":[{"href":"https:\/\/thepueblatimes.mx\/index.php\/wp-json\/wp\/v2\/posts\/6043"}],"collection":[{"href":"https:\/\/thepueblatimes.mx\/index.php\/wp-json\/wp\/v2\/posts"}],"about":[{"href":"https:\/\/thepueblatimes.mx\/index.php\/wp-json\/wp\/v2\/types\/post"}],"author":[{"embeddable":true,"href":"https:\/\/thepueblatimes.mx\/index.php\/wp-json\/wp\/v2\/users\/4"}],"replies":[{"embeddable":true,"href":"https:\/\/thepueblatimes.mx\/index.php\/wp-json\/wp\/v2\/comments?post=6043"}],"version-history":[{"count":1,"href":"https:\/\/thepueblatimes.mx\/index.php\/wp-json\/wp\/v2\/posts\/6043\/revisions"}],"predecessor-version":[{"id":6045,"href":"https:\/\/thepueblatimes.mx\/index.php\/wp-json\/wp\/v2\/posts\/6043\/revisions\/6045"}],"wp:featuredmedia":[{"embeddable":true,"href":"https:\/\/thepueblatimes.mx\/index.php\/wp-json\/wp\/v2\/media\/6044"}],"wp:attachment":[{"href":"https:\/\/thepueblatimes.mx\/index.php\/wp-json\/wp\/v2\/media?parent=6043"}],"wp:term":[{"taxonomy":"category","embeddable":true,"href":"https:\/\/thepueblatimes.mx\/index.php\/wp-json\/wp\/v2\/categories?post=6043"},{"taxonomy":"post_tag","embeddable":true,"href":"https:\/\/thepueblatimes.mx\/index.php\/wp-json\/wp\/v2\/tags?post=6043"}],"curies":[{"name":"wp","href":"https:\/\/api.w.org\/{rel}","templated":true}]}}