{"id":5940,"date":"2020-11-05T15:29:25","date_gmt":"2020-11-05T21:29:25","guid":{"rendered":"https:\/\/thepueblatimes.mx\/?p=5940"},"modified":"2020-11-05T15:29:39","modified_gmt":"2020-11-05T21:29:39","slug":"aprueba-senado-ley-olimpia-para-castigar-la-violencia-digital-contra-las-mujeres-en-el-pais","status":"publish","type":"post","link":"https:\/\/thepueblatimes.mx\/index.php\/2020\/11\/05\/aprueba-senado-ley-olimpia-para-castigar-la-violencia-digital-contra-las-mujeres-en-el-pais\/","title":{"rendered":"Aprueba senado \u201cLey Olimpia\u201d para castigar la violencia digital contra las mujeres en el pa\u00eds"},"content":{"rendered":"<p>Este jueves en el Senado de la Rep\u00fablica por unanimidad de 87 votos, se aprob\u00f3 la \u201cLey Olimpia\u201d tras casi un a\u00f1o de trabajo legislativo, la violencia digital contra las mujeres es ahora un delito nacional y se castiga con hasta nueve a\u00f1os de c\u00e1rcel por violaci\u00f3n a la intimidad sexual.<\/p>\n<p>Se incorporaron al c\u00f3digo penal como delitos toda difusi\u00f3n de mensajes \u00edntimos de car\u00e1cter sexual de ni\u00f1as, adolescentes y j\u00f3venes en general, la aprobaci\u00f3n se dio entre aplausos de los presentantes en la C\u00e1mara Alta.<\/p>\n<p>\u00abEs esa violencia que haya im\u00e1genes tuyas, fotos tuyas, videos tuyos en donde te exhiben y violan tu intimidad sexual. Una violencia de este siglo, que es la violencia digital, es esa violencia que se vive aqu\u00ed, en esos dispositivos, que ni siquiera tiene un rostro del agresor\u00bb<\/p>\n<blockquote class=\"twitter-tweet\" data-width=\"550\" data-dnt=\"true\">\n<p lang=\"es\" dir=\"ltr\">Esto era una de las deudas que ten\u00edamos con todas las mujeres, ni\u00f1as y adolescentes\ud83d\udc9c\ud83d\udc47\ud83c\udffd<\/p>\n<p>Mi mensaje sobre la presentaci\u00f3n del dictamen en materia de violencia digital y medi\u00e1tica.<\/p>\n<p>\u00a1Va por las v\u00edctimas de violencia digital!<a href=\"https:\/\/twitter.com\/hashtag\/LoVirtualEsReal?src=hash&amp;ref_src=twsrc%5Etfw\">#LoVirtualEsReal<\/a> <a href=\"https:\/\/twitter.com\/hashtag\/LeyOlimpiaNacional?src=hash&amp;ref_src=twsrc%5Etfw\">#LeyOlimpiaNacional<\/a> <a href=\"https:\/\/twitter.com\/hashtag\/ViolenciaDigital?src=hash&amp;ref_src=twsrc%5Etfw\">#ViolenciaDigital<\/a> <a href=\"https:\/\/t.co\/ibgFNm0zCu\">pic.twitter.com\/ibgFNm0zCu<\/a><\/p>\n<p>&mdash; Martha Luc\u00eda M\u00edcher Camarena (@MaluMicher) <a href=\"https:\/\/twitter.com\/MaluMicher\/status\/1324416562355425287?ref_src=twsrc%5Etfw\">November 5, 2020<\/a><\/p><\/blockquote>\n<p><script async src=\"https:\/\/platform.twitter.com\/widgets.js\" charset=\"utf-8\"><\/script><\/p>\n<p>\u00abSe podr\u00eda llamar la Ley Olimpia, Alejandra, Ana que denunciaron esos hechos que son horribles. No hay sanci\u00f3n que pueda resarcir el da\u00f1o que provocan en las mujeres. Esta ley ten\u00eda que llegar al Senado de la Rep\u00fablica porque tambi\u00e9n otras mujeres la sufren\u00bb, dijo Ver\u00f3nica Farjat (PVEM).<\/p>\n","protected":false},"excerpt":{"rendered":"<p>Este jueves en el Senado de la Rep\u00fablica por unanimidad de 87 votos, se aprob\u00f3 la \u201cLey Olimpia\u201d tras casi un a\u00f1o de trabajo legislativo, la violencia digital contra las mujeres es ahora un delito nacional y se castiga con hasta nueve a\u00f1os de c\u00e1rcel por violaci\u00f3n a la intimidad sexual. Se incorporaron al c\u00f3digo&#8230;<\/p>\n","protected":false},"author":3,"featured_media":5942,"comment_status":"open","ping_status":"open","sticky":false,"template":"","format":"standard","meta":[],"categories":[110],"tags":[],"yoast_head":"<!-- This site is optimized with the Yoast SEO plugin v20.8 - https:\/\/yoast.com\/wordpress\/plugins\/seo\/ -->\n<title>Aprueba senado \u201cLey Olimpia\u201d para castigar la violencia digital contra las mujeres en el pa\u00eds - The Puebla Times<\/title>\n<meta name=\"robots\" content=\"index, follow, max-snippet:-1, max-image-preview:large, max-video-preview:-1\" \/>\n<link rel=\"canonical\" href=\"https:\/\/thepueblatimes.mx\/index.php\/2020\/11\/05\/aprueba-senado-ley-olimpia-para-castigar-la-violencia-digital-contra-las-mujeres-en-el-pais\/\" \/>\n<meta property=\"og:locale\" content=\"es_ES\" \/>\n<meta property=\"og:type\" content=\"article\" \/>\n<meta property=\"og:title\" content=\"Aprueba senado \u201cLey Olimpia\u201d para castigar la violencia digital contra las mujeres en el pa\u00eds - The Puebla Times\" \/>\n<meta property=\"og:description\" content=\"Este jueves en el Senado de la Rep\u00fablica por unanimidad de 87 votos, se aprob\u00f3 la \u201cLey Olimpia\u201d tras casi un a\u00f1o de trabajo legislativo, la violencia digital contra las mujeres es ahora un delito nacional y se castiga con hasta nueve a\u00f1os de c\u00e1rcel por violaci\u00f3n a la intimidad sexual. Se incorporaron al c\u00f3digo...\" \/>\n<meta property=\"og:url\" content=\"https:\/\/thepueblatimes.mx\/index.php\/2020\/11\/05\/aprueba-senado-ley-olimpia-para-castigar-la-violencia-digital-contra-las-mujeres-en-el-pais\/\" \/>\n<meta property=\"og:site_name\" content=\"The Puebla Times\" \/>\n<meta property=\"article:published_time\" content=\"2020-11-05T21:29:25+00:00\" \/>\n<meta property=\"article:modified_time\" content=\"2020-11-05T21:29:39+00:00\" \/>\n<meta property=\"og:image\" content=\"https:\/\/thepueblatimes.mx\/wp-content\/uploads\/2020\/11\/project_20201105_1528353-01.png\" \/>\n\t<meta property=\"og:image:width\" content=\"1200\" \/>\n\t<meta property=\"og:image:height\" content=\"630\" \/>\n\t<meta property=\"og:image:type\" content=\"image\/png\" \/>\n<meta name=\"author\" content=\"The Puebla Times\" \/>\n<meta name=\"twitter:card\" content=\"summary_large_image\" \/>\n<meta name=\"twitter:label1\" content=\"Escrito por\" \/>\n\t<meta name=\"twitter:data1\" content=\"The Puebla Times\" \/>\n\t<meta name=\"twitter:label2\" content=\"Tiempo de lectura\" \/>\n\t<meta name=\"twitter:data2\" content=\"1 minuto\" \/>\n<script type=\"application\/ld+json\" class=\"yoast-schema-graph\">{\"@context\":\"https:\/\/schema.org\",\"@graph\":[{\"@type\":\"WebPage\",\"@id\":\"https:\/\/thepueblatimes.mx\/index.php\/2020\/11\/05\/aprueba-senado-ley-olimpia-para-castigar-la-violencia-digital-contra-las-mujeres-en-el-pais\/\",\"url\":\"https:\/\/thepueblatimes.mx\/index.php\/2020\/11\/05\/aprueba-senado-ley-olimpia-para-castigar-la-violencia-digital-contra-las-mujeres-en-el-pais\/\",\"name\":\"Aprueba senado \u201cLey Olimpia\u201d para castigar la violencia digital contra las mujeres en el pa\u00eds - The Puebla Times\",\"isPartOf\":{\"@id\":\"https:\/\/thepueblatimes.mx\/#website\"},\"datePublished\":\"2020-11-05T21:29:25+00:00\",\"dateModified\":\"2020-11-05T21:29:39+00:00\",\"author\":{\"@id\":\"https:\/\/thepueblatimes.mx\/#\/schema\/person\/ad152a907a5f1fb40553a2551dbadb8e\"},\"breadcrumb\":{\"@id\":\"https:\/\/thepueblatimes.mx\/index.php\/2020\/11\/05\/aprueba-senado-ley-olimpia-para-castigar-la-violencia-digital-contra-las-mujeres-en-el-pais\/#breadcrumb\"},\"inLanguage\":\"es\",\"potentialAction\":[{\"@type\":\"ReadAction\",\"target\":[\"https:\/\/thepueblatimes.mx\/index.php\/2020\/11\/05\/aprueba-senado-ley-olimpia-para-castigar-la-violencia-digital-contra-las-mujeres-en-el-pais\/\"]}]},{\"@type\":\"BreadcrumbList\",\"@id\":\"https:\/\/thepueblatimes.mx\/index.php\/2020\/11\/05\/aprueba-senado-ley-olimpia-para-castigar-la-violencia-digital-contra-las-mujeres-en-el-pais\/#breadcrumb\",\"itemListElement\":[{\"@type\":\"ListItem\",\"position\":1,\"name\":\"Portada\",\"item\":\"https:\/\/thepueblatimes.mx\/\"},{\"@type\":\"ListItem\",\"position\":2,\"name\":\"Aprueba senado \u201cLey Olimpia\u201d para castigar la violencia digital contra las mujeres en el pa\u00eds\"}]},{\"@type\":\"WebSite\",\"@id\":\"https:\/\/thepueblatimes.mx\/#website\",\"url\":\"https:\/\/thepueblatimes.mx\/\",\"name\":\"The Puebla Times\",\"description\":\"Noticias del Estado de Puebla\",\"potentialAction\":[{\"@type\":\"SearchAction\",\"target\":{\"@type\":\"EntryPoint\",\"urlTemplate\":\"https:\/\/thepueblatimes.mx\/?s={search_term_string}\"},\"query-input\":\"required name=search_term_string\"}],\"inLanguage\":\"es\"},{\"@type\":\"Person\",\"@id\":\"https:\/\/thepueblatimes.mx\/#\/schema\/person\/ad152a907a5f1fb40553a2551dbadb8e\",\"name\":\"The Puebla Times\",\"image\":{\"@type\":\"ImageObject\",\"inLanguage\":\"es\",\"@id\":\"https:\/\/thepueblatimes.mx\/#\/schema\/person\/image\/\",\"url\":\"https:\/\/secure.gravatar.com\/avatar\/82859cd6fbb1a3801d3e7ee27c92b8c9?s=96&d=mm&r=g\",\"contentUrl\":\"https:\/\/secure.gravatar.com\/avatar\/82859cd6fbb1a3801d3e7ee27c92b8c9?s=96&d=mm&r=g\",\"caption\":\"The Puebla Times\"},\"url\":\"https:\/\/thepueblatimes.mx\/index.php\/author\/ferhz\/\"}]}<\/script>\n<!-- \/ Yoast SEO plugin. -->","yoast_head_json":{"title":"Aprueba senado \u201cLey Olimpia\u201d para castigar la violencia digital contra las mujeres en el pa\u00eds - The Puebla Times","robots":{"index":"index","follow":"follow","max-snippet":"max-snippet:-1","max-image-preview":"max-image-preview:large","max-video-preview":"max-video-preview:-1"},"canonical":"https:\/\/thepueblatimes.mx\/index.php\/2020\/11\/05\/aprueba-senado-ley-olimpia-para-castigar-la-violencia-digital-contra-las-mujeres-en-el-pais\/","og_locale":"es_ES","og_type":"article","og_title":"Aprueba senado \u201cLey Olimpia\u201d para castigar la violencia digital contra las mujeres en el pa\u00eds - The Puebla Times","og_description":"Este jueves en el Senado de la Rep\u00fablica por unanimidad de 87 votos, se aprob\u00f3 la \u201cLey Olimpia\u201d tras casi un a\u00f1o de trabajo legislativo, la violencia digital contra las mujeres es ahora un delito nacional y se castiga con hasta nueve a\u00f1os de c\u00e1rcel por violaci\u00f3n a la intimidad sexual. Se incorporaron al c\u00f3digo...","og_url":"https:\/\/thepueblatimes.mx\/index.php\/2020\/11\/05\/aprueba-senado-ley-olimpia-para-castigar-la-violencia-digital-contra-las-mujeres-en-el-pais\/","og_site_name":"The Puebla Times","article_published_time":"2020-11-05T21:29:25+00:00","article_modified_time":"2020-11-05T21:29:39+00:00","og_image":[{"width":1200,"height":630,"url":"https:\/\/thepueblatimes.mx\/wp-content\/uploads\/2020\/11\/project_20201105_1528353-01.png","type":"image\/png"}],"author":"The Puebla Times","twitter_card":"summary_large_image","twitter_misc":{"Escrito por":"The Puebla Times","Tiempo de lectura":"1 minuto"},"schema":{"@context":"https:\/\/schema.org","@graph":[{"@type":"WebPage","@id":"https:\/\/thepueblatimes.mx\/index.php\/2020\/11\/05\/aprueba-senado-ley-olimpia-para-castigar-la-violencia-digital-contra-las-mujeres-en-el-pais\/","url":"https:\/\/thepueblatimes.mx\/index.php\/2020\/11\/05\/aprueba-senado-ley-olimpia-para-castigar-la-violencia-digital-contra-las-mujeres-en-el-pais\/","name":"Aprueba senado \u201cLey Olimpia\u201d para castigar la violencia digital contra las mujeres en el pa\u00eds - The Puebla Times","isPartOf":{"@id":"https:\/\/thepueblatimes.mx\/#website"},"datePublished":"2020-11-05T21:29:25+00:00","dateModified":"2020-11-05T21:29:39+00:00","author":{"@id":"https:\/\/thepueblatimes.mx\/#\/schema\/person\/ad152a907a5f1fb40553a2551dbadb8e"},"breadcrumb":{"@id":"https:\/\/thepueblatimes.mx\/index.php\/2020\/11\/05\/aprueba-senado-ley-olimpia-para-castigar-la-violencia-digital-contra-las-mujeres-en-el-pais\/#breadcrumb"},"inLanguage":"es","potentialAction":[{"@type":"ReadAction","target":["https:\/\/thepueblatimes.mx\/index.php\/2020\/11\/05\/aprueba-senado-ley-olimpia-para-castigar-la-violencia-digital-contra-las-mujeres-en-el-pais\/"]}]},{"@type":"BreadcrumbList","@id":"https:\/\/thepueblatimes.mx\/index.php\/2020\/11\/05\/aprueba-senado-ley-olimpia-para-castigar-la-violencia-digital-contra-las-mujeres-en-el-pais\/#breadcrumb","itemListElement":[{"@type":"ListItem","position":1,"name":"Portada","item":"https:\/\/thepueblatimes.mx\/"},{"@type":"ListItem","position":2,"name":"Aprueba senado \u201cLey Olimpia\u201d para castigar la violencia digital contra las mujeres en el pa\u00eds"}]},{"@type":"WebSite","@id":"https:\/\/thepueblatimes.mx\/#website","url":"https:\/\/thepueblatimes.mx\/","name":"The Puebla Times","description":"Noticias del Estado de Puebla","potentialAction":[{"@type":"SearchAction","target":{"@type":"EntryPoint","urlTemplate":"https:\/\/thepueblatimes.mx\/?s={search_term_string}"},"query-input":"required name=search_term_string"}],"inLanguage":"es"},{"@type":"Person","@id":"https:\/\/thepueblatimes.mx\/#\/schema\/person\/ad152a907a5f1fb40553a2551dbadb8e","name":"The Puebla Times","image":{"@type":"ImageObject","inLanguage":"es","@id":"https:\/\/thepueblatimes.mx\/#\/schema\/person\/image\/","url":"https:\/\/secure.gravatar.com\/avatar\/82859cd6fbb1a3801d3e7ee27c92b8c9?s=96&d=mm&r=g","contentUrl":"https:\/\/secure.gravatar.com\/avatar\/82859cd6fbb1a3801d3e7ee27c92b8c9?s=96&d=mm&r=g","caption":"The Puebla Times"},"url":"https:\/\/thepueblatimes.mx\/index.php\/author\/ferhz\/"}]}},"jetpack_featured_media_url":"https:\/\/thepueblatimes.mx\/wp-content\/uploads\/2020\/11\/project_20201105_1528353-01.png","_links":{"self":[{"href":"https:\/\/thepueblatimes.mx\/index.php\/wp-json\/wp\/v2\/posts\/5940"}],"collection":[{"href":"https:\/\/thepueblatimes.mx\/index.php\/wp-json\/wp\/v2\/posts"}],"about":[{"href":"https:\/\/thepueblatimes.mx\/index.php\/wp-json\/wp\/v2\/types\/post"}],"author":[{"embeddable":true,"href":"https:\/\/thepueblatimes.mx\/index.php\/wp-json\/wp\/v2\/users\/3"}],"replies":[{"embeddable":true,"href":"https:\/\/thepueblatimes.mx\/index.php\/wp-json\/wp\/v2\/comments?post=5940"}],"version-history":[{"count":1,"href":"https:\/\/thepueblatimes.mx\/index.php\/wp-json\/wp\/v2\/posts\/5940\/revisions"}],"predecessor-version":[{"id":5943,"href":"https:\/\/thepueblatimes.mx\/index.php\/wp-json\/wp\/v2\/posts\/5940\/revisions\/5943"}],"wp:featuredmedia":[{"embeddable":true,"href":"https:\/\/thepueblatimes.mx\/index.php\/wp-json\/wp\/v2\/media\/5942"}],"wp:attachment":[{"href":"https:\/\/thepueblatimes.mx\/index.php\/wp-json\/wp\/v2\/media?parent=5940"}],"wp:term":[{"taxonomy":"category","embeddable":true,"href":"https:\/\/thepueblatimes.mx\/index.php\/wp-json\/wp\/v2\/categories?post=5940"},{"taxonomy":"post_tag","embeddable":true,"href":"https:\/\/thepueblatimes.mx\/index.php\/wp-json\/wp\/v2\/tags?post=5940"}],"curies":[{"name":"wp","href":"https:\/\/api.w.org\/{rel}","templated":true}]}}