{"id":5552,"date":"2020-10-27T18:28:49","date_gmt":"2020-10-28T00:28:49","guid":{"rendered":"https:\/\/thepueblatimes.mx\/?p=5552"},"modified":"2020-10-27T18:28:49","modified_gmt":"2020-10-28T00:28:49","slug":"abuelita-ratera-agarran-a-carterista-de-la-tercera-edad-en-atlixco","status":"publish","type":"post","link":"https:\/\/thepueblatimes.mx\/index.php\/2020\/10\/27\/abuelita-ratera-agarran-a-carterista-de-la-tercera-edad-en-atlixco\/","title":{"rendered":"\u00a1Abuelita ratera! Agarran a carterista de la tercera edad en Atlixco"},"content":{"rendered":"<p>En pleno tianguis de Atlixco, Puebla, una abuelita, presuntamente carterista, fue qued\u00f3 sorprendida por locatarios en su intento por robar a los transe\u00fantes.<\/p>\n<p>La mujer busc\u00f3 escapar, pero el c\u00famulo de personas involucradas impidi\u00f3 salirse con la suya. Minutos despu\u00e9s llamaron a la polic\u00eda.<\/p>\n<p>La acusada dijo tener aproximadamente 60 a\u00f1os de edad y no confirm\u00f3 a los uniformados si es de Atlixco o de alg\u00fan otro municipio o estado cercano.<\/p>\n<h3>Aunque s\u00ed comprobaron que entre sus pertenencias ten\u00eda un arma blanca quiz\u00e1.<\/h3>\n<p>Cabe se\u00f1alar que, debido a la constante delincuencia, tanto vendedores como clientes de esa plaza desde hace a\u00f1os se han quejado y pedido el apoyo de las autoridades sin tener alguna respuesta favorable<\/p>\n","protected":false},"excerpt":{"rendered":"<p>En pleno tianguis de Atlixco, Puebla, una abuelita, presuntamente carterista, fue qued\u00f3 sorprendida por locatarios en su intento por robar a los transe\u00fantes. La mujer busc\u00f3 escapar, pero el c\u00famulo de personas involucradas impidi\u00f3 salirse con la suya. Minutos despu\u00e9s llamaron a la polic\u00eda. La acusada dijo tener aproximadamente 60 a\u00f1os de edad y no&#8230;<\/p>\n","protected":false},"author":4,"featured_media":5558,"comment_status":"open","ping_status":"open","sticky":false,"template":"","format":"standard","meta":[],"categories":[14],"tags":[],"yoast_head":"<!-- This site is optimized with the Yoast SEO plugin v20.8 - https:\/\/yoast.com\/wordpress\/plugins\/seo\/ -->\n<title>\u00a1Abuelita ratera! Agarran a carterista de la tercera edad en Atlixco - The Puebla Times<\/title>\n<meta name=\"robots\" content=\"index, follow, max-snippet:-1, max-image-preview:large, max-video-preview:-1\" \/>\n<link rel=\"canonical\" href=\"https:\/\/thepueblatimes.mx\/index.php\/2020\/10\/27\/abuelita-ratera-agarran-a-carterista-de-la-tercera-edad-en-atlixco\/\" \/>\n<meta property=\"og:locale\" content=\"es_ES\" \/>\n<meta property=\"og:type\" content=\"article\" \/>\n<meta property=\"og:title\" content=\"\u00a1Abuelita ratera! Agarran a carterista de la tercera edad en Atlixco - The Puebla Times\" \/>\n<meta property=\"og:description\" content=\"En pleno tianguis de Atlixco, Puebla, una abuelita, presuntamente carterista, fue qued\u00f3 sorprendida por locatarios en su intento por robar a los transe\u00fantes. La mujer busc\u00f3 escapar, pero el c\u00famulo de personas involucradas impidi\u00f3 salirse con la suya. Minutos despu\u00e9s llamaron a la polic\u00eda. La acusada dijo tener aproximadamente 60 a\u00f1os de edad y no...\" \/>\n<meta property=\"og:url\" content=\"https:\/\/thepueblatimes.mx\/index.php\/2020\/10\/27\/abuelita-ratera-agarran-a-carterista-de-la-tercera-edad-en-atlixco\/\" \/>\n<meta property=\"og:site_name\" content=\"The Puebla Times\" \/>\n<meta property=\"article:published_time\" content=\"2020-10-28T00:28:49+00:00\" \/>\n<meta property=\"og:image\" content=\"https:\/\/thepueblatimes.mx\/wp-content\/uploads\/2020\/10\/Screenshot-2020-10-27-at-18.25.52.png\" \/>\n\t<meta property=\"og:image:width\" content=\"715\" \/>\n\t<meta property=\"og:image:height\" content=\"474\" \/>\n\t<meta property=\"og:image:type\" content=\"image\/png\" \/>\n<meta name=\"author\" content=\"Marcos Guevara\" \/>\n<meta name=\"twitter:card\" content=\"summary_large_image\" \/>\n<meta name=\"twitter:label1\" content=\"Escrito por\" \/>\n\t<meta name=\"twitter:data1\" content=\"Marcos Guevara\" \/>\n\t<meta name=\"twitter:label2\" content=\"Tiempo de lectura\" \/>\n\t<meta name=\"twitter:data2\" content=\"1 minuto\" \/>\n<script type=\"application\/ld+json\" class=\"yoast-schema-graph\">{\"@context\":\"https:\/\/schema.org\",\"@graph\":[{\"@type\":\"WebPage\",\"@id\":\"https:\/\/thepueblatimes.mx\/index.php\/2020\/10\/27\/abuelita-ratera-agarran-a-carterista-de-la-tercera-edad-en-atlixco\/\",\"url\":\"https:\/\/thepueblatimes.mx\/index.php\/2020\/10\/27\/abuelita-ratera-agarran-a-carterista-de-la-tercera-edad-en-atlixco\/\",\"name\":\"\u00a1Abuelita ratera! Agarran a carterista de la tercera edad en Atlixco - The Puebla Times\",\"isPartOf\":{\"@id\":\"https:\/\/thepueblatimes.mx\/#website\"},\"datePublished\":\"2020-10-28T00:28:49+00:00\",\"dateModified\":\"2020-10-28T00:28:49+00:00\",\"author\":{\"@id\":\"https:\/\/thepueblatimes.mx\/#\/schema\/person\/adbf065ee889f68194977e3499c4a51e\"},\"breadcrumb\":{\"@id\":\"https:\/\/thepueblatimes.mx\/index.php\/2020\/10\/27\/abuelita-ratera-agarran-a-carterista-de-la-tercera-edad-en-atlixco\/#breadcrumb\"},\"inLanguage\":\"es\",\"potentialAction\":[{\"@type\":\"ReadAction\",\"target\":[\"https:\/\/thepueblatimes.mx\/index.php\/2020\/10\/27\/abuelita-ratera-agarran-a-carterista-de-la-tercera-edad-en-atlixco\/\"]}]},{\"@type\":\"BreadcrumbList\",\"@id\":\"https:\/\/thepueblatimes.mx\/index.php\/2020\/10\/27\/abuelita-ratera-agarran-a-carterista-de-la-tercera-edad-en-atlixco\/#breadcrumb\",\"itemListElement\":[{\"@type\":\"ListItem\",\"position\":1,\"name\":\"Portada\",\"item\":\"https:\/\/thepueblatimes.mx\/\"},{\"@type\":\"ListItem\",\"position\":2,\"name\":\"\u00a1Abuelita ratera! Agarran a carterista de la tercera edad en Atlixco\"}]},{\"@type\":\"WebSite\",\"@id\":\"https:\/\/thepueblatimes.mx\/#website\",\"url\":\"https:\/\/thepueblatimes.mx\/\",\"name\":\"The Puebla Times\",\"description\":\"Noticias del Estado de Puebla\",\"potentialAction\":[{\"@type\":\"SearchAction\",\"target\":{\"@type\":\"EntryPoint\",\"urlTemplate\":\"https:\/\/thepueblatimes.mx\/?s={search_term_string}\"},\"query-input\":\"required name=search_term_string\"}],\"inLanguage\":\"es\"},{\"@type\":\"Person\",\"@id\":\"https:\/\/thepueblatimes.mx\/#\/schema\/person\/adbf065ee889f68194977e3499c4a51e\",\"name\":\"Marcos Guevara\",\"image\":{\"@type\":\"ImageObject\",\"inLanguage\":\"es\",\"@id\":\"https:\/\/thepueblatimes.mx\/#\/schema\/person\/image\/\",\"url\":\"https:\/\/secure.gravatar.com\/avatar\/c5d5853d70a8cf178bdfd28c1b8cdcdd?s=96&d=mm&r=g\",\"contentUrl\":\"https:\/\/secure.gravatar.com\/avatar\/c5d5853d70a8cf178bdfd28c1b8cdcdd?s=96&d=mm&r=g\",\"caption\":\"Marcos Guevara\"},\"url\":\"https:\/\/thepueblatimes.mx\/index.php\/author\/marcos-guevara\/\"}]}<\/script>\n<!-- \/ Yoast SEO plugin. -->","yoast_head_json":{"title":"\u00a1Abuelita ratera! Agarran a carterista de la tercera edad en Atlixco - The Puebla Times","robots":{"index":"index","follow":"follow","max-snippet":"max-snippet:-1","max-image-preview":"max-image-preview:large","max-video-preview":"max-video-preview:-1"},"canonical":"https:\/\/thepueblatimes.mx\/index.php\/2020\/10\/27\/abuelita-ratera-agarran-a-carterista-de-la-tercera-edad-en-atlixco\/","og_locale":"es_ES","og_type":"article","og_title":"\u00a1Abuelita ratera! Agarran a carterista de la tercera edad en Atlixco - The Puebla Times","og_description":"En pleno tianguis de Atlixco, Puebla, una abuelita, presuntamente carterista, fue qued\u00f3 sorprendida por locatarios en su intento por robar a los transe\u00fantes. La mujer busc\u00f3 escapar, pero el c\u00famulo de personas involucradas impidi\u00f3 salirse con la suya. Minutos despu\u00e9s llamaron a la polic\u00eda. La acusada dijo tener aproximadamente 60 a\u00f1os de edad y no...","og_url":"https:\/\/thepueblatimes.mx\/index.php\/2020\/10\/27\/abuelita-ratera-agarran-a-carterista-de-la-tercera-edad-en-atlixco\/","og_site_name":"The Puebla Times","article_published_time":"2020-10-28T00:28:49+00:00","og_image":[{"width":715,"height":474,"url":"https:\/\/thepueblatimes.mx\/wp-content\/uploads\/2020\/10\/Screenshot-2020-10-27-at-18.25.52.png","type":"image\/png"}],"author":"Marcos Guevara","twitter_card":"summary_large_image","twitter_misc":{"Escrito por":"Marcos Guevara","Tiempo de lectura":"1 minuto"},"schema":{"@context":"https:\/\/schema.org","@graph":[{"@type":"WebPage","@id":"https:\/\/thepueblatimes.mx\/index.php\/2020\/10\/27\/abuelita-ratera-agarran-a-carterista-de-la-tercera-edad-en-atlixco\/","url":"https:\/\/thepueblatimes.mx\/index.php\/2020\/10\/27\/abuelita-ratera-agarran-a-carterista-de-la-tercera-edad-en-atlixco\/","name":"\u00a1Abuelita ratera! Agarran a carterista de la tercera edad en Atlixco - The Puebla Times","isPartOf":{"@id":"https:\/\/thepueblatimes.mx\/#website"},"datePublished":"2020-10-28T00:28:49+00:00","dateModified":"2020-10-28T00:28:49+00:00","author":{"@id":"https:\/\/thepueblatimes.mx\/#\/schema\/person\/adbf065ee889f68194977e3499c4a51e"},"breadcrumb":{"@id":"https:\/\/thepueblatimes.mx\/index.php\/2020\/10\/27\/abuelita-ratera-agarran-a-carterista-de-la-tercera-edad-en-atlixco\/#breadcrumb"},"inLanguage":"es","potentialAction":[{"@type":"ReadAction","target":["https:\/\/thepueblatimes.mx\/index.php\/2020\/10\/27\/abuelita-ratera-agarran-a-carterista-de-la-tercera-edad-en-atlixco\/"]}]},{"@type":"BreadcrumbList","@id":"https:\/\/thepueblatimes.mx\/index.php\/2020\/10\/27\/abuelita-ratera-agarran-a-carterista-de-la-tercera-edad-en-atlixco\/#breadcrumb","itemListElement":[{"@type":"ListItem","position":1,"name":"Portada","item":"https:\/\/thepueblatimes.mx\/"},{"@type":"ListItem","position":2,"name":"\u00a1Abuelita ratera! Agarran a carterista de la tercera edad en Atlixco"}]},{"@type":"WebSite","@id":"https:\/\/thepueblatimes.mx\/#website","url":"https:\/\/thepueblatimes.mx\/","name":"The Puebla Times","description":"Noticias del Estado de Puebla","potentialAction":[{"@type":"SearchAction","target":{"@type":"EntryPoint","urlTemplate":"https:\/\/thepueblatimes.mx\/?s={search_term_string}"},"query-input":"required name=search_term_string"}],"inLanguage":"es"},{"@type":"Person","@id":"https:\/\/thepueblatimes.mx\/#\/schema\/person\/adbf065ee889f68194977e3499c4a51e","name":"Marcos Guevara","image":{"@type":"ImageObject","inLanguage":"es","@id":"https:\/\/thepueblatimes.mx\/#\/schema\/person\/image\/","url":"https:\/\/secure.gravatar.com\/avatar\/c5d5853d70a8cf178bdfd28c1b8cdcdd?s=96&d=mm&r=g","contentUrl":"https:\/\/secure.gravatar.com\/avatar\/c5d5853d70a8cf178bdfd28c1b8cdcdd?s=96&d=mm&r=g","caption":"Marcos Guevara"},"url":"https:\/\/thepueblatimes.mx\/index.php\/author\/marcos-guevara\/"}]}},"jetpack_featured_media_url":"https:\/\/thepueblatimes.mx\/wp-content\/uploads\/2020\/10\/Screenshot-2020-10-27-at-18.25.52.png","_links":{"self":[{"href":"https:\/\/thepueblatimes.mx\/index.php\/wp-json\/wp\/v2\/posts\/5552"}],"collection":[{"href":"https:\/\/thepueblatimes.mx\/index.php\/wp-json\/wp\/v2\/posts"}],"about":[{"href":"https:\/\/thepueblatimes.mx\/index.php\/wp-json\/wp\/v2\/types\/post"}],"author":[{"embeddable":true,"href":"https:\/\/thepueblatimes.mx\/index.php\/wp-json\/wp\/v2\/users\/4"}],"replies":[{"embeddable":true,"href":"https:\/\/thepueblatimes.mx\/index.php\/wp-json\/wp\/v2\/comments?post=5552"}],"version-history":[{"count":1,"href":"https:\/\/thepueblatimes.mx\/index.php\/wp-json\/wp\/v2\/posts\/5552\/revisions"}],"predecessor-version":[{"id":5559,"href":"https:\/\/thepueblatimes.mx\/index.php\/wp-json\/wp\/v2\/posts\/5552\/revisions\/5559"}],"wp:featuredmedia":[{"embeddable":true,"href":"https:\/\/thepueblatimes.mx\/index.php\/wp-json\/wp\/v2\/media\/5558"}],"wp:attachment":[{"href":"https:\/\/thepueblatimes.mx\/index.php\/wp-json\/wp\/v2\/media?parent=5552"}],"wp:term":[{"taxonomy":"category","embeddable":true,"href":"https:\/\/thepueblatimes.mx\/index.php\/wp-json\/wp\/v2\/categories?post=5552"},{"taxonomy":"post_tag","embeddable":true,"href":"https:\/\/thepueblatimes.mx\/index.php\/wp-json\/wp\/v2\/tags?post=5552"}],"curies":[{"name":"wp","href":"https:\/\/api.w.org\/{rel}","templated":true}]}}