{"id":5237,"date":"2020-10-15T16:04:42","date_gmt":"2020-10-15T21:04:42","guid":{"rendered":"https:\/\/thepueblatimes.mx\/?p=5237"},"modified":"2020-10-15T16:04:42","modified_gmt":"2020-10-15T21:04:42","slug":"que-poca-funeraria-saca-a-cadaver-y-lo-tira-en-el-piso-en-pleno-velorio","status":"publish","type":"post","link":"https:\/\/thepueblatimes.mx\/index.php\/2020\/10\/15\/que-poca-funeraria-saca-a-cadaver-y-lo-tira-en-el-piso-en-pleno-velorio\/","title":{"rendered":"\u00a1Qu\u00e9 poca&#8230;! Funeraria saca a cad\u00e1ver y lo tira en el piso en pleno velorio"},"content":{"rendered":"<p>Un hecho indignante ocurri\u00f3 en el municipio de Tehuac\u00e1n, pues en pleno velorio, empleados de Funeraria San \u00c1ngel sacaron al muerto que estaba siendo velado y lo dejaron en el piso, debido a la falta de liquidaci\u00f3n del precio acordado a pesar de que ya hab\u00edan condonado la deuda.<\/p>\n<p>El joven fallecido fue colocado en el piso con s\u00e1banas y cobijas, expresando los familiares que el trato hab\u00eda sido de 3 mil 500 pesos y que hab\u00edan anticipado la cantidad de mil 950 pesos y debido a que no ten\u00edan el resto, empleados de esta funeraria San \u00c1ngel decidieron sacar el cuerpo del joven de 17 a\u00f1os.<\/p>\n<p>Afortunadamente, el presidente de la Junta Auxiliar de San Nicol\u00e1s Tetitzintla se hizo cargo de todos los gastos funerarios, as\u00ed como tambi\u00e9n del terreno donde ser\u00e1 sepultado el joven.<\/p>\n","protected":false},"excerpt":{"rendered":"<p>Un hecho indignante ocurri\u00f3 en el municipio de Tehuac\u00e1n, pues en pleno velorio, empleados de Funeraria San \u00c1ngel sacaron al muerto que estaba siendo velado y lo dejaron en el piso, debido a la falta de liquidaci\u00f3n del precio acordado a pesar de que ya hab\u00edan condonado la deuda. El joven fallecido fue colocado en&#8230;<\/p>\n","protected":false},"author":4,"featured_media":5238,"comment_status":"open","ping_status":"open","sticky":false,"template":"","format":"standard","meta":[],"categories":[33],"tags":[],"yoast_head":"<!-- This site is optimized with the Yoast SEO plugin v20.8 - https:\/\/yoast.com\/wordpress\/plugins\/seo\/ -->\n<title>\u00a1Qu\u00e9 poca...! Funeraria saca a cad\u00e1ver y lo tira en el piso en pleno velorio - The Puebla Times<\/title>\n<meta name=\"robots\" content=\"index, follow, max-snippet:-1, max-image-preview:large, max-video-preview:-1\" \/>\n<link rel=\"canonical\" href=\"https:\/\/thepueblatimes.mx\/index.php\/2020\/10\/15\/que-poca-funeraria-saca-a-cadaver-y-lo-tira-en-el-piso-en-pleno-velorio\/\" \/>\n<meta property=\"og:locale\" content=\"es_ES\" \/>\n<meta property=\"og:type\" content=\"article\" \/>\n<meta property=\"og:title\" content=\"\u00a1Qu\u00e9 poca...! Funeraria saca a cad\u00e1ver y lo tira en el piso en pleno velorio - The Puebla Times\" \/>\n<meta property=\"og:description\" content=\"Un hecho indignante ocurri\u00f3 en el municipio de Tehuac\u00e1n, pues en pleno velorio, empleados de Funeraria San \u00c1ngel sacaron al muerto que estaba siendo velado y lo dejaron en el piso, debido a la falta de liquidaci\u00f3n del precio acordado a pesar de que ya hab\u00edan condonado la deuda. El joven fallecido fue colocado en...\" \/>\n<meta property=\"og:url\" content=\"https:\/\/thepueblatimes.mx\/index.php\/2020\/10\/15\/que-poca-funeraria-saca-a-cadaver-y-lo-tira-en-el-piso-en-pleno-velorio\/\" \/>\n<meta property=\"og:site_name\" content=\"The Puebla Times\" \/>\n<meta property=\"article:published_time\" content=\"2020-10-15T21:04:42+00:00\" \/>\n<meta property=\"og:image\" content=\"https:\/\/thepueblatimes.mx\/wp-content\/uploads\/2020\/10\/81f4d488dfc36f79a9fd7d3349308ada_L.jpg\" \/>\n\t<meta property=\"og:image:width\" content=\"938\" \/>\n\t<meta property=\"og:image:height\" content=\"542\" \/>\n\t<meta property=\"og:image:type\" content=\"image\/jpeg\" \/>\n<meta name=\"author\" content=\"Marcos Guevara\" \/>\n<meta name=\"twitter:card\" content=\"summary_large_image\" \/>\n<meta name=\"twitter:label1\" content=\"Escrito por\" \/>\n\t<meta name=\"twitter:data1\" content=\"Marcos Guevara\" \/>\n\t<meta name=\"twitter:label2\" content=\"Tiempo de lectura\" \/>\n\t<meta name=\"twitter:data2\" content=\"1 minuto\" \/>\n<script type=\"application\/ld+json\" class=\"yoast-schema-graph\">{\"@context\":\"https:\/\/schema.org\",\"@graph\":[{\"@type\":\"WebPage\",\"@id\":\"https:\/\/thepueblatimes.mx\/index.php\/2020\/10\/15\/que-poca-funeraria-saca-a-cadaver-y-lo-tira-en-el-piso-en-pleno-velorio\/\",\"url\":\"https:\/\/thepueblatimes.mx\/index.php\/2020\/10\/15\/que-poca-funeraria-saca-a-cadaver-y-lo-tira-en-el-piso-en-pleno-velorio\/\",\"name\":\"\u00a1Qu\u00e9 poca...! Funeraria saca a cad\u00e1ver y lo tira en el piso en pleno velorio - The Puebla Times\",\"isPartOf\":{\"@id\":\"https:\/\/thepueblatimes.mx\/#website\"},\"datePublished\":\"2020-10-15T21:04:42+00:00\",\"dateModified\":\"2020-10-15T21:04:42+00:00\",\"author\":{\"@id\":\"https:\/\/thepueblatimes.mx\/#\/schema\/person\/adbf065ee889f68194977e3499c4a51e\"},\"breadcrumb\":{\"@id\":\"https:\/\/thepueblatimes.mx\/index.php\/2020\/10\/15\/que-poca-funeraria-saca-a-cadaver-y-lo-tira-en-el-piso-en-pleno-velorio\/#breadcrumb\"},\"inLanguage\":\"es\",\"potentialAction\":[{\"@type\":\"ReadAction\",\"target\":[\"https:\/\/thepueblatimes.mx\/index.php\/2020\/10\/15\/que-poca-funeraria-saca-a-cadaver-y-lo-tira-en-el-piso-en-pleno-velorio\/\"]}]},{\"@type\":\"BreadcrumbList\",\"@id\":\"https:\/\/thepueblatimes.mx\/index.php\/2020\/10\/15\/que-poca-funeraria-saca-a-cadaver-y-lo-tira-en-el-piso-en-pleno-velorio\/#breadcrumb\",\"itemListElement\":[{\"@type\":\"ListItem\",\"position\":1,\"name\":\"Portada\",\"item\":\"https:\/\/thepueblatimes.mx\/\"},{\"@type\":\"ListItem\",\"position\":2,\"name\":\"\u00a1Qu\u00e9 poca&#8230;! Funeraria saca a cad\u00e1ver y lo tira en el piso en pleno velorio\"}]},{\"@type\":\"WebSite\",\"@id\":\"https:\/\/thepueblatimes.mx\/#website\",\"url\":\"https:\/\/thepueblatimes.mx\/\",\"name\":\"The Puebla Times\",\"description\":\"Noticias del Estado de Puebla\",\"potentialAction\":[{\"@type\":\"SearchAction\",\"target\":{\"@type\":\"EntryPoint\",\"urlTemplate\":\"https:\/\/thepueblatimes.mx\/?s={search_term_string}\"},\"query-input\":\"required name=search_term_string\"}],\"inLanguage\":\"es\"},{\"@type\":\"Person\",\"@id\":\"https:\/\/thepueblatimes.mx\/#\/schema\/person\/adbf065ee889f68194977e3499c4a51e\",\"name\":\"Marcos Guevara\",\"image\":{\"@type\":\"ImageObject\",\"inLanguage\":\"es\",\"@id\":\"https:\/\/thepueblatimes.mx\/#\/schema\/person\/image\/\",\"url\":\"https:\/\/secure.gravatar.com\/avatar\/c5d5853d70a8cf178bdfd28c1b8cdcdd?s=96&d=mm&r=g\",\"contentUrl\":\"https:\/\/secure.gravatar.com\/avatar\/c5d5853d70a8cf178bdfd28c1b8cdcdd?s=96&d=mm&r=g\",\"caption\":\"Marcos Guevara\"},\"url\":\"https:\/\/thepueblatimes.mx\/index.php\/author\/marcos-guevara\/\"}]}<\/script>\n<!-- \/ Yoast SEO plugin. -->","yoast_head_json":{"title":"\u00a1Qu\u00e9 poca...! Funeraria saca a cad\u00e1ver y lo tira en el piso en pleno velorio - The Puebla Times","robots":{"index":"index","follow":"follow","max-snippet":"max-snippet:-1","max-image-preview":"max-image-preview:large","max-video-preview":"max-video-preview:-1"},"canonical":"https:\/\/thepueblatimes.mx\/index.php\/2020\/10\/15\/que-poca-funeraria-saca-a-cadaver-y-lo-tira-en-el-piso-en-pleno-velorio\/","og_locale":"es_ES","og_type":"article","og_title":"\u00a1Qu\u00e9 poca...! Funeraria saca a cad\u00e1ver y lo tira en el piso en pleno velorio - The Puebla Times","og_description":"Un hecho indignante ocurri\u00f3 en el municipio de Tehuac\u00e1n, pues en pleno velorio, empleados de Funeraria San \u00c1ngel sacaron al muerto que estaba siendo velado y lo dejaron en el piso, debido a la falta de liquidaci\u00f3n del precio acordado a pesar de que ya hab\u00edan condonado la deuda. El joven fallecido fue colocado en...","og_url":"https:\/\/thepueblatimes.mx\/index.php\/2020\/10\/15\/que-poca-funeraria-saca-a-cadaver-y-lo-tira-en-el-piso-en-pleno-velorio\/","og_site_name":"The Puebla Times","article_published_time":"2020-10-15T21:04:42+00:00","og_image":[{"width":938,"height":542,"url":"https:\/\/thepueblatimes.mx\/wp-content\/uploads\/2020\/10\/81f4d488dfc36f79a9fd7d3349308ada_L.jpg","type":"image\/jpeg"}],"author":"Marcos Guevara","twitter_card":"summary_large_image","twitter_misc":{"Escrito por":"Marcos Guevara","Tiempo de lectura":"1 minuto"},"schema":{"@context":"https:\/\/schema.org","@graph":[{"@type":"WebPage","@id":"https:\/\/thepueblatimes.mx\/index.php\/2020\/10\/15\/que-poca-funeraria-saca-a-cadaver-y-lo-tira-en-el-piso-en-pleno-velorio\/","url":"https:\/\/thepueblatimes.mx\/index.php\/2020\/10\/15\/que-poca-funeraria-saca-a-cadaver-y-lo-tira-en-el-piso-en-pleno-velorio\/","name":"\u00a1Qu\u00e9 poca...! Funeraria saca a cad\u00e1ver y lo tira en el piso en pleno velorio - The Puebla Times","isPartOf":{"@id":"https:\/\/thepueblatimes.mx\/#website"},"datePublished":"2020-10-15T21:04:42+00:00","dateModified":"2020-10-15T21:04:42+00:00","author":{"@id":"https:\/\/thepueblatimes.mx\/#\/schema\/person\/adbf065ee889f68194977e3499c4a51e"},"breadcrumb":{"@id":"https:\/\/thepueblatimes.mx\/index.php\/2020\/10\/15\/que-poca-funeraria-saca-a-cadaver-y-lo-tira-en-el-piso-en-pleno-velorio\/#breadcrumb"},"inLanguage":"es","potentialAction":[{"@type":"ReadAction","target":["https:\/\/thepueblatimes.mx\/index.php\/2020\/10\/15\/que-poca-funeraria-saca-a-cadaver-y-lo-tira-en-el-piso-en-pleno-velorio\/"]}]},{"@type":"BreadcrumbList","@id":"https:\/\/thepueblatimes.mx\/index.php\/2020\/10\/15\/que-poca-funeraria-saca-a-cadaver-y-lo-tira-en-el-piso-en-pleno-velorio\/#breadcrumb","itemListElement":[{"@type":"ListItem","position":1,"name":"Portada","item":"https:\/\/thepueblatimes.mx\/"},{"@type":"ListItem","position":2,"name":"\u00a1Qu\u00e9 poca&#8230;! Funeraria saca a cad\u00e1ver y lo tira en el piso en pleno velorio"}]},{"@type":"WebSite","@id":"https:\/\/thepueblatimes.mx\/#website","url":"https:\/\/thepueblatimes.mx\/","name":"The Puebla Times","description":"Noticias del Estado de Puebla","potentialAction":[{"@type":"SearchAction","target":{"@type":"EntryPoint","urlTemplate":"https:\/\/thepueblatimes.mx\/?s={search_term_string}"},"query-input":"required name=search_term_string"}],"inLanguage":"es"},{"@type":"Person","@id":"https:\/\/thepueblatimes.mx\/#\/schema\/person\/adbf065ee889f68194977e3499c4a51e","name":"Marcos Guevara","image":{"@type":"ImageObject","inLanguage":"es","@id":"https:\/\/thepueblatimes.mx\/#\/schema\/person\/image\/","url":"https:\/\/secure.gravatar.com\/avatar\/c5d5853d70a8cf178bdfd28c1b8cdcdd?s=96&d=mm&r=g","contentUrl":"https:\/\/secure.gravatar.com\/avatar\/c5d5853d70a8cf178bdfd28c1b8cdcdd?s=96&d=mm&r=g","caption":"Marcos Guevara"},"url":"https:\/\/thepueblatimes.mx\/index.php\/author\/marcos-guevara\/"}]}},"jetpack_featured_media_url":"https:\/\/thepueblatimes.mx\/wp-content\/uploads\/2020\/10\/81f4d488dfc36f79a9fd7d3349308ada_L.jpg","_links":{"self":[{"href":"https:\/\/thepueblatimes.mx\/index.php\/wp-json\/wp\/v2\/posts\/5237"}],"collection":[{"href":"https:\/\/thepueblatimes.mx\/index.php\/wp-json\/wp\/v2\/posts"}],"about":[{"href":"https:\/\/thepueblatimes.mx\/index.php\/wp-json\/wp\/v2\/types\/post"}],"author":[{"embeddable":true,"href":"https:\/\/thepueblatimes.mx\/index.php\/wp-json\/wp\/v2\/users\/4"}],"replies":[{"embeddable":true,"href":"https:\/\/thepueblatimes.mx\/index.php\/wp-json\/wp\/v2\/comments?post=5237"}],"version-history":[{"count":1,"href":"https:\/\/thepueblatimes.mx\/index.php\/wp-json\/wp\/v2\/posts\/5237\/revisions"}],"predecessor-version":[{"id":5239,"href":"https:\/\/thepueblatimes.mx\/index.php\/wp-json\/wp\/v2\/posts\/5237\/revisions\/5239"}],"wp:featuredmedia":[{"embeddable":true,"href":"https:\/\/thepueblatimes.mx\/index.php\/wp-json\/wp\/v2\/media\/5238"}],"wp:attachment":[{"href":"https:\/\/thepueblatimes.mx\/index.php\/wp-json\/wp\/v2\/media?parent=5237"}],"wp:term":[{"taxonomy":"category","embeddable":true,"href":"https:\/\/thepueblatimes.mx\/index.php\/wp-json\/wp\/v2\/categories?post=5237"},{"taxonomy":"post_tag","embeddable":true,"href":"https:\/\/thepueblatimes.mx\/index.php\/wp-json\/wp\/v2\/tags?post=5237"}],"curies":[{"name":"wp","href":"https:\/\/api.w.org\/{rel}","templated":true}]}}