{"id":4831,"date":"2020-10-07T14:31:19","date_gmt":"2020-10-07T19:31:19","guid":{"rendered":"https:\/\/thepueblatimes.mx\/?p=4831"},"modified":"2020-10-07T14:31:19","modified_gmt":"2020-10-07T19:31:19","slug":"y-asi-piensa-en-la-reeleccion-para-claudia-los-baches-en-la-ciudad-son-solo-un-problema-mediatico","status":"publish","type":"post","link":"https:\/\/thepueblatimes.mx\/index.php\/2020\/10\/07\/y-asi-piensa-en-la-reeleccion-para-claudia-los-baches-en-la-ciudad-son-solo-un-problema-mediatico\/","title":{"rendered":"\u00bfY as\u00ed piensa en la reelecci\u00f3n? Para Claudia los Baches en la ciudad son solo un problema medi\u00e1tico"},"content":{"rendered":"<p>Tal y como lo informamos, recientemente el secretario de Infraestructura y Servicios P\u00fablicos, Israel Rom\u00e1n Romano, se\u00f1al\u00f3 que la dependencia a su cargo no tiene los recursos suficientes para tapar los baches de la capital, pues se necesitan m\u00e1s de 750 millones de pesos para rehabilitar las vialidades.<\/p>\n<p>En rueda de prensa, Rom\u00e1n Romano mencion\u00f3 que a pesar de los baches que se han generado en toda la capital por las lluvias, para el gobierno municipal no es prioridad darle mantenimiento a esta problem\u00e1tica, pues se enfoca en el mantenimiento a las vialidades capitalinas.<\/p>\n<blockquote><p>\u201cDERIVADO A LA TEMPORADA DE LLUVIAS, POR DARTE UN EJEMPLO PARA REHABILITAR LOS BACHES TENDR\u00cdAMOS QUE TENER CERCA DE 750 MILLONES DE PESOS PARA TAPAR LOS HOYOS, ES DECIR ESTAR\u00cdAMOS OCUPANDO TODO EL PRESUPUESTO Y ESA NO ES LA ESTRATEGIA, PUES LA ESTRATEGIA ES IR SOBRE LOS MANTENIMIENTOS VIALES, DIJO.<\/p><\/blockquote>\n<p>Asimismo, destac\u00f3 que en lo que va de gesti\u00f3n se han atendido 437 mil baches, lo cual es igual a la distancia que hay entre el Centro Hist\u00f3rico al municipio de Atlixco, en una vialidad de 10 metros de ancho<\/p>\n<p>Por lo anterior, los periodistas Mario Alberto Mej\u00eda e Ignacio Ju\u00e1rez califican como un fracaso el trabajo realizado por la edil poblana Claudia Rivera Vivanco en materia de bacheo, pues con m\u00e1s de 217 millones de pesos invertidos, las calles poblanas son dignas de geograf\u00eda lunar.<\/p>\n<p>El problema es que entre 2019 y 2020 fueron destinados unos 217.3 millones de pesos para atender el grave problema del bacheo, lo cual se tradujo en 212 contratos a diferentes empresas, pero la pregunta es \u00bfqu\u00e9 baches taparon, si las calles lucen igual o peor que antes?<\/p>\n<p>De acuerdo con datos en poder de ContraR\u00e9plica Puebla, el Ayuntamiento de Puebla asign\u00f3 en 2019, a trav\u00e9s de adjudicaciones directas y algunos contratos, 122.5 millones de pesos para tapar los hoyos de la ciudad, con los cuales celebr\u00f3 170 contratos.<\/p>\n<h3>Para este 2020, lleva signados 42 contratos por 94.8 millones de pesos a tales trabajos.<\/h3>\n<p>Seg\u00fan datos del propio Ayuntamiento, durante 2019, el monto total de las adjudicaciones directas en materia de obra fue de 50.3 millones de pesos, en el que destaca el Proyecto Integral para la Elaboraci\u00f3n de Estudios y Trabajos de Reconstrucci\u00f3n de la B\u00f3veda en el Cruce Bulevar 18 de Noviembre y R\u00edo Alseseca, en la colonia Joaqu\u00edn Colombres, cuya inversi\u00f3n es de 10.2 millones de pesos.<\/p>\n<p>Para este 2020, con base en los mismos datos de la Comuna, las adjudicaciones directas ascienden a 6.7 millones. Para el 30 de marzo pasado, la Comuna anunci\u00f3 con bombo y platillo el programa El Bachero que pretend\u00eda adelantarse a la temporada de lluvias, por lo que destinaron 9.8 millones de pesos para atender 46 mil metros cuadrados de asfalto, es decir, cada metro cuadrado de atenci\u00f3n les cuestan a los ciudadanos 213 pesos.<\/p>\n<p><iframe loading=\"lazy\" style=\"border: none; overflow: hidden;\" src=\"https:\/\/www.facebook.com\/plugins\/video.php?href=https%3A%2F%2Fwww.facebook.com%2FCambioNoticias%2Fvideos%2F2762330704042934%2F&amp;show_text=0&amp;width=560\" width=\"560\" height=\"315\" frameborder=\"0\" scrolling=\"no\" allowfullscreen=\"allowfullscreen\"><\/iframe><\/p>\n<p>Lo peor de todo es que con todo descaro, Claudia mencion\u00f3 que los baches que se han generado en la capital son problemas medi\u00e1ticos y sociales, por lo que su administraci\u00f3n s\u00f3lo se enfoca en rehabilitar las calles de la capital a fin de controlar los hoyos que se forman a causa, seg\u00fan ella, de las lluvias.<\/p>\n<p>En entrevista con el periodista Rodolfo Ruiz, Rivera Vivanco asegur\u00f3 que en temporada de lluvias los baches se generan con mayor frecuencia, por lo cual su gobierno aumenta una brigada de bacheo para reparar la situaci\u00f3n; sin embargo, es una realidad que la situaci\u00f3n no ha mejorado en nada, pues es constante el malestar de poblanos que han sufrido ponchaduras y aver\u00edas a causa de los cr\u00e1teres poblanos.<\/p>\n<blockquote><p>\u201cSe aumenta el problema del desgaste de la carpeta asf\u00e1ltica y detona esta problem\u00e1tica que es el bacheo, adem\u00e1s de que todo el a\u00f1o tenemos el programa de bachero de manera permanente, (&#8230;) en temporada de lluvias salimos con uno extra, con brigadas extras en este programa que le hemos llamado bachero expres y que nos permita dar respuesta. La temporada de lluvia de por si genera esta situaci\u00f3n lo que puedo decirte que a diferencia de las estrategias que en a\u00f1os anteriores en administraciones pasadas hoy no solamente estamos con el programa del bachero para salir del problema medi\u00e1tico o social en el momento, si no estamos haciendo o nos involucramos mucho en la rehabilitaci\u00f3n de fondo de este programa\u201d, dijo.<\/p><\/blockquote>\n","protected":false},"excerpt":{"rendered":"<p>Tal y como lo informamos, recientemente el secretario de Infraestructura y Servicios P\u00fablicos, Israel Rom\u00e1n Romano, se\u00f1al\u00f3 que la dependencia a su cargo no tiene los recursos suficientes para tapar los baches de la capital, pues se necesitan m\u00e1s de 750 millones de pesos para rehabilitar las vialidades. En rueda de prensa, Rom\u00e1n Romano mencion\u00f3&#8230;<\/p>\n","protected":false},"author":4,"featured_media":4832,"comment_status":"open","ping_status":"open","sticky":false,"template":"","format":"standard","meta":[],"categories":[20],"tags":[],"yoast_head":"<!-- This site is optimized with the Yoast SEO plugin v20.8 - https:\/\/yoast.com\/wordpress\/plugins\/seo\/ -->\n<title>\u00bfY as\u00ed piensa en la reelecci\u00f3n? Para Claudia los Baches en la ciudad son solo un problema medi\u00e1tico - The Puebla Times<\/title>\n<meta name=\"robots\" content=\"index, follow, max-snippet:-1, max-image-preview:large, max-video-preview:-1\" \/>\n<link rel=\"canonical\" href=\"https:\/\/thepueblatimes.mx\/index.php\/2020\/10\/07\/y-asi-piensa-en-la-reeleccion-para-claudia-los-baches-en-la-ciudad-son-solo-un-problema-mediatico\/\" \/>\n<meta property=\"og:locale\" content=\"es_ES\" \/>\n<meta property=\"og:type\" content=\"article\" \/>\n<meta property=\"og:title\" content=\"\u00bfY as\u00ed piensa en la reelecci\u00f3n? Para Claudia los Baches en la ciudad son solo un problema medi\u00e1tico - The Puebla Times\" \/>\n<meta property=\"og:description\" content=\"Tal y como lo informamos, recientemente el secretario de Infraestructura y Servicios P\u00fablicos, Israel Rom\u00e1n Romano, se\u00f1al\u00f3 que la dependencia a su cargo no tiene los recursos suficientes para tapar los baches de la capital, pues se necesitan m\u00e1s de 750 millones de pesos para rehabilitar las vialidades. En rueda de prensa, Rom\u00e1n Romano mencion\u00f3...\" \/>\n<meta property=\"og:url\" content=\"https:\/\/thepueblatimes.mx\/index.php\/2020\/10\/07\/y-asi-piensa-en-la-reeleccion-para-claudia-los-baches-en-la-ciudad-son-solo-un-problema-mediatico\/\" \/>\n<meta property=\"og:site_name\" content=\"The Puebla Times\" \/>\n<meta property=\"article:published_time\" content=\"2020-10-07T19:31:19+00:00\" \/>\n<meta property=\"og:image\" content=\"https:\/\/thepueblatimes.mx\/wp-content\/uploads\/2020\/10\/admin-ajax.png\" \/>\n\t<meta property=\"og:image:width\" content=\"400\" \/>\n\t<meta property=\"og:image:height\" content=\"267\" \/>\n\t<meta property=\"og:image:type\" content=\"image\/png\" \/>\n<meta name=\"author\" content=\"Marcos Guevara\" \/>\n<meta name=\"twitter:card\" content=\"summary_large_image\" \/>\n<meta name=\"twitter:label1\" content=\"Escrito por\" \/>\n\t<meta name=\"twitter:data1\" content=\"Marcos Guevara\" \/>\n\t<meta name=\"twitter:label2\" content=\"Tiempo de lectura\" \/>\n\t<meta name=\"twitter:data2\" content=\"4 minutos\" \/>\n<script type=\"application\/ld+json\" class=\"yoast-schema-graph\">{\"@context\":\"https:\/\/schema.org\",\"@graph\":[{\"@type\":\"WebPage\",\"@id\":\"https:\/\/thepueblatimes.mx\/index.php\/2020\/10\/07\/y-asi-piensa-en-la-reeleccion-para-claudia-los-baches-en-la-ciudad-son-solo-un-problema-mediatico\/\",\"url\":\"https:\/\/thepueblatimes.mx\/index.php\/2020\/10\/07\/y-asi-piensa-en-la-reeleccion-para-claudia-los-baches-en-la-ciudad-son-solo-un-problema-mediatico\/\",\"name\":\"\u00bfY as\u00ed piensa en la reelecci\u00f3n? Para Claudia los Baches en la ciudad son solo un problema medi\u00e1tico - The Puebla Times\",\"isPartOf\":{\"@id\":\"https:\/\/thepueblatimes.mx\/#website\"},\"datePublished\":\"2020-10-07T19:31:19+00:00\",\"dateModified\":\"2020-10-07T19:31:19+00:00\",\"author\":{\"@id\":\"https:\/\/thepueblatimes.mx\/#\/schema\/person\/adbf065ee889f68194977e3499c4a51e\"},\"breadcrumb\":{\"@id\":\"https:\/\/thepueblatimes.mx\/index.php\/2020\/10\/07\/y-asi-piensa-en-la-reeleccion-para-claudia-los-baches-en-la-ciudad-son-solo-un-problema-mediatico\/#breadcrumb\"},\"inLanguage\":\"es\",\"potentialAction\":[{\"@type\":\"ReadAction\",\"target\":[\"https:\/\/thepueblatimes.mx\/index.php\/2020\/10\/07\/y-asi-piensa-en-la-reeleccion-para-claudia-los-baches-en-la-ciudad-son-solo-un-problema-mediatico\/\"]}]},{\"@type\":\"BreadcrumbList\",\"@id\":\"https:\/\/thepueblatimes.mx\/index.php\/2020\/10\/07\/y-asi-piensa-en-la-reeleccion-para-claudia-los-baches-en-la-ciudad-son-solo-un-problema-mediatico\/#breadcrumb\",\"itemListElement\":[{\"@type\":\"ListItem\",\"position\":1,\"name\":\"Portada\",\"item\":\"https:\/\/thepueblatimes.mx\/\"},{\"@type\":\"ListItem\",\"position\":2,\"name\":\"\u00bfY as\u00ed piensa en la reelecci\u00f3n? Para Claudia los Baches en la ciudad son solo un problema medi\u00e1tico\"}]},{\"@type\":\"WebSite\",\"@id\":\"https:\/\/thepueblatimes.mx\/#website\",\"url\":\"https:\/\/thepueblatimes.mx\/\",\"name\":\"The Puebla Times\",\"description\":\"Noticias del Estado de Puebla\",\"potentialAction\":[{\"@type\":\"SearchAction\",\"target\":{\"@type\":\"EntryPoint\",\"urlTemplate\":\"https:\/\/thepueblatimes.mx\/?s={search_term_string}\"},\"query-input\":\"required name=search_term_string\"}],\"inLanguage\":\"es\"},{\"@type\":\"Person\",\"@id\":\"https:\/\/thepueblatimes.mx\/#\/schema\/person\/adbf065ee889f68194977e3499c4a51e\",\"name\":\"Marcos Guevara\",\"image\":{\"@type\":\"ImageObject\",\"inLanguage\":\"es\",\"@id\":\"https:\/\/thepueblatimes.mx\/#\/schema\/person\/image\/\",\"url\":\"https:\/\/secure.gravatar.com\/avatar\/c5d5853d70a8cf178bdfd28c1b8cdcdd?s=96&d=mm&r=g\",\"contentUrl\":\"https:\/\/secure.gravatar.com\/avatar\/c5d5853d70a8cf178bdfd28c1b8cdcdd?s=96&d=mm&r=g\",\"caption\":\"Marcos Guevara\"},\"url\":\"https:\/\/thepueblatimes.mx\/index.php\/author\/marcos-guevara\/\"}]}<\/script>\n<!-- \/ Yoast SEO plugin. -->","yoast_head_json":{"title":"\u00bfY as\u00ed piensa en la reelecci\u00f3n? Para Claudia los Baches en la ciudad son solo un problema medi\u00e1tico - The Puebla Times","robots":{"index":"index","follow":"follow","max-snippet":"max-snippet:-1","max-image-preview":"max-image-preview:large","max-video-preview":"max-video-preview:-1"},"canonical":"https:\/\/thepueblatimes.mx\/index.php\/2020\/10\/07\/y-asi-piensa-en-la-reeleccion-para-claudia-los-baches-en-la-ciudad-son-solo-un-problema-mediatico\/","og_locale":"es_ES","og_type":"article","og_title":"\u00bfY as\u00ed piensa en la reelecci\u00f3n? Para Claudia los Baches en la ciudad son solo un problema medi\u00e1tico - The Puebla Times","og_description":"Tal y como lo informamos, recientemente el secretario de Infraestructura y Servicios P\u00fablicos, Israel Rom\u00e1n Romano, se\u00f1al\u00f3 que la dependencia a su cargo no tiene los recursos suficientes para tapar los baches de la capital, pues se necesitan m\u00e1s de 750 millones de pesos para rehabilitar las vialidades. En rueda de prensa, Rom\u00e1n Romano mencion\u00f3...","og_url":"https:\/\/thepueblatimes.mx\/index.php\/2020\/10\/07\/y-asi-piensa-en-la-reeleccion-para-claudia-los-baches-en-la-ciudad-son-solo-un-problema-mediatico\/","og_site_name":"The Puebla Times","article_published_time":"2020-10-07T19:31:19+00:00","og_image":[{"width":400,"height":267,"url":"https:\/\/thepueblatimes.mx\/wp-content\/uploads\/2020\/10\/admin-ajax.png","type":"image\/png"}],"author":"Marcos Guevara","twitter_card":"summary_large_image","twitter_misc":{"Escrito por":"Marcos Guevara","Tiempo de lectura":"4 minutos"},"schema":{"@context":"https:\/\/schema.org","@graph":[{"@type":"WebPage","@id":"https:\/\/thepueblatimes.mx\/index.php\/2020\/10\/07\/y-asi-piensa-en-la-reeleccion-para-claudia-los-baches-en-la-ciudad-son-solo-un-problema-mediatico\/","url":"https:\/\/thepueblatimes.mx\/index.php\/2020\/10\/07\/y-asi-piensa-en-la-reeleccion-para-claudia-los-baches-en-la-ciudad-son-solo-un-problema-mediatico\/","name":"\u00bfY as\u00ed piensa en la reelecci\u00f3n? Para Claudia los Baches en la ciudad son solo un problema medi\u00e1tico - The Puebla Times","isPartOf":{"@id":"https:\/\/thepueblatimes.mx\/#website"},"datePublished":"2020-10-07T19:31:19+00:00","dateModified":"2020-10-07T19:31:19+00:00","author":{"@id":"https:\/\/thepueblatimes.mx\/#\/schema\/person\/adbf065ee889f68194977e3499c4a51e"},"breadcrumb":{"@id":"https:\/\/thepueblatimes.mx\/index.php\/2020\/10\/07\/y-asi-piensa-en-la-reeleccion-para-claudia-los-baches-en-la-ciudad-son-solo-un-problema-mediatico\/#breadcrumb"},"inLanguage":"es","potentialAction":[{"@type":"ReadAction","target":["https:\/\/thepueblatimes.mx\/index.php\/2020\/10\/07\/y-asi-piensa-en-la-reeleccion-para-claudia-los-baches-en-la-ciudad-son-solo-un-problema-mediatico\/"]}]},{"@type":"BreadcrumbList","@id":"https:\/\/thepueblatimes.mx\/index.php\/2020\/10\/07\/y-asi-piensa-en-la-reeleccion-para-claudia-los-baches-en-la-ciudad-son-solo-un-problema-mediatico\/#breadcrumb","itemListElement":[{"@type":"ListItem","position":1,"name":"Portada","item":"https:\/\/thepueblatimes.mx\/"},{"@type":"ListItem","position":2,"name":"\u00bfY as\u00ed piensa en la reelecci\u00f3n? Para Claudia los Baches en la ciudad son solo un problema medi\u00e1tico"}]},{"@type":"WebSite","@id":"https:\/\/thepueblatimes.mx\/#website","url":"https:\/\/thepueblatimes.mx\/","name":"The Puebla Times","description":"Noticias del Estado de Puebla","potentialAction":[{"@type":"SearchAction","target":{"@type":"EntryPoint","urlTemplate":"https:\/\/thepueblatimes.mx\/?s={search_term_string}"},"query-input":"required name=search_term_string"}],"inLanguage":"es"},{"@type":"Person","@id":"https:\/\/thepueblatimes.mx\/#\/schema\/person\/adbf065ee889f68194977e3499c4a51e","name":"Marcos Guevara","image":{"@type":"ImageObject","inLanguage":"es","@id":"https:\/\/thepueblatimes.mx\/#\/schema\/person\/image\/","url":"https:\/\/secure.gravatar.com\/avatar\/c5d5853d70a8cf178bdfd28c1b8cdcdd?s=96&d=mm&r=g","contentUrl":"https:\/\/secure.gravatar.com\/avatar\/c5d5853d70a8cf178bdfd28c1b8cdcdd?s=96&d=mm&r=g","caption":"Marcos Guevara"},"url":"https:\/\/thepueblatimes.mx\/index.php\/author\/marcos-guevara\/"}]}},"jetpack_featured_media_url":"https:\/\/thepueblatimes.mx\/wp-content\/uploads\/2020\/10\/admin-ajax.png","_links":{"self":[{"href":"https:\/\/thepueblatimes.mx\/index.php\/wp-json\/wp\/v2\/posts\/4831"}],"collection":[{"href":"https:\/\/thepueblatimes.mx\/index.php\/wp-json\/wp\/v2\/posts"}],"about":[{"href":"https:\/\/thepueblatimes.mx\/index.php\/wp-json\/wp\/v2\/types\/post"}],"author":[{"embeddable":true,"href":"https:\/\/thepueblatimes.mx\/index.php\/wp-json\/wp\/v2\/users\/4"}],"replies":[{"embeddable":true,"href":"https:\/\/thepueblatimes.mx\/index.php\/wp-json\/wp\/v2\/comments?post=4831"}],"version-history":[{"count":1,"href":"https:\/\/thepueblatimes.mx\/index.php\/wp-json\/wp\/v2\/posts\/4831\/revisions"}],"predecessor-version":[{"id":4833,"href":"https:\/\/thepueblatimes.mx\/index.php\/wp-json\/wp\/v2\/posts\/4831\/revisions\/4833"}],"wp:featuredmedia":[{"embeddable":true,"href":"https:\/\/thepueblatimes.mx\/index.php\/wp-json\/wp\/v2\/media\/4832"}],"wp:attachment":[{"href":"https:\/\/thepueblatimes.mx\/index.php\/wp-json\/wp\/v2\/media?parent=4831"}],"wp:term":[{"taxonomy":"category","embeddable":true,"href":"https:\/\/thepueblatimes.mx\/index.php\/wp-json\/wp\/v2\/categories?post=4831"},{"taxonomy":"post_tag","embeddable":true,"href":"https:\/\/thepueblatimes.mx\/index.php\/wp-json\/wp\/v2\/tags?post=4831"}],"curies":[{"name":"wp","href":"https:\/\/api.w.org\/{rel}","templated":true}]}}