{"id":4827,"date":"2020-10-07T11:11:57","date_gmt":"2020-10-07T16:11:57","guid":{"rendered":"https:\/\/thepueblatimes.mx\/?p=4827"},"modified":"2020-10-07T11:15:45","modified_gmt":"2020-10-07T16:15:45","slug":"subale-hay-lugares-linea-1-y-2-del-ruta-dejan-pasar-gratis-a-usuarios","status":"publish","type":"post","link":"https:\/\/thepueblatimes.mx\/index.php\/2020\/10\/07\/subale-hay-lugares-linea-1-y-2-del-ruta-dejan-pasar-gratis-a-usuarios\/","title":{"rendered":"\u00a1S\u00fabale hay lugares! L\u00ednea 1 y 2 del RUTA dejan pasar gratis a usuarios"},"content":{"rendered":"<p>Ante la falla en el sistema de recarga en las m\u00e1quinas de las l\u00edneas 1 y 2 de la Red Urbana de Transporte Articulado (RUTA), el Gobierno del Estado inform\u00f3 que personal de Carreteras de Cuota est\u00e1 permitiendo el acceso a aquellos usuarios afectados por esta circunstancia.<\/p>\n<p>Asimismo, en el bolet\u00edn de prensa se se\u00f1ala que \u201cante la falta de atenci\u00f3n de la empresa encargada del servicio para resolver este problema, se tomar\u00e1n decisiones que permitan mejorar las condiciones.\u201d<\/p>\n<blockquote class=\"twitter-tweet\" data-width=\"550\" data-dnt=\"true\">\n<p lang=\"es\" dir=\"ltr\">Ante la falla en el sistema de  recarga en las m\u00e1quinas de las l\u00edneas 1 y 2 de la Red Urbana de Transporte Articulado (RUTA), el Gobierno del Estado informa que personal de Carreteras de Cuota est\u00e1 permitiendo el acceso a aquellos usuarios afectados por esta circunstancia. <a href=\"https:\/\/t.co\/CZVE7tDSco\">pic.twitter.com\/CZVE7tDSco<\/a><\/p>\n<p>&mdash; RUTA Puebla (@RUTA_Puebla) <a href=\"https:\/\/twitter.com\/RUTA_Puebla\/status\/1313844810218958849?ref_src=twsrc%5Etfw\">October 7, 2020<\/a><\/p><\/blockquote>\n<p><script async src=\"https:\/\/platform.twitter.com\/widgets.js\" charset=\"utf-8\"><\/script><\/p>\n","protected":false},"excerpt":{"rendered":"<p>Ante la falla en el sistema de recarga en las m\u00e1quinas de las l\u00edneas 1 y 2 de la Red Urbana de Transporte Articulado (RUTA), el Gobierno del Estado inform\u00f3 que personal de Carreteras de Cuota est\u00e1 permitiendo el acceso a aquellos usuarios afectados por esta circunstancia. Asimismo, en el bolet\u00edn de prensa se se\u00f1ala&#8230;<\/p>\n","protected":false},"author":4,"featured_media":4829,"comment_status":"open","ping_status":"open","sticky":false,"template":"","format":"standard","meta":[],"categories":[20],"tags":[],"yoast_head":"<!-- This site is optimized with the Yoast SEO plugin v20.8 - https:\/\/yoast.com\/wordpress\/plugins\/seo\/ -->\n<title>\u00a1S\u00fabale hay lugares! L\u00ednea 1 y 2 del RUTA dejan pasar gratis a usuarios - The Puebla Times<\/title>\n<meta name=\"robots\" content=\"index, follow, max-snippet:-1, max-image-preview:large, max-video-preview:-1\" \/>\n<link rel=\"canonical\" href=\"https:\/\/thepueblatimes.mx\/index.php\/2020\/10\/07\/subale-hay-lugares-linea-1-y-2-del-ruta-dejan-pasar-gratis-a-usuarios\/\" \/>\n<meta property=\"og:locale\" content=\"es_ES\" \/>\n<meta property=\"og:type\" content=\"article\" \/>\n<meta property=\"og:title\" content=\"\u00a1S\u00fabale hay lugares! L\u00ednea 1 y 2 del RUTA dejan pasar gratis a usuarios - The Puebla Times\" \/>\n<meta property=\"og:description\" content=\"Ante la falla en el sistema de recarga en las m\u00e1quinas de las l\u00edneas 1 y 2 de la Red Urbana de Transporte Articulado (RUTA), el Gobierno del Estado inform\u00f3 que personal de Carreteras de Cuota est\u00e1 permitiendo el acceso a aquellos usuarios afectados por esta circunstancia. Asimismo, en el bolet\u00edn de prensa se se\u00f1ala...\" \/>\n<meta property=\"og:url\" content=\"https:\/\/thepueblatimes.mx\/index.php\/2020\/10\/07\/subale-hay-lugares-linea-1-y-2-del-ruta-dejan-pasar-gratis-a-usuarios\/\" \/>\n<meta property=\"og:site_name\" content=\"The Puebla Times\" \/>\n<meta property=\"article:published_time\" content=\"2020-10-07T16:11:57+00:00\" \/>\n<meta property=\"article:modified_time\" content=\"2020-10-07T16:15:45+00:00\" \/>\n<meta property=\"og:image\" content=\"https:\/\/thepueblatimes.mx\/wp-content\/uploads\/2020\/10\/Screenshot-2020-10-07-at-11.10.27.png\" \/>\n\t<meta property=\"og:image:width\" content=\"620\" \/>\n\t<meta property=\"og:image:height\" content=\"414\" \/>\n\t<meta property=\"og:image:type\" content=\"image\/png\" \/>\n<meta name=\"author\" content=\"Marcos Guevara\" \/>\n<meta name=\"twitter:card\" content=\"summary_large_image\" \/>\n<meta name=\"twitter:label1\" content=\"Escrito por\" \/>\n\t<meta name=\"twitter:data1\" content=\"Marcos Guevara\" \/>\n<script type=\"application\/ld+json\" class=\"yoast-schema-graph\">{\"@context\":\"https:\/\/schema.org\",\"@graph\":[{\"@type\":\"WebPage\",\"@id\":\"https:\/\/thepueblatimes.mx\/index.php\/2020\/10\/07\/subale-hay-lugares-linea-1-y-2-del-ruta-dejan-pasar-gratis-a-usuarios\/\",\"url\":\"https:\/\/thepueblatimes.mx\/index.php\/2020\/10\/07\/subale-hay-lugares-linea-1-y-2-del-ruta-dejan-pasar-gratis-a-usuarios\/\",\"name\":\"\u00a1S\u00fabale hay lugares! L\u00ednea 1 y 2 del RUTA dejan pasar gratis a usuarios - The Puebla Times\",\"isPartOf\":{\"@id\":\"https:\/\/thepueblatimes.mx\/#website\"},\"datePublished\":\"2020-10-07T16:11:57+00:00\",\"dateModified\":\"2020-10-07T16:15:45+00:00\",\"author\":{\"@id\":\"https:\/\/thepueblatimes.mx\/#\/schema\/person\/adbf065ee889f68194977e3499c4a51e\"},\"breadcrumb\":{\"@id\":\"https:\/\/thepueblatimes.mx\/index.php\/2020\/10\/07\/subale-hay-lugares-linea-1-y-2-del-ruta-dejan-pasar-gratis-a-usuarios\/#breadcrumb\"},\"inLanguage\":\"es\",\"potentialAction\":[{\"@type\":\"ReadAction\",\"target\":[\"https:\/\/thepueblatimes.mx\/index.php\/2020\/10\/07\/subale-hay-lugares-linea-1-y-2-del-ruta-dejan-pasar-gratis-a-usuarios\/\"]}]},{\"@type\":\"BreadcrumbList\",\"@id\":\"https:\/\/thepueblatimes.mx\/index.php\/2020\/10\/07\/subale-hay-lugares-linea-1-y-2-del-ruta-dejan-pasar-gratis-a-usuarios\/#breadcrumb\",\"itemListElement\":[{\"@type\":\"ListItem\",\"position\":1,\"name\":\"Portada\",\"item\":\"https:\/\/thepueblatimes.mx\/\"},{\"@type\":\"ListItem\",\"position\":2,\"name\":\"\u00a1S\u00fabale hay lugares! L\u00ednea 1 y 2 del RUTA dejan pasar gratis a usuarios\"}]},{\"@type\":\"WebSite\",\"@id\":\"https:\/\/thepueblatimes.mx\/#website\",\"url\":\"https:\/\/thepueblatimes.mx\/\",\"name\":\"The Puebla Times\",\"description\":\"Noticias del Estado de Puebla\",\"potentialAction\":[{\"@type\":\"SearchAction\",\"target\":{\"@type\":\"EntryPoint\",\"urlTemplate\":\"https:\/\/thepueblatimes.mx\/?s={search_term_string}\"},\"query-input\":\"required name=search_term_string\"}],\"inLanguage\":\"es\"},{\"@type\":\"Person\",\"@id\":\"https:\/\/thepueblatimes.mx\/#\/schema\/person\/adbf065ee889f68194977e3499c4a51e\",\"name\":\"Marcos Guevara\",\"image\":{\"@type\":\"ImageObject\",\"inLanguage\":\"es\",\"@id\":\"https:\/\/thepueblatimes.mx\/#\/schema\/person\/image\/\",\"url\":\"https:\/\/secure.gravatar.com\/avatar\/c5d5853d70a8cf178bdfd28c1b8cdcdd?s=96&d=mm&r=g\",\"contentUrl\":\"https:\/\/secure.gravatar.com\/avatar\/c5d5853d70a8cf178bdfd28c1b8cdcdd?s=96&d=mm&r=g\",\"caption\":\"Marcos Guevara\"},\"url\":\"https:\/\/thepueblatimes.mx\/index.php\/author\/marcos-guevara\/\"}]}<\/script>\n<!-- \/ Yoast SEO plugin. -->","yoast_head_json":{"title":"\u00a1S\u00fabale hay lugares! L\u00ednea 1 y 2 del RUTA dejan pasar gratis a usuarios - The Puebla Times","robots":{"index":"index","follow":"follow","max-snippet":"max-snippet:-1","max-image-preview":"max-image-preview:large","max-video-preview":"max-video-preview:-1"},"canonical":"https:\/\/thepueblatimes.mx\/index.php\/2020\/10\/07\/subale-hay-lugares-linea-1-y-2-del-ruta-dejan-pasar-gratis-a-usuarios\/","og_locale":"es_ES","og_type":"article","og_title":"\u00a1S\u00fabale hay lugares! L\u00ednea 1 y 2 del RUTA dejan pasar gratis a usuarios - The Puebla Times","og_description":"Ante la falla en el sistema de recarga en las m\u00e1quinas de las l\u00edneas 1 y 2 de la Red Urbana de Transporte Articulado (RUTA), el Gobierno del Estado inform\u00f3 que personal de Carreteras de Cuota est\u00e1 permitiendo el acceso a aquellos usuarios afectados por esta circunstancia. Asimismo, en el bolet\u00edn de prensa se se\u00f1ala...","og_url":"https:\/\/thepueblatimes.mx\/index.php\/2020\/10\/07\/subale-hay-lugares-linea-1-y-2-del-ruta-dejan-pasar-gratis-a-usuarios\/","og_site_name":"The Puebla Times","article_published_time":"2020-10-07T16:11:57+00:00","article_modified_time":"2020-10-07T16:15:45+00:00","og_image":[{"width":620,"height":414,"url":"https:\/\/thepueblatimes.mx\/wp-content\/uploads\/2020\/10\/Screenshot-2020-10-07-at-11.10.27.png","type":"image\/png"}],"author":"Marcos Guevara","twitter_card":"summary_large_image","twitter_misc":{"Escrito por":"Marcos Guevara"},"schema":{"@context":"https:\/\/schema.org","@graph":[{"@type":"WebPage","@id":"https:\/\/thepueblatimes.mx\/index.php\/2020\/10\/07\/subale-hay-lugares-linea-1-y-2-del-ruta-dejan-pasar-gratis-a-usuarios\/","url":"https:\/\/thepueblatimes.mx\/index.php\/2020\/10\/07\/subale-hay-lugares-linea-1-y-2-del-ruta-dejan-pasar-gratis-a-usuarios\/","name":"\u00a1S\u00fabale hay lugares! L\u00ednea 1 y 2 del RUTA dejan pasar gratis a usuarios - The Puebla Times","isPartOf":{"@id":"https:\/\/thepueblatimes.mx\/#website"},"datePublished":"2020-10-07T16:11:57+00:00","dateModified":"2020-10-07T16:15:45+00:00","author":{"@id":"https:\/\/thepueblatimes.mx\/#\/schema\/person\/adbf065ee889f68194977e3499c4a51e"},"breadcrumb":{"@id":"https:\/\/thepueblatimes.mx\/index.php\/2020\/10\/07\/subale-hay-lugares-linea-1-y-2-del-ruta-dejan-pasar-gratis-a-usuarios\/#breadcrumb"},"inLanguage":"es","potentialAction":[{"@type":"ReadAction","target":["https:\/\/thepueblatimes.mx\/index.php\/2020\/10\/07\/subale-hay-lugares-linea-1-y-2-del-ruta-dejan-pasar-gratis-a-usuarios\/"]}]},{"@type":"BreadcrumbList","@id":"https:\/\/thepueblatimes.mx\/index.php\/2020\/10\/07\/subale-hay-lugares-linea-1-y-2-del-ruta-dejan-pasar-gratis-a-usuarios\/#breadcrumb","itemListElement":[{"@type":"ListItem","position":1,"name":"Portada","item":"https:\/\/thepueblatimes.mx\/"},{"@type":"ListItem","position":2,"name":"\u00a1S\u00fabale hay lugares! L\u00ednea 1 y 2 del RUTA dejan pasar gratis a usuarios"}]},{"@type":"WebSite","@id":"https:\/\/thepueblatimes.mx\/#website","url":"https:\/\/thepueblatimes.mx\/","name":"The Puebla Times","description":"Noticias del Estado de Puebla","potentialAction":[{"@type":"SearchAction","target":{"@type":"EntryPoint","urlTemplate":"https:\/\/thepueblatimes.mx\/?s={search_term_string}"},"query-input":"required name=search_term_string"}],"inLanguage":"es"},{"@type":"Person","@id":"https:\/\/thepueblatimes.mx\/#\/schema\/person\/adbf065ee889f68194977e3499c4a51e","name":"Marcos Guevara","image":{"@type":"ImageObject","inLanguage":"es","@id":"https:\/\/thepueblatimes.mx\/#\/schema\/person\/image\/","url":"https:\/\/secure.gravatar.com\/avatar\/c5d5853d70a8cf178bdfd28c1b8cdcdd?s=96&d=mm&r=g","contentUrl":"https:\/\/secure.gravatar.com\/avatar\/c5d5853d70a8cf178bdfd28c1b8cdcdd?s=96&d=mm&r=g","caption":"Marcos Guevara"},"url":"https:\/\/thepueblatimes.mx\/index.php\/author\/marcos-guevara\/"}]}},"jetpack_featured_media_url":"https:\/\/thepueblatimes.mx\/wp-content\/uploads\/2020\/10\/Screenshot-2020-10-07-at-11.10.27.png","_links":{"self":[{"href":"https:\/\/thepueblatimes.mx\/index.php\/wp-json\/wp\/v2\/posts\/4827"}],"collection":[{"href":"https:\/\/thepueblatimes.mx\/index.php\/wp-json\/wp\/v2\/posts"}],"about":[{"href":"https:\/\/thepueblatimes.mx\/index.php\/wp-json\/wp\/v2\/types\/post"}],"author":[{"embeddable":true,"href":"https:\/\/thepueblatimes.mx\/index.php\/wp-json\/wp\/v2\/users\/4"}],"replies":[{"embeddable":true,"href":"https:\/\/thepueblatimes.mx\/index.php\/wp-json\/wp\/v2\/comments?post=4827"}],"version-history":[{"count":1,"href":"https:\/\/thepueblatimes.mx\/index.php\/wp-json\/wp\/v2\/posts\/4827\/revisions"}],"predecessor-version":[{"id":4830,"href":"https:\/\/thepueblatimes.mx\/index.php\/wp-json\/wp\/v2\/posts\/4827\/revisions\/4830"}],"wp:featuredmedia":[{"embeddable":true,"href":"https:\/\/thepueblatimes.mx\/index.php\/wp-json\/wp\/v2\/media\/4829"}],"wp:attachment":[{"href":"https:\/\/thepueblatimes.mx\/index.php\/wp-json\/wp\/v2\/media?parent=4827"}],"wp:term":[{"taxonomy":"category","embeddable":true,"href":"https:\/\/thepueblatimes.mx\/index.php\/wp-json\/wp\/v2\/categories?post=4827"},{"taxonomy":"post_tag","embeddable":true,"href":"https:\/\/thepueblatimes.mx\/index.php\/wp-json\/wp\/v2\/tags?post=4827"}],"curies":[{"name":"wp","href":"https:\/\/api.w.org\/{rel}","templated":true}]}}