{"id":4202,"date":"2020-09-24T09:52:21","date_gmt":"2020-09-24T14:52:21","guid":{"rendered":"https:\/\/thepueblatimes.mx\/?p=4202"},"modified":"2020-09-24T09:52:21","modified_gmt":"2020-09-24T14:52:21","slug":"sin-miedo-al-covid-en-acatlan-habra-procesion-a-la-virgen-de-guadalupe","status":"publish","type":"post","link":"https:\/\/thepueblatimes.mx\/index.php\/2020\/09\/24\/sin-miedo-al-covid-en-acatlan-habra-procesion-a-la-virgen-de-guadalupe\/","title":{"rendered":"Sin miedo al Covid | En Acatl\u00e1n habr\u00e1 procesi\u00f3n a la Virgen de Guadalupe"},"content":{"rendered":"<p>Las medidas restrictivas que han implementado autoridades estatales y de salud, para evitar contagios por Covid-19, ser\u00e1n olvidadas por un momento de fe en Acatl\u00e1n de Osorio.<\/p>\n<p>Lo anterior, debido a que en dicho municipio ya est\u00e1 todo listo para recibir a la Antorcha Guadalupana M\u00e9xico-Nueva York este jueves 24 de septiembre.<\/p>\n<p>Fidel Mart\u00ednez, p\u00e1rroco del templo de San Gabriel de Acatl\u00e1n, dio a conocer que la virgen podr\u00eda arribar a la comunidad alrededor de las 17:00 horas y ser\u00e1 recibida en por el sacerdote Rulber Castellanos, de la iglesia del Calvario.<\/p>\n<p>El programa de actividades incluye el traslado de la virgen al templo de San Gabriel, cuidando que los fieles cuiden las medidas sanitarias. En ese sentido, apunt\u00f3 que no se permitir\u00e1 que se haga una caminata o procesi\u00f3n pues los feligreses s\u00f3lo podr\u00e1n acudir en veh\u00edculos.<\/p>\n<p>Tambi\u00e9n se ha preparado el recibimiento con caballos y motocicletas, pero ser\u00e1 la \u00fanica forma de acompa\u00f1ar a la virgen, por lo que se estima que antes de las 6 de la tarde ya este la imagen en el templo de San Gabriel.<\/p>\n<p>Mas tarde saldr\u00e1 una caravana con la virgen por algunas calles de Acatl\u00e1n, incluso se prev\u00e9 que el recorrido pase frente a la presidencia municipal y por el barrio de San Gabriel.<\/p>\n","protected":false},"excerpt":{"rendered":"<p>Las medidas restrictivas que han implementado autoridades estatales y de salud, para evitar contagios por Covid-19, ser\u00e1n olvidadas por un momento de fe en Acatl\u00e1n de Osorio. Lo anterior, debido a que en dicho municipio ya est\u00e1 todo listo para recibir a la Antorcha Guadalupana M\u00e9xico-Nueva York este jueves 24 de septiembre. Fidel Mart\u00ednez, p\u00e1rroco&#8230;<\/p>\n","protected":false},"author":4,"featured_media":4203,"comment_status":"open","ping_status":"open","sticky":false,"template":"","format":"standard","meta":[],"categories":[17],"tags":[],"yoast_head":"<!-- This site is optimized with the Yoast SEO plugin v20.8 - https:\/\/yoast.com\/wordpress\/plugins\/seo\/ -->\n<title>Sin miedo al Covid | En Acatl\u00e1n habr\u00e1 procesi\u00f3n a la Virgen de Guadalupe - The Puebla Times<\/title>\n<meta name=\"robots\" content=\"index, follow, max-snippet:-1, max-image-preview:large, max-video-preview:-1\" \/>\n<link rel=\"canonical\" href=\"https:\/\/thepueblatimes.mx\/index.php\/2020\/09\/24\/sin-miedo-al-covid-en-acatlan-habra-procesion-a-la-virgen-de-guadalupe\/\" \/>\n<meta property=\"og:locale\" content=\"es_ES\" \/>\n<meta property=\"og:type\" content=\"article\" \/>\n<meta property=\"og:title\" content=\"Sin miedo al Covid | En Acatl\u00e1n habr\u00e1 procesi\u00f3n a la Virgen de Guadalupe - The Puebla Times\" \/>\n<meta property=\"og:description\" content=\"Las medidas restrictivas que han implementado autoridades estatales y de salud, para evitar contagios por Covid-19, ser\u00e1n olvidadas por un momento de fe en Acatl\u00e1n de Osorio. Lo anterior, debido a que en dicho municipio ya est\u00e1 todo listo para recibir a la Antorcha Guadalupana M\u00e9xico-Nueva York este jueves 24 de septiembre. Fidel Mart\u00ednez, p\u00e1rroco...\" \/>\n<meta property=\"og:url\" content=\"https:\/\/thepueblatimes.mx\/index.php\/2020\/09\/24\/sin-miedo-al-covid-en-acatlan-habra-procesion-a-la-virgen-de-guadalupe\/\" \/>\n<meta property=\"og:site_name\" content=\"The Puebla Times\" \/>\n<meta property=\"article:published_time\" content=\"2020-09-24T14:52:21+00:00\" \/>\n<meta property=\"og:image\" content=\"https:\/\/thepueblatimes.mx\/wp-content\/uploads\/2020\/09\/Screenshot-2020-09-24-at-09.51.08.png\" \/>\n\t<meta property=\"og:image:width\" content=\"736\" \/>\n\t<meta property=\"og:image:height\" content=\"463\" \/>\n\t<meta property=\"og:image:type\" content=\"image\/png\" \/>\n<meta name=\"author\" content=\"Marcos Guevara\" \/>\n<meta name=\"twitter:card\" content=\"summary_large_image\" \/>\n<meta name=\"twitter:label1\" content=\"Escrito por\" \/>\n\t<meta name=\"twitter:data1\" content=\"Marcos Guevara\" \/>\n\t<meta name=\"twitter:label2\" content=\"Tiempo de lectura\" \/>\n\t<meta name=\"twitter:data2\" content=\"1 minuto\" \/>\n<script type=\"application\/ld+json\" class=\"yoast-schema-graph\">{\"@context\":\"https:\/\/schema.org\",\"@graph\":[{\"@type\":\"WebPage\",\"@id\":\"https:\/\/thepueblatimes.mx\/index.php\/2020\/09\/24\/sin-miedo-al-covid-en-acatlan-habra-procesion-a-la-virgen-de-guadalupe\/\",\"url\":\"https:\/\/thepueblatimes.mx\/index.php\/2020\/09\/24\/sin-miedo-al-covid-en-acatlan-habra-procesion-a-la-virgen-de-guadalupe\/\",\"name\":\"Sin miedo al Covid | En Acatl\u00e1n habr\u00e1 procesi\u00f3n a la Virgen de Guadalupe - The Puebla Times\",\"isPartOf\":{\"@id\":\"https:\/\/thepueblatimes.mx\/#website\"},\"datePublished\":\"2020-09-24T14:52:21+00:00\",\"dateModified\":\"2020-09-24T14:52:21+00:00\",\"author\":{\"@id\":\"https:\/\/thepueblatimes.mx\/#\/schema\/person\/adbf065ee889f68194977e3499c4a51e\"},\"breadcrumb\":{\"@id\":\"https:\/\/thepueblatimes.mx\/index.php\/2020\/09\/24\/sin-miedo-al-covid-en-acatlan-habra-procesion-a-la-virgen-de-guadalupe\/#breadcrumb\"},\"inLanguage\":\"es\",\"potentialAction\":[{\"@type\":\"ReadAction\",\"target\":[\"https:\/\/thepueblatimes.mx\/index.php\/2020\/09\/24\/sin-miedo-al-covid-en-acatlan-habra-procesion-a-la-virgen-de-guadalupe\/\"]}]},{\"@type\":\"BreadcrumbList\",\"@id\":\"https:\/\/thepueblatimes.mx\/index.php\/2020\/09\/24\/sin-miedo-al-covid-en-acatlan-habra-procesion-a-la-virgen-de-guadalupe\/#breadcrumb\",\"itemListElement\":[{\"@type\":\"ListItem\",\"position\":1,\"name\":\"Portada\",\"item\":\"https:\/\/thepueblatimes.mx\/\"},{\"@type\":\"ListItem\",\"position\":2,\"name\":\"Sin miedo al Covid | En Acatl\u00e1n habr\u00e1 procesi\u00f3n a la Virgen de Guadalupe\"}]},{\"@type\":\"WebSite\",\"@id\":\"https:\/\/thepueblatimes.mx\/#website\",\"url\":\"https:\/\/thepueblatimes.mx\/\",\"name\":\"The Puebla Times\",\"description\":\"Noticias del Estado de Puebla\",\"potentialAction\":[{\"@type\":\"SearchAction\",\"target\":{\"@type\":\"EntryPoint\",\"urlTemplate\":\"https:\/\/thepueblatimes.mx\/?s={search_term_string}\"},\"query-input\":\"required name=search_term_string\"}],\"inLanguage\":\"es\"},{\"@type\":\"Person\",\"@id\":\"https:\/\/thepueblatimes.mx\/#\/schema\/person\/adbf065ee889f68194977e3499c4a51e\",\"name\":\"Marcos Guevara\",\"image\":{\"@type\":\"ImageObject\",\"inLanguage\":\"es\",\"@id\":\"https:\/\/thepueblatimes.mx\/#\/schema\/person\/image\/\",\"url\":\"https:\/\/secure.gravatar.com\/avatar\/c5d5853d70a8cf178bdfd28c1b8cdcdd?s=96&d=mm&r=g\",\"contentUrl\":\"https:\/\/secure.gravatar.com\/avatar\/c5d5853d70a8cf178bdfd28c1b8cdcdd?s=96&d=mm&r=g\",\"caption\":\"Marcos Guevara\"},\"url\":\"https:\/\/thepueblatimes.mx\/index.php\/author\/marcos-guevara\/\"}]}<\/script>\n<!-- \/ Yoast SEO plugin. -->","yoast_head_json":{"title":"Sin miedo al Covid | En Acatl\u00e1n habr\u00e1 procesi\u00f3n a la Virgen de Guadalupe - The Puebla Times","robots":{"index":"index","follow":"follow","max-snippet":"max-snippet:-1","max-image-preview":"max-image-preview:large","max-video-preview":"max-video-preview:-1"},"canonical":"https:\/\/thepueblatimes.mx\/index.php\/2020\/09\/24\/sin-miedo-al-covid-en-acatlan-habra-procesion-a-la-virgen-de-guadalupe\/","og_locale":"es_ES","og_type":"article","og_title":"Sin miedo al Covid | En Acatl\u00e1n habr\u00e1 procesi\u00f3n a la Virgen de Guadalupe - The Puebla Times","og_description":"Las medidas restrictivas que han implementado autoridades estatales y de salud, para evitar contagios por Covid-19, ser\u00e1n olvidadas por un momento de fe en Acatl\u00e1n de Osorio. Lo anterior, debido a que en dicho municipio ya est\u00e1 todo listo para recibir a la Antorcha Guadalupana M\u00e9xico-Nueva York este jueves 24 de septiembre. Fidel Mart\u00ednez, p\u00e1rroco...","og_url":"https:\/\/thepueblatimes.mx\/index.php\/2020\/09\/24\/sin-miedo-al-covid-en-acatlan-habra-procesion-a-la-virgen-de-guadalupe\/","og_site_name":"The Puebla Times","article_published_time":"2020-09-24T14:52:21+00:00","og_image":[{"width":736,"height":463,"url":"https:\/\/thepueblatimes.mx\/wp-content\/uploads\/2020\/09\/Screenshot-2020-09-24-at-09.51.08.png","type":"image\/png"}],"author":"Marcos Guevara","twitter_card":"summary_large_image","twitter_misc":{"Escrito por":"Marcos Guevara","Tiempo de lectura":"1 minuto"},"schema":{"@context":"https:\/\/schema.org","@graph":[{"@type":"WebPage","@id":"https:\/\/thepueblatimes.mx\/index.php\/2020\/09\/24\/sin-miedo-al-covid-en-acatlan-habra-procesion-a-la-virgen-de-guadalupe\/","url":"https:\/\/thepueblatimes.mx\/index.php\/2020\/09\/24\/sin-miedo-al-covid-en-acatlan-habra-procesion-a-la-virgen-de-guadalupe\/","name":"Sin miedo al Covid | En Acatl\u00e1n habr\u00e1 procesi\u00f3n a la Virgen de Guadalupe - The Puebla Times","isPartOf":{"@id":"https:\/\/thepueblatimes.mx\/#website"},"datePublished":"2020-09-24T14:52:21+00:00","dateModified":"2020-09-24T14:52:21+00:00","author":{"@id":"https:\/\/thepueblatimes.mx\/#\/schema\/person\/adbf065ee889f68194977e3499c4a51e"},"breadcrumb":{"@id":"https:\/\/thepueblatimes.mx\/index.php\/2020\/09\/24\/sin-miedo-al-covid-en-acatlan-habra-procesion-a-la-virgen-de-guadalupe\/#breadcrumb"},"inLanguage":"es","potentialAction":[{"@type":"ReadAction","target":["https:\/\/thepueblatimes.mx\/index.php\/2020\/09\/24\/sin-miedo-al-covid-en-acatlan-habra-procesion-a-la-virgen-de-guadalupe\/"]}]},{"@type":"BreadcrumbList","@id":"https:\/\/thepueblatimes.mx\/index.php\/2020\/09\/24\/sin-miedo-al-covid-en-acatlan-habra-procesion-a-la-virgen-de-guadalupe\/#breadcrumb","itemListElement":[{"@type":"ListItem","position":1,"name":"Portada","item":"https:\/\/thepueblatimes.mx\/"},{"@type":"ListItem","position":2,"name":"Sin miedo al Covid | En Acatl\u00e1n habr\u00e1 procesi\u00f3n a la Virgen de Guadalupe"}]},{"@type":"WebSite","@id":"https:\/\/thepueblatimes.mx\/#website","url":"https:\/\/thepueblatimes.mx\/","name":"The Puebla Times","description":"Noticias del Estado de Puebla","potentialAction":[{"@type":"SearchAction","target":{"@type":"EntryPoint","urlTemplate":"https:\/\/thepueblatimes.mx\/?s={search_term_string}"},"query-input":"required name=search_term_string"}],"inLanguage":"es"},{"@type":"Person","@id":"https:\/\/thepueblatimes.mx\/#\/schema\/person\/adbf065ee889f68194977e3499c4a51e","name":"Marcos Guevara","image":{"@type":"ImageObject","inLanguage":"es","@id":"https:\/\/thepueblatimes.mx\/#\/schema\/person\/image\/","url":"https:\/\/secure.gravatar.com\/avatar\/c5d5853d70a8cf178bdfd28c1b8cdcdd?s=96&d=mm&r=g","contentUrl":"https:\/\/secure.gravatar.com\/avatar\/c5d5853d70a8cf178bdfd28c1b8cdcdd?s=96&d=mm&r=g","caption":"Marcos Guevara"},"url":"https:\/\/thepueblatimes.mx\/index.php\/author\/marcos-guevara\/"}]}},"jetpack_featured_media_url":"https:\/\/thepueblatimes.mx\/wp-content\/uploads\/2020\/09\/Screenshot-2020-09-24-at-09.51.08.png","_links":{"self":[{"href":"https:\/\/thepueblatimes.mx\/index.php\/wp-json\/wp\/v2\/posts\/4202"}],"collection":[{"href":"https:\/\/thepueblatimes.mx\/index.php\/wp-json\/wp\/v2\/posts"}],"about":[{"href":"https:\/\/thepueblatimes.mx\/index.php\/wp-json\/wp\/v2\/types\/post"}],"author":[{"embeddable":true,"href":"https:\/\/thepueblatimes.mx\/index.php\/wp-json\/wp\/v2\/users\/4"}],"replies":[{"embeddable":true,"href":"https:\/\/thepueblatimes.mx\/index.php\/wp-json\/wp\/v2\/comments?post=4202"}],"version-history":[{"count":1,"href":"https:\/\/thepueblatimes.mx\/index.php\/wp-json\/wp\/v2\/posts\/4202\/revisions"}],"predecessor-version":[{"id":4204,"href":"https:\/\/thepueblatimes.mx\/index.php\/wp-json\/wp\/v2\/posts\/4202\/revisions\/4204"}],"wp:featuredmedia":[{"embeddable":true,"href":"https:\/\/thepueblatimes.mx\/index.php\/wp-json\/wp\/v2\/media\/4203"}],"wp:attachment":[{"href":"https:\/\/thepueblatimes.mx\/index.php\/wp-json\/wp\/v2\/media?parent=4202"}],"wp:term":[{"taxonomy":"category","embeddable":true,"href":"https:\/\/thepueblatimes.mx\/index.php\/wp-json\/wp\/v2\/categories?post=4202"},{"taxonomy":"post_tag","embeddable":true,"href":"https:\/\/thepueblatimes.mx\/index.php\/wp-json\/wp\/v2\/tags?post=4202"}],"curies":[{"name":"wp","href":"https:\/\/api.w.org\/{rel}","templated":true}]}}