{"id":401,"date":"2020-06-19T15:26:01","date_gmt":"2020-06-19T20:26:01","guid":{"rendered":"https:\/\/thepueblatimes.mx\/?p=401"},"modified":"2020-06-19T15:26:01","modified_gmt":"2020-06-19T20:26:01","slug":"aun-no-hay-condiciones-en-puebla-para-regreso-a-las-actividades-barbosa-huerta","status":"publish","type":"post","link":"https:\/\/thepueblatimes.mx\/index.php\/2020\/06\/19\/aun-no-hay-condiciones-en-puebla-para-regreso-a-las-actividades-barbosa-huerta\/","title":{"rendered":"A\u00fan no hay condiciones en Puebla para regreso a las actividades: Barbosa Huerta"},"content":{"rendered":"<p>Al informar que el estado registr\u00f3 381 nuevos contagios de COVID-19 en las \u00faltimas 24 horas, el gobernador Miguel Barbosa Huerta se\u00f1al\u00f3 que a\u00fan no existen condiciones para el regreso de las actividades en la entidad, como las industrias automotriz y de la construcci\u00f3n.<\/p>\n<p>En videoconferencia de prensa en Casa Aguayo, el titular del Ejecutivo exhort\u00f3 nuevamente a las y los poblanos a tener un comportamiento responsable tanto individual como en sus propias familias, pues solo de esta manera disminuir\u00e1n los contagios.<\/p>\n<p>Reiter\u00f3 que aunque las industrias automotriz y de la construcci\u00f3n est\u00e1n consideradas como actividades esenciales por la federaci\u00f3n, en el estado todav\u00eda no existen condiciones para que regresen por lo que en caso de que empiecen a laborar, representa un riesgo m\u00e1ximo no solo para los trabajadores sino para la poblaci\u00f3n en general.<\/p>\n<p>Barbosa Huerta coment\u00f3 que el Sistema de Salud estatal tiene capacidad para atender a los pacientes con COVID-19; no obstante, pidi\u00f3 a las y los poblanos a que asuman el confinamiento hasta donde les sea posible, la sana distancia y el uso de cubrebocas.<\/p>\n<h3><img decoding=\"async\" loading=\"lazy\" class=\"alignnone wp-image-406 size-full\" src=\"https:\/\/thepueblatimes.mx\/wp-content\/uploads\/2020\/06\/WhatsApp-Image-2020-06-19-at-2.00.40-PM.jpeg\" alt=\"\" width=\"1280\" height=\"853\" srcset=\"https:\/\/thepueblatimes.mx\/wp-content\/uploads\/2020\/06\/WhatsApp-Image-2020-06-19-at-2.00.40-PM.jpeg 1280w, https:\/\/thepueblatimes.mx\/wp-content\/uploads\/2020\/06\/WhatsApp-Image-2020-06-19-at-2.00.40-PM-300x200.jpeg 300w, https:\/\/thepueblatimes.mx\/wp-content\/uploads\/2020\/06\/WhatsApp-Image-2020-06-19-at-2.00.40-PM-1024x682.jpeg 1024w, https:\/\/thepueblatimes.mx\/wp-content\/uploads\/2020\/06\/WhatsApp-Image-2020-06-19-at-2.00.40-PM-768x512.jpeg 768w, https:\/\/thepueblatimes.mx\/wp-content\/uploads\/2020\/06\/WhatsApp-Image-2020-06-19-at-2.00.40-PM-696x464.jpeg 696w, https:\/\/thepueblatimes.mx\/wp-content\/uploads\/2020\/06\/WhatsApp-Image-2020-06-19-at-2.00.40-PM-1068x712.jpeg 1068w\" sizes=\"(max-width: 1280px) 100vw, 1280px\" \/><\/h3>\n<h3>El estado est\u00e1 en alerta m\u00e1xima por COVID-19<\/h3>\n<p>En su intervenci\u00f3n, el subsecretario de Transparencia y Gobierno Digital, Jes\u00fas Ram\u00edrez D\u00edaz inform\u00f3 que el estado est\u00e1 en alerta m\u00e1xima por el COVID-19.<\/p>\n<p>Expres\u00f3 que las regiones de Tehuac\u00e1n, de Puebla, de Tecamachalco y Zacatl\u00e1n est\u00e1n en sem\u00e1foro rojo, lo que significa que hay riesgo m\u00e1ximo y el n\u00famero de contagios va al alza.<\/p>\n<p>Mientras que las regiones de Iz\u00facar de Matamoros y Teziutl\u00e1n est\u00e1n en sem\u00e1foro amarillo, lo que significa un riesgo medio y que el n\u00famero de contagios de coronavirus no ha aumentado.<\/p>\n","protected":false},"excerpt":{"rendered":"<p>Al informar que el estado registr\u00f3 381 nuevos contagios de COVID-19 en las \u00faltimas 24 horas, el gobernador Miguel Barbosa Huerta se\u00f1al\u00f3 que a\u00fan no existen condiciones para el regreso de las actividades en la entidad, como las industrias automotriz y de la construcci\u00f3n. En videoconferencia de prensa en Casa Aguayo, el titular del Ejecutivo&#8230;<\/p>\n","protected":false},"author":4,"featured_media":405,"comment_status":"open","ping_status":"open","sticky":false,"template":"","format":"standard","meta":[],"categories":[20],"tags":[109,108,49],"yoast_head":"<!-- This site is optimized with the Yoast SEO plugin v20.8 - https:\/\/yoast.com\/wordpress\/plugins\/seo\/ -->\n<title>A\u00fan no hay condiciones en Puebla para regreso a las actividades: Barbosa Huerta - The Puebla Times<\/title>\n<meta name=\"robots\" content=\"index, follow, max-snippet:-1, max-image-preview:large, max-video-preview:-1\" \/>\n<link rel=\"canonical\" href=\"https:\/\/thepueblatimes.mx\/index.php\/2020\/06\/19\/aun-no-hay-condiciones-en-puebla-para-regreso-a-las-actividades-barbosa-huerta\/\" \/>\n<meta property=\"og:locale\" content=\"es_ES\" \/>\n<meta property=\"og:type\" content=\"article\" \/>\n<meta property=\"og:title\" content=\"A\u00fan no hay condiciones en Puebla para regreso a las actividades: Barbosa Huerta - The Puebla Times\" \/>\n<meta property=\"og:description\" content=\"Al informar que el estado registr\u00f3 381 nuevos contagios de COVID-19 en las \u00faltimas 24 horas, el gobernador Miguel Barbosa Huerta se\u00f1al\u00f3 que a\u00fan no existen condiciones para el regreso de las actividades en la entidad, como las industrias automotriz y de la construcci\u00f3n. En videoconferencia de prensa en Casa Aguayo, el titular del Ejecutivo...\" \/>\n<meta property=\"og:url\" content=\"https:\/\/thepueblatimes.mx\/index.php\/2020\/06\/19\/aun-no-hay-condiciones-en-puebla-para-regreso-a-las-actividades-barbosa-huerta\/\" \/>\n<meta property=\"og:site_name\" content=\"The Puebla Times\" \/>\n<meta property=\"article:published_time\" content=\"2020-06-19T20:26:01+00:00\" \/>\n<meta property=\"og:image\" content=\"https:\/\/thepueblatimes.mx\/wp-content\/uploads\/2020\/06\/WhatsApp-Image-2020-06-19-at-2.00.40-PM-1.jpeg\" \/>\n\t<meta property=\"og:image:width\" content=\"1280\" \/>\n\t<meta property=\"og:image:height\" content=\"853\" \/>\n\t<meta property=\"og:image:type\" content=\"image\/jpeg\" \/>\n<meta name=\"author\" content=\"Marcos Guevara\" \/>\n<meta name=\"twitter:card\" content=\"summary_large_image\" \/>\n<meta name=\"twitter:label1\" content=\"Escrito por\" \/>\n\t<meta name=\"twitter:data1\" content=\"Marcos Guevara\" \/>\n\t<meta name=\"twitter:label2\" content=\"Tiempo de lectura\" \/>\n\t<meta name=\"twitter:data2\" content=\"1 minuto\" \/>\n<script type=\"application\/ld+json\" class=\"yoast-schema-graph\">{\"@context\":\"https:\/\/schema.org\",\"@graph\":[{\"@type\":\"WebPage\",\"@id\":\"https:\/\/thepueblatimes.mx\/index.php\/2020\/06\/19\/aun-no-hay-condiciones-en-puebla-para-regreso-a-las-actividades-barbosa-huerta\/\",\"url\":\"https:\/\/thepueblatimes.mx\/index.php\/2020\/06\/19\/aun-no-hay-condiciones-en-puebla-para-regreso-a-las-actividades-barbosa-huerta\/\",\"name\":\"A\u00fan no hay condiciones en Puebla para regreso a las actividades: Barbosa Huerta - The Puebla Times\",\"isPartOf\":{\"@id\":\"https:\/\/thepueblatimes.mx\/#website\"},\"datePublished\":\"2020-06-19T20:26:01+00:00\",\"dateModified\":\"2020-06-19T20:26:01+00:00\",\"author\":{\"@id\":\"https:\/\/thepueblatimes.mx\/#\/schema\/person\/adbf065ee889f68194977e3499c4a51e\"},\"breadcrumb\":{\"@id\":\"https:\/\/thepueblatimes.mx\/index.php\/2020\/06\/19\/aun-no-hay-condiciones-en-puebla-para-regreso-a-las-actividades-barbosa-huerta\/#breadcrumb\"},\"inLanguage\":\"es\",\"potentialAction\":[{\"@type\":\"ReadAction\",\"target\":[\"https:\/\/thepueblatimes.mx\/index.php\/2020\/06\/19\/aun-no-hay-condiciones-en-puebla-para-regreso-a-las-actividades-barbosa-huerta\/\"]}]},{\"@type\":\"BreadcrumbList\",\"@id\":\"https:\/\/thepueblatimes.mx\/index.php\/2020\/06\/19\/aun-no-hay-condiciones-en-puebla-para-regreso-a-las-actividades-barbosa-huerta\/#breadcrumb\",\"itemListElement\":[{\"@type\":\"ListItem\",\"position\":1,\"name\":\"Portada\",\"item\":\"https:\/\/thepueblatimes.mx\/\"},{\"@type\":\"ListItem\",\"position\":2,\"name\":\"A\u00fan no hay condiciones en Puebla para regreso a las actividades: Barbosa Huerta\"}]},{\"@type\":\"WebSite\",\"@id\":\"https:\/\/thepueblatimes.mx\/#website\",\"url\":\"https:\/\/thepueblatimes.mx\/\",\"name\":\"The Puebla Times\",\"description\":\"Noticias del Estado de Puebla\",\"potentialAction\":[{\"@type\":\"SearchAction\",\"target\":{\"@type\":\"EntryPoint\",\"urlTemplate\":\"https:\/\/thepueblatimes.mx\/?s={search_term_string}\"},\"query-input\":\"required name=search_term_string\"}],\"inLanguage\":\"es\"},{\"@type\":\"Person\",\"@id\":\"https:\/\/thepueblatimes.mx\/#\/schema\/person\/adbf065ee889f68194977e3499c4a51e\",\"name\":\"Marcos Guevara\",\"image\":{\"@type\":\"ImageObject\",\"inLanguage\":\"es\",\"@id\":\"https:\/\/thepueblatimes.mx\/#\/schema\/person\/image\/\",\"url\":\"https:\/\/secure.gravatar.com\/avatar\/c5d5853d70a8cf178bdfd28c1b8cdcdd?s=96&d=mm&r=g\",\"contentUrl\":\"https:\/\/secure.gravatar.com\/avatar\/c5d5853d70a8cf178bdfd28c1b8cdcdd?s=96&d=mm&r=g\",\"caption\":\"Marcos Guevara\"},\"url\":\"https:\/\/thepueblatimes.mx\/index.php\/author\/marcos-guevara\/\"}]}<\/script>\n<!-- \/ Yoast SEO plugin. -->","yoast_head_json":{"title":"A\u00fan no hay condiciones en Puebla para regreso a las actividades: Barbosa Huerta - The Puebla Times","robots":{"index":"index","follow":"follow","max-snippet":"max-snippet:-1","max-image-preview":"max-image-preview:large","max-video-preview":"max-video-preview:-1"},"canonical":"https:\/\/thepueblatimes.mx\/index.php\/2020\/06\/19\/aun-no-hay-condiciones-en-puebla-para-regreso-a-las-actividades-barbosa-huerta\/","og_locale":"es_ES","og_type":"article","og_title":"A\u00fan no hay condiciones en Puebla para regreso a las actividades: Barbosa Huerta - The Puebla Times","og_description":"Al informar que el estado registr\u00f3 381 nuevos contagios de COVID-19 en las \u00faltimas 24 horas, el gobernador Miguel Barbosa Huerta se\u00f1al\u00f3 que a\u00fan no existen condiciones para el regreso de las actividades en la entidad, como las industrias automotriz y de la construcci\u00f3n. En videoconferencia de prensa en Casa Aguayo, el titular del Ejecutivo...","og_url":"https:\/\/thepueblatimes.mx\/index.php\/2020\/06\/19\/aun-no-hay-condiciones-en-puebla-para-regreso-a-las-actividades-barbosa-huerta\/","og_site_name":"The Puebla Times","article_published_time":"2020-06-19T20:26:01+00:00","og_image":[{"width":1280,"height":853,"url":"https:\/\/thepueblatimes.mx\/wp-content\/uploads\/2020\/06\/WhatsApp-Image-2020-06-19-at-2.00.40-PM-1.jpeg","type":"image\/jpeg"}],"author":"Marcos Guevara","twitter_card":"summary_large_image","twitter_misc":{"Escrito por":"Marcos Guevara","Tiempo de lectura":"1 minuto"},"schema":{"@context":"https:\/\/schema.org","@graph":[{"@type":"WebPage","@id":"https:\/\/thepueblatimes.mx\/index.php\/2020\/06\/19\/aun-no-hay-condiciones-en-puebla-para-regreso-a-las-actividades-barbosa-huerta\/","url":"https:\/\/thepueblatimes.mx\/index.php\/2020\/06\/19\/aun-no-hay-condiciones-en-puebla-para-regreso-a-las-actividades-barbosa-huerta\/","name":"A\u00fan no hay condiciones en Puebla para regreso a las actividades: Barbosa Huerta - The Puebla Times","isPartOf":{"@id":"https:\/\/thepueblatimes.mx\/#website"},"datePublished":"2020-06-19T20:26:01+00:00","dateModified":"2020-06-19T20:26:01+00:00","author":{"@id":"https:\/\/thepueblatimes.mx\/#\/schema\/person\/adbf065ee889f68194977e3499c4a51e"},"breadcrumb":{"@id":"https:\/\/thepueblatimes.mx\/index.php\/2020\/06\/19\/aun-no-hay-condiciones-en-puebla-para-regreso-a-las-actividades-barbosa-huerta\/#breadcrumb"},"inLanguage":"es","potentialAction":[{"@type":"ReadAction","target":["https:\/\/thepueblatimes.mx\/index.php\/2020\/06\/19\/aun-no-hay-condiciones-en-puebla-para-regreso-a-las-actividades-barbosa-huerta\/"]}]},{"@type":"BreadcrumbList","@id":"https:\/\/thepueblatimes.mx\/index.php\/2020\/06\/19\/aun-no-hay-condiciones-en-puebla-para-regreso-a-las-actividades-barbosa-huerta\/#breadcrumb","itemListElement":[{"@type":"ListItem","position":1,"name":"Portada","item":"https:\/\/thepueblatimes.mx\/"},{"@type":"ListItem","position":2,"name":"A\u00fan no hay condiciones en Puebla para regreso a las actividades: Barbosa Huerta"}]},{"@type":"WebSite","@id":"https:\/\/thepueblatimes.mx\/#website","url":"https:\/\/thepueblatimes.mx\/","name":"The Puebla Times","description":"Noticias del Estado de Puebla","potentialAction":[{"@type":"SearchAction","target":{"@type":"EntryPoint","urlTemplate":"https:\/\/thepueblatimes.mx\/?s={search_term_string}"},"query-input":"required name=search_term_string"}],"inLanguage":"es"},{"@type":"Person","@id":"https:\/\/thepueblatimes.mx\/#\/schema\/person\/adbf065ee889f68194977e3499c4a51e","name":"Marcos Guevara","image":{"@type":"ImageObject","inLanguage":"es","@id":"https:\/\/thepueblatimes.mx\/#\/schema\/person\/image\/","url":"https:\/\/secure.gravatar.com\/avatar\/c5d5853d70a8cf178bdfd28c1b8cdcdd?s=96&d=mm&r=g","contentUrl":"https:\/\/secure.gravatar.com\/avatar\/c5d5853d70a8cf178bdfd28c1b8cdcdd?s=96&d=mm&r=g","caption":"Marcos Guevara"},"url":"https:\/\/thepueblatimes.mx\/index.php\/author\/marcos-guevara\/"}]}},"jetpack_featured_media_url":"https:\/\/thepueblatimes.mx\/wp-content\/uploads\/2020\/06\/WhatsApp-Image-2020-06-19-at-2.00.40-PM-1.jpeg","_links":{"self":[{"href":"https:\/\/thepueblatimes.mx\/index.php\/wp-json\/wp\/v2\/posts\/401"}],"collection":[{"href":"https:\/\/thepueblatimes.mx\/index.php\/wp-json\/wp\/v2\/posts"}],"about":[{"href":"https:\/\/thepueblatimes.mx\/index.php\/wp-json\/wp\/v2\/types\/post"}],"author":[{"embeddable":true,"href":"https:\/\/thepueblatimes.mx\/index.php\/wp-json\/wp\/v2\/users\/4"}],"replies":[{"embeddable":true,"href":"https:\/\/thepueblatimes.mx\/index.php\/wp-json\/wp\/v2\/comments?post=401"}],"version-history":[{"count":2,"href":"https:\/\/thepueblatimes.mx\/index.php\/wp-json\/wp\/v2\/posts\/401\/revisions"}],"predecessor-version":[{"id":412,"href":"https:\/\/thepueblatimes.mx\/index.php\/wp-json\/wp\/v2\/posts\/401\/revisions\/412"}],"wp:featuredmedia":[{"embeddable":true,"href":"https:\/\/thepueblatimes.mx\/index.php\/wp-json\/wp\/v2\/media\/405"}],"wp:attachment":[{"href":"https:\/\/thepueblatimes.mx\/index.php\/wp-json\/wp\/v2\/media?parent=401"}],"wp:term":[{"taxonomy":"category","embeddable":true,"href":"https:\/\/thepueblatimes.mx\/index.php\/wp-json\/wp\/v2\/categories?post=401"},{"taxonomy":"post_tag","embeddable":true,"href":"https:\/\/thepueblatimes.mx\/index.php\/wp-json\/wp\/v2\/tags?post=401"}],"curies":[{"name":"wp","href":"https:\/\/api.w.org\/{rel}","templated":true}]}}