{"id":40070,"date":"2026-09-05T11:19:56","date_gmt":"2026-09-05T17:19:56","guid":{"rendered":"https:\/\/thepueblatimes.mx\/?p=40070"},"modified":"2026-09-05T11:19:56","modified_gmt":"2026-09-05T17:19:56","slug":"tony-gali-asegura-que-no-buscara-la-presidencia-municipal-de-puebla","status":"publish","type":"post","link":"https:\/\/thepueblatimes.mx\/index.php\/2026\/09\/05\/tony-gali-asegura-que-no-buscara-la-presidencia-municipal-de-puebla\/","title":{"rendered":"Tony Gali asegura que no buscar\u00e1 la presidencia municipal de Puebla"},"content":{"rendered":"<p>Tony Gali Fayad se\u00f1al\u00f3 que no busca contender por la alcald\u00eda de Puebla capital.<\/p>\n<p>Subray\u00f3 que para acabar con especulaciones, de una vez se descarta de esta contienda.<\/p>\n<p>Expres\u00f3, \u201cde una vez te lo digo claro, no voy por la presidencia municipal. No estoy buscando ninguna posici\u00f3n, esa es la verdad\u201d.<\/p>\n<p>Puntualiz\u00f3 que no busca un cargo, sino para apoyar en el trabajo de organizaci\u00f3n y creaci\u00f3n de estructura, en Movimiento Ciudadano.<\/p>\n<p>Anticip\u00f3 que es necesario \u201cformar los comit\u00e9s municipales y trabajar con ellos en los 217 municipios porque obviamente no est\u00e1n completos\u201d.<\/p>\n<p>Por lo que hace a su filiaci\u00f3n partidista, puntualiz\u00f3 que aunque fue candidato por el PAN, nunca estuvo afiliado ni a este ni a alg\u00fan otro partido pol\u00edtico.<\/p>\n<p>Refiri\u00f3 que el PAN le prometi\u00f3 una alcald\u00eda de cuatro a\u00f1os, ocho meses, y que al final no le cumpli\u00f3, as\u00ed como que desde que termin\u00f3 su gobierno, perdi\u00f3 todo contacto con el albiazul.<\/p>\n","protected":false},"excerpt":{"rendered":"<p>Tony Gali Fayad se\u00f1al\u00f3 que no busca contender por la alcald\u00eda de Puebla capital. Subray\u00f3 que para acabar con especulaciones, de una vez se descarta de esta contienda. Expres\u00f3, \u201cde una vez te lo digo claro, no voy por la presidencia municipal. No estoy buscando ninguna posici\u00f3n, esa es la verdad\u201d. Puntualiz\u00f3 que no busca&#8230;<\/p>\n","protected":false},"author":16,"featured_media":40077,"comment_status":"closed","ping_status":"closed","sticky":false,"template":"","format":"standard","meta":[],"categories":[542],"tags":[5017,3666,1301,1382],"yoast_head":"<!-- This site is optimized with the Yoast SEO plugin v20.8 - https:\/\/yoast.com\/wordpress\/plugins\/seo\/ -->\n<title>Tony Gali asegura que no buscar\u00e1 la presidencia municipal de Puebla - The Puebla Times<\/title>\n<meta name=\"robots\" content=\"index, follow, max-snippet:-1, max-image-preview:large, max-video-preview:-1\" \/>\n<link rel=\"canonical\" href=\"https:\/\/thepueblatimes.mx\/index.php\/2026\/09\/05\/tony-gali-asegura-que-no-buscara-la-presidencia-municipal-de-puebla\/\" \/>\n<meta property=\"og:locale\" content=\"es_ES\" \/>\n<meta property=\"og:type\" content=\"article\" \/>\n<meta property=\"og:title\" content=\"Tony Gali asegura que no buscar\u00e1 la presidencia municipal de Puebla - The Puebla Times\" \/>\n<meta property=\"og:description\" content=\"Tony Gali Fayad se\u00f1al\u00f3 que no busca contender por la alcald\u00eda de Puebla capital. Subray\u00f3 que para acabar con especulaciones, de una vez se descarta de esta contienda. Expres\u00f3, \u201cde una vez te lo digo claro, no voy por la presidencia municipal. No estoy buscando ninguna posici\u00f3n, esa es la verdad\u201d. Puntualiz\u00f3 que no busca...\" \/>\n<meta property=\"og:url\" content=\"https:\/\/thepueblatimes.mx\/index.php\/2026\/09\/05\/tony-gali-asegura-que-no-buscara-la-presidencia-municipal-de-puebla\/\" \/>\n<meta property=\"og:site_name\" content=\"The Puebla Times\" \/>\n<meta property=\"article:published_time\" content=\"2026-09-05T17:19:56+00:00\" \/>\n<meta property=\"og:image\" content=\"https:\/\/thepueblatimes.mx\/wp-content\/uploads\/2026\/09\/images-26.jpg\" \/>\n\t<meta property=\"og:image:width\" content=\"678\" \/>\n\t<meta property=\"og:image:height\" content=\"452\" \/>\n\t<meta property=\"og:image:type\" content=\"image\/jpeg\" \/>\n<meta name=\"author\" content=\"Sa\u00fal Hern\u00e1ndez\" \/>\n<meta name=\"twitter:card\" content=\"summary_large_image\" \/>\n<meta name=\"twitter:label1\" content=\"Escrito por\" \/>\n\t<meta name=\"twitter:data1\" content=\"Sa\u00fal Hern\u00e1ndez\" \/>\n\t<meta name=\"twitter:label2\" content=\"Tiempo de lectura\" \/>\n\t<meta name=\"twitter:data2\" content=\"1 minuto\" \/>\n<script type=\"application\/ld+json\" class=\"yoast-schema-graph\">{\"@context\":\"https:\/\/schema.org\",\"@graph\":[{\"@type\":\"WebPage\",\"@id\":\"https:\/\/thepueblatimes.mx\/index.php\/2026\/09\/05\/tony-gali-asegura-que-no-buscara-la-presidencia-municipal-de-puebla\/\",\"url\":\"https:\/\/thepueblatimes.mx\/index.php\/2026\/09\/05\/tony-gali-asegura-que-no-buscara-la-presidencia-municipal-de-puebla\/\",\"name\":\"Tony Gali asegura que no buscar\u00e1 la presidencia municipal de Puebla - The Puebla Times\",\"isPartOf\":{\"@id\":\"https:\/\/thepueblatimes.mx\/#website\"},\"datePublished\":\"2026-09-05T17:19:56+00:00\",\"dateModified\":\"2026-09-05T17:19:56+00:00\",\"author\":{\"@id\":\"https:\/\/thepueblatimes.mx\/#\/schema\/person\/1664894c2f65ce2c7a08d8f5f905c13c\"},\"breadcrumb\":{\"@id\":\"https:\/\/thepueblatimes.mx\/index.php\/2026\/09\/05\/tony-gali-asegura-que-no-buscara-la-presidencia-municipal-de-puebla\/#breadcrumb\"},\"inLanguage\":\"es\",\"potentialAction\":[{\"@type\":\"ReadAction\",\"target\":[\"https:\/\/thepueblatimes.mx\/index.php\/2026\/09\/05\/tony-gali-asegura-que-no-buscara-la-presidencia-municipal-de-puebla\/\"]}]},{\"@type\":\"BreadcrumbList\",\"@id\":\"https:\/\/thepueblatimes.mx\/index.php\/2026\/09\/05\/tony-gali-asegura-que-no-buscara-la-presidencia-municipal-de-puebla\/#breadcrumb\",\"itemListElement\":[{\"@type\":\"ListItem\",\"position\":1,\"name\":\"Portada\",\"item\":\"https:\/\/thepueblatimes.mx\/\"},{\"@type\":\"ListItem\",\"position\":2,\"name\":\"Tony Gali asegura que no buscar\u00e1 la presidencia municipal de Puebla\"}]},{\"@type\":\"WebSite\",\"@id\":\"https:\/\/thepueblatimes.mx\/#website\",\"url\":\"https:\/\/thepueblatimes.mx\/\",\"name\":\"The Puebla Times\",\"description\":\"Noticias del Estado de Puebla\",\"potentialAction\":[{\"@type\":\"SearchAction\",\"target\":{\"@type\":\"EntryPoint\",\"urlTemplate\":\"https:\/\/thepueblatimes.mx\/?s={search_term_string}\"},\"query-input\":\"required name=search_term_string\"}],\"inLanguage\":\"es\"},{\"@type\":\"Person\",\"@id\":\"https:\/\/thepueblatimes.mx\/#\/schema\/person\/1664894c2f65ce2c7a08d8f5f905c13c\",\"name\":\"Sa\u00fal Hern\u00e1ndez\",\"image\":{\"@type\":\"ImageObject\",\"inLanguage\":\"es\",\"@id\":\"https:\/\/thepueblatimes.mx\/#\/schema\/person\/image\/\",\"url\":\"https:\/\/secure.gravatar.com\/avatar\/11be338693f243309532caad8f10c930?s=96&d=mm&r=g\",\"contentUrl\":\"https:\/\/secure.gravatar.com\/avatar\/11be338693f243309532caad8f10c930?s=96&d=mm&r=g\",\"caption\":\"Sa\u00fal Hern\u00e1ndez\"},\"url\":\"https:\/\/thepueblatimes.mx\/index.php\/author\/saulhernandez\/\"}]}<\/script>\n<!-- \/ Yoast SEO plugin. -->","yoast_head_json":{"title":"Tony Gali asegura que no buscar\u00e1 la presidencia municipal de Puebla - The Puebla Times","robots":{"index":"index","follow":"follow","max-snippet":"max-snippet:-1","max-image-preview":"max-image-preview:large","max-video-preview":"max-video-preview:-1"},"canonical":"https:\/\/thepueblatimes.mx\/index.php\/2026\/09\/05\/tony-gali-asegura-que-no-buscara-la-presidencia-municipal-de-puebla\/","og_locale":"es_ES","og_type":"article","og_title":"Tony Gali asegura que no buscar\u00e1 la presidencia municipal de Puebla - The Puebla Times","og_description":"Tony Gali Fayad se\u00f1al\u00f3 que no busca contender por la alcald\u00eda de Puebla capital. Subray\u00f3 que para acabar con especulaciones, de una vez se descarta de esta contienda. Expres\u00f3, \u201cde una vez te lo digo claro, no voy por la presidencia municipal. No estoy buscando ninguna posici\u00f3n, esa es la verdad\u201d. Puntualiz\u00f3 que no busca...","og_url":"https:\/\/thepueblatimes.mx\/index.php\/2026\/09\/05\/tony-gali-asegura-que-no-buscara-la-presidencia-municipal-de-puebla\/","og_site_name":"The Puebla Times","article_published_time":"2026-09-05T17:19:56+00:00","og_image":[{"width":678,"height":452,"url":"https:\/\/thepueblatimes.mx\/wp-content\/uploads\/2026\/09\/images-26.jpg","type":"image\/jpeg"}],"author":"Sa\u00fal Hern\u00e1ndez","twitter_card":"summary_large_image","twitter_misc":{"Escrito por":"Sa\u00fal Hern\u00e1ndez","Tiempo de lectura":"1 minuto"},"schema":{"@context":"https:\/\/schema.org","@graph":[{"@type":"WebPage","@id":"https:\/\/thepueblatimes.mx\/index.php\/2026\/09\/05\/tony-gali-asegura-que-no-buscara-la-presidencia-municipal-de-puebla\/","url":"https:\/\/thepueblatimes.mx\/index.php\/2026\/09\/05\/tony-gali-asegura-que-no-buscara-la-presidencia-municipal-de-puebla\/","name":"Tony Gali asegura que no buscar\u00e1 la presidencia municipal de Puebla - The Puebla Times","isPartOf":{"@id":"https:\/\/thepueblatimes.mx\/#website"},"datePublished":"2026-09-05T17:19:56+00:00","dateModified":"2026-09-05T17:19:56+00:00","author":{"@id":"https:\/\/thepueblatimes.mx\/#\/schema\/person\/1664894c2f65ce2c7a08d8f5f905c13c"},"breadcrumb":{"@id":"https:\/\/thepueblatimes.mx\/index.php\/2026\/09\/05\/tony-gali-asegura-que-no-buscara-la-presidencia-municipal-de-puebla\/#breadcrumb"},"inLanguage":"es","potentialAction":[{"@type":"ReadAction","target":["https:\/\/thepueblatimes.mx\/index.php\/2026\/09\/05\/tony-gali-asegura-que-no-buscara-la-presidencia-municipal-de-puebla\/"]}]},{"@type":"BreadcrumbList","@id":"https:\/\/thepueblatimes.mx\/index.php\/2026\/09\/05\/tony-gali-asegura-que-no-buscara-la-presidencia-municipal-de-puebla\/#breadcrumb","itemListElement":[{"@type":"ListItem","position":1,"name":"Portada","item":"https:\/\/thepueblatimes.mx\/"},{"@type":"ListItem","position":2,"name":"Tony Gali asegura que no buscar\u00e1 la presidencia municipal de Puebla"}]},{"@type":"WebSite","@id":"https:\/\/thepueblatimes.mx\/#website","url":"https:\/\/thepueblatimes.mx\/","name":"The Puebla Times","description":"Noticias del Estado de Puebla","potentialAction":[{"@type":"SearchAction","target":{"@type":"EntryPoint","urlTemplate":"https:\/\/thepueblatimes.mx\/?s={search_term_string}"},"query-input":"required name=search_term_string"}],"inLanguage":"es"},{"@type":"Person","@id":"https:\/\/thepueblatimes.mx\/#\/schema\/person\/1664894c2f65ce2c7a08d8f5f905c13c","name":"Sa\u00fal Hern\u00e1ndez","image":{"@type":"ImageObject","inLanguage":"es","@id":"https:\/\/thepueblatimes.mx\/#\/schema\/person\/image\/","url":"https:\/\/secure.gravatar.com\/avatar\/11be338693f243309532caad8f10c930?s=96&d=mm&r=g","contentUrl":"https:\/\/secure.gravatar.com\/avatar\/11be338693f243309532caad8f10c930?s=96&d=mm&r=g","caption":"Sa\u00fal Hern\u00e1ndez"},"url":"https:\/\/thepueblatimes.mx\/index.php\/author\/saulhernandez\/"}]}},"jetpack_featured_media_url":"https:\/\/thepueblatimes.mx\/wp-content\/uploads\/2026\/09\/images-26.jpg","_links":{"self":[{"href":"https:\/\/thepueblatimes.mx\/index.php\/wp-json\/wp\/v2\/posts\/40070"}],"collection":[{"href":"https:\/\/thepueblatimes.mx\/index.php\/wp-json\/wp\/v2\/posts"}],"about":[{"href":"https:\/\/thepueblatimes.mx\/index.php\/wp-json\/wp\/v2\/types\/post"}],"author":[{"embeddable":true,"href":"https:\/\/thepueblatimes.mx\/index.php\/wp-json\/wp\/v2\/users\/16"}],"replies":[{"embeddable":true,"href":"https:\/\/thepueblatimes.mx\/index.php\/wp-json\/wp\/v2\/comments?post=40070"}],"version-history":[{"count":1,"href":"https:\/\/thepueblatimes.mx\/index.php\/wp-json\/wp\/v2\/posts\/40070\/revisions"}],"predecessor-version":[{"id":40078,"href":"https:\/\/thepueblatimes.mx\/index.php\/wp-json\/wp\/v2\/posts\/40070\/revisions\/40078"}],"wp:featuredmedia":[{"embeddable":true,"href":"https:\/\/thepueblatimes.mx\/index.php\/wp-json\/wp\/v2\/media\/40077"}],"wp:attachment":[{"href":"https:\/\/thepueblatimes.mx\/index.php\/wp-json\/wp\/v2\/media?parent=40070"}],"wp:term":[{"taxonomy":"category","embeddable":true,"href":"https:\/\/thepueblatimes.mx\/index.php\/wp-json\/wp\/v2\/categories?post=40070"},{"taxonomy":"post_tag","embeddable":true,"href":"https:\/\/thepueblatimes.mx\/index.php\/wp-json\/wp\/v2\/tags?post=40070"}],"curies":[{"name":"wp","href":"https:\/\/api.w.org\/{rel}","templated":true}]}}