{"id":40068,"date":"2026-09-05T11:16:08","date_gmt":"2026-09-05T17:16:08","guid":{"rendered":"https:\/\/thepueblatimes.mx\/?p=40068"},"modified":"2026-09-05T11:16:08","modified_gmt":"2026-09-05T17:16:08","slug":"pt-abre-las-puertas-a-nay-salvatori","status":"publish","type":"post","link":"https:\/\/thepueblatimes.mx\/index.php\/2026\/09\/05\/pt-abre-las-puertas-a-nay-salvatori\/","title":{"rendered":"PT abre las puertas a Nay Salvatori"},"content":{"rendered":"<p>La senadora por el Partido del Trabajo, Lizeth S\u00e1nchez calific\u00f3 a Nayeli Salvatori como trabajadora y pol\u00e9mica, al tiempo que expres\u00f3 apertura para su instituto pol\u00edtico en caso de que decida salir de Morena.<\/p>\n<p>Expres\u00f3, \u201creconozco a Nayeli como una mujer guerrera, trabajadora, pol\u00e9mica; as\u00ed ha sido siempre su esencia, pero nosotros en alg\u00fan momento le abrimos las puertas a todos los ciudadanos que desean participar en el proceso, ya saben el tema es ganar la encuesta, pero al final tampoco vamos a contravenir con Morena. Tambi\u00e9n nosotros seremos respetuosos de esas partes, sin duda, Nayeli Salvatori ser\u00e1 bienvenida\u201d, afirm\u00f3.<\/p>\n<p>Adem\u00e1s, refiri\u00f3 que como parte del acuerdo de la coalici\u00f3n con Morena, las y los candidatos a diputaciones federales se definir\u00e1n por una encuesta. No obstante, asegur\u00f3 que su partido propondr\u00e1 perfiles competitivos que ganar\u00e1n la candidatura, donde reiter\u00f3 la apertura a la ciudadan\u00eda.<\/p>\n<p>Por su parte, Nay Salvatori apunt\u00f3, \u201cyo me voy a acatar a lo que diga el partido\u00bb; dijo que por decisi\u00f3n personal rechaz\u00f3 una impugnaci\u00f3n ante el \u00f3rgano partidista y acatar\u00e1 la resoluci\u00f3n respectiva.<\/p>\n<p>Manifest\u00f3, \u201cno quiero impugnarlo por otra v\u00eda; esa fue una decisi\u00f3n de los abogados de marcar otra ruta. Yo me voy a acatar a lo que dice el partido y me quedo con esta audiencia esperando la resoluci\u00f3n de mi partido\u201d.<\/p>\n<p>Refiri\u00f3 que discuti\u00f3 el tema con sus abogados, quienes insist\u00edan en impugnarlo ante la Sala Superior del Tribunal Electoral del Poder Judicial de la Federaci\u00f3n debido a la restricci\u00f3n para aspirar a un puesto de elecci\u00f3n en 2027.<\/p>\n","protected":false},"excerpt":{"rendered":"<p>La senadora por el Partido del Trabajo, Lizeth S\u00e1nchez calific\u00f3 a Nayeli Salvatori como trabajadora y pol\u00e9mica, al tiempo que expres\u00f3 apertura para su instituto pol\u00edtico en caso de que decida salir de Morena. Expres\u00f3, \u201creconozco a Nayeli como una mujer guerrera, trabajadora, pol\u00e9mica; as\u00ed ha sido siempre su esencia, pero nosotros en alg\u00fan momento&#8230;<\/p>\n","protected":false},"author":16,"featured_media":40073,"comment_status":"closed","ping_status":"closed","sticky":false,"template":"","format":"standard","meta":[],"categories":[542],"tags":[437,1603,5298],"yoast_head":"<!-- This site is optimized with the Yoast SEO plugin v20.8 - https:\/\/yoast.com\/wordpress\/plugins\/seo\/ -->\n<title>PT abre las puertas a Nay Salvatori - The Puebla Times<\/title>\n<meta name=\"robots\" content=\"index, follow, max-snippet:-1, max-image-preview:large, max-video-preview:-1\" \/>\n<link rel=\"canonical\" href=\"https:\/\/thepueblatimes.mx\/index.php\/2026\/09\/05\/pt-abre-las-puertas-a-nay-salvatori\/\" \/>\n<meta property=\"og:locale\" content=\"es_ES\" \/>\n<meta property=\"og:type\" content=\"article\" \/>\n<meta property=\"og:title\" content=\"PT abre las puertas a Nay Salvatori - The Puebla Times\" \/>\n<meta property=\"og:description\" content=\"La senadora por el Partido del Trabajo, Lizeth S\u00e1nchez calific\u00f3 a Nayeli Salvatori como trabajadora y pol\u00e9mica, al tiempo que expres\u00f3 apertura para su instituto pol\u00edtico en caso de que decida salir de Morena. Expres\u00f3, \u201creconozco a Nayeli como una mujer guerrera, trabajadora, pol\u00e9mica; as\u00ed ha sido siempre su esencia, pero nosotros en alg\u00fan momento...\" \/>\n<meta property=\"og:url\" content=\"https:\/\/thepueblatimes.mx\/index.php\/2026\/09\/05\/pt-abre-las-puertas-a-nay-salvatori\/\" \/>\n<meta property=\"og:site_name\" content=\"The Puebla Times\" \/>\n<meta property=\"article:published_time\" content=\"2026-09-05T17:16:08+00:00\" \/>\n<meta property=\"og:image\" content=\"https:\/\/thepueblatimes.mx\/wp-content\/uploads\/2026\/09\/NaySalvatori_PT.webp\" \/>\n\t<meta property=\"og:image:width\" content=\"1200\" \/>\n\t<meta property=\"og:image:height\" content=\"675\" \/>\n\t<meta property=\"og:image:type\" content=\"image\/webp\" \/>\n<meta name=\"author\" content=\"Sa\u00fal Hern\u00e1ndez\" \/>\n<meta name=\"twitter:card\" content=\"summary_large_image\" \/>\n<meta name=\"twitter:label1\" content=\"Escrito por\" \/>\n\t<meta name=\"twitter:data1\" content=\"Sa\u00fal Hern\u00e1ndez\" \/>\n\t<meta name=\"twitter:label2\" content=\"Tiempo de lectura\" \/>\n\t<meta name=\"twitter:data2\" content=\"2 minutos\" \/>\n<script type=\"application\/ld+json\" class=\"yoast-schema-graph\">{\"@context\":\"https:\/\/schema.org\",\"@graph\":[{\"@type\":\"WebPage\",\"@id\":\"https:\/\/thepueblatimes.mx\/index.php\/2026\/09\/05\/pt-abre-las-puertas-a-nay-salvatori\/\",\"url\":\"https:\/\/thepueblatimes.mx\/index.php\/2026\/09\/05\/pt-abre-las-puertas-a-nay-salvatori\/\",\"name\":\"PT abre las puertas a Nay Salvatori - The Puebla Times\",\"isPartOf\":{\"@id\":\"https:\/\/thepueblatimes.mx\/#website\"},\"datePublished\":\"2026-09-05T17:16:08+00:00\",\"dateModified\":\"2026-09-05T17:16:08+00:00\",\"author\":{\"@id\":\"https:\/\/thepueblatimes.mx\/#\/schema\/person\/1664894c2f65ce2c7a08d8f5f905c13c\"},\"breadcrumb\":{\"@id\":\"https:\/\/thepueblatimes.mx\/index.php\/2026\/09\/05\/pt-abre-las-puertas-a-nay-salvatori\/#breadcrumb\"},\"inLanguage\":\"es\",\"potentialAction\":[{\"@type\":\"ReadAction\",\"target\":[\"https:\/\/thepueblatimes.mx\/index.php\/2026\/09\/05\/pt-abre-las-puertas-a-nay-salvatori\/\"]}]},{\"@type\":\"BreadcrumbList\",\"@id\":\"https:\/\/thepueblatimes.mx\/index.php\/2026\/09\/05\/pt-abre-las-puertas-a-nay-salvatori\/#breadcrumb\",\"itemListElement\":[{\"@type\":\"ListItem\",\"position\":1,\"name\":\"Portada\",\"item\":\"https:\/\/thepueblatimes.mx\/\"},{\"@type\":\"ListItem\",\"position\":2,\"name\":\"PT abre las puertas a Nay Salvatori\"}]},{\"@type\":\"WebSite\",\"@id\":\"https:\/\/thepueblatimes.mx\/#website\",\"url\":\"https:\/\/thepueblatimes.mx\/\",\"name\":\"The Puebla Times\",\"description\":\"Noticias del Estado de Puebla\",\"potentialAction\":[{\"@type\":\"SearchAction\",\"target\":{\"@type\":\"EntryPoint\",\"urlTemplate\":\"https:\/\/thepueblatimes.mx\/?s={search_term_string}\"},\"query-input\":\"required name=search_term_string\"}],\"inLanguage\":\"es\"},{\"@type\":\"Person\",\"@id\":\"https:\/\/thepueblatimes.mx\/#\/schema\/person\/1664894c2f65ce2c7a08d8f5f905c13c\",\"name\":\"Sa\u00fal Hern\u00e1ndez\",\"image\":{\"@type\":\"ImageObject\",\"inLanguage\":\"es\",\"@id\":\"https:\/\/thepueblatimes.mx\/#\/schema\/person\/image\/\",\"url\":\"https:\/\/secure.gravatar.com\/avatar\/11be338693f243309532caad8f10c930?s=96&d=mm&r=g\",\"contentUrl\":\"https:\/\/secure.gravatar.com\/avatar\/11be338693f243309532caad8f10c930?s=96&d=mm&r=g\",\"caption\":\"Sa\u00fal Hern\u00e1ndez\"},\"url\":\"https:\/\/thepueblatimes.mx\/index.php\/author\/saulhernandez\/\"}]}<\/script>\n<!-- \/ Yoast SEO plugin. -->","yoast_head_json":{"title":"PT abre las puertas a Nay Salvatori - The Puebla Times","robots":{"index":"index","follow":"follow","max-snippet":"max-snippet:-1","max-image-preview":"max-image-preview:large","max-video-preview":"max-video-preview:-1"},"canonical":"https:\/\/thepueblatimes.mx\/index.php\/2026\/09\/05\/pt-abre-las-puertas-a-nay-salvatori\/","og_locale":"es_ES","og_type":"article","og_title":"PT abre las puertas a Nay Salvatori - The Puebla Times","og_description":"La senadora por el Partido del Trabajo, Lizeth S\u00e1nchez calific\u00f3 a Nayeli Salvatori como trabajadora y pol\u00e9mica, al tiempo que expres\u00f3 apertura para su instituto pol\u00edtico en caso de que decida salir de Morena. Expres\u00f3, \u201creconozco a Nayeli como una mujer guerrera, trabajadora, pol\u00e9mica; as\u00ed ha sido siempre su esencia, pero nosotros en alg\u00fan momento...","og_url":"https:\/\/thepueblatimes.mx\/index.php\/2026\/09\/05\/pt-abre-las-puertas-a-nay-salvatori\/","og_site_name":"The Puebla Times","article_published_time":"2026-09-05T17:16:08+00:00","og_image":[{"width":1200,"height":675,"url":"https:\/\/thepueblatimes.mx\/wp-content\/uploads\/2026\/09\/NaySalvatori_PT.webp","type":"image\/webp"}],"author":"Sa\u00fal Hern\u00e1ndez","twitter_card":"summary_large_image","twitter_misc":{"Escrito por":"Sa\u00fal Hern\u00e1ndez","Tiempo de lectura":"2 minutos"},"schema":{"@context":"https:\/\/schema.org","@graph":[{"@type":"WebPage","@id":"https:\/\/thepueblatimes.mx\/index.php\/2026\/09\/05\/pt-abre-las-puertas-a-nay-salvatori\/","url":"https:\/\/thepueblatimes.mx\/index.php\/2026\/09\/05\/pt-abre-las-puertas-a-nay-salvatori\/","name":"PT abre las puertas a Nay Salvatori - The Puebla Times","isPartOf":{"@id":"https:\/\/thepueblatimes.mx\/#website"},"datePublished":"2026-09-05T17:16:08+00:00","dateModified":"2026-09-05T17:16:08+00:00","author":{"@id":"https:\/\/thepueblatimes.mx\/#\/schema\/person\/1664894c2f65ce2c7a08d8f5f905c13c"},"breadcrumb":{"@id":"https:\/\/thepueblatimes.mx\/index.php\/2026\/09\/05\/pt-abre-las-puertas-a-nay-salvatori\/#breadcrumb"},"inLanguage":"es","potentialAction":[{"@type":"ReadAction","target":["https:\/\/thepueblatimes.mx\/index.php\/2026\/09\/05\/pt-abre-las-puertas-a-nay-salvatori\/"]}]},{"@type":"BreadcrumbList","@id":"https:\/\/thepueblatimes.mx\/index.php\/2026\/09\/05\/pt-abre-las-puertas-a-nay-salvatori\/#breadcrumb","itemListElement":[{"@type":"ListItem","position":1,"name":"Portada","item":"https:\/\/thepueblatimes.mx\/"},{"@type":"ListItem","position":2,"name":"PT abre las puertas a Nay Salvatori"}]},{"@type":"WebSite","@id":"https:\/\/thepueblatimes.mx\/#website","url":"https:\/\/thepueblatimes.mx\/","name":"The Puebla Times","description":"Noticias del Estado de Puebla","potentialAction":[{"@type":"SearchAction","target":{"@type":"EntryPoint","urlTemplate":"https:\/\/thepueblatimes.mx\/?s={search_term_string}"},"query-input":"required name=search_term_string"}],"inLanguage":"es"},{"@type":"Person","@id":"https:\/\/thepueblatimes.mx\/#\/schema\/person\/1664894c2f65ce2c7a08d8f5f905c13c","name":"Sa\u00fal Hern\u00e1ndez","image":{"@type":"ImageObject","inLanguage":"es","@id":"https:\/\/thepueblatimes.mx\/#\/schema\/person\/image\/","url":"https:\/\/secure.gravatar.com\/avatar\/11be338693f243309532caad8f10c930?s=96&d=mm&r=g","contentUrl":"https:\/\/secure.gravatar.com\/avatar\/11be338693f243309532caad8f10c930?s=96&d=mm&r=g","caption":"Sa\u00fal Hern\u00e1ndez"},"url":"https:\/\/thepueblatimes.mx\/index.php\/author\/saulhernandez\/"}]}},"jetpack_featured_media_url":"https:\/\/thepueblatimes.mx\/wp-content\/uploads\/2026\/09\/NaySalvatori_PT.webp","_links":{"self":[{"href":"https:\/\/thepueblatimes.mx\/index.php\/wp-json\/wp\/v2\/posts\/40068"}],"collection":[{"href":"https:\/\/thepueblatimes.mx\/index.php\/wp-json\/wp\/v2\/posts"}],"about":[{"href":"https:\/\/thepueblatimes.mx\/index.php\/wp-json\/wp\/v2\/types\/post"}],"author":[{"embeddable":true,"href":"https:\/\/thepueblatimes.mx\/index.php\/wp-json\/wp\/v2\/users\/16"}],"replies":[{"embeddable":true,"href":"https:\/\/thepueblatimes.mx\/index.php\/wp-json\/wp\/v2\/comments?post=40068"}],"version-history":[{"count":1,"href":"https:\/\/thepueblatimes.mx\/index.php\/wp-json\/wp\/v2\/posts\/40068\/revisions"}],"predecessor-version":[{"id":40074,"href":"https:\/\/thepueblatimes.mx\/index.php\/wp-json\/wp\/v2\/posts\/40068\/revisions\/40074"}],"wp:featuredmedia":[{"embeddable":true,"href":"https:\/\/thepueblatimes.mx\/index.php\/wp-json\/wp\/v2\/media\/40073"}],"wp:attachment":[{"href":"https:\/\/thepueblatimes.mx\/index.php\/wp-json\/wp\/v2\/media?parent=40068"}],"wp:term":[{"taxonomy":"category","embeddable":true,"href":"https:\/\/thepueblatimes.mx\/index.php\/wp-json\/wp\/v2\/categories?post=40068"},{"taxonomy":"post_tag","embeddable":true,"href":"https:\/\/thepueblatimes.mx\/index.php\/wp-json\/wp\/v2\/tags?post=40068"}],"curies":[{"name":"wp","href":"https:\/\/api.w.org\/{rel}","templated":true}]}}