{"id":40067,"date":"2026-09-05T11:21:17","date_gmt":"2026-09-05T17:21:17","guid":{"rendered":"https:\/\/thepueblatimes.mx\/?p=40067"},"modified":"2026-09-05T11:21:17","modified_gmt":"2026-09-05T17:21:17","slug":"impulsa-gobierno-de-pepe-chedraui-recuperacion-de-espacios-publicos-a-traves-del-arte-urbano","status":"publish","type":"post","link":"https:\/\/thepueblatimes.mx\/index.php\/2026\/09\/05\/impulsa-gobierno-de-pepe-chedraui-recuperacion-de-espacios-publicos-a-traves-del-arte-urbano\/","title":{"rendered":"Impulsa Gobierno de Pepe Chedraui recuperaci\u00f3n de espacios p\u00fablicos a trav\u00e9s del arte urbano"},"content":{"rendered":"<h3><em>&#8211; En el marco de la intervenci\u00f3n de un mural de gran formato en la 14 Sur y Bulevar Capit\u00e1n Carlos Camacho Esp\u00edritu en colaboraci\u00f3n con la BUAP<\/em><\/h3>\n<h3><em>&#8211; La intervenci\u00f3n del muralista mexicano Teddy Kelly form\u00f3 parte del foro Con\u00e9ctate Emprendedor que en esta edici\u00f3n busc\u00f3 acercar el arte a la ciudadan\u00eda y la recuperaci\u00f3n del sentido social en la localidad<\/em><\/h3>\n<p>Puebla, Pue.- Como parte de las actividades de Con\u00e9ctate Emprendedor, el Gobierno de la Ciudad, que encabeza el alcalde Pepe Chedraui, en colaboraci\u00f3n con la Benem\u00e9rita Universidad Aut\u00f3noma de Puebla (BUAP), realiz\u00f3 el Foro Efecto Reparo, con la participaci\u00f3n del muralista mexicano Teddy Kelly.<\/p>\n<p>Este foro se desarrolla en el marco de la intervenci\u00f3n de un mural de gran formato en el puente vehicular ubicado en la intersecci\u00f3n de la 14 Sur y el Bulevar Capit\u00e1n Carlos Camacho Esp\u00edritu por parte del muralista con el prop\u00f3sito de recuperar y embellecer el espacio p\u00fablico, as\u00ed como sensibilizar a quienes transitan por esta importante vialidad.<\/p>\n<p>En su mensaje, Jaime Oropeza Casas, secretario de Econom\u00eda y Turismo destac\u00f3 el trabajo colaborativo entre el Gobierno de la Ciudad junto con la comunidad universitaria y la iniciativa privada para la intervenci\u00f3n de esta obra art\u00edstica. Asimismo, se\u00f1al\u00f3 que, bajo la instrucci\u00f3n del alcalde Pepe Chedraui, se han realizado 14 foros de Con\u00e9ctate Emprendedor, que re\u00fanen a expertas y expertos para compartir motivaci\u00f3n, conocimientos e ideas que impulsen los emprendimientos y el talento poblano.<\/p>\n<p>Asimismo, Luis Enrique Mena Campos, presidente del Consejo de Creadores M\u00e9xico, resalt\u00f3 que se trata de un proyecto integral, resultado de una colaboraci\u00f3n multiinstitucional para generar espacios seguros y fortalecer el tejido social.<\/p>\n<p>Por su parte, en representaci\u00f3n de la Rectora Lilia Cedillo Ram\u00edrez, Omar Aguirre Ibarra, Defensor de los Derechos Universitarios de la BUAP, mencion\u00f3 que este mural no solo es una obra de arte, sino que es un s\u00edmbolo vivo de lo que ocurre cuando la visi\u00f3n art\u00edstica, el compromiso social y la institucionalidad trabajan en conjunto. Adem\u00e1s, se\u00f1al\u00f3 que la iniciativa Efecto Reparo, nos invita a reflexionar sobre c\u00f3mo las peque\u00f1as acciones pueden reparar tambi\u00e9n, el tejido social.<\/p>\n<p>La intervenci\u00f3n art\u00edstica se realiz\u00f3 como resultado de la carta compromiso suscrita el pasado 13 de noviembre entre el artista, la BUAP y el Gobierno de la Ciudad, en el marco de Con\u00e9ctate Emprendedor y Creadores M\u00e9xico 2025, para desarrollar este proyecto en un punto estrat\u00e9gico de conexi\u00f3n con la comunidad universitaria.<\/p>\n<p>Bajo el liderazgo del alcalde Pepe Chedraui, el Gobierno de la Ciudad reafirma su compromiso de fortalecer alianzas con los sectores acad\u00e9mico y privado, mediante acciones que impulsen la recuperaci\u00f3n del espacios p\u00fablicos en favor de poblanas y poblanos.<\/p>\n","protected":false},"excerpt":{"rendered":"<p>&#8211; En el marco de la intervenci\u00f3n de un mural de gran formato en la 14 Sur y Bulevar Capit\u00e1n Carlos Camacho Esp\u00edritu en colaboraci\u00f3n con la BUAP &#8211; La intervenci\u00f3n del muralista mexicano Teddy Kelly form\u00f3 parte del foro Con\u00e9ctate Emprendedor que en esta edici\u00f3n busc\u00f3 acercar el arte a la ciudadan\u00eda y la&#8230;<\/p>\n","protected":false},"author":16,"featured_media":40079,"comment_status":"closed","ping_status":"closed","sticky":false,"template":"","format":"standard","meta":[],"categories":[20],"tags":[1287,3074],"yoast_head":"<!-- This site is optimized with the Yoast SEO plugin v20.8 - https:\/\/yoast.com\/wordpress\/plugins\/seo\/ -->\n<title>Impulsa Gobierno de Pepe Chedraui recuperaci\u00f3n de espacios p\u00fablicos a trav\u00e9s del arte urbano - The Puebla Times<\/title>\n<meta name=\"robots\" content=\"index, follow, max-snippet:-1, max-image-preview:large, max-video-preview:-1\" \/>\n<link rel=\"canonical\" href=\"https:\/\/thepueblatimes.mx\/index.php\/2026\/09\/05\/impulsa-gobierno-de-pepe-chedraui-recuperacion-de-espacios-publicos-a-traves-del-arte-urbano\/\" \/>\n<meta property=\"og:locale\" content=\"es_ES\" \/>\n<meta property=\"og:type\" content=\"article\" \/>\n<meta property=\"og:title\" content=\"Impulsa Gobierno de Pepe Chedraui recuperaci\u00f3n de espacios p\u00fablicos a trav\u00e9s del arte urbano - The Puebla Times\" \/>\n<meta property=\"og:description\" content=\"&#8211; En el marco de la intervenci\u00f3n de un mural de gran formato en la 14 Sur y Bulevar Capit\u00e1n Carlos Camacho Esp\u00edritu en colaboraci\u00f3n con la BUAP &#8211; La intervenci\u00f3n del muralista mexicano Teddy Kelly form\u00f3 parte del foro Con\u00e9ctate Emprendedor que en esta edici\u00f3n busc\u00f3 acercar el arte a la ciudadan\u00eda y la...\" \/>\n<meta property=\"og:url\" content=\"https:\/\/thepueblatimes.mx\/index.php\/2026\/09\/05\/impulsa-gobierno-de-pepe-chedraui-recuperacion-de-espacios-publicos-a-traves-del-arte-urbano\/\" \/>\n<meta property=\"og:site_name\" content=\"The Puebla Times\" \/>\n<meta property=\"article:published_time\" content=\"2026-09-05T17:21:17+00:00\" \/>\n<meta property=\"og:image\" content=\"https:\/\/thepueblatimes.mx\/wp-content\/uploads\/2026\/09\/WhatsApp-Image-2026-09-04-at-17.44.55.jpeg\" \/>\n\t<meta property=\"og:image:width\" content=\"2560\" \/>\n\t<meta property=\"og:image:height\" content=\"1707\" \/>\n\t<meta property=\"og:image:type\" content=\"image\/jpeg\" \/>\n<meta name=\"author\" content=\"Sa\u00fal Hern\u00e1ndez\" \/>\n<meta name=\"twitter:card\" content=\"summary_large_image\" \/>\n<meta name=\"twitter:label1\" content=\"Escrito por\" \/>\n\t<meta name=\"twitter:data1\" content=\"Sa\u00fal Hern\u00e1ndez\" \/>\n\t<meta name=\"twitter:label2\" content=\"Tiempo de lectura\" \/>\n\t<meta name=\"twitter:data2\" content=\"3 minutos\" \/>\n<script type=\"application\/ld+json\" class=\"yoast-schema-graph\">{\"@context\":\"https:\/\/schema.org\",\"@graph\":[{\"@type\":\"WebPage\",\"@id\":\"https:\/\/thepueblatimes.mx\/index.php\/2026\/09\/05\/impulsa-gobierno-de-pepe-chedraui-recuperacion-de-espacios-publicos-a-traves-del-arte-urbano\/\",\"url\":\"https:\/\/thepueblatimes.mx\/index.php\/2026\/09\/05\/impulsa-gobierno-de-pepe-chedraui-recuperacion-de-espacios-publicos-a-traves-del-arte-urbano\/\",\"name\":\"Impulsa Gobierno de Pepe Chedraui recuperaci\u00f3n de espacios p\u00fablicos a trav\u00e9s del arte urbano - The Puebla Times\",\"isPartOf\":{\"@id\":\"https:\/\/thepueblatimes.mx\/#website\"},\"datePublished\":\"2026-09-05T17:21:17+00:00\",\"dateModified\":\"2026-09-05T17:21:17+00:00\",\"author\":{\"@id\":\"https:\/\/thepueblatimes.mx\/#\/schema\/person\/1664894c2f65ce2c7a08d8f5f905c13c\"},\"breadcrumb\":{\"@id\":\"https:\/\/thepueblatimes.mx\/index.php\/2026\/09\/05\/impulsa-gobierno-de-pepe-chedraui-recuperacion-de-espacios-publicos-a-traves-del-arte-urbano\/#breadcrumb\"},\"inLanguage\":\"es\",\"potentialAction\":[{\"@type\":\"ReadAction\",\"target\":[\"https:\/\/thepueblatimes.mx\/index.php\/2026\/09\/05\/impulsa-gobierno-de-pepe-chedraui-recuperacion-de-espacios-publicos-a-traves-del-arte-urbano\/\"]}]},{\"@type\":\"BreadcrumbList\",\"@id\":\"https:\/\/thepueblatimes.mx\/index.php\/2026\/09\/05\/impulsa-gobierno-de-pepe-chedraui-recuperacion-de-espacios-publicos-a-traves-del-arte-urbano\/#breadcrumb\",\"itemListElement\":[{\"@type\":\"ListItem\",\"position\":1,\"name\":\"Portada\",\"item\":\"https:\/\/thepueblatimes.mx\/\"},{\"@type\":\"ListItem\",\"position\":2,\"name\":\"Impulsa Gobierno de Pepe Chedraui recuperaci\u00f3n de espacios p\u00fablicos a trav\u00e9s del arte urbano\"}]},{\"@type\":\"WebSite\",\"@id\":\"https:\/\/thepueblatimes.mx\/#website\",\"url\":\"https:\/\/thepueblatimes.mx\/\",\"name\":\"The Puebla Times\",\"description\":\"Noticias del Estado de Puebla\",\"potentialAction\":[{\"@type\":\"SearchAction\",\"target\":{\"@type\":\"EntryPoint\",\"urlTemplate\":\"https:\/\/thepueblatimes.mx\/?s={search_term_string}\"},\"query-input\":\"required name=search_term_string\"}],\"inLanguage\":\"es\"},{\"@type\":\"Person\",\"@id\":\"https:\/\/thepueblatimes.mx\/#\/schema\/person\/1664894c2f65ce2c7a08d8f5f905c13c\",\"name\":\"Sa\u00fal Hern\u00e1ndez\",\"image\":{\"@type\":\"ImageObject\",\"inLanguage\":\"es\",\"@id\":\"https:\/\/thepueblatimes.mx\/#\/schema\/person\/image\/\",\"url\":\"https:\/\/secure.gravatar.com\/avatar\/11be338693f243309532caad8f10c930?s=96&d=mm&r=g\",\"contentUrl\":\"https:\/\/secure.gravatar.com\/avatar\/11be338693f243309532caad8f10c930?s=96&d=mm&r=g\",\"caption\":\"Sa\u00fal Hern\u00e1ndez\"},\"url\":\"https:\/\/thepueblatimes.mx\/index.php\/author\/saulhernandez\/\"}]}<\/script>\n<!-- \/ Yoast SEO plugin. -->","yoast_head_json":{"title":"Impulsa Gobierno de Pepe Chedraui recuperaci\u00f3n de espacios p\u00fablicos a trav\u00e9s del arte urbano - The Puebla Times","robots":{"index":"index","follow":"follow","max-snippet":"max-snippet:-1","max-image-preview":"max-image-preview:large","max-video-preview":"max-video-preview:-1"},"canonical":"https:\/\/thepueblatimes.mx\/index.php\/2026\/09\/05\/impulsa-gobierno-de-pepe-chedraui-recuperacion-de-espacios-publicos-a-traves-del-arte-urbano\/","og_locale":"es_ES","og_type":"article","og_title":"Impulsa Gobierno de Pepe Chedraui recuperaci\u00f3n de espacios p\u00fablicos a trav\u00e9s del arte urbano - The Puebla Times","og_description":"&#8211; En el marco de la intervenci\u00f3n de un mural de gran formato en la 14 Sur y Bulevar Capit\u00e1n Carlos Camacho Esp\u00edritu en colaboraci\u00f3n con la BUAP &#8211; La intervenci\u00f3n del muralista mexicano Teddy Kelly form\u00f3 parte del foro Con\u00e9ctate Emprendedor que en esta edici\u00f3n busc\u00f3 acercar el arte a la ciudadan\u00eda y la...","og_url":"https:\/\/thepueblatimes.mx\/index.php\/2026\/09\/05\/impulsa-gobierno-de-pepe-chedraui-recuperacion-de-espacios-publicos-a-traves-del-arte-urbano\/","og_site_name":"The Puebla Times","article_published_time":"2026-09-05T17:21:17+00:00","og_image":[{"width":2560,"height":1707,"url":"https:\/\/thepueblatimes.mx\/wp-content\/uploads\/2026\/09\/WhatsApp-Image-2026-09-04-at-17.44.55.jpeg","type":"image\/jpeg"}],"author":"Sa\u00fal Hern\u00e1ndez","twitter_card":"summary_large_image","twitter_misc":{"Escrito por":"Sa\u00fal Hern\u00e1ndez","Tiempo de lectura":"3 minutos"},"schema":{"@context":"https:\/\/schema.org","@graph":[{"@type":"WebPage","@id":"https:\/\/thepueblatimes.mx\/index.php\/2026\/09\/05\/impulsa-gobierno-de-pepe-chedraui-recuperacion-de-espacios-publicos-a-traves-del-arte-urbano\/","url":"https:\/\/thepueblatimes.mx\/index.php\/2026\/09\/05\/impulsa-gobierno-de-pepe-chedraui-recuperacion-de-espacios-publicos-a-traves-del-arte-urbano\/","name":"Impulsa Gobierno de Pepe Chedraui recuperaci\u00f3n de espacios p\u00fablicos a trav\u00e9s del arte urbano - The Puebla Times","isPartOf":{"@id":"https:\/\/thepueblatimes.mx\/#website"},"datePublished":"2026-09-05T17:21:17+00:00","dateModified":"2026-09-05T17:21:17+00:00","author":{"@id":"https:\/\/thepueblatimes.mx\/#\/schema\/person\/1664894c2f65ce2c7a08d8f5f905c13c"},"breadcrumb":{"@id":"https:\/\/thepueblatimes.mx\/index.php\/2026\/09\/05\/impulsa-gobierno-de-pepe-chedraui-recuperacion-de-espacios-publicos-a-traves-del-arte-urbano\/#breadcrumb"},"inLanguage":"es","potentialAction":[{"@type":"ReadAction","target":["https:\/\/thepueblatimes.mx\/index.php\/2026\/09\/05\/impulsa-gobierno-de-pepe-chedraui-recuperacion-de-espacios-publicos-a-traves-del-arte-urbano\/"]}]},{"@type":"BreadcrumbList","@id":"https:\/\/thepueblatimes.mx\/index.php\/2026\/09\/05\/impulsa-gobierno-de-pepe-chedraui-recuperacion-de-espacios-publicos-a-traves-del-arte-urbano\/#breadcrumb","itemListElement":[{"@type":"ListItem","position":1,"name":"Portada","item":"https:\/\/thepueblatimes.mx\/"},{"@type":"ListItem","position":2,"name":"Impulsa Gobierno de Pepe Chedraui recuperaci\u00f3n de espacios p\u00fablicos a trav\u00e9s del arte urbano"}]},{"@type":"WebSite","@id":"https:\/\/thepueblatimes.mx\/#website","url":"https:\/\/thepueblatimes.mx\/","name":"The Puebla Times","description":"Noticias del Estado de Puebla","potentialAction":[{"@type":"SearchAction","target":{"@type":"EntryPoint","urlTemplate":"https:\/\/thepueblatimes.mx\/?s={search_term_string}"},"query-input":"required name=search_term_string"}],"inLanguage":"es"},{"@type":"Person","@id":"https:\/\/thepueblatimes.mx\/#\/schema\/person\/1664894c2f65ce2c7a08d8f5f905c13c","name":"Sa\u00fal Hern\u00e1ndez","image":{"@type":"ImageObject","inLanguage":"es","@id":"https:\/\/thepueblatimes.mx\/#\/schema\/person\/image\/","url":"https:\/\/secure.gravatar.com\/avatar\/11be338693f243309532caad8f10c930?s=96&d=mm&r=g","contentUrl":"https:\/\/secure.gravatar.com\/avatar\/11be338693f243309532caad8f10c930?s=96&d=mm&r=g","caption":"Sa\u00fal Hern\u00e1ndez"},"url":"https:\/\/thepueblatimes.mx\/index.php\/author\/saulhernandez\/"}]}},"jetpack_featured_media_url":"https:\/\/thepueblatimes.mx\/wp-content\/uploads\/2026\/09\/WhatsApp-Image-2026-09-04-at-17.44.55.jpeg","_links":{"self":[{"href":"https:\/\/thepueblatimes.mx\/index.php\/wp-json\/wp\/v2\/posts\/40067"}],"collection":[{"href":"https:\/\/thepueblatimes.mx\/index.php\/wp-json\/wp\/v2\/posts"}],"about":[{"href":"https:\/\/thepueblatimes.mx\/index.php\/wp-json\/wp\/v2\/types\/post"}],"author":[{"embeddable":true,"href":"https:\/\/thepueblatimes.mx\/index.php\/wp-json\/wp\/v2\/users\/16"}],"replies":[{"embeddable":true,"href":"https:\/\/thepueblatimes.mx\/index.php\/wp-json\/wp\/v2\/comments?post=40067"}],"version-history":[{"count":1,"href":"https:\/\/thepueblatimes.mx\/index.php\/wp-json\/wp\/v2\/posts\/40067\/revisions"}],"predecessor-version":[{"id":40080,"href":"https:\/\/thepueblatimes.mx\/index.php\/wp-json\/wp\/v2\/posts\/40067\/revisions\/40080"}],"wp:featuredmedia":[{"embeddable":true,"href":"https:\/\/thepueblatimes.mx\/index.php\/wp-json\/wp\/v2\/media\/40079"}],"wp:attachment":[{"href":"https:\/\/thepueblatimes.mx\/index.php\/wp-json\/wp\/v2\/media?parent=40067"}],"wp:term":[{"taxonomy":"category","embeddable":true,"href":"https:\/\/thepueblatimes.mx\/index.php\/wp-json\/wp\/v2\/categories?post=40067"},{"taxonomy":"post_tag","embeddable":true,"href":"https:\/\/thepueblatimes.mx\/index.php\/wp-json\/wp\/v2\/tags?post=40067"}],"curies":[{"name":"wp","href":"https:\/\/api.w.org\/{rel}","templated":true}]}}