{"id":40066,"date":"2026-09-05T11:14:38","date_gmt":"2026-09-05T17:14:38","guid":{"rendered":"https:\/\/thepueblatimes.mx\/?p=40066"},"modified":"2026-09-05T11:14:38","modified_gmt":"2026-09-05T17:14:38","slug":"fedrha-suriano-defiende-a-los-gali","status":"publish","type":"post","link":"https:\/\/thepueblatimes.mx\/index.php\/2026\/09\/05\/fedrha-suriano-defiende-a-los-gali\/","title":{"rendered":"Fedrha Suriano defiende a los Gali"},"content":{"rendered":"<p>La dirigencia estatal de Movimiento Ciudadano, Fedrha Suriano sali\u00f3 en defensa de Tony Gali y sus hijos, luego de que se hizo p\u00fablico que son propietarios del predio donde operaba la concesionaria Dimont Motors (Dimotor).<\/p>\n<p>La concesionaria fue cateada como parte del operativo desplegado por las fuerzas federales para aprehender a Gov\u00e9n Ulisses N., alias \u201cEl Amarillo\u201d, presunto operador financiero de la c\u00e9lula criminal \u201cLos Rusos\u201d, originaria de Acapulco.<\/p>\n<p>Fedrha Suriano Corrales asegur\u00f3 que \u201cno hay nada oculto\u201d respecto al patrimonio de la familia Gali y sostuvo que el arrendamiento del predio a terceros se realiz\u00f3 bajo el principio de buena fe.<\/p>\n<p>Expres\u00f3, \u201ces un predio que es propiedad de la familia Gali y ya ha sido reportado en las declaraciones patrimoniales que \u00e9l ha presentado en sus distintos encargos como servidor p\u00fablico. Se rent\u00f3 a terceros; las relaciones contractuales son siempre de buena fe y me parece que es el poseedor actual quien tendr\u00e1 que responder al respecto. Las autoridades buscan se\u00f1alar la v\u00eda m\u00e1s f\u00e1cil\u201d.<\/p>\n","protected":false},"excerpt":{"rendered":"<p>La dirigencia estatal de Movimiento Ciudadano, Fedrha Suriano sali\u00f3 en defensa de Tony Gali y sus hijos, luego de que se hizo p\u00fablico que son propietarios del predio donde operaba la concesionaria Dimont Motors (Dimotor). La concesionaria fue cateada como parte del operativo desplegado por las fuerzas federales para aprehender a Gov\u00e9n Ulisses N., alias&#8230;<\/p>\n","protected":false},"author":16,"featured_media":40071,"comment_status":"closed","ping_status":"closed","sticky":false,"template":"","format":"standard","meta":[],"categories":[542],"tags":[4160,5297,5296],"yoast_head":"<!-- This site is optimized with the Yoast SEO plugin v20.8 - https:\/\/yoast.com\/wordpress\/plugins\/seo\/ -->\n<title>Fedrha Suriano defiende a los Gali - The Puebla Times<\/title>\n<meta name=\"robots\" content=\"index, follow, max-snippet:-1, max-image-preview:large, max-video-preview:-1\" \/>\n<link rel=\"canonical\" href=\"https:\/\/thepueblatimes.mx\/index.php\/2026\/09\/05\/fedrha-suriano-defiende-a-los-gali\/\" \/>\n<meta property=\"og:locale\" content=\"es_ES\" \/>\n<meta property=\"og:type\" content=\"article\" \/>\n<meta property=\"og:title\" content=\"Fedrha Suriano defiende a los Gali - The Puebla Times\" \/>\n<meta property=\"og:description\" content=\"La dirigencia estatal de Movimiento Ciudadano, Fedrha Suriano sali\u00f3 en defensa de Tony Gali y sus hijos, luego de que se hizo p\u00fablico que son propietarios del predio donde operaba la concesionaria Dimont Motors (Dimotor). La concesionaria fue cateada como parte del operativo desplegado por las fuerzas federales para aprehender a Gov\u00e9n Ulisses N., alias...\" \/>\n<meta property=\"og:url\" content=\"https:\/\/thepueblatimes.mx\/index.php\/2026\/09\/05\/fedrha-suriano-defiende-a-los-gali\/\" \/>\n<meta property=\"og:site_name\" content=\"The Puebla Times\" \/>\n<meta property=\"article:published_time\" content=\"2026-09-05T17:14:38+00:00\" \/>\n<meta property=\"og:image\" content=\"https:\/\/thepueblatimes.mx\/wp-content\/uploads\/2026\/09\/501015876_18069917393491990_5086754599949636202_n.jpg\" \/>\n\t<meta property=\"og:image:width\" content=\"1440\" \/>\n\t<meta property=\"og:image:height\" content=\"810\" \/>\n\t<meta property=\"og:image:type\" content=\"image\/jpeg\" \/>\n<meta name=\"author\" content=\"Sa\u00fal Hern\u00e1ndez\" \/>\n<meta name=\"twitter:card\" content=\"summary_large_image\" \/>\n<meta name=\"twitter:label1\" content=\"Escrito por\" \/>\n\t<meta name=\"twitter:data1\" content=\"Sa\u00fal Hern\u00e1ndez\" \/>\n\t<meta name=\"twitter:label2\" content=\"Tiempo de lectura\" \/>\n\t<meta name=\"twitter:data2\" content=\"1 minuto\" \/>\n<script type=\"application\/ld+json\" class=\"yoast-schema-graph\">{\"@context\":\"https:\/\/schema.org\",\"@graph\":[{\"@type\":\"WebPage\",\"@id\":\"https:\/\/thepueblatimes.mx\/index.php\/2026\/09\/05\/fedrha-suriano-defiende-a-los-gali\/\",\"url\":\"https:\/\/thepueblatimes.mx\/index.php\/2026\/09\/05\/fedrha-suriano-defiende-a-los-gali\/\",\"name\":\"Fedrha Suriano defiende a los Gali - The Puebla Times\",\"isPartOf\":{\"@id\":\"https:\/\/thepueblatimes.mx\/#website\"},\"datePublished\":\"2026-09-05T17:14:38+00:00\",\"dateModified\":\"2026-09-05T17:14:38+00:00\",\"author\":{\"@id\":\"https:\/\/thepueblatimes.mx\/#\/schema\/person\/1664894c2f65ce2c7a08d8f5f905c13c\"},\"breadcrumb\":{\"@id\":\"https:\/\/thepueblatimes.mx\/index.php\/2026\/09\/05\/fedrha-suriano-defiende-a-los-gali\/#breadcrumb\"},\"inLanguage\":\"es\",\"potentialAction\":[{\"@type\":\"ReadAction\",\"target\":[\"https:\/\/thepueblatimes.mx\/index.php\/2026\/09\/05\/fedrha-suriano-defiende-a-los-gali\/\"]}]},{\"@type\":\"BreadcrumbList\",\"@id\":\"https:\/\/thepueblatimes.mx\/index.php\/2026\/09\/05\/fedrha-suriano-defiende-a-los-gali\/#breadcrumb\",\"itemListElement\":[{\"@type\":\"ListItem\",\"position\":1,\"name\":\"Portada\",\"item\":\"https:\/\/thepueblatimes.mx\/\"},{\"@type\":\"ListItem\",\"position\":2,\"name\":\"Fedrha Suriano defiende a los Gali\"}]},{\"@type\":\"WebSite\",\"@id\":\"https:\/\/thepueblatimes.mx\/#website\",\"url\":\"https:\/\/thepueblatimes.mx\/\",\"name\":\"The Puebla Times\",\"description\":\"Noticias del Estado de Puebla\",\"potentialAction\":[{\"@type\":\"SearchAction\",\"target\":{\"@type\":\"EntryPoint\",\"urlTemplate\":\"https:\/\/thepueblatimes.mx\/?s={search_term_string}\"},\"query-input\":\"required name=search_term_string\"}],\"inLanguage\":\"es\"},{\"@type\":\"Person\",\"@id\":\"https:\/\/thepueblatimes.mx\/#\/schema\/person\/1664894c2f65ce2c7a08d8f5f905c13c\",\"name\":\"Sa\u00fal Hern\u00e1ndez\",\"image\":{\"@type\":\"ImageObject\",\"inLanguage\":\"es\",\"@id\":\"https:\/\/thepueblatimes.mx\/#\/schema\/person\/image\/\",\"url\":\"https:\/\/secure.gravatar.com\/avatar\/11be338693f243309532caad8f10c930?s=96&d=mm&r=g\",\"contentUrl\":\"https:\/\/secure.gravatar.com\/avatar\/11be338693f243309532caad8f10c930?s=96&d=mm&r=g\",\"caption\":\"Sa\u00fal Hern\u00e1ndez\"},\"url\":\"https:\/\/thepueblatimes.mx\/index.php\/author\/saulhernandez\/\"}]}<\/script>\n<!-- \/ Yoast SEO plugin. -->","yoast_head_json":{"title":"Fedrha Suriano defiende a los Gali - The Puebla Times","robots":{"index":"index","follow":"follow","max-snippet":"max-snippet:-1","max-image-preview":"max-image-preview:large","max-video-preview":"max-video-preview:-1"},"canonical":"https:\/\/thepueblatimes.mx\/index.php\/2026\/09\/05\/fedrha-suriano-defiende-a-los-gali\/","og_locale":"es_ES","og_type":"article","og_title":"Fedrha Suriano defiende a los Gali - The Puebla Times","og_description":"La dirigencia estatal de Movimiento Ciudadano, Fedrha Suriano sali\u00f3 en defensa de Tony Gali y sus hijos, luego de que se hizo p\u00fablico que son propietarios del predio donde operaba la concesionaria Dimont Motors (Dimotor). La concesionaria fue cateada como parte del operativo desplegado por las fuerzas federales para aprehender a Gov\u00e9n Ulisses N., alias...","og_url":"https:\/\/thepueblatimes.mx\/index.php\/2026\/09\/05\/fedrha-suriano-defiende-a-los-gali\/","og_site_name":"The Puebla Times","article_published_time":"2026-09-05T17:14:38+00:00","og_image":[{"width":1440,"height":810,"url":"https:\/\/thepueblatimes.mx\/wp-content\/uploads\/2026\/09\/501015876_18069917393491990_5086754599949636202_n.jpg","type":"image\/jpeg"}],"author":"Sa\u00fal Hern\u00e1ndez","twitter_card":"summary_large_image","twitter_misc":{"Escrito por":"Sa\u00fal Hern\u00e1ndez","Tiempo de lectura":"1 minuto"},"schema":{"@context":"https:\/\/schema.org","@graph":[{"@type":"WebPage","@id":"https:\/\/thepueblatimes.mx\/index.php\/2026\/09\/05\/fedrha-suriano-defiende-a-los-gali\/","url":"https:\/\/thepueblatimes.mx\/index.php\/2026\/09\/05\/fedrha-suriano-defiende-a-los-gali\/","name":"Fedrha Suriano defiende a los Gali - The Puebla Times","isPartOf":{"@id":"https:\/\/thepueblatimes.mx\/#website"},"datePublished":"2026-09-05T17:14:38+00:00","dateModified":"2026-09-05T17:14:38+00:00","author":{"@id":"https:\/\/thepueblatimes.mx\/#\/schema\/person\/1664894c2f65ce2c7a08d8f5f905c13c"},"breadcrumb":{"@id":"https:\/\/thepueblatimes.mx\/index.php\/2026\/09\/05\/fedrha-suriano-defiende-a-los-gali\/#breadcrumb"},"inLanguage":"es","potentialAction":[{"@type":"ReadAction","target":["https:\/\/thepueblatimes.mx\/index.php\/2026\/09\/05\/fedrha-suriano-defiende-a-los-gali\/"]}]},{"@type":"BreadcrumbList","@id":"https:\/\/thepueblatimes.mx\/index.php\/2026\/09\/05\/fedrha-suriano-defiende-a-los-gali\/#breadcrumb","itemListElement":[{"@type":"ListItem","position":1,"name":"Portada","item":"https:\/\/thepueblatimes.mx\/"},{"@type":"ListItem","position":2,"name":"Fedrha Suriano defiende a los Gali"}]},{"@type":"WebSite","@id":"https:\/\/thepueblatimes.mx\/#website","url":"https:\/\/thepueblatimes.mx\/","name":"The Puebla Times","description":"Noticias del Estado de Puebla","potentialAction":[{"@type":"SearchAction","target":{"@type":"EntryPoint","urlTemplate":"https:\/\/thepueblatimes.mx\/?s={search_term_string}"},"query-input":"required name=search_term_string"}],"inLanguage":"es"},{"@type":"Person","@id":"https:\/\/thepueblatimes.mx\/#\/schema\/person\/1664894c2f65ce2c7a08d8f5f905c13c","name":"Sa\u00fal Hern\u00e1ndez","image":{"@type":"ImageObject","inLanguage":"es","@id":"https:\/\/thepueblatimes.mx\/#\/schema\/person\/image\/","url":"https:\/\/secure.gravatar.com\/avatar\/11be338693f243309532caad8f10c930?s=96&d=mm&r=g","contentUrl":"https:\/\/secure.gravatar.com\/avatar\/11be338693f243309532caad8f10c930?s=96&d=mm&r=g","caption":"Sa\u00fal Hern\u00e1ndez"},"url":"https:\/\/thepueblatimes.mx\/index.php\/author\/saulhernandez\/"}]}},"jetpack_featured_media_url":"https:\/\/thepueblatimes.mx\/wp-content\/uploads\/2026\/09\/501015876_18069917393491990_5086754599949636202_n.jpg","_links":{"self":[{"href":"https:\/\/thepueblatimes.mx\/index.php\/wp-json\/wp\/v2\/posts\/40066"}],"collection":[{"href":"https:\/\/thepueblatimes.mx\/index.php\/wp-json\/wp\/v2\/posts"}],"about":[{"href":"https:\/\/thepueblatimes.mx\/index.php\/wp-json\/wp\/v2\/types\/post"}],"author":[{"embeddable":true,"href":"https:\/\/thepueblatimes.mx\/index.php\/wp-json\/wp\/v2\/users\/16"}],"replies":[{"embeddable":true,"href":"https:\/\/thepueblatimes.mx\/index.php\/wp-json\/wp\/v2\/comments?post=40066"}],"version-history":[{"count":1,"href":"https:\/\/thepueblatimes.mx\/index.php\/wp-json\/wp\/v2\/posts\/40066\/revisions"}],"predecessor-version":[{"id":40072,"href":"https:\/\/thepueblatimes.mx\/index.php\/wp-json\/wp\/v2\/posts\/40066\/revisions\/40072"}],"wp:featuredmedia":[{"embeddable":true,"href":"https:\/\/thepueblatimes.mx\/index.php\/wp-json\/wp\/v2\/media\/40071"}],"wp:attachment":[{"href":"https:\/\/thepueblatimes.mx\/index.php\/wp-json\/wp\/v2\/media?parent=40066"}],"wp:term":[{"taxonomy":"category","embeddable":true,"href":"https:\/\/thepueblatimes.mx\/index.php\/wp-json\/wp\/v2\/categories?post=40066"},{"taxonomy":"post_tag","embeddable":true,"href":"https:\/\/thepueblatimes.mx\/index.php\/wp-json\/wp\/v2\/tags?post=40066"}],"curies":[{"name":"wp","href":"https:\/\/api.w.org\/{rel}","templated":true}]}}