{"id":40062,"date":"2026-09-04T17:23:14","date_gmt":"2026-09-04T23:23:14","guid":{"rendered":"https:\/\/thepueblatimes.mx\/?p=40062"},"modified":"2026-09-04T17:23:14","modified_gmt":"2026-09-04T23:23:14","slug":"entregan-pepe-chedraui-y-marielise-budib-donativo-a-cruz-roja-por-colecta-anual","status":"publish","type":"post","link":"https:\/\/thepueblatimes.mx\/index.php\/2026\/09\/04\/entregan-pepe-chedraui-y-marielise-budib-donativo-a-cruz-roja-por-colecta-anual\/","title":{"rendered":"Entregan Pepe Chedraui y MariElise Budib donativo a Cruz Roja por colecta anual"},"content":{"rendered":"<p>Puebla, Pue., 04 de septiembre de 2026.\u2013 En una muestra de solidaridad y compa\u00f1erismo de parte del personal del Gobierno de la Ciudad, el alcalde Pepe Chedraui, la presidenta del Patronato del DIF Puebla Capital, MariElise Budib, entregaron el donativo que, a nombre de la administraci\u00f3n municipal, se recaud\u00f3 para la colecta anual Cruz Roja 2026.<\/p>\n<p>En representaci\u00f3n de la Cruz Roja, Paula Saukko, delegada Estatal en Puebla, recibi\u00f3 el donativo de forma simb\u00f3lica de parte del alcalde y la presidenta del Patronato, y destac\u00f3 la visi\u00f3n solidaria y humana con la que han guiado tanto al Gobierno de la Ciudad como al DIF Puebla Capital.<\/p>\n<p>De esta forma, el Gobierno de la Ciudad, que preside el alcalde Pepe Chedraui, reafirma su compromiso de colaborar y apoyar a las organizaciones de la sociedad civil cuyo actuar y trabajo buscan el bienestar de las familias poblanas.<\/p>\n","protected":false},"excerpt":{"rendered":"<p>Puebla, Pue., 04 de septiembre de 2026.\u2013 En una muestra de solidaridad y compa\u00f1erismo de parte del personal del Gobierno de la Ciudad, el alcalde Pepe Chedraui, la presidenta del Patronato del DIF Puebla Capital, MariElise Budib, entregaron el donativo que, a nombre de la administraci\u00f3n municipal, se recaud\u00f3 para la colecta anual Cruz Roja&#8230;<\/p>\n","protected":false},"author":16,"featured_media":40063,"comment_status":"closed","ping_status":"closed","sticky":false,"template":"","format":"standard","meta":[],"categories":[20],"tags":[1287,3074],"yoast_head":"<!-- This site is optimized with the Yoast SEO plugin v20.8 - https:\/\/yoast.com\/wordpress\/plugins\/seo\/ -->\n<title>Entregan Pepe Chedraui y MariElise Budib donativo a Cruz Roja por colecta anual - The Puebla Times<\/title>\n<meta name=\"robots\" content=\"index, follow, max-snippet:-1, max-image-preview:large, max-video-preview:-1\" \/>\n<link rel=\"canonical\" href=\"https:\/\/thepueblatimes.mx\/index.php\/2026\/09\/04\/entregan-pepe-chedraui-y-marielise-budib-donativo-a-cruz-roja-por-colecta-anual\/\" \/>\n<meta property=\"og:locale\" content=\"es_ES\" \/>\n<meta property=\"og:type\" content=\"article\" \/>\n<meta property=\"og:title\" content=\"Entregan Pepe Chedraui y MariElise Budib donativo a Cruz Roja por colecta anual - The Puebla Times\" \/>\n<meta property=\"og:description\" content=\"Puebla, Pue., 04 de septiembre de 2026.\u2013 En una muestra de solidaridad y compa\u00f1erismo de parte del personal del Gobierno de la Ciudad, el alcalde Pepe Chedraui, la presidenta del Patronato del DIF Puebla Capital, MariElise Budib, entregaron el donativo que, a nombre de la administraci\u00f3n municipal, se recaud\u00f3 para la colecta anual Cruz Roja...\" \/>\n<meta property=\"og:url\" content=\"https:\/\/thepueblatimes.mx\/index.php\/2026\/09\/04\/entregan-pepe-chedraui-y-marielise-budib-donativo-a-cruz-roja-por-colecta-anual\/\" \/>\n<meta property=\"og:site_name\" content=\"The Puebla Times\" \/>\n<meta property=\"article:published_time\" content=\"2026-09-04T23:23:14+00:00\" \/>\n<meta property=\"og:image\" content=\"https:\/\/thepueblatimes.mx\/wp-content\/uploads\/2026\/09\/WhatsApp-Image-2026-09-04-at-15.51.57.jpeg\" \/>\n\t<meta property=\"og:image:width\" content=\"1600\" \/>\n\t<meta property=\"og:image:height\" content=\"1372\" \/>\n\t<meta property=\"og:image:type\" content=\"image\/jpeg\" \/>\n<meta name=\"author\" content=\"Sa\u00fal Hern\u00e1ndez\" \/>\n<meta name=\"twitter:card\" content=\"summary_large_image\" \/>\n<meta name=\"twitter:label1\" content=\"Escrito por\" \/>\n\t<meta name=\"twitter:data1\" content=\"Sa\u00fal Hern\u00e1ndez\" \/>\n\t<meta name=\"twitter:label2\" content=\"Tiempo de lectura\" \/>\n\t<meta name=\"twitter:data2\" content=\"1 minuto\" \/>\n<script type=\"application\/ld+json\" class=\"yoast-schema-graph\">{\"@context\":\"https:\/\/schema.org\",\"@graph\":[{\"@type\":\"WebPage\",\"@id\":\"https:\/\/thepueblatimes.mx\/index.php\/2026\/09\/04\/entregan-pepe-chedraui-y-marielise-budib-donativo-a-cruz-roja-por-colecta-anual\/\",\"url\":\"https:\/\/thepueblatimes.mx\/index.php\/2026\/09\/04\/entregan-pepe-chedraui-y-marielise-budib-donativo-a-cruz-roja-por-colecta-anual\/\",\"name\":\"Entregan Pepe Chedraui y MariElise Budib donativo a Cruz Roja por colecta anual - The Puebla Times\",\"isPartOf\":{\"@id\":\"https:\/\/thepueblatimes.mx\/#website\"},\"datePublished\":\"2026-09-04T23:23:14+00:00\",\"dateModified\":\"2026-09-04T23:23:14+00:00\",\"author\":{\"@id\":\"https:\/\/thepueblatimes.mx\/#\/schema\/person\/1664894c2f65ce2c7a08d8f5f905c13c\"},\"breadcrumb\":{\"@id\":\"https:\/\/thepueblatimes.mx\/index.php\/2026\/09\/04\/entregan-pepe-chedraui-y-marielise-budib-donativo-a-cruz-roja-por-colecta-anual\/#breadcrumb\"},\"inLanguage\":\"es\",\"potentialAction\":[{\"@type\":\"ReadAction\",\"target\":[\"https:\/\/thepueblatimes.mx\/index.php\/2026\/09\/04\/entregan-pepe-chedraui-y-marielise-budib-donativo-a-cruz-roja-por-colecta-anual\/\"]}]},{\"@type\":\"BreadcrumbList\",\"@id\":\"https:\/\/thepueblatimes.mx\/index.php\/2026\/09\/04\/entregan-pepe-chedraui-y-marielise-budib-donativo-a-cruz-roja-por-colecta-anual\/#breadcrumb\",\"itemListElement\":[{\"@type\":\"ListItem\",\"position\":1,\"name\":\"Portada\",\"item\":\"https:\/\/thepueblatimes.mx\/\"},{\"@type\":\"ListItem\",\"position\":2,\"name\":\"Entregan Pepe Chedraui y MariElise Budib donativo a Cruz Roja por colecta anual\"}]},{\"@type\":\"WebSite\",\"@id\":\"https:\/\/thepueblatimes.mx\/#website\",\"url\":\"https:\/\/thepueblatimes.mx\/\",\"name\":\"The Puebla Times\",\"description\":\"Noticias del Estado de Puebla\",\"potentialAction\":[{\"@type\":\"SearchAction\",\"target\":{\"@type\":\"EntryPoint\",\"urlTemplate\":\"https:\/\/thepueblatimes.mx\/?s={search_term_string}\"},\"query-input\":\"required name=search_term_string\"}],\"inLanguage\":\"es\"},{\"@type\":\"Person\",\"@id\":\"https:\/\/thepueblatimes.mx\/#\/schema\/person\/1664894c2f65ce2c7a08d8f5f905c13c\",\"name\":\"Sa\u00fal Hern\u00e1ndez\",\"image\":{\"@type\":\"ImageObject\",\"inLanguage\":\"es\",\"@id\":\"https:\/\/thepueblatimes.mx\/#\/schema\/person\/image\/\",\"url\":\"https:\/\/secure.gravatar.com\/avatar\/11be338693f243309532caad8f10c930?s=96&d=mm&r=g\",\"contentUrl\":\"https:\/\/secure.gravatar.com\/avatar\/11be338693f243309532caad8f10c930?s=96&d=mm&r=g\",\"caption\":\"Sa\u00fal Hern\u00e1ndez\"},\"url\":\"https:\/\/thepueblatimes.mx\/index.php\/author\/saulhernandez\/\"}]}<\/script>\n<!-- \/ Yoast SEO plugin. -->","yoast_head_json":{"title":"Entregan Pepe Chedraui y MariElise Budib donativo a Cruz Roja por colecta anual - The Puebla Times","robots":{"index":"index","follow":"follow","max-snippet":"max-snippet:-1","max-image-preview":"max-image-preview:large","max-video-preview":"max-video-preview:-1"},"canonical":"https:\/\/thepueblatimes.mx\/index.php\/2026\/09\/04\/entregan-pepe-chedraui-y-marielise-budib-donativo-a-cruz-roja-por-colecta-anual\/","og_locale":"es_ES","og_type":"article","og_title":"Entregan Pepe Chedraui y MariElise Budib donativo a Cruz Roja por colecta anual - The Puebla Times","og_description":"Puebla, Pue., 04 de septiembre de 2026.\u2013 En una muestra de solidaridad y compa\u00f1erismo de parte del personal del Gobierno de la Ciudad, el alcalde Pepe Chedraui, la presidenta del Patronato del DIF Puebla Capital, MariElise Budib, entregaron el donativo que, a nombre de la administraci\u00f3n municipal, se recaud\u00f3 para la colecta anual Cruz Roja...","og_url":"https:\/\/thepueblatimes.mx\/index.php\/2026\/09\/04\/entregan-pepe-chedraui-y-marielise-budib-donativo-a-cruz-roja-por-colecta-anual\/","og_site_name":"The Puebla Times","article_published_time":"2026-09-04T23:23:14+00:00","og_image":[{"width":1600,"height":1372,"url":"https:\/\/thepueblatimes.mx\/wp-content\/uploads\/2026\/09\/WhatsApp-Image-2026-09-04-at-15.51.57.jpeg","type":"image\/jpeg"}],"author":"Sa\u00fal Hern\u00e1ndez","twitter_card":"summary_large_image","twitter_misc":{"Escrito por":"Sa\u00fal Hern\u00e1ndez","Tiempo de lectura":"1 minuto"},"schema":{"@context":"https:\/\/schema.org","@graph":[{"@type":"WebPage","@id":"https:\/\/thepueblatimes.mx\/index.php\/2026\/09\/04\/entregan-pepe-chedraui-y-marielise-budib-donativo-a-cruz-roja-por-colecta-anual\/","url":"https:\/\/thepueblatimes.mx\/index.php\/2026\/09\/04\/entregan-pepe-chedraui-y-marielise-budib-donativo-a-cruz-roja-por-colecta-anual\/","name":"Entregan Pepe Chedraui y MariElise Budib donativo a Cruz Roja por colecta anual - The Puebla Times","isPartOf":{"@id":"https:\/\/thepueblatimes.mx\/#website"},"datePublished":"2026-09-04T23:23:14+00:00","dateModified":"2026-09-04T23:23:14+00:00","author":{"@id":"https:\/\/thepueblatimes.mx\/#\/schema\/person\/1664894c2f65ce2c7a08d8f5f905c13c"},"breadcrumb":{"@id":"https:\/\/thepueblatimes.mx\/index.php\/2026\/09\/04\/entregan-pepe-chedraui-y-marielise-budib-donativo-a-cruz-roja-por-colecta-anual\/#breadcrumb"},"inLanguage":"es","potentialAction":[{"@type":"ReadAction","target":["https:\/\/thepueblatimes.mx\/index.php\/2026\/09\/04\/entregan-pepe-chedraui-y-marielise-budib-donativo-a-cruz-roja-por-colecta-anual\/"]}]},{"@type":"BreadcrumbList","@id":"https:\/\/thepueblatimes.mx\/index.php\/2026\/09\/04\/entregan-pepe-chedraui-y-marielise-budib-donativo-a-cruz-roja-por-colecta-anual\/#breadcrumb","itemListElement":[{"@type":"ListItem","position":1,"name":"Portada","item":"https:\/\/thepueblatimes.mx\/"},{"@type":"ListItem","position":2,"name":"Entregan Pepe Chedraui y MariElise Budib donativo a Cruz Roja por colecta anual"}]},{"@type":"WebSite","@id":"https:\/\/thepueblatimes.mx\/#website","url":"https:\/\/thepueblatimes.mx\/","name":"The Puebla Times","description":"Noticias del Estado de Puebla","potentialAction":[{"@type":"SearchAction","target":{"@type":"EntryPoint","urlTemplate":"https:\/\/thepueblatimes.mx\/?s={search_term_string}"},"query-input":"required name=search_term_string"}],"inLanguage":"es"},{"@type":"Person","@id":"https:\/\/thepueblatimes.mx\/#\/schema\/person\/1664894c2f65ce2c7a08d8f5f905c13c","name":"Sa\u00fal Hern\u00e1ndez","image":{"@type":"ImageObject","inLanguage":"es","@id":"https:\/\/thepueblatimes.mx\/#\/schema\/person\/image\/","url":"https:\/\/secure.gravatar.com\/avatar\/11be338693f243309532caad8f10c930?s=96&d=mm&r=g","contentUrl":"https:\/\/secure.gravatar.com\/avatar\/11be338693f243309532caad8f10c930?s=96&d=mm&r=g","caption":"Sa\u00fal Hern\u00e1ndez"},"url":"https:\/\/thepueblatimes.mx\/index.php\/author\/saulhernandez\/"}]}},"jetpack_featured_media_url":"https:\/\/thepueblatimes.mx\/wp-content\/uploads\/2026\/09\/WhatsApp-Image-2026-09-04-at-15.51.57.jpeg","_links":{"self":[{"href":"https:\/\/thepueblatimes.mx\/index.php\/wp-json\/wp\/v2\/posts\/40062"}],"collection":[{"href":"https:\/\/thepueblatimes.mx\/index.php\/wp-json\/wp\/v2\/posts"}],"about":[{"href":"https:\/\/thepueblatimes.mx\/index.php\/wp-json\/wp\/v2\/types\/post"}],"author":[{"embeddable":true,"href":"https:\/\/thepueblatimes.mx\/index.php\/wp-json\/wp\/v2\/users\/16"}],"replies":[{"embeddable":true,"href":"https:\/\/thepueblatimes.mx\/index.php\/wp-json\/wp\/v2\/comments?post=40062"}],"version-history":[{"count":1,"href":"https:\/\/thepueblatimes.mx\/index.php\/wp-json\/wp\/v2\/posts\/40062\/revisions"}],"predecessor-version":[{"id":40064,"href":"https:\/\/thepueblatimes.mx\/index.php\/wp-json\/wp\/v2\/posts\/40062\/revisions\/40064"}],"wp:featuredmedia":[{"embeddable":true,"href":"https:\/\/thepueblatimes.mx\/index.php\/wp-json\/wp\/v2\/media\/40063"}],"wp:attachment":[{"href":"https:\/\/thepueblatimes.mx\/index.php\/wp-json\/wp\/v2\/media?parent=40062"}],"wp:term":[{"taxonomy":"category","embeddable":true,"href":"https:\/\/thepueblatimes.mx\/index.php\/wp-json\/wp\/v2\/categories?post=40062"},{"taxonomy":"post_tag","embeddable":true,"href":"https:\/\/thepueblatimes.mx\/index.php\/wp-json\/wp\/v2\/tags?post=40062"}],"curies":[{"name":"wp","href":"https:\/\/api.w.org\/{rel}","templated":true}]}}