{"id":40059,"date":"2026-09-04T17:20:01","date_gmt":"2026-09-04T23:20:01","guid":{"rendered":"https:\/\/thepueblatimes.mx\/?p=40059"},"modified":"2026-09-04T17:20:01","modified_gmt":"2026-09-04T23:20:01","slug":"entrega-marielise-budib-aparatos-funcionales-a-personas-con-discapacidad","status":"publish","type":"post","link":"https:\/\/thepueblatimes.mx\/index.php\/2026\/09\/04\/entrega-marielise-budib-aparatos-funcionales-a-personas-con-discapacidad\/","title":{"rendered":"Entrega MariElise Budib aparatos funcionales a personas con discapacidad"},"content":{"rendered":"<h3><em>&#8211; El Gobierno de la Ciudad, a trav\u00e9s del DIF Puebla Capital y el Sistema Nacional DIF, se preocupa y ocupa por la movilidad e inclusi\u00f3n de las personas con discapacidad<\/em><\/h3>\n<p>Puebla, Pue., 04 de septiembre de 2026. \u2013 Con el fin de mejorar la calidad de vida de las personas con discapacidad y de sus familias, el Gobierno de la Ciudad que lidera el presidente municipal, Pepe Chedraui, a trav\u00e9s del DIF Puebla Capital, que encabeza la presidenta del Patronato, MariElise Budib, llev\u00f3 a cabo una entrega de aparatos funcionales en la Unidad M\u00e9dica Integral (UMI) del Sistema Municipal DIF (SMDIF).<\/p>\n<p>Gracias a la donaci\u00f3n del Sistema Nacional DIF (SNDIF), fueron entregados directamente 69 aparatos funcionales, -55 sillas de ruedas, 12 andaderas y dos bastones-. Con estas acciones, el alcalde Pepe Chedraui y la presidenta del Patronato, MariElise Budib, reafirman su compromiso con la inclusi\u00f3n, la igualdad y el bienestar, al garantizar que el apoyo llegue a quienes m\u00e1s lo necesitan<\/p>\n<p>En su mensaje, la presidenta del Patronato del DIF Puebla Capital, MariElise Budib, destac\u00f3 que cada aparato funcional representa esperanza para la o el beneficiario, al tiempo que genera autonom\u00eda, mejora la movilidad y brinda tranquilidad.<\/p>\n<p>\u201cEn Puebla Capital sabemos que cada apoyo tiene una historia detr\u00e1s, una familia y un gran esfuerzo por salir adelante. Eso no recuerda por qu\u00e9 es tan importante que estos apoyos lleguen a ustedes. Para m\u00ed, para mi esposo Pepe Chedraui, es muy importante estar cerca de ustedes, poder acompa\u00f1arlos y poder escucharlos\u00bb, indic\u00f3 MariElise Budib.<\/p>\n<p>Por su parte, el director general del DIF Puebla Capital, Jes\u00fas Alejandro Cort\u00e9s Carrasco, agradeci\u00f3 al SNDIF por la donaci\u00f3n, y reafirm\u00f3 la misi\u00f3n de apoyar a las personas con discapacidad para contribuir a su autonom\u00eda.<\/p>\n<p>De esta forma, el Gobierno de la Ciudad, a trav\u00e9s del DIF Puebla Capital, genera acciones que fomentan la inclusi\u00f3n e igualdad de las personas con discapacidad o con alg\u00fan problema de movilidad, para acercarles las mismas oportunidades de desarrollo a las que cualquier poblana y poblano tiene derecho.<\/p>\n","protected":false},"excerpt":{"rendered":"<p>&#8211; El Gobierno de la Ciudad, a trav\u00e9s del DIF Puebla Capital y el Sistema Nacional DIF, se preocupa y ocupa por la movilidad e inclusi\u00f3n de las personas con discapacidad Puebla, Pue., 04 de septiembre de 2026. \u2013 Con el fin de mejorar la calidad de vida de las personas con discapacidad y de&#8230;<\/p>\n","protected":false},"author":16,"featured_media":40060,"comment_status":"closed","ping_status":"closed","sticky":false,"template":"","format":"standard","meta":[],"categories":[20],"tags":[1287,2425,3074],"yoast_head":"<!-- This site is optimized with the Yoast SEO plugin v20.8 - https:\/\/yoast.com\/wordpress\/plugins\/seo\/ -->\n<title>Entrega MariElise Budib aparatos funcionales a personas con discapacidad - The Puebla Times<\/title>\n<meta name=\"robots\" content=\"index, follow, max-snippet:-1, max-image-preview:large, max-video-preview:-1\" \/>\n<link rel=\"canonical\" href=\"https:\/\/thepueblatimes.mx\/index.php\/2026\/09\/04\/entrega-marielise-budib-aparatos-funcionales-a-personas-con-discapacidad\/\" \/>\n<meta property=\"og:locale\" content=\"es_ES\" \/>\n<meta property=\"og:type\" content=\"article\" \/>\n<meta property=\"og:title\" content=\"Entrega MariElise Budib aparatos funcionales a personas con discapacidad - The Puebla Times\" \/>\n<meta property=\"og:description\" content=\"&#8211; El Gobierno de la Ciudad, a trav\u00e9s del DIF Puebla Capital y el Sistema Nacional DIF, se preocupa y ocupa por la movilidad e inclusi\u00f3n de las personas con discapacidad Puebla, Pue., 04 de septiembre de 2026. \u2013 Con el fin de mejorar la calidad de vida de las personas con discapacidad y de...\" \/>\n<meta property=\"og:url\" content=\"https:\/\/thepueblatimes.mx\/index.php\/2026\/09\/04\/entrega-marielise-budib-aparatos-funcionales-a-personas-con-discapacidad\/\" \/>\n<meta property=\"og:site_name\" content=\"The Puebla Times\" \/>\n<meta property=\"article:published_time\" content=\"2026-09-04T23:20:01+00:00\" \/>\n<meta property=\"og:image\" content=\"https:\/\/thepueblatimes.mx\/wp-content\/uploads\/2026\/09\/WhatsApp-Image-2026-09-04-at-15.16.15.jpeg\" \/>\n\t<meta property=\"og:image:width\" content=\"1040\" \/>\n\t<meta property=\"og:image:height\" content=\"768\" \/>\n\t<meta property=\"og:image:type\" content=\"image\/jpeg\" \/>\n<meta name=\"author\" content=\"Sa\u00fal Hern\u00e1ndez\" \/>\n<meta name=\"twitter:card\" content=\"summary_large_image\" \/>\n<meta name=\"twitter:label1\" content=\"Escrito por\" \/>\n\t<meta name=\"twitter:data1\" content=\"Sa\u00fal Hern\u00e1ndez\" \/>\n\t<meta name=\"twitter:label2\" content=\"Tiempo de lectura\" \/>\n\t<meta name=\"twitter:data2\" content=\"2 minutos\" \/>\n<script type=\"application\/ld+json\" class=\"yoast-schema-graph\">{\"@context\":\"https:\/\/schema.org\",\"@graph\":[{\"@type\":\"WebPage\",\"@id\":\"https:\/\/thepueblatimes.mx\/index.php\/2026\/09\/04\/entrega-marielise-budib-aparatos-funcionales-a-personas-con-discapacidad\/\",\"url\":\"https:\/\/thepueblatimes.mx\/index.php\/2026\/09\/04\/entrega-marielise-budib-aparatos-funcionales-a-personas-con-discapacidad\/\",\"name\":\"Entrega MariElise Budib aparatos funcionales a personas con discapacidad - The Puebla Times\",\"isPartOf\":{\"@id\":\"https:\/\/thepueblatimes.mx\/#website\"},\"datePublished\":\"2026-09-04T23:20:01+00:00\",\"dateModified\":\"2026-09-04T23:20:01+00:00\",\"author\":{\"@id\":\"https:\/\/thepueblatimes.mx\/#\/schema\/person\/1664894c2f65ce2c7a08d8f5f905c13c\"},\"breadcrumb\":{\"@id\":\"https:\/\/thepueblatimes.mx\/index.php\/2026\/09\/04\/entrega-marielise-budib-aparatos-funcionales-a-personas-con-discapacidad\/#breadcrumb\"},\"inLanguage\":\"es\",\"potentialAction\":[{\"@type\":\"ReadAction\",\"target\":[\"https:\/\/thepueblatimes.mx\/index.php\/2026\/09\/04\/entrega-marielise-budib-aparatos-funcionales-a-personas-con-discapacidad\/\"]}]},{\"@type\":\"BreadcrumbList\",\"@id\":\"https:\/\/thepueblatimes.mx\/index.php\/2026\/09\/04\/entrega-marielise-budib-aparatos-funcionales-a-personas-con-discapacidad\/#breadcrumb\",\"itemListElement\":[{\"@type\":\"ListItem\",\"position\":1,\"name\":\"Portada\",\"item\":\"https:\/\/thepueblatimes.mx\/\"},{\"@type\":\"ListItem\",\"position\":2,\"name\":\"Entrega MariElise Budib aparatos funcionales a personas con discapacidad\"}]},{\"@type\":\"WebSite\",\"@id\":\"https:\/\/thepueblatimes.mx\/#website\",\"url\":\"https:\/\/thepueblatimes.mx\/\",\"name\":\"The Puebla Times\",\"description\":\"Noticias del Estado de Puebla\",\"potentialAction\":[{\"@type\":\"SearchAction\",\"target\":{\"@type\":\"EntryPoint\",\"urlTemplate\":\"https:\/\/thepueblatimes.mx\/?s={search_term_string}\"},\"query-input\":\"required name=search_term_string\"}],\"inLanguage\":\"es\"},{\"@type\":\"Person\",\"@id\":\"https:\/\/thepueblatimes.mx\/#\/schema\/person\/1664894c2f65ce2c7a08d8f5f905c13c\",\"name\":\"Sa\u00fal Hern\u00e1ndez\",\"image\":{\"@type\":\"ImageObject\",\"inLanguage\":\"es\",\"@id\":\"https:\/\/thepueblatimes.mx\/#\/schema\/person\/image\/\",\"url\":\"https:\/\/secure.gravatar.com\/avatar\/11be338693f243309532caad8f10c930?s=96&d=mm&r=g\",\"contentUrl\":\"https:\/\/secure.gravatar.com\/avatar\/11be338693f243309532caad8f10c930?s=96&d=mm&r=g\",\"caption\":\"Sa\u00fal Hern\u00e1ndez\"},\"url\":\"https:\/\/thepueblatimes.mx\/index.php\/author\/saulhernandez\/\"}]}<\/script>\n<!-- \/ Yoast SEO plugin. -->","yoast_head_json":{"title":"Entrega MariElise Budib aparatos funcionales a personas con discapacidad - The Puebla Times","robots":{"index":"index","follow":"follow","max-snippet":"max-snippet:-1","max-image-preview":"max-image-preview:large","max-video-preview":"max-video-preview:-1"},"canonical":"https:\/\/thepueblatimes.mx\/index.php\/2026\/09\/04\/entrega-marielise-budib-aparatos-funcionales-a-personas-con-discapacidad\/","og_locale":"es_ES","og_type":"article","og_title":"Entrega MariElise Budib aparatos funcionales a personas con discapacidad - The Puebla Times","og_description":"&#8211; El Gobierno de la Ciudad, a trav\u00e9s del DIF Puebla Capital y el Sistema Nacional DIF, se preocupa y ocupa por la movilidad e inclusi\u00f3n de las personas con discapacidad Puebla, Pue., 04 de septiembre de 2026. \u2013 Con el fin de mejorar la calidad de vida de las personas con discapacidad y de...","og_url":"https:\/\/thepueblatimes.mx\/index.php\/2026\/09\/04\/entrega-marielise-budib-aparatos-funcionales-a-personas-con-discapacidad\/","og_site_name":"The Puebla Times","article_published_time":"2026-09-04T23:20:01+00:00","og_image":[{"width":1040,"height":768,"url":"https:\/\/thepueblatimes.mx\/wp-content\/uploads\/2026\/09\/WhatsApp-Image-2026-09-04-at-15.16.15.jpeg","type":"image\/jpeg"}],"author":"Sa\u00fal Hern\u00e1ndez","twitter_card":"summary_large_image","twitter_misc":{"Escrito por":"Sa\u00fal Hern\u00e1ndez","Tiempo de lectura":"2 minutos"},"schema":{"@context":"https:\/\/schema.org","@graph":[{"@type":"WebPage","@id":"https:\/\/thepueblatimes.mx\/index.php\/2026\/09\/04\/entrega-marielise-budib-aparatos-funcionales-a-personas-con-discapacidad\/","url":"https:\/\/thepueblatimes.mx\/index.php\/2026\/09\/04\/entrega-marielise-budib-aparatos-funcionales-a-personas-con-discapacidad\/","name":"Entrega MariElise Budib aparatos funcionales a personas con discapacidad - The Puebla Times","isPartOf":{"@id":"https:\/\/thepueblatimes.mx\/#website"},"datePublished":"2026-09-04T23:20:01+00:00","dateModified":"2026-09-04T23:20:01+00:00","author":{"@id":"https:\/\/thepueblatimes.mx\/#\/schema\/person\/1664894c2f65ce2c7a08d8f5f905c13c"},"breadcrumb":{"@id":"https:\/\/thepueblatimes.mx\/index.php\/2026\/09\/04\/entrega-marielise-budib-aparatos-funcionales-a-personas-con-discapacidad\/#breadcrumb"},"inLanguage":"es","potentialAction":[{"@type":"ReadAction","target":["https:\/\/thepueblatimes.mx\/index.php\/2026\/09\/04\/entrega-marielise-budib-aparatos-funcionales-a-personas-con-discapacidad\/"]}]},{"@type":"BreadcrumbList","@id":"https:\/\/thepueblatimes.mx\/index.php\/2026\/09\/04\/entrega-marielise-budib-aparatos-funcionales-a-personas-con-discapacidad\/#breadcrumb","itemListElement":[{"@type":"ListItem","position":1,"name":"Portada","item":"https:\/\/thepueblatimes.mx\/"},{"@type":"ListItem","position":2,"name":"Entrega MariElise Budib aparatos funcionales a personas con discapacidad"}]},{"@type":"WebSite","@id":"https:\/\/thepueblatimes.mx\/#website","url":"https:\/\/thepueblatimes.mx\/","name":"The Puebla Times","description":"Noticias del Estado de Puebla","potentialAction":[{"@type":"SearchAction","target":{"@type":"EntryPoint","urlTemplate":"https:\/\/thepueblatimes.mx\/?s={search_term_string}"},"query-input":"required name=search_term_string"}],"inLanguage":"es"},{"@type":"Person","@id":"https:\/\/thepueblatimes.mx\/#\/schema\/person\/1664894c2f65ce2c7a08d8f5f905c13c","name":"Sa\u00fal Hern\u00e1ndez","image":{"@type":"ImageObject","inLanguage":"es","@id":"https:\/\/thepueblatimes.mx\/#\/schema\/person\/image\/","url":"https:\/\/secure.gravatar.com\/avatar\/11be338693f243309532caad8f10c930?s=96&d=mm&r=g","contentUrl":"https:\/\/secure.gravatar.com\/avatar\/11be338693f243309532caad8f10c930?s=96&d=mm&r=g","caption":"Sa\u00fal Hern\u00e1ndez"},"url":"https:\/\/thepueblatimes.mx\/index.php\/author\/saulhernandez\/"}]}},"jetpack_featured_media_url":"https:\/\/thepueblatimes.mx\/wp-content\/uploads\/2026\/09\/WhatsApp-Image-2026-09-04-at-15.16.15.jpeg","_links":{"self":[{"href":"https:\/\/thepueblatimes.mx\/index.php\/wp-json\/wp\/v2\/posts\/40059"}],"collection":[{"href":"https:\/\/thepueblatimes.mx\/index.php\/wp-json\/wp\/v2\/posts"}],"about":[{"href":"https:\/\/thepueblatimes.mx\/index.php\/wp-json\/wp\/v2\/types\/post"}],"author":[{"embeddable":true,"href":"https:\/\/thepueblatimes.mx\/index.php\/wp-json\/wp\/v2\/users\/16"}],"replies":[{"embeddable":true,"href":"https:\/\/thepueblatimes.mx\/index.php\/wp-json\/wp\/v2\/comments?post=40059"}],"version-history":[{"count":1,"href":"https:\/\/thepueblatimes.mx\/index.php\/wp-json\/wp\/v2\/posts\/40059\/revisions"}],"predecessor-version":[{"id":40061,"href":"https:\/\/thepueblatimes.mx\/index.php\/wp-json\/wp\/v2\/posts\/40059\/revisions\/40061"}],"wp:featuredmedia":[{"embeddable":true,"href":"https:\/\/thepueblatimes.mx\/index.php\/wp-json\/wp\/v2\/media\/40060"}],"wp:attachment":[{"href":"https:\/\/thepueblatimes.mx\/index.php\/wp-json\/wp\/v2\/media?parent=40059"}],"wp:term":[{"taxonomy":"category","embeddable":true,"href":"https:\/\/thepueblatimes.mx\/index.php\/wp-json\/wp\/v2\/categories?post=40059"},{"taxonomy":"post_tag","embeddable":true,"href":"https:\/\/thepueblatimes.mx\/index.php\/wp-json\/wp\/v2\/tags?post=40059"}],"curies":[{"name":"wp","href":"https:\/\/api.w.org\/{rel}","templated":true}]}}