{"id":40052,"date":"2026-09-04T14:11:33","date_gmt":"2026-09-04T20:11:33","guid":{"rendered":"https:\/\/thepueblatimes.mx\/?p=40052"},"modified":"2026-09-04T14:11:33","modified_gmt":"2026-09-04T20:11:33","slug":"predio-de-tony-gali-alberga-agencia-dimont-motors","status":"publish","type":"post","link":"https:\/\/thepueblatimes.mx\/index.php\/2026\/09\/04\/predio-de-tony-gali-alberga-agencia-dimont-motors\/","title":{"rendered":"Predio de Tony Gali alberga agencia Dimont Motors"},"content":{"rendered":"<p>La agencia Dimont Motors que fue cateada por la FGR, tras la detenci\u00f3n de Gov\u00e9n Ulisses N., alias \u201cEl Amarillo\u201d, opera en un predio propiedad de los tres hijos de Tony Gali Fayad.<\/p>\n<p>El predio se ubica en V\u00eda Atlixc\u00e1yotl 4006, en San Martinito, San Andr\u00e9s Cholula.<\/p>\n<p>Datos difundidos por Peri\u00f3dico Central indican que el predio es propiedad de Jos\u00e9 Antonio, Dinorah Antoinnete y Jos\u00e9 Eduardo Gali L\u00f3pez.<\/p>\n<p>En esencia, en 2003, Jos\u00e9 Antonio Gali Fayad y Dinorah L\u00f3pez Gargallo fungieron como representantes legales de sus hijos para adquirir, mediante donaci\u00f3n, la parcela 69 \u201cZ-1 P1\/3\u201d del ejido Santa Mar\u00eda Tonantzintla.<\/p>\n<p>Tras una serie de movimientos, el inmueble qued\u00f3 en propiedad de Antonio Gali Fayad y, desde 2021, su uso aparece registrado como \u201cplaza comercial\u201d.<\/p>\n<p>Recientemente, el inmueble fue intervenido como parte del operativo federal desplegado tras la detenci\u00f3n de \u201cEl Amarillo\u201d.<\/p>\n","protected":false},"excerpt":{"rendered":"<p>La agencia Dimont Motors que fue cateada por la FGR, tras la detenci\u00f3n de Gov\u00e9n Ulisses N., alias \u201cEl Amarillo\u201d, opera en un predio propiedad de los tres hijos de Tony Gali Fayad. El predio se ubica en V\u00eda Atlixc\u00e1yotl 4006, en San Martinito, San Andr\u00e9s Cholula. Datos difundidos por Peri\u00f3dico Central indican que el&#8230;<\/p>\n","protected":false},"author":16,"featured_media":40057,"comment_status":"closed","ping_status":"closed","sticky":false,"template":"","format":"standard","meta":[],"categories":[542],"tags":[565,5295,5287,5021,1382],"yoast_head":"<!-- This site is optimized with the Yoast SEO plugin v20.8 - https:\/\/yoast.com\/wordpress\/plugins\/seo\/ -->\n<title>Predio de Tony Gali alberga agencia Dimont Motors - The Puebla Times<\/title>\n<meta name=\"robots\" content=\"index, follow, max-snippet:-1, max-image-preview:large, max-video-preview:-1\" \/>\n<link rel=\"canonical\" href=\"https:\/\/thepueblatimes.mx\/index.php\/2026\/09\/04\/predio-de-tony-gali-alberga-agencia-dimont-motors\/\" \/>\n<meta property=\"og:locale\" content=\"es_ES\" \/>\n<meta property=\"og:type\" content=\"article\" \/>\n<meta property=\"og:title\" content=\"Predio de Tony Gali alberga agencia Dimont Motors - The Puebla Times\" \/>\n<meta property=\"og:description\" content=\"La agencia Dimont Motors que fue cateada por la FGR, tras la detenci\u00f3n de Gov\u00e9n Ulisses N., alias \u201cEl Amarillo\u201d, opera en un predio propiedad de los tres hijos de Tony Gali Fayad. El predio se ubica en V\u00eda Atlixc\u00e1yotl 4006, en San Martinito, San Andr\u00e9s Cholula. Datos difundidos por Peri\u00f3dico Central indican que el...\" \/>\n<meta property=\"og:url\" content=\"https:\/\/thepueblatimes.mx\/index.php\/2026\/09\/04\/predio-de-tony-gali-alberga-agencia-dimont-motors\/\" \/>\n<meta property=\"og:site_name\" content=\"The Puebla Times\" \/>\n<meta property=\"article:published_time\" content=\"2026-09-04T20:11:33+00:00\" \/>\n<meta property=\"og:image\" content=\"https:\/\/thepueblatimes.mx\/wp-content\/uploads\/2026\/09\/El-Amarillo-scaled.jpg\" \/>\n\t<meta property=\"og:image:width\" content=\"2560\" \/>\n\t<meta property=\"og:image:height\" content=\"2560\" \/>\n\t<meta property=\"og:image:type\" content=\"image\/jpeg\" \/>\n<meta name=\"author\" content=\"Sa\u00fal Hern\u00e1ndez\" \/>\n<meta name=\"twitter:card\" content=\"summary_large_image\" \/>\n<meta name=\"twitter:label1\" content=\"Escrito por\" \/>\n\t<meta name=\"twitter:data1\" content=\"Sa\u00fal Hern\u00e1ndez\" \/>\n\t<meta name=\"twitter:label2\" content=\"Tiempo de lectura\" \/>\n\t<meta name=\"twitter:data2\" content=\"1 minuto\" \/>\n<script type=\"application\/ld+json\" class=\"yoast-schema-graph\">{\"@context\":\"https:\/\/schema.org\",\"@graph\":[{\"@type\":\"WebPage\",\"@id\":\"https:\/\/thepueblatimes.mx\/index.php\/2026\/09\/04\/predio-de-tony-gali-alberga-agencia-dimont-motors\/\",\"url\":\"https:\/\/thepueblatimes.mx\/index.php\/2026\/09\/04\/predio-de-tony-gali-alberga-agencia-dimont-motors\/\",\"name\":\"Predio de Tony Gali alberga agencia Dimont Motors - The Puebla Times\",\"isPartOf\":{\"@id\":\"https:\/\/thepueblatimes.mx\/#website\"},\"datePublished\":\"2026-09-04T20:11:33+00:00\",\"dateModified\":\"2026-09-04T20:11:33+00:00\",\"author\":{\"@id\":\"https:\/\/thepueblatimes.mx\/#\/schema\/person\/1664894c2f65ce2c7a08d8f5f905c13c\"},\"breadcrumb\":{\"@id\":\"https:\/\/thepueblatimes.mx\/index.php\/2026\/09\/04\/predio-de-tony-gali-alberga-agencia-dimont-motors\/#breadcrumb\"},\"inLanguage\":\"es\",\"potentialAction\":[{\"@type\":\"ReadAction\",\"target\":[\"https:\/\/thepueblatimes.mx\/index.php\/2026\/09\/04\/predio-de-tony-gali-alberga-agencia-dimont-motors\/\"]}]},{\"@type\":\"BreadcrumbList\",\"@id\":\"https:\/\/thepueblatimes.mx\/index.php\/2026\/09\/04\/predio-de-tony-gali-alberga-agencia-dimont-motors\/#breadcrumb\",\"itemListElement\":[{\"@type\":\"ListItem\",\"position\":1,\"name\":\"Portada\",\"item\":\"https:\/\/thepueblatimes.mx\/\"},{\"@type\":\"ListItem\",\"position\":2,\"name\":\"Predio de Tony Gali alberga agencia Dimont Motors\"}]},{\"@type\":\"WebSite\",\"@id\":\"https:\/\/thepueblatimes.mx\/#website\",\"url\":\"https:\/\/thepueblatimes.mx\/\",\"name\":\"The Puebla Times\",\"description\":\"Noticias del Estado de Puebla\",\"potentialAction\":[{\"@type\":\"SearchAction\",\"target\":{\"@type\":\"EntryPoint\",\"urlTemplate\":\"https:\/\/thepueblatimes.mx\/?s={search_term_string}\"},\"query-input\":\"required name=search_term_string\"}],\"inLanguage\":\"es\"},{\"@type\":\"Person\",\"@id\":\"https:\/\/thepueblatimes.mx\/#\/schema\/person\/1664894c2f65ce2c7a08d8f5f905c13c\",\"name\":\"Sa\u00fal Hern\u00e1ndez\",\"image\":{\"@type\":\"ImageObject\",\"inLanguage\":\"es\",\"@id\":\"https:\/\/thepueblatimes.mx\/#\/schema\/person\/image\/\",\"url\":\"https:\/\/secure.gravatar.com\/avatar\/11be338693f243309532caad8f10c930?s=96&d=mm&r=g\",\"contentUrl\":\"https:\/\/secure.gravatar.com\/avatar\/11be338693f243309532caad8f10c930?s=96&d=mm&r=g\",\"caption\":\"Sa\u00fal Hern\u00e1ndez\"},\"url\":\"https:\/\/thepueblatimes.mx\/index.php\/author\/saulhernandez\/\"}]}<\/script>\n<!-- \/ Yoast SEO plugin. -->","yoast_head_json":{"title":"Predio de Tony Gali alberga agencia Dimont Motors - The Puebla Times","robots":{"index":"index","follow":"follow","max-snippet":"max-snippet:-1","max-image-preview":"max-image-preview:large","max-video-preview":"max-video-preview:-1"},"canonical":"https:\/\/thepueblatimes.mx\/index.php\/2026\/09\/04\/predio-de-tony-gali-alberga-agencia-dimont-motors\/","og_locale":"es_ES","og_type":"article","og_title":"Predio de Tony Gali alberga agencia Dimont Motors - The Puebla Times","og_description":"La agencia Dimont Motors que fue cateada por la FGR, tras la detenci\u00f3n de Gov\u00e9n Ulisses N., alias \u201cEl Amarillo\u201d, opera en un predio propiedad de los tres hijos de Tony Gali Fayad. El predio se ubica en V\u00eda Atlixc\u00e1yotl 4006, en San Martinito, San Andr\u00e9s Cholula. Datos difundidos por Peri\u00f3dico Central indican que el...","og_url":"https:\/\/thepueblatimes.mx\/index.php\/2026\/09\/04\/predio-de-tony-gali-alberga-agencia-dimont-motors\/","og_site_name":"The Puebla Times","article_published_time":"2026-09-04T20:11:33+00:00","og_image":[{"width":2560,"height":2560,"url":"https:\/\/thepueblatimes.mx\/wp-content\/uploads\/2026\/09\/El-Amarillo-scaled.jpg","type":"image\/jpeg"}],"author":"Sa\u00fal Hern\u00e1ndez","twitter_card":"summary_large_image","twitter_misc":{"Escrito por":"Sa\u00fal Hern\u00e1ndez","Tiempo de lectura":"1 minuto"},"schema":{"@context":"https:\/\/schema.org","@graph":[{"@type":"WebPage","@id":"https:\/\/thepueblatimes.mx\/index.php\/2026\/09\/04\/predio-de-tony-gali-alberga-agencia-dimont-motors\/","url":"https:\/\/thepueblatimes.mx\/index.php\/2026\/09\/04\/predio-de-tony-gali-alberga-agencia-dimont-motors\/","name":"Predio de Tony Gali alberga agencia Dimont Motors - The Puebla Times","isPartOf":{"@id":"https:\/\/thepueblatimes.mx\/#website"},"datePublished":"2026-09-04T20:11:33+00:00","dateModified":"2026-09-04T20:11:33+00:00","author":{"@id":"https:\/\/thepueblatimes.mx\/#\/schema\/person\/1664894c2f65ce2c7a08d8f5f905c13c"},"breadcrumb":{"@id":"https:\/\/thepueblatimes.mx\/index.php\/2026\/09\/04\/predio-de-tony-gali-alberga-agencia-dimont-motors\/#breadcrumb"},"inLanguage":"es","potentialAction":[{"@type":"ReadAction","target":["https:\/\/thepueblatimes.mx\/index.php\/2026\/09\/04\/predio-de-tony-gali-alberga-agencia-dimont-motors\/"]}]},{"@type":"BreadcrumbList","@id":"https:\/\/thepueblatimes.mx\/index.php\/2026\/09\/04\/predio-de-tony-gali-alberga-agencia-dimont-motors\/#breadcrumb","itemListElement":[{"@type":"ListItem","position":1,"name":"Portada","item":"https:\/\/thepueblatimes.mx\/"},{"@type":"ListItem","position":2,"name":"Predio de Tony Gali alberga agencia Dimont Motors"}]},{"@type":"WebSite","@id":"https:\/\/thepueblatimes.mx\/#website","url":"https:\/\/thepueblatimes.mx\/","name":"The Puebla Times","description":"Noticias del Estado de Puebla","potentialAction":[{"@type":"SearchAction","target":{"@type":"EntryPoint","urlTemplate":"https:\/\/thepueblatimes.mx\/?s={search_term_string}"},"query-input":"required name=search_term_string"}],"inLanguage":"es"},{"@type":"Person","@id":"https:\/\/thepueblatimes.mx\/#\/schema\/person\/1664894c2f65ce2c7a08d8f5f905c13c","name":"Sa\u00fal Hern\u00e1ndez","image":{"@type":"ImageObject","inLanguage":"es","@id":"https:\/\/thepueblatimes.mx\/#\/schema\/person\/image\/","url":"https:\/\/secure.gravatar.com\/avatar\/11be338693f243309532caad8f10c930?s=96&d=mm&r=g","contentUrl":"https:\/\/secure.gravatar.com\/avatar\/11be338693f243309532caad8f10c930?s=96&d=mm&r=g","caption":"Sa\u00fal Hern\u00e1ndez"},"url":"https:\/\/thepueblatimes.mx\/index.php\/author\/saulhernandez\/"}]}},"jetpack_featured_media_url":"https:\/\/thepueblatimes.mx\/wp-content\/uploads\/2026\/09\/El-Amarillo-scaled.jpg","_links":{"self":[{"href":"https:\/\/thepueblatimes.mx\/index.php\/wp-json\/wp\/v2\/posts\/40052"}],"collection":[{"href":"https:\/\/thepueblatimes.mx\/index.php\/wp-json\/wp\/v2\/posts"}],"about":[{"href":"https:\/\/thepueblatimes.mx\/index.php\/wp-json\/wp\/v2\/types\/post"}],"author":[{"embeddable":true,"href":"https:\/\/thepueblatimes.mx\/index.php\/wp-json\/wp\/v2\/users\/16"}],"replies":[{"embeddable":true,"href":"https:\/\/thepueblatimes.mx\/index.php\/wp-json\/wp\/v2\/comments?post=40052"}],"version-history":[{"count":1,"href":"https:\/\/thepueblatimes.mx\/index.php\/wp-json\/wp\/v2\/posts\/40052\/revisions"}],"predecessor-version":[{"id":40058,"href":"https:\/\/thepueblatimes.mx\/index.php\/wp-json\/wp\/v2\/posts\/40052\/revisions\/40058"}],"wp:featuredmedia":[{"embeddable":true,"href":"https:\/\/thepueblatimes.mx\/index.php\/wp-json\/wp\/v2\/media\/40057"}],"wp:attachment":[{"href":"https:\/\/thepueblatimes.mx\/index.php\/wp-json\/wp\/v2\/media?parent=40052"}],"wp:term":[{"taxonomy":"category","embeddable":true,"href":"https:\/\/thepueblatimes.mx\/index.php\/wp-json\/wp\/v2\/categories?post=40052"},{"taxonomy":"post_tag","embeddable":true,"href":"https:\/\/thepueblatimes.mx\/index.php\/wp-json\/wp\/v2\/tags?post=40052"}],"curies":[{"name":"wp","href":"https:\/\/api.w.org\/{rel}","templated":true}]}}