{"id":40051,"date":"2026-09-04T14:08:25","date_gmt":"2026-09-04T20:08:25","guid":{"rendered":"https:\/\/thepueblatimes.mx\/?p=40051"},"modified":"2026-09-04T14:08:25","modified_gmt":"2026-09-04T20:08:25","slug":"morenistas-cuestionan-integracion-de-tony-gali-a-mc","status":"publish","type":"post","link":"https:\/\/thepueblatimes.mx\/index.php\/2026\/09\/04\/morenistas-cuestionan-integracion-de-tony-gali-a-mc\/","title":{"rendered":"Morenistas cuestionan integraci\u00f3n de Tony Gali a MC"},"content":{"rendered":"<p>La presidenta de la Comisi\u00f3n Nacional de Elecciones (CNE) del Consejo Ejecutivo Nacional (CEN) de Morena, Citlalli Hern\u00e1ndez Mora, critic\u00f3 la adhesi\u00f3n de Tony Gali Fayad a Movimiento Ciudadano.<\/p>\n<p>En redes sociales, Hern\u00e1ndez Mora que el movimiento opositor autodefinido como nueva pol\u00edtica se engrose sus filas con actores vinculados con el viejo r\u00e9gimen.<\/p>\n<p>Por su parte, el coordinador de regidores del ayuntamiento de Puebla, Gabriel Juan Manuel Biestro Medinilla, critic\u00f3 la carrera pol\u00edtica de Tony Gali, quien se desempe\u00f1ar\u00e1 como delegado estatal de Movimiento Ciudadano, ya que dijo \u201cha dejado una estela muy negra\u201d.<\/p>\n<p>Agreg\u00f3 que se requiere una revisi\u00f3n exhaustiva de su desempe\u00f1o en la funci\u00f3n p\u00fablica; lo se\u00f1al\u00f3 de presunto enriquecimiento il\u00edcito cuando form\u00f3 parte de los gobiernos del PAN y que expresar una aspiraci\u00f3n pol\u00edtica debe transparentar las obras de su gesti\u00f3n.<\/p>\n","protected":false},"excerpt":{"rendered":"<p>La presidenta de la Comisi\u00f3n Nacional de Elecciones (CNE) del Consejo Ejecutivo Nacional (CEN) de Morena, Citlalli Hern\u00e1ndez Mora, critic\u00f3 la adhesi\u00f3n de Tony Gali Fayad a Movimiento Ciudadano. En redes sociales, Hern\u00e1ndez Mora que el movimiento opositor autodefinido como nueva pol\u00edtica se engrose sus filas con actores vinculados con el viejo r\u00e9gimen. Por su&#8230;<\/p>\n","protected":false},"author":16,"featured_media":40055,"comment_status":"closed","ping_status":"closed","sticky":false,"template":"","format":"standard","meta":[],"categories":[542],"tags":[4255,5294,1620,1382],"yoast_head":"<!-- This site is optimized with the Yoast SEO plugin v20.8 - https:\/\/yoast.com\/wordpress\/plugins\/seo\/ -->\n<title>Morenistas cuestionan integraci\u00f3n de Tony Gali a MC - The Puebla Times<\/title>\n<meta name=\"robots\" content=\"index, follow, max-snippet:-1, max-image-preview:large, max-video-preview:-1\" \/>\n<link rel=\"canonical\" href=\"https:\/\/thepueblatimes.mx\/index.php\/2026\/09\/04\/morenistas-cuestionan-integracion-de-tony-gali-a-mc\/\" \/>\n<meta property=\"og:locale\" content=\"es_ES\" \/>\n<meta property=\"og:type\" content=\"article\" \/>\n<meta property=\"og:title\" content=\"Morenistas cuestionan integraci\u00f3n de Tony Gali a MC - The Puebla Times\" \/>\n<meta property=\"og:description\" content=\"La presidenta de la Comisi\u00f3n Nacional de Elecciones (CNE) del Consejo Ejecutivo Nacional (CEN) de Morena, Citlalli Hern\u00e1ndez Mora, critic\u00f3 la adhesi\u00f3n de Tony Gali Fayad a Movimiento Ciudadano. En redes sociales, Hern\u00e1ndez Mora que el movimiento opositor autodefinido como nueva pol\u00edtica se engrose sus filas con actores vinculados con el viejo r\u00e9gimen. Por su...\" \/>\n<meta property=\"og:url\" content=\"https:\/\/thepueblatimes.mx\/index.php\/2026\/09\/04\/morenistas-cuestionan-integracion-de-tony-gali-a-mc\/\" \/>\n<meta property=\"og:site_name\" content=\"The Puebla Times\" \/>\n<meta property=\"article:published_time\" content=\"2026-09-04T20:08:25+00:00\" \/>\n<meta property=\"og:image\" content=\"https:\/\/thepueblatimes.mx\/wp-content\/uploads\/2026\/09\/Tony-Gali-scaled.jpg\" \/>\n\t<meta property=\"og:image:width\" content=\"2048\" \/>\n\t<meta property=\"og:image:height\" content=\"2560\" \/>\n\t<meta property=\"og:image:type\" content=\"image\/jpeg\" \/>\n<meta name=\"author\" content=\"Sa\u00fal Hern\u00e1ndez\" \/>\n<meta name=\"twitter:card\" content=\"summary_large_image\" \/>\n<meta name=\"twitter:label1\" content=\"Escrito por\" \/>\n\t<meta name=\"twitter:data1\" content=\"Sa\u00fal Hern\u00e1ndez\" \/>\n\t<meta name=\"twitter:label2\" content=\"Tiempo de lectura\" \/>\n\t<meta name=\"twitter:data2\" content=\"1 minuto\" \/>\n<script type=\"application\/ld+json\" class=\"yoast-schema-graph\">{\"@context\":\"https:\/\/schema.org\",\"@graph\":[{\"@type\":\"WebPage\",\"@id\":\"https:\/\/thepueblatimes.mx\/index.php\/2026\/09\/04\/morenistas-cuestionan-integracion-de-tony-gali-a-mc\/\",\"url\":\"https:\/\/thepueblatimes.mx\/index.php\/2026\/09\/04\/morenistas-cuestionan-integracion-de-tony-gali-a-mc\/\",\"name\":\"Morenistas cuestionan integraci\u00f3n de Tony Gali a MC - The Puebla Times\",\"isPartOf\":{\"@id\":\"https:\/\/thepueblatimes.mx\/#website\"},\"datePublished\":\"2026-09-04T20:08:25+00:00\",\"dateModified\":\"2026-09-04T20:08:25+00:00\",\"author\":{\"@id\":\"https:\/\/thepueblatimes.mx\/#\/schema\/person\/1664894c2f65ce2c7a08d8f5f905c13c\"},\"breadcrumb\":{\"@id\":\"https:\/\/thepueblatimes.mx\/index.php\/2026\/09\/04\/morenistas-cuestionan-integracion-de-tony-gali-a-mc\/#breadcrumb\"},\"inLanguage\":\"es\",\"potentialAction\":[{\"@type\":\"ReadAction\",\"target\":[\"https:\/\/thepueblatimes.mx\/index.php\/2026\/09\/04\/morenistas-cuestionan-integracion-de-tony-gali-a-mc\/\"]}]},{\"@type\":\"BreadcrumbList\",\"@id\":\"https:\/\/thepueblatimes.mx\/index.php\/2026\/09\/04\/morenistas-cuestionan-integracion-de-tony-gali-a-mc\/#breadcrumb\",\"itemListElement\":[{\"@type\":\"ListItem\",\"position\":1,\"name\":\"Portada\",\"item\":\"https:\/\/thepueblatimes.mx\/\"},{\"@type\":\"ListItem\",\"position\":2,\"name\":\"Morenistas cuestionan integraci\u00f3n de Tony Gali a MC\"}]},{\"@type\":\"WebSite\",\"@id\":\"https:\/\/thepueblatimes.mx\/#website\",\"url\":\"https:\/\/thepueblatimes.mx\/\",\"name\":\"The Puebla Times\",\"description\":\"Noticias del Estado de Puebla\",\"potentialAction\":[{\"@type\":\"SearchAction\",\"target\":{\"@type\":\"EntryPoint\",\"urlTemplate\":\"https:\/\/thepueblatimes.mx\/?s={search_term_string}\"},\"query-input\":\"required name=search_term_string\"}],\"inLanguage\":\"es\"},{\"@type\":\"Person\",\"@id\":\"https:\/\/thepueblatimes.mx\/#\/schema\/person\/1664894c2f65ce2c7a08d8f5f905c13c\",\"name\":\"Sa\u00fal Hern\u00e1ndez\",\"image\":{\"@type\":\"ImageObject\",\"inLanguage\":\"es\",\"@id\":\"https:\/\/thepueblatimes.mx\/#\/schema\/person\/image\/\",\"url\":\"https:\/\/secure.gravatar.com\/avatar\/11be338693f243309532caad8f10c930?s=96&d=mm&r=g\",\"contentUrl\":\"https:\/\/secure.gravatar.com\/avatar\/11be338693f243309532caad8f10c930?s=96&d=mm&r=g\",\"caption\":\"Sa\u00fal Hern\u00e1ndez\"},\"url\":\"https:\/\/thepueblatimes.mx\/index.php\/author\/saulhernandez\/\"}]}<\/script>\n<!-- \/ Yoast SEO plugin. -->","yoast_head_json":{"title":"Morenistas cuestionan integraci\u00f3n de Tony Gali a MC - The Puebla Times","robots":{"index":"index","follow":"follow","max-snippet":"max-snippet:-1","max-image-preview":"max-image-preview:large","max-video-preview":"max-video-preview:-1"},"canonical":"https:\/\/thepueblatimes.mx\/index.php\/2026\/09\/04\/morenistas-cuestionan-integracion-de-tony-gali-a-mc\/","og_locale":"es_ES","og_type":"article","og_title":"Morenistas cuestionan integraci\u00f3n de Tony Gali a MC - The Puebla Times","og_description":"La presidenta de la Comisi\u00f3n Nacional de Elecciones (CNE) del Consejo Ejecutivo Nacional (CEN) de Morena, Citlalli Hern\u00e1ndez Mora, critic\u00f3 la adhesi\u00f3n de Tony Gali Fayad a Movimiento Ciudadano. En redes sociales, Hern\u00e1ndez Mora que el movimiento opositor autodefinido como nueva pol\u00edtica se engrose sus filas con actores vinculados con el viejo r\u00e9gimen. Por su...","og_url":"https:\/\/thepueblatimes.mx\/index.php\/2026\/09\/04\/morenistas-cuestionan-integracion-de-tony-gali-a-mc\/","og_site_name":"The Puebla Times","article_published_time":"2026-09-04T20:08:25+00:00","og_image":[{"width":2048,"height":2560,"url":"https:\/\/thepueblatimes.mx\/wp-content\/uploads\/2026\/09\/Tony-Gali-scaled.jpg","type":"image\/jpeg"}],"author":"Sa\u00fal Hern\u00e1ndez","twitter_card":"summary_large_image","twitter_misc":{"Escrito por":"Sa\u00fal Hern\u00e1ndez","Tiempo de lectura":"1 minuto"},"schema":{"@context":"https:\/\/schema.org","@graph":[{"@type":"WebPage","@id":"https:\/\/thepueblatimes.mx\/index.php\/2026\/09\/04\/morenistas-cuestionan-integracion-de-tony-gali-a-mc\/","url":"https:\/\/thepueblatimes.mx\/index.php\/2026\/09\/04\/morenistas-cuestionan-integracion-de-tony-gali-a-mc\/","name":"Morenistas cuestionan integraci\u00f3n de Tony Gali a MC - The Puebla Times","isPartOf":{"@id":"https:\/\/thepueblatimes.mx\/#website"},"datePublished":"2026-09-04T20:08:25+00:00","dateModified":"2026-09-04T20:08:25+00:00","author":{"@id":"https:\/\/thepueblatimes.mx\/#\/schema\/person\/1664894c2f65ce2c7a08d8f5f905c13c"},"breadcrumb":{"@id":"https:\/\/thepueblatimes.mx\/index.php\/2026\/09\/04\/morenistas-cuestionan-integracion-de-tony-gali-a-mc\/#breadcrumb"},"inLanguage":"es","potentialAction":[{"@type":"ReadAction","target":["https:\/\/thepueblatimes.mx\/index.php\/2026\/09\/04\/morenistas-cuestionan-integracion-de-tony-gali-a-mc\/"]}]},{"@type":"BreadcrumbList","@id":"https:\/\/thepueblatimes.mx\/index.php\/2026\/09\/04\/morenistas-cuestionan-integracion-de-tony-gali-a-mc\/#breadcrumb","itemListElement":[{"@type":"ListItem","position":1,"name":"Portada","item":"https:\/\/thepueblatimes.mx\/"},{"@type":"ListItem","position":2,"name":"Morenistas cuestionan integraci\u00f3n de Tony Gali a MC"}]},{"@type":"WebSite","@id":"https:\/\/thepueblatimes.mx\/#website","url":"https:\/\/thepueblatimes.mx\/","name":"The Puebla Times","description":"Noticias del Estado de Puebla","potentialAction":[{"@type":"SearchAction","target":{"@type":"EntryPoint","urlTemplate":"https:\/\/thepueblatimes.mx\/?s={search_term_string}"},"query-input":"required name=search_term_string"}],"inLanguage":"es"},{"@type":"Person","@id":"https:\/\/thepueblatimes.mx\/#\/schema\/person\/1664894c2f65ce2c7a08d8f5f905c13c","name":"Sa\u00fal Hern\u00e1ndez","image":{"@type":"ImageObject","inLanguage":"es","@id":"https:\/\/thepueblatimes.mx\/#\/schema\/person\/image\/","url":"https:\/\/secure.gravatar.com\/avatar\/11be338693f243309532caad8f10c930?s=96&d=mm&r=g","contentUrl":"https:\/\/secure.gravatar.com\/avatar\/11be338693f243309532caad8f10c930?s=96&d=mm&r=g","caption":"Sa\u00fal Hern\u00e1ndez"},"url":"https:\/\/thepueblatimes.mx\/index.php\/author\/saulhernandez\/"}]}},"jetpack_featured_media_url":"https:\/\/thepueblatimes.mx\/wp-content\/uploads\/2026\/09\/Tony-Gali-scaled.jpg","_links":{"self":[{"href":"https:\/\/thepueblatimes.mx\/index.php\/wp-json\/wp\/v2\/posts\/40051"}],"collection":[{"href":"https:\/\/thepueblatimes.mx\/index.php\/wp-json\/wp\/v2\/posts"}],"about":[{"href":"https:\/\/thepueblatimes.mx\/index.php\/wp-json\/wp\/v2\/types\/post"}],"author":[{"embeddable":true,"href":"https:\/\/thepueblatimes.mx\/index.php\/wp-json\/wp\/v2\/users\/16"}],"replies":[{"embeddable":true,"href":"https:\/\/thepueblatimes.mx\/index.php\/wp-json\/wp\/v2\/comments?post=40051"}],"version-history":[{"count":1,"href":"https:\/\/thepueblatimes.mx\/index.php\/wp-json\/wp\/v2\/posts\/40051\/revisions"}],"predecessor-version":[{"id":40056,"href":"https:\/\/thepueblatimes.mx\/index.php\/wp-json\/wp\/v2\/posts\/40051\/revisions\/40056"}],"wp:featuredmedia":[{"embeddable":true,"href":"https:\/\/thepueblatimes.mx\/index.php\/wp-json\/wp\/v2\/media\/40055"}],"wp:attachment":[{"href":"https:\/\/thepueblatimes.mx\/index.php\/wp-json\/wp\/v2\/media?parent=40051"}],"wp:term":[{"taxonomy":"category","embeddable":true,"href":"https:\/\/thepueblatimes.mx\/index.php\/wp-json\/wp\/v2\/categories?post=40051"},{"taxonomy":"post_tag","embeddable":true,"href":"https:\/\/thepueblatimes.mx\/index.php\/wp-json\/wp\/v2\/tags?post=40051"}],"curies":[{"name":"wp","href":"https:\/\/api.w.org\/{rel}","templated":true}]}}